{"id":962625,"date":"2025-11-08T12:39:00","date_gmt":"2025-11-08T11:39:00","guid":{"rendered":"https:\/\/dmcsrb.com\/uncategorized\/skerovic-vrijeme-je-da-mladje-igracice-preuzmu-odgovornost\/"},"modified":"2025-11-08T12:39:00","modified_gmt":"2025-11-08T11:39:00","slug":"skerovic-vrijeme-je-da-mladje-igracice-preuzmu-odgovornost","status":"publish","type":"post","link":"https:\/\/dmcsrb.com\/en\/sport\/skerovic-vrijeme-je-da-mladje-igracice-preuzmu-odgovornost\/","title":{"rendered":"\u0160kerovi\u0107: Vrijeme je da mla\u0111e igra\u010dice preuzmu odgovornost"},"content":{"rendered":"<p>&#8220;Ova ekipa ima potencijal , tako da mi je \u010dast i privilegija da budem na klupi Crne Gore. \u0160to se ti\u010de novog ciklusa, na startu nas \u010dekaju \u010dak tri utakmice. Prvi rival je Ukrajina, nezgodna su ekipa, borbena, koja se ne predaje 40 minuta igre. Primarni cilj je da zaustavimo njihovog beka Jakupovu, ona je jedna od najboljih igra\u010dica Evrope&#8221;, istakla je \u0160kerovi\u0107 i dodala:<\/p>\n\n\n\n<p>&#8220;Imamo \u0161anse protiv njih, moramo na terenu da poka\u017eemo kvalitet. O\u010dekujem i podr\u0161ku publike. Nakon toga, \u010dekaju nas gostovanja Azerbejd\u017eanu i Bugarskoj, njih \u0107emo posebno analizirati , jer igraju me\u0111usobno u srijedu&#8221;, kazao je Jelena.<\/p>\n\n\n\n<p>Ona se osvrnula na smjenu generacija u ekipi.&nbsp;Od nacionalnog dresa su se oprostile Milica Jovanovi\u0107, Jelena Vu\u010deti\u0107 i Jovana Pa\u0161i\u0107.<\/p>\n\n\n\n<p>&#8220;Djevojke koje su ostale treba da preuzmu odgovornost, jer \u0107e sada imati ve\u0107u minuta\u017eu. Tu posebno mislim na Bojanu Kova\u010devi\u0107, koja mo\u017ee biti lider tima. Na poziciji Milice Jovanovi\u0107, imamo Kseniju \u0160\u0107epanovi\u0107, koja se vratila nakon povrede&#8221;, istakla je selektorka.<\/p>\n\n\n\n<p>Direktor reprezentacije Dragan Vuk\u010devi\u0107 istakao je da je KSCG stvorio sve uslove kako bi ekipa mogla u miru da radi.<\/p>\n\n\n\n<p>&#8220;Drago mi je \u0161to je Jelena \u0160kerovi\u0107 ostala na klupi. Ova reprezntacija na \u010delu sa njom je navikla na pobjede. Vjerujem da \u0107e tako biti i u budu\u0107nosti. U ovom prvom krugu \u017eelimo da budemo me\u0111u dvije najbolje reprezentacije. Napravili smo dobre uslove za ekipu, ima\u0107e sve \u0161to im je potrebno i imaju podr\u0161ku Saveza&#8221;, kazao je Vuk\u010devi\u0107.<\/p>\n\n\n\n<p><strong>Na \u0161irem spisku se nalaze:<\/strong>&nbsp;Sanja Ak\u0161am, Maja Bigovi\u0107, Milena Bigovi\u0107, Janja Dragi\u0161i\u0107, Marija \u0110urasovi\u0107, Andrea Glomazi\u0107, Nikolina Ili\u0107, Bojana Kova\u010devi\u0107, Marija Lekovi\u0107, Nata\u0161a Mek, Zorana Radonji\u0107, Jovana Savkovi\u0107, Ksenija \u0160\u0107epanovi\u0107, Sofija \u017divaljevi\u0107 i Dragana \u017divkovi\u0107.<\/p>","protected":false},"excerpt":{"rendered":"<p>Crnogorske ko\u0161arka\u0161ice po\u010dinju danas pripreme za po\u010detak kvalifikacija za Evropsko prvensto. Na\u0161a selekcija u ovom &#8220;prozoru&#8221; odigra\u0107e tri me\u010da, prvi protiv Ukrajine u Podgorici, dok su rivali u grupi jo\u0161 Azerbejd\u017ean i Bugarska. Selektorka &#8220;crvenih&#8221; Jelena \u0160kerovi\u0107 optimista je i vjeruje da podmla\u0111ena reprezentacija mo\u017ee da izbori plasman na jo\u0161 jedno veliko takmi\u010denje.<\/p>","protected":false},"author":1,"featured_media":962626,"comment_status":"open","ping_status":"open","sticky":false,"template":"","format":"standard","meta":{"_acf_changed":false,"footnotes":""},"categories":[148],"tags":[12561,13951],"naslovna":[],"class_list":["post-962625","post","type-post","status-publish","format-standard","has-post-thumbnail","hentry","category-sport","tag-jelena-skerovic","tag-zenska-kosarkaska-reprezentacija-crne-gore"],"acf":[],"yoast_head":"<!-- This site is optimized with the Yoast SEO plugin v27.4 - https:\/\/yoast.com\/product\/yoast-seo-wordpress\/ -->\n<title>\u0160kerovi\u0107: Vrijeme je da mla\u0111e igra\u010dice preuzmu odgovornost - dmcsrb.com<\/title>\n<meta name=\"robots\" content=\"index, follow, max-snippet:-1, max-image-preview:large, max-video-preview:-1\" \/>\n<link rel=\"canonical\" href=\"https:\/\/dmcsrb.com\/en\/sport\/skerovic-vrijeme-je-da-mladje-igracice-preuzmu-odgovornost\/\" \/>\n<meta property=\"og:locale\" content=\"en_GB\" \/>\n<meta property=\"og:type\" content=\"article\" \/>\n<meta property=\"og:title\" content=\"\u0160kerovi\u0107: Vrijeme je da mla\u0111e igra\u010dice preuzmu odgovornost - dmcsrb.com\" \/>\n<meta property=\"og:description\" content=\"Crnogorske ko\u0161arka\u0161ice po\u010dinju danas pripreme za po\u010detak kvalifikacija za Evropsko prvensto. Na\u0161a selekcija u ovom &quot;prozoru&quot; odigra\u0107e tri me\u010da, prvi protiv Ukrajine u Podgorici, dok su rivali u grupi jo\u0161 Azerbejd\u017ean i Bugarska. Selektorka &quot;crvenih&quot; Jelena \u0160kerovi\u0107 optimista je i vjeruje da podmla\u0111ena reprezentacija mo\u017ee da izbori plasman na jo\u0161 jedno veliko takmi\u010denje.\" \/>\n<meta property=\"og:url\" content=\"https:\/\/dmcsrb.com\/en\/sport\/skerovic-vrijeme-je-da-mladje-igracice-preuzmu-odgovornost\/\" \/>\n<meta property=\"og:site_name\" content=\"dmcsrb.com\" \/>\n<meta property=\"article:published_time\" content=\"2025-11-08T11:39:00+00:00\" \/>\n<meta property=\"og:image\" content=\"https:\/\/dmcsrb.com\/wp-content\/uploads\/2026\/01\/Skerovic-KSCG.webp\" \/>\n\t<meta property=\"og:image:width\" content=\"900\" \/>\n\t<meta property=\"og:image:height\" content=\"598\" \/>\n\t<meta property=\"og:image:type\" content=\"image\/jpeg\" \/>\n<meta name=\"author\" content=\"dmcsrbija.com@gmail.com\" \/>\n<meta name=\"twitter:card\" content=\"summary_large_image\" \/>\n<meta name=\"twitter:label1\" content=\"Written by\" \/>\n\t<meta name=\"twitter:data1\" content=\"dmcsrbija.com@gmail.com\" \/>\n\t<meta name=\"twitter:label2\" content=\"Estimated reading time\" \/>\n\t<meta name=\"twitter:data2\" content=\"1 minute\" \/>\n<script type=\"application\/ld+json\" class=\"yoast-schema-graph\">{\"@context\":\"https:\\\/\\\/schema.org\",\"@graph\":[{\"@type\":\"Article\",\"@id\":\"https:\\\/\\\/dmcsrb.com\\\/sport\\\/skerovic-vrijeme-je-da-mladje-igracice-preuzmu-odgovornost\\\/#article\",\"isPartOf\":{\"@id\":\"https:\\\/\\\/dmcsrb.com\\\/sport\\\/skerovic-vrijeme-je-da-mladje-igracice-preuzmu-odgovornost\\\/\"},\"author\":{\"name\":\"dmcsrbija.com@gmail.com\",\"@id\":\"https:\\\/\\\/dmcsrb.com\\\/#\\\/schema\\\/person\\\/5c39170f12db1b8b457732d0b5c854e2\"},\"headline\":\"\u0160kerovi\u0107: Vrijeme je da mla\u0111e igra\u010dice preuzmu odgovornost\",\"datePublished\":\"2025-11-08T11:39:00+00:00\",\"mainEntityOfPage\":{\"@id\":\"https:\\\/\\\/dmcsrb.com\\\/sport\\\/skerovic-vrijeme-je-da-mladje-igracice-preuzmu-odgovornost\\\/\"},\"wordCount\":307,\"commentCount\":0,\"image\":{\"@id\":\"https:\\\/\\\/dmcsrb.com\\\/sport\\\/skerovic-vrijeme-je-da-mladje-igracice-preuzmu-odgovornost\\\/#primaryimage\"},\"thumbnailUrl\":\"https:\\\/\\\/dmcsrb.com\\\/wp-content\\\/uploads\\\/2026\\\/01\\\/Skerovic-KSCG.webp\",\"keywords\":[\"Jelena \u0160kerovi\u0107\",\"\u017denska ko\u0161arka\u0161ka reprezentacija Crne Gore\"],\"articleSection\":[\"Sport\"],\"inLanguage\":\"en-GB\",\"potentialAction\":[{\"@type\":\"CommentAction\",\"name\":\"Comment\",\"target\":[\"https:\\\/\\\/dmcsrb.com\\\/sport\\\/skerovic-vrijeme-je-da-mladje-igracice-preuzmu-odgovornost\\\/#respond\"]}]},{\"@type\":\"WebPage\",\"@id\":\"https:\\\/\\\/dmcsrb.com\\\/sport\\\/skerovic-vrijeme-je-da-mladje-igracice-preuzmu-odgovornost\\\/\",\"url\":\"https:\\\/\\\/dmcsrb.com\\\/sport\\\/skerovic-vrijeme-je-da-mladje-igracice-preuzmu-odgovornost\\\/\",\"name\":\"\u0160kerovi\u0107: Vrijeme je da mla\u0111e igra\u010dice preuzmu odgovornost - dmcsrb.com\",\"isPartOf\":{\"@id\":\"https:\\\/\\\/dmcsrb.com\\\/#website\"},\"primaryImageOfPage\":{\"@id\":\"https:\\\/\\\/dmcsrb.com\\\/sport\\\/skerovic-vrijeme-je-da-mladje-igracice-preuzmu-odgovornost\\\/#primaryimage\"},\"image\":{\"@id\":\"https:\\\/\\\/dmcsrb.com\\\/sport\\\/skerovic-vrijeme-je-da-mladje-igracice-preuzmu-odgovornost\\\/#primaryimage\"},\"thumbnailUrl\":\"https:\\\/\\\/dmcsrb.com\\\/wp-content\\\/uploads\\\/2026\\\/01\\\/Skerovic-KSCG.webp\",\"datePublished\":\"2025-11-08T11:39:00+00:00\",\"author\":{\"@id\":\"https:\\\/\\\/dmcsrb.com\\\/#\\\/schema\\\/person\\\/5c39170f12db1b8b457732d0b5c854e2\"},\"breadcrumb\":{\"@id\":\"https:\\\/\\\/dmcsrb.com\\\/sport\\\/skerovic-vrijeme-je-da-mladje-igracice-preuzmu-odgovornost\\\/#breadcrumb\"},\"inLanguage\":\"en-GB\",\"potentialAction\":[{\"@type\":\"ReadAction\",\"target\":[\"https:\\\/\\\/dmcsrb.com\\\/sport\\\/skerovic-vrijeme-je-da-mladje-igracice-preuzmu-odgovornost\\\/\"]}]},{\"@type\":\"ImageObject\",\"inLanguage\":\"en-GB\",\"@id\":\"https:\\\/\\\/dmcsrb.com\\\/sport\\\/skerovic-vrijeme-je-da-mladje-igracice-preuzmu-odgovornost\\\/#primaryimage\",\"url\":\"https:\\\/\\\/dmcsrb.com\\\/wp-content\\\/uploads\\\/2026\\\/01\\\/Skerovic-KSCG.webp\",\"contentUrl\":\"https:\\\/\\\/dmcsrb.com\\\/wp-content\\\/uploads\\\/2026\\\/01\\\/Skerovic-KSCG.webp\",\"width\":900,\"height\":598},{\"@type\":\"BreadcrumbList\",\"@id\":\"https:\\\/\\\/dmcsrb.com\\\/sport\\\/skerovic-vrijeme-je-da-mladje-igracice-preuzmu-odgovornost\\\/#breadcrumb\",\"itemListElement\":[{\"@type\":\"ListItem\",\"position\":1,\"name\":\"Home\",\"item\":\"https:\\\/\\\/dmcsrb.com\\\/\"},{\"@type\":\"ListItem\",\"position\":2,\"name\":\"\u0160kerovi\u0107: Vrijeme je da mla\u0111e igra\u010dice preuzmu odgovornost\"}]},{\"@type\":\"WebSite\",\"@id\":\"https:\\\/\\\/dmcsrb.com\\\/#website\",\"url\":\"https:\\\/\\\/dmcsrb.com\\\/\",\"name\":\"dmcsrb.com\",\"description\":\"\",\"potentialAction\":[{\"@type\":\"SearchAction\",\"target\":{\"@type\":\"EntryPoint\",\"urlTemplate\":\"https:\\\/\\\/dmcsrb.com\\\/?s={search_term_string}\"},\"query-input\":{\"@type\":\"PropertyValueSpecification\",\"valueRequired\":true,\"valueName\":\"search_term_string\"}}],\"inLanguage\":\"en-GB\"},{\"@type\":\"Person\",\"@id\":\"https:\\\/\\\/dmcsrb.com\\\/#\\\/schema\\\/person\\\/5c39170f12db1b8b457732d0b5c854e2\",\"name\":\"dmcsrbija.com@gmail.com\",\"image\":{\"@type\":\"ImageObject\",\"inLanguage\":\"en-GB\",\"@id\":\"https:\\\/\\\/secure.gravatar.com\\\/avatar\\\/68592660ad6347fad0fb587f8d5d8f1a7b44961362f56e4f2cd524feb87e9069?s=96&d=mm&r=g\",\"url\":\"https:\\\/\\\/secure.gravatar.com\\\/avatar\\\/68592660ad6347fad0fb587f8d5d8f1a7b44961362f56e4f2cd524feb87e9069?s=96&d=mm&r=g\",\"contentUrl\":\"https:\\\/\\\/secure.gravatar.com\\\/avatar\\\/68592660ad6347fad0fb587f8d5d8f1a7b44961362f56e4f2cd524feb87e9069?s=96&d=mm&r=g\",\"caption\":\"dmcsrbija.com@gmail.com\"},\"sameAs\":[\"https:\\\/\\\/dmcsrb.com\"],\"url\":\"https:\\\/\\\/dmcsrb.com\\\/en\\\/author\\\/dmcsrbija-comgmail-com\\\/\"}]}<\/script>\n<!-- \/ Yoast SEO plugin. -->","yoast_head_json":{"title":"\u0160kerovi\u0107: Vrijeme je da mla\u0111e igra\u010dice preuzmu odgovornost - dmcsrb.com","robots":{"index":"index","follow":"follow","max-snippet":"max-snippet:-1","max-image-preview":"max-image-preview:large","max-video-preview":"max-video-preview:-1"},"canonical":"https:\/\/dmcsrb.com\/en\/sport\/skerovic-vrijeme-je-da-mladje-igracice-preuzmu-odgovornost\/","og_locale":"en_GB","og_type":"article","og_title":"\u0160kerovi\u0107: Vrijeme je da mla\u0111e igra\u010dice preuzmu odgovornost - dmcsrb.com","og_description":"Crnogorske ko\u0161arka\u0161ice po\u010dinju danas pripreme za po\u010detak kvalifikacija za Evropsko prvensto. Na\u0161a selekcija u ovom \"prozoru\" odigra\u0107e tri me\u010da, prvi protiv Ukrajine u Podgorici, dok su rivali u grupi jo\u0161 Azerbejd\u017ean i Bugarska. Selektorka \"crvenih\" Jelena \u0160kerovi\u0107 optimista je i vjeruje da podmla\u0111ena reprezentacija mo\u017ee da izbori plasman na jo\u0161 jedno veliko takmi\u010denje.","og_url":"https:\/\/dmcsrb.com\/en\/sport\/skerovic-vrijeme-je-da-mladje-igracice-preuzmu-odgovornost\/","og_site_name":"dmcsrb.com","article_published_time":"2025-11-08T11:39:00+00:00","og_image":[{"width":900,"height":598,"url":"https:\/\/dmcsrb.com\/wp-content\/uploads\/2026\/01\/Skerovic-KSCG.webp","type":"image\/jpeg"}],"author":"dmcsrbija.com@gmail.com","twitter_card":"summary_large_image","twitter_misc":{"Written by":"dmcsrbija.com@gmail.com","Estimated reading time":"1 minute"},"schema":{"@context":"https:\/\/schema.org","@graph":[{"@type":"Article","@id":"https:\/\/dmcsrb.com\/sport\/skerovic-vrijeme-je-da-mladje-igracice-preuzmu-odgovornost\/#article","isPartOf":{"@id":"https:\/\/dmcsrb.com\/sport\/skerovic-vrijeme-je-da-mladje-igracice-preuzmu-odgovornost\/"},"author":{"name":"dmcsrbija.com@gmail.com","@id":"https:\/\/dmcsrb.com\/#\/schema\/person\/5c39170f12db1b8b457732d0b5c854e2"},"headline":"\u0160kerovi\u0107: Vrijeme je da mla\u0111e igra\u010dice preuzmu odgovornost","datePublished":"2025-11-08T11:39:00+00:00","mainEntityOfPage":{"@id":"https:\/\/dmcsrb.com\/sport\/skerovic-vrijeme-je-da-mladje-igracice-preuzmu-odgovornost\/"},"wordCount":307,"commentCount":0,"image":{"@id":"https:\/\/dmcsrb.com\/sport\/skerovic-vrijeme-je-da-mladje-igracice-preuzmu-odgovornost\/#primaryimage"},"thumbnailUrl":"https:\/\/dmcsrb.com\/wp-content\/uploads\/2026\/01\/Skerovic-KSCG.webp","keywords":["Jelena \u0160kerovi\u0107","\u017denska ko\u0161arka\u0161ka reprezentacija Crne Gore"],"articleSection":["Sport"],"inLanguage":"en-GB","potentialAction":[{"@type":"CommentAction","name":"Comment","target":["https:\/\/dmcsrb.com\/sport\/skerovic-vrijeme-je-da-mladje-igracice-preuzmu-odgovornost\/#respond"]}]},{"@type":"WebPage","@id":"https:\/\/dmcsrb.com\/sport\/skerovic-vrijeme-je-da-mladje-igracice-preuzmu-odgovornost\/","url":"https:\/\/dmcsrb.com\/sport\/skerovic-vrijeme-je-da-mladje-igracice-preuzmu-odgovornost\/","name":"\u0160kerovi\u0107: Vrijeme je da mla\u0111e igra\u010dice preuzmu odgovornost - dmcsrb.com","isPartOf":{"@id":"https:\/\/dmcsrb.com\/#website"},"primaryImageOfPage":{"@id":"https:\/\/dmcsrb.com\/sport\/skerovic-vrijeme-je-da-mladje-igracice-preuzmu-odgovornost\/#primaryimage"},"image":{"@id":"https:\/\/dmcsrb.com\/sport\/skerovic-vrijeme-je-da-mladje-igracice-preuzmu-odgovornost\/#primaryimage"},"thumbnailUrl":"https:\/\/dmcsrb.com\/wp-content\/uploads\/2026\/01\/Skerovic-KSCG.webp","datePublished":"2025-11-08T11:39:00+00:00","author":{"@id":"https:\/\/dmcsrb.com\/#\/schema\/person\/5c39170f12db1b8b457732d0b5c854e2"},"breadcrumb":{"@id":"https:\/\/dmcsrb.com\/sport\/skerovic-vrijeme-je-da-mladje-igracice-preuzmu-odgovornost\/#breadcrumb"},"inLanguage":"en-GB","potentialAction":[{"@type":"ReadAction","target":["https:\/\/dmcsrb.com\/sport\/skerovic-vrijeme-je-da-mladje-igracice-preuzmu-odgovornost\/"]}]},{"@type":"ImageObject","inLanguage":"en-GB","@id":"https:\/\/dmcsrb.com\/sport\/skerovic-vrijeme-je-da-mladje-igracice-preuzmu-odgovornost\/#primaryimage","url":"https:\/\/dmcsrb.com\/wp-content\/uploads\/2026\/01\/Skerovic-KSCG.webp","contentUrl":"https:\/\/dmcsrb.com\/wp-content\/uploads\/2026\/01\/Skerovic-KSCG.webp","width":900,"height":598},{"@type":"BreadcrumbList","@id":"https:\/\/dmcsrb.com\/sport\/skerovic-vrijeme-je-da-mladje-igracice-preuzmu-odgovornost\/#breadcrumb","itemListElement":[{"@type":"ListItem","position":1,"name":"Home","item":"https:\/\/dmcsrb.com\/"},{"@type":"ListItem","position":2,"name":"\u0160kerovi\u0107: Vrijeme je da mla\u0111e igra\u010dice preuzmu odgovornost"}]},{"@type":"WebSite","@id":"https:\/\/dmcsrb.com\/#website","url":"https:\/\/dmcsrb.com\/","name":"dmcsrb.com","description":"","potentialAction":[{"@type":"SearchAction","target":{"@type":"EntryPoint","urlTemplate":"https:\/\/dmcsrb.com\/?s={search_term_string}"},"query-input":{"@type":"PropertyValueSpecification","valueRequired":true,"valueName":"search_term_string"}}],"inLanguage":"en-GB"},{"@type":"Person","@id":"https:\/\/dmcsrb.com\/#\/schema\/person\/5c39170f12db1b8b457732d0b5c854e2","name":"dmcsrbija.com@gmail.com","image":{"@type":"ImageObject","inLanguage":"en-GB","@id":"https:\/\/secure.gravatar.com\/avatar\/68592660ad6347fad0fb587f8d5d8f1a7b44961362f56e4f2cd524feb87e9069?s=96&d=mm&r=g","url":"https:\/\/secure.gravatar.com\/avatar\/68592660ad6347fad0fb587f8d5d8f1a7b44961362f56e4f2cd524feb87e9069?s=96&d=mm&r=g","contentUrl":"https:\/\/secure.gravatar.com\/avatar\/68592660ad6347fad0fb587f8d5d8f1a7b44961362f56e4f2cd524feb87e9069?s=96&d=mm&r=g","caption":"dmcsrbija.com@gmail.com"},"sameAs":["https:\/\/dmcsrb.com"],"url":"https:\/\/dmcsrb.com\/en\/author\/dmcsrbija-comgmail-com\/"}]}},"_links":{"self":[{"href":"https:\/\/dmcsrb.com\/en\/wp-json\/wp\/v2\/posts\/962625","targetHints":{"allow":["GET"]}}],"collection":[{"href":"https:\/\/dmcsrb.com\/en\/wp-json\/wp\/v2\/posts"}],"about":[{"href":"https:\/\/dmcsrb.com\/en\/wp-json\/wp\/v2\/types\/post"}],"author":[{"embeddable":true,"href":"https:\/\/dmcsrb.com\/en\/wp-json\/wp\/v2\/users\/1"}],"replies":[{"embeddable":true,"href":"https:\/\/dmcsrb.com\/en\/wp-json\/wp\/v2\/comments?post=962625"}],"version-history":[{"count":0,"href":"https:\/\/dmcsrb.com\/en\/wp-json\/wp\/v2\/posts\/962625\/revisions"}],"wp:featuredmedia":[{"embeddable":true,"href":"https:\/\/dmcsrb.com\/en\/wp-json\/wp\/v2\/media\/962626"}],"wp:attachment":[{"href":"https:\/\/dmcsrb.com\/en\/wp-json\/wp\/v2\/media?parent=962625"}],"wp:term":[{"taxonomy":"category","embeddable":true,"href":"https:\/\/dmcsrb.com\/en\/wp-json\/wp\/v2\/categories?post=962625"},{"taxonomy":"post_tag","embeddable":true,"href":"https:\/\/dmcsrb.com\/en\/wp-json\/wp\/v2\/tags?post=962625"},{"taxonomy":"naslovna","embeddable":true,"href":"https:\/\/dmcsrb.com\/en\/wp-json\/wp\/v2\/naslovna?post=962625"}],"curies":[{"name":"wp","href":"https:\/\/api.w.org\/{rel}","templated":true}]}}