{"id":962566,"date":"2025-11-07T19:52:00","date_gmt":"2025-11-07T18:52:00","guid":{"rendered":"https:\/\/dmcsrb.com\/uncategorized\/vise-od-50-maskiranih-doslo-pred-srpski-kulturni-centar-u-zagrebu\/"},"modified":"2025-11-07T19:52:00","modified_gmt":"2025-11-07T18:52:00","slug":"vise-od-50-maskiranih-doslo-pred-srpski-kulturni-centar-u-zagrebu","status":"publish","type":"post","link":"https:\/\/dmcsrb.com\/en\/region\/vise-od-50-maskiranih-doslo-pred-srpski-kulturni-centar-u-zagrebu\/","title":{"rendered":"Vi\u0161e od 50 maskiranih do\u0161lo pred Srpski kulturni centar u Zagrebu"},"content":{"rendered":"<p><\/p>\n\n\n\n<p>U jednom je trenutku jedan od maskiranih mladi\u0107a pljunuo Indexovu fotoreporterku, pi\u0161e <strong>Index.hr.<\/strong><\/p>\n\n\n\n<p>Brzo se pojavila policija, no na mjestu doga\u0111aja je prvo bilo tek nekoliko pripadnika interventne policije i nekoliko policajaca u civilu.&nbsp;<\/p>\n\n\n\n<p>Nakon \u0161to su otpjevali &#8220;O Hrvatska, o Hrvatska, nezavisna dr\u017eava&#8221; i skandirali &#8220;Za dom spremni&#8221;, grupa mla\u0111ih mu\u0161karaca oti\u0161la je s mjesta doga\u0111aja.<\/p>\n\n\n\n<h3 class=\"wp-block-heading\">Policija legitimisala dio mu\u0161karaca<\/h3>\n\n\n\n<p>Policija nije odmah intervenisala, grupa se sama udaljila, no kasnije je neke iz grupe legitimisala.\u00a0<\/p>\n\n\n\n<p>Interventna policija zaustavila je dio mla\u0111ih mu\u0161karaca u Dalmatinskoj ulici i legitimisala ih, a zatim ih je pustila.<\/p>\n\n\n\n<p>Srpskom kulturnom centru, gdje se odr\u017eava otvaranje izlo\u017ebe, vi\u0161e niko ne mo\u017ee pri\u0107i, javlja novinarka Indexa. Sve je puno interventne policije, i dalje dolazi jo\u0161 policijskih vozila. Ima i ne\u0161to pripadnika specijalne policije.\u00a0<\/p>\n\n\n\n<p>Prema Preradovi\u0107evoj nakon incidenta iz svih smjerova po\u010dela su pristizati policijska vozila.<\/p>\n\n\n\n<p>Otvaranje izlo\u017ebe se odr\u017eava kako je i bilo programom planirano.&nbsp;<\/p>\n\n\n\n<p>Doga\u0111aju je svjedo\u010dio novinar Sa\u0161a Kosanovi\u0107 koji sara\u0111uje sa Srpskim privrednim dru\u0161tvom &#8220;Privrednik&#8221; te \u010desto moderira njihove tribine.\u00a0<\/p>\n\n\n\n<p>&#8220;Srpski kulturni centar, Zagreb. Izlo\u017eba se otvara za pola sata. Na ulici policija i hrpa klinaca pod kapulja\u010dama. I par starijih koordinatora. O \u010demu je izlo\u017eba? O legatu jednog biv\u0161eg zagreba\u010dkog de\u010dka iz porodice Medakovi\u0107. Nije bitno\u2026&#8221;, napisao je Kosanovi\u0107.<\/p>\n\n\n\n<h3 class=\"wp-block-heading\">&nbsp;<\/h3>\n\n\n\n<p>\u00a0<\/p>","protected":false},"excerpt":{"rendered":"<p>Vi\u0161e od pedeset maskiranih mu\u0161karaca, uglavnom mladi\u0107a, do\u0161lo je pred Srpski kulturni centar u Preradovi\u0107evoj ulici u Zagrebu gdje se odr\u017eava izlo\u017eba. Okupili su se u znak protestaa protiv odr\u017eavanja Dana srpske kulture.<\/p>","protected":false},"author":1,"featured_media":962567,"comment_status":"open","ping_status":"open","sticky":false,"template":"","format":"standard","meta":{"_acf_changed":false,"footnotes":""},"categories":[103],"tags":[13930,13931,5121],"naslovna":[],"class_list":["post-962566","post","type-post","status-publish","format-standard","has-post-thumbnail","hentry","category-region","tag-dolazak-maskiranih","tag-spski-kulturni-centar","tag-zagreb"],"acf":[],"yoast_head":"<!-- This site is optimized with the Yoast SEO plugin v27.4 - https:\/\/yoast.com\/product\/yoast-seo-wordpress\/ -->\n<title>Vi\u0161e od 50 maskiranih do\u0161lo pred Srpski kulturni centar u Zagrebu - dmcsrb.com<\/title>\n<meta name=\"robots\" content=\"index, follow, max-snippet:-1, max-image-preview:large, max-video-preview:-1\" \/>\n<link rel=\"canonical\" href=\"https:\/\/dmcsrb.com\/en\/region\/vise-od-50-maskiranih-doslo-pred-srpski-kulturni-centar-u-zagrebu\/\" \/>\n<meta property=\"og:locale\" content=\"en_GB\" \/>\n<meta property=\"og:type\" content=\"article\" \/>\n<meta property=\"og:title\" content=\"Vi\u0161e od 50 maskiranih do\u0161lo pred Srpski kulturni centar u Zagrebu - dmcsrb.com\" \/>\n<meta property=\"og:description\" content=\"Vi\u0161e od pedeset maskiranih mu\u0161karaca, uglavnom mladi\u0107a, do\u0161lo je pred Srpski kulturni centar u Preradovi\u0107evoj ulici u Zagrebu gdje se odr\u017eava izlo\u017eba. Okupili su se u znak protestaa protiv odr\u017eavanja Dana srpske kulture.\" \/>\n<meta property=\"og:url\" content=\"https:\/\/dmcsrb.com\/en\/region\/vise-od-50-maskiranih-doslo-pred-srpski-kulturni-centar-u-zagrebu\/\" \/>\n<meta property=\"og:site_name\" content=\"dmcsrb.com\" \/>\n<meta property=\"article:published_time\" content=\"2025-11-07T18:52:00+00:00\" \/>\n<meta property=\"og:image\" content=\"https:\/\/dmcsrb.com\/wp-content\/uploads\/2026\/01\/1926f6e0-7c31-422f-99cd-c7499027fd3b.webp\" \/>\n\t<meta property=\"og:image:width\" content=\"800\" \/>\n\t<meta property=\"og:image:height\" content=\"534\" \/>\n\t<meta property=\"og:image:type\" content=\"image\/jpeg\" \/>\n<meta name=\"author\" content=\"dmcsrbija.com@gmail.com\" \/>\n<meta name=\"twitter:card\" content=\"summary_large_image\" \/>\n<meta name=\"twitter:label1\" content=\"Written by\" \/>\n\t<meta name=\"twitter:data1\" content=\"dmcsrbija.com@gmail.com\" \/>\n\t<meta name=\"twitter:label2\" content=\"Estimated reading time\" \/>\n\t<meta name=\"twitter:data2\" content=\"1 minute\" \/>\n<script type=\"application\/ld+json\" class=\"yoast-schema-graph\">{\"@context\":\"https:\\\/\\\/schema.org\",\"@graph\":[{\"@type\":\"Article\",\"@id\":\"https:\\\/\\\/dmcsrb.com\\\/region\\\/vise-od-50-maskiranih-doslo-pred-srpski-kulturni-centar-u-zagrebu\\\/#article\",\"isPartOf\":{\"@id\":\"https:\\\/\\\/dmcsrb.com\\\/region\\\/vise-od-50-maskiranih-doslo-pred-srpski-kulturni-centar-u-zagrebu\\\/\"},\"author\":{\"name\":\"dmcsrbija.com@gmail.com\",\"@id\":\"https:\\\/\\\/dmcsrb.com\\\/#\\\/schema\\\/person\\\/5c39170f12db1b8b457732d0b5c854e2\"},\"headline\":\"Vi\u0161e od 50 maskiranih do\u0161lo pred Srpski kulturni centar u Zagrebu\",\"datePublished\":\"2025-11-07T18:52:00+00:00\",\"mainEntityOfPage\":{\"@id\":\"https:\\\/\\\/dmcsrb.com\\\/region\\\/vise-od-50-maskiranih-doslo-pred-srpski-kulturni-centar-u-zagrebu\\\/\"},\"wordCount\":255,\"commentCount\":0,\"image\":{\"@id\":\"https:\\\/\\\/dmcsrb.com\\\/region\\\/vise-od-50-maskiranih-doslo-pred-srpski-kulturni-centar-u-zagrebu\\\/#primaryimage\"},\"thumbnailUrl\":\"https:\\\/\\\/dmcsrb.com\\\/wp-content\\\/uploads\\\/2026\\\/01\\\/1926f6e0-7c31-422f-99cd-c7499027fd3b.webp\",\"keywords\":[\"Dolazak maskiranih\",\"Spski kulturni centar\",\"Zagreb\"],\"articleSection\":[\"Region\"],\"inLanguage\":\"en-GB\",\"potentialAction\":[{\"@type\":\"CommentAction\",\"name\":\"Comment\",\"target\":[\"https:\\\/\\\/dmcsrb.com\\\/region\\\/vise-od-50-maskiranih-doslo-pred-srpski-kulturni-centar-u-zagrebu\\\/#respond\"]}]},{\"@type\":\"WebPage\",\"@id\":\"https:\\\/\\\/dmcsrb.com\\\/region\\\/vise-od-50-maskiranih-doslo-pred-srpski-kulturni-centar-u-zagrebu\\\/\",\"url\":\"https:\\\/\\\/dmcsrb.com\\\/region\\\/vise-od-50-maskiranih-doslo-pred-srpski-kulturni-centar-u-zagrebu\\\/\",\"name\":\"Vi\u0161e od 50 maskiranih do\u0161lo pred Srpski kulturni centar u Zagrebu - dmcsrb.com\",\"isPartOf\":{\"@id\":\"https:\\\/\\\/dmcsrb.com\\\/#website\"},\"primaryImageOfPage\":{\"@id\":\"https:\\\/\\\/dmcsrb.com\\\/region\\\/vise-od-50-maskiranih-doslo-pred-srpski-kulturni-centar-u-zagrebu\\\/#primaryimage\"},\"image\":{\"@id\":\"https:\\\/\\\/dmcsrb.com\\\/region\\\/vise-od-50-maskiranih-doslo-pred-srpski-kulturni-centar-u-zagrebu\\\/#primaryimage\"},\"thumbnailUrl\":\"https:\\\/\\\/dmcsrb.com\\\/wp-content\\\/uploads\\\/2026\\\/01\\\/1926f6e0-7c31-422f-99cd-c7499027fd3b.webp\",\"datePublished\":\"2025-11-07T18:52:00+00:00\",\"author\":{\"@id\":\"https:\\\/\\\/dmcsrb.com\\\/#\\\/schema\\\/person\\\/5c39170f12db1b8b457732d0b5c854e2\"},\"breadcrumb\":{\"@id\":\"https:\\\/\\\/dmcsrb.com\\\/region\\\/vise-od-50-maskiranih-doslo-pred-srpski-kulturni-centar-u-zagrebu\\\/#breadcrumb\"},\"inLanguage\":\"en-GB\",\"potentialAction\":[{\"@type\":\"ReadAction\",\"target\":[\"https:\\\/\\\/dmcsrb.com\\\/region\\\/vise-od-50-maskiranih-doslo-pred-srpski-kulturni-centar-u-zagrebu\\\/\"]}]},{\"@type\":\"ImageObject\",\"inLanguage\":\"en-GB\",\"@id\":\"https:\\\/\\\/dmcsrb.com\\\/region\\\/vise-od-50-maskiranih-doslo-pred-srpski-kulturni-centar-u-zagrebu\\\/#primaryimage\",\"url\":\"https:\\\/\\\/dmcsrb.com\\\/wp-content\\\/uploads\\\/2026\\\/01\\\/1926f6e0-7c31-422f-99cd-c7499027fd3b.webp\",\"contentUrl\":\"https:\\\/\\\/dmcsrb.com\\\/wp-content\\\/uploads\\\/2026\\\/01\\\/1926f6e0-7c31-422f-99cd-c7499027fd3b.webp\",\"width\":800,\"height\":534},{\"@type\":\"BreadcrumbList\",\"@id\":\"https:\\\/\\\/dmcsrb.com\\\/region\\\/vise-od-50-maskiranih-doslo-pred-srpski-kulturni-centar-u-zagrebu\\\/#breadcrumb\",\"itemListElement\":[{\"@type\":\"ListItem\",\"position\":1,\"name\":\"Home\",\"item\":\"https:\\\/\\\/dmcsrb.com\\\/\"},{\"@type\":\"ListItem\",\"position\":2,\"name\":\"Vi\u0161e od 50 maskiranih do\u0161lo pred Srpski kulturni centar u Zagrebu\"}]},{\"@type\":\"WebSite\",\"@id\":\"https:\\\/\\\/dmcsrb.com\\\/#website\",\"url\":\"https:\\\/\\\/dmcsrb.com\\\/\",\"name\":\"dmcsrb.com\",\"description\":\"\",\"potentialAction\":[{\"@type\":\"SearchAction\",\"target\":{\"@type\":\"EntryPoint\",\"urlTemplate\":\"https:\\\/\\\/dmcsrb.com\\\/?s={search_term_string}\"},\"query-input\":{\"@type\":\"PropertyValueSpecification\",\"valueRequired\":true,\"valueName\":\"search_term_string\"}}],\"inLanguage\":\"en-GB\"},{\"@type\":\"Person\",\"@id\":\"https:\\\/\\\/dmcsrb.com\\\/#\\\/schema\\\/person\\\/5c39170f12db1b8b457732d0b5c854e2\",\"name\":\"dmcsrbija.com@gmail.com\",\"image\":{\"@type\":\"ImageObject\",\"inLanguage\":\"en-GB\",\"@id\":\"https:\\\/\\\/secure.gravatar.com\\\/avatar\\\/68592660ad6347fad0fb587f8d5d8f1a7b44961362f56e4f2cd524feb87e9069?s=96&d=mm&r=g\",\"url\":\"https:\\\/\\\/secure.gravatar.com\\\/avatar\\\/68592660ad6347fad0fb587f8d5d8f1a7b44961362f56e4f2cd524feb87e9069?s=96&d=mm&r=g\",\"contentUrl\":\"https:\\\/\\\/secure.gravatar.com\\\/avatar\\\/68592660ad6347fad0fb587f8d5d8f1a7b44961362f56e4f2cd524feb87e9069?s=96&d=mm&r=g\",\"caption\":\"dmcsrbija.com@gmail.com\"},\"sameAs\":[\"https:\\\/\\\/dmcsrb.com\"],\"url\":\"https:\\\/\\\/dmcsrb.com\\\/en\\\/author\\\/dmcsrbija-comgmail-com\\\/\"}]}<\/script>\n<!-- \/ Yoast SEO plugin. -->","yoast_head_json":{"title":"Vi\u0161e od 50 maskiranih do\u0161lo pred Srpski kulturni centar u Zagrebu - dmcsrb.com","robots":{"index":"index","follow":"follow","max-snippet":"max-snippet:-1","max-image-preview":"max-image-preview:large","max-video-preview":"max-video-preview:-1"},"canonical":"https:\/\/dmcsrb.com\/en\/region\/vise-od-50-maskiranih-doslo-pred-srpski-kulturni-centar-u-zagrebu\/","og_locale":"en_GB","og_type":"article","og_title":"Vi\u0161e od 50 maskiranih do\u0161lo pred Srpski kulturni centar u Zagrebu - dmcsrb.com","og_description":"Vi\u0161e od pedeset maskiranih mu\u0161karaca, uglavnom mladi\u0107a, do\u0161lo je pred Srpski kulturni centar u Preradovi\u0107evoj ulici u Zagrebu gdje se odr\u017eava izlo\u017eba. Okupili su se u znak protestaa protiv odr\u017eavanja Dana srpske kulture.","og_url":"https:\/\/dmcsrb.com\/en\/region\/vise-od-50-maskiranih-doslo-pred-srpski-kulturni-centar-u-zagrebu\/","og_site_name":"dmcsrb.com","article_published_time":"2025-11-07T18:52:00+00:00","og_image":[{"width":800,"height":534,"url":"https:\/\/dmcsrb.com\/wp-content\/uploads\/2026\/01\/1926f6e0-7c31-422f-99cd-c7499027fd3b.webp","type":"image\/jpeg"}],"author":"dmcsrbija.com@gmail.com","twitter_card":"summary_large_image","twitter_misc":{"Written by":"dmcsrbija.com@gmail.com","Estimated reading time":"1 minute"},"schema":{"@context":"https:\/\/schema.org","@graph":[{"@type":"Article","@id":"https:\/\/dmcsrb.com\/region\/vise-od-50-maskiranih-doslo-pred-srpski-kulturni-centar-u-zagrebu\/#article","isPartOf":{"@id":"https:\/\/dmcsrb.com\/region\/vise-od-50-maskiranih-doslo-pred-srpski-kulturni-centar-u-zagrebu\/"},"author":{"name":"dmcsrbija.com@gmail.com","@id":"https:\/\/dmcsrb.com\/#\/schema\/person\/5c39170f12db1b8b457732d0b5c854e2"},"headline":"Vi\u0161e od 50 maskiranih do\u0161lo pred Srpski kulturni centar u Zagrebu","datePublished":"2025-11-07T18:52:00+00:00","mainEntityOfPage":{"@id":"https:\/\/dmcsrb.com\/region\/vise-od-50-maskiranih-doslo-pred-srpski-kulturni-centar-u-zagrebu\/"},"wordCount":255,"commentCount":0,"image":{"@id":"https:\/\/dmcsrb.com\/region\/vise-od-50-maskiranih-doslo-pred-srpski-kulturni-centar-u-zagrebu\/#primaryimage"},"thumbnailUrl":"https:\/\/dmcsrb.com\/wp-content\/uploads\/2026\/01\/1926f6e0-7c31-422f-99cd-c7499027fd3b.webp","keywords":["Dolazak maskiranih","Spski kulturni centar","Zagreb"],"articleSection":["Region"],"inLanguage":"en-GB","potentialAction":[{"@type":"CommentAction","name":"Comment","target":["https:\/\/dmcsrb.com\/region\/vise-od-50-maskiranih-doslo-pred-srpski-kulturni-centar-u-zagrebu\/#respond"]}]},{"@type":"WebPage","@id":"https:\/\/dmcsrb.com\/region\/vise-od-50-maskiranih-doslo-pred-srpski-kulturni-centar-u-zagrebu\/","url":"https:\/\/dmcsrb.com\/region\/vise-od-50-maskiranih-doslo-pred-srpski-kulturni-centar-u-zagrebu\/","name":"Vi\u0161e od 50 maskiranih do\u0161lo pred Srpski kulturni centar u Zagrebu - dmcsrb.com","isPartOf":{"@id":"https:\/\/dmcsrb.com\/#website"},"primaryImageOfPage":{"@id":"https:\/\/dmcsrb.com\/region\/vise-od-50-maskiranih-doslo-pred-srpski-kulturni-centar-u-zagrebu\/#primaryimage"},"image":{"@id":"https:\/\/dmcsrb.com\/region\/vise-od-50-maskiranih-doslo-pred-srpski-kulturni-centar-u-zagrebu\/#primaryimage"},"thumbnailUrl":"https:\/\/dmcsrb.com\/wp-content\/uploads\/2026\/01\/1926f6e0-7c31-422f-99cd-c7499027fd3b.webp","datePublished":"2025-11-07T18:52:00+00:00","author":{"@id":"https:\/\/dmcsrb.com\/#\/schema\/person\/5c39170f12db1b8b457732d0b5c854e2"},"breadcrumb":{"@id":"https:\/\/dmcsrb.com\/region\/vise-od-50-maskiranih-doslo-pred-srpski-kulturni-centar-u-zagrebu\/#breadcrumb"},"inLanguage":"en-GB","potentialAction":[{"@type":"ReadAction","target":["https:\/\/dmcsrb.com\/region\/vise-od-50-maskiranih-doslo-pred-srpski-kulturni-centar-u-zagrebu\/"]}]},{"@type":"ImageObject","inLanguage":"en-GB","@id":"https:\/\/dmcsrb.com\/region\/vise-od-50-maskiranih-doslo-pred-srpski-kulturni-centar-u-zagrebu\/#primaryimage","url":"https:\/\/dmcsrb.com\/wp-content\/uploads\/2026\/01\/1926f6e0-7c31-422f-99cd-c7499027fd3b.webp","contentUrl":"https:\/\/dmcsrb.com\/wp-content\/uploads\/2026\/01\/1926f6e0-7c31-422f-99cd-c7499027fd3b.webp","width":800,"height":534},{"@type":"BreadcrumbList","@id":"https:\/\/dmcsrb.com\/region\/vise-od-50-maskiranih-doslo-pred-srpski-kulturni-centar-u-zagrebu\/#breadcrumb","itemListElement":[{"@type":"ListItem","position":1,"name":"Home","item":"https:\/\/dmcsrb.com\/"},{"@type":"ListItem","position":2,"name":"Vi\u0161e od 50 maskiranih do\u0161lo pred Srpski kulturni centar u Zagrebu"}]},{"@type":"WebSite","@id":"https:\/\/dmcsrb.com\/#website","url":"https:\/\/dmcsrb.com\/","name":"dmcsrb.com","description":"","potentialAction":[{"@type":"SearchAction","target":{"@type":"EntryPoint","urlTemplate":"https:\/\/dmcsrb.com\/?s={search_term_string}"},"query-input":{"@type":"PropertyValueSpecification","valueRequired":true,"valueName":"search_term_string"}}],"inLanguage":"en-GB"},{"@type":"Person","@id":"https:\/\/dmcsrb.com\/#\/schema\/person\/5c39170f12db1b8b457732d0b5c854e2","name":"dmcsrbija.com@gmail.com","image":{"@type":"ImageObject","inLanguage":"en-GB","@id":"https:\/\/secure.gravatar.com\/avatar\/68592660ad6347fad0fb587f8d5d8f1a7b44961362f56e4f2cd524feb87e9069?s=96&d=mm&r=g","url":"https:\/\/secure.gravatar.com\/avatar\/68592660ad6347fad0fb587f8d5d8f1a7b44961362f56e4f2cd524feb87e9069?s=96&d=mm&r=g","contentUrl":"https:\/\/secure.gravatar.com\/avatar\/68592660ad6347fad0fb587f8d5d8f1a7b44961362f56e4f2cd524feb87e9069?s=96&d=mm&r=g","caption":"dmcsrbija.com@gmail.com"},"sameAs":["https:\/\/dmcsrb.com"],"url":"https:\/\/dmcsrb.com\/en\/author\/dmcsrbija-comgmail-com\/"}]}},"_links":{"self":[{"href":"https:\/\/dmcsrb.com\/en\/wp-json\/wp\/v2\/posts\/962566","targetHints":{"allow":["GET"]}}],"collection":[{"href":"https:\/\/dmcsrb.com\/en\/wp-json\/wp\/v2\/posts"}],"about":[{"href":"https:\/\/dmcsrb.com\/en\/wp-json\/wp\/v2\/types\/post"}],"author":[{"embeddable":true,"href":"https:\/\/dmcsrb.com\/en\/wp-json\/wp\/v2\/users\/1"}],"replies":[{"embeddable":true,"href":"https:\/\/dmcsrb.com\/en\/wp-json\/wp\/v2\/comments?post=962566"}],"version-history":[{"count":0,"href":"https:\/\/dmcsrb.com\/en\/wp-json\/wp\/v2\/posts\/962566\/revisions"}],"wp:featuredmedia":[{"embeddable":true,"href":"https:\/\/dmcsrb.com\/en\/wp-json\/wp\/v2\/media\/962567"}],"wp:attachment":[{"href":"https:\/\/dmcsrb.com\/en\/wp-json\/wp\/v2\/media?parent=962566"}],"wp:term":[{"taxonomy":"category","embeddable":true,"href":"https:\/\/dmcsrb.com\/en\/wp-json\/wp\/v2\/categories?post=962566"},{"taxonomy":"post_tag","embeddable":true,"href":"https:\/\/dmcsrb.com\/en\/wp-json\/wp\/v2\/tags?post=962566"},{"taxonomy":"naslovna","embeddable":true,"href":"https:\/\/dmcsrb.com\/en\/wp-json\/wp\/v2\/naslovna?post=962566"}],"curies":[{"name":"wp","href":"https:\/\/api.w.org\/{rel}","templated":true}]}}