{"id":962543,"date":"2025-11-07T18:14:00","date_gmt":"2025-11-07T17:14:00","guid":{"rendered":"https:\/\/dmcsrb.com\/uncategorized\/video-posada-napadnutog-tankera-kojim-komanduje-crnogorski-kapetan-oslobodjena\/"},"modified":"2025-11-07T18:14:00","modified_gmt":"2025-11-07T17:14:00","slug":"video-posada-napadnutog-tankera-kojim-komanduje-crnogorski-kapetan-oslobodjena","status":"publish","type":"post","link":"https:\/\/dmcsrb.com\/en\/drustvo\/video-posada-napadnutog-tankera-kojim-komanduje-crnogorski-kapetan-oslobodjena\/","title":{"rendered":"(VIDEO) Posada napadnutog tankera, kojim komanduje crnogorski kapetan oslobo\u0111ena"},"content":{"rendered":"<p>Iz tog Vladinog resora poru\u010duju da preduzimaju sve kako bi za\u0161titili crnogorske dr\u017eavljane koji rade u opasnim podru\u010djima.<\/p>\n\n\n\n<p>&#8220;Crna Gora je, u okviru svojih nadle\u017enosti, preduzela sve aktivnosti radi pribavljanja relevantnih informacija o incidentu i za\u0161tite crnogorskog pomorca. Budu\u0107i da brod plovi pod malte\u0161kom zastavom, primarna odgovornost za sprovo\u0111enje operativnih mjera le\u017ei na vlastima Republike Malte i dr\u017eavama koje imaju jurisdikciju nad kompanijom i podru\u010djem u kojem se incident dogodio&#8221;, isti\u010du.<\/p>\n\n\n\n<p>Iz Ministarstva pomorstva poru\u010duju da \u0107e nastaviti da prate situaciju i u saradnji sa kolegama iz vanjskih poslova obavje\u0161tavaju javnost o svim relevantnim informacijama.<\/p>\n\n\n\n<figure class=\"wp-block-embed is-type-video is-provider-youtube wp-block-embed-youtube wp-embed-aspect-16-9 wp-has-aspect-ratio\"><div class=\"wp-block-embed__wrapper\">\n<iframe loading=\"lazy\" title=\"Ministarstvo pomorstva preduzelo sve mjere u cilju za\u0161tite crnogorskog kapetana\" width=\"500\" height=\"281\" src=\"https:\/\/www.youtube.com\/embed\/NXFA6ZEajrQ?feature=oembed\" frameborder=\"0\" allow=\"accelerometer; autoplay; clipboard-write; encrypted-media; gyroscope; picture-in-picture; web-share\" referrerpolicy=\"strict-origin-when-cross-origin\" allowfullscreen><\/iframe>\n<\/div><\/figure>","protected":false},"excerpt":{"rendered":"<p>Kompletna posada gr\u010dkog broda-tankera Hellas Aphrodite, kojeg ju\u010de napali pirati, spa\u0161ena je zahvaljuju\u0107i brzoj intervenciji pomorske jedinice Evropske unije. Strani mediji javljaju da su sva 24 \u010dlana posade, me\u0111u kojima i crnogorski dr\u017eavljanin kao zapovjednik broda, oslobo\u0111ena. Tanker su napali pirati kod obale Somalije, nakon \u010dega su se svih 24 \u010dlana posade  sklonili u sigurnosnu prostoriju, iz koje su kontrolisali brod. Iz Ministarstva pomorstva su za RTV Podgorica potvrdili da su odmah kontaktirali vlasnika broda i druge me\u0111unarodne partnere.<\/p>","protected":false},"author":1,"featured_media":962544,"comment_status":"open","ping_status":"open","sticky":false,"template":"","format":"standard","meta":{"_acf_changed":false,"footnotes":""},"categories":[2],"tags":[1280,13865,13921],"naslovna":[],"class_list":["post-962543","post","type-post","status-publish","format-standard","has-post-thumbnail","hentry","category-drustvo","tag-ministarstvo-pomorstva","tag-pirati","tag-zarobljeni-kapetan"],"acf":[],"yoast_head":"<!-- This site is optimized with the Yoast SEO plugin v27.4 - https:\/\/yoast.com\/product\/yoast-seo-wordpress\/ -->\n<title>(VIDEO) Posada napadnutog tankera, kojim komanduje crnogorski kapetan oslobo\u0111ena - dmcsrb.com<\/title>\n<meta name=\"robots\" content=\"index, follow, max-snippet:-1, max-image-preview:large, max-video-preview:-1\" \/>\n<link rel=\"canonical\" href=\"https:\/\/dmcsrb.com\/en\/drustvo\/video-posada-napadnutog-tankera-kojim-komanduje-crnogorski-kapetan-oslobodjena\/\" \/>\n<meta property=\"og:locale\" content=\"en_GB\" \/>\n<meta property=\"og:type\" content=\"article\" \/>\n<meta property=\"og:title\" content=\"(VIDEO) Posada napadnutog tankera, kojim komanduje crnogorski kapetan oslobo\u0111ena - dmcsrb.com\" \/>\n<meta property=\"og:description\" content=\"Kompletna posada gr\u010dkog broda-tankera Hellas Aphrodite, kojeg ju\u010de napali pirati, spa\u0161ena je zahvaljuju\u0107i brzoj intervenciji pomorske jedinice Evropske unije. Strani mediji javljaju da su sva 24 \u010dlana posade, me\u0111u kojima i crnogorski dr\u017eavljanin kao zapovjednik broda, oslobo\u0111ena. Tanker su napali pirati kod obale Somalije, nakon \u010dega su se svih 24 \u010dlana posade sklonili u sigurnosnu prostoriju, iz koje su kontrolisali brod. Iz Ministarstva pomorstva su za RTV Podgorica potvrdili da su odmah kontaktirali vlasnika broda i druge me\u0111unarodne partnere.\" \/>\n<meta property=\"og:url\" content=\"https:\/\/dmcsrb.com\/en\/drustvo\/video-posada-napadnutog-tankera-kojim-komanduje-crnogorski-kapetan-oslobodjena\/\" \/>\n<meta property=\"og:site_name\" content=\"dmcsrb.com\" \/>\n<meta property=\"article:published_time\" content=\"2025-11-07T17:14:00+00:00\" \/>\n<meta property=\"og:image\" content=\"https:\/\/dmcsrb.com\/wp-content\/uploads\/2026\/01\/Capture-31-4.webp\" \/>\n\t<meta property=\"og:image:width\" content=\"1833\" \/>\n\t<meta property=\"og:image:height\" content=\"864\" \/>\n\t<meta property=\"og:image:type\" content=\"image\/jpeg\" \/>\n<meta name=\"author\" content=\"dmcsrbija.com@gmail.com\" \/>\n<meta name=\"twitter:card\" content=\"summary_large_image\" \/>\n<meta name=\"twitter:label1\" content=\"Written by\" \/>\n\t<meta name=\"twitter:data1\" content=\"dmcsrbija.com@gmail.com\" \/>\n\t<meta name=\"twitter:label2\" content=\"Estimated reading time\" \/>\n\t<meta name=\"twitter:data2\" content=\"1 minute\" \/>\n<script type=\"application\/ld+json\" class=\"yoast-schema-graph\">{\"@context\":\"https:\\\/\\\/schema.org\",\"@graph\":[{\"@type\":\"Article\",\"@id\":\"https:\\\/\\\/dmcsrb.com\\\/drustvo\\\/video-posada-napadnutog-tankera-kojim-komanduje-crnogorski-kapetan-oslobodjena\\\/#article\",\"isPartOf\":{\"@id\":\"https:\\\/\\\/dmcsrb.com\\\/drustvo\\\/video-posada-napadnutog-tankera-kojim-komanduje-crnogorski-kapetan-oslobodjena\\\/\"},\"author\":{\"name\":\"dmcsrbija.com@gmail.com\",\"@id\":\"https:\\\/\\\/dmcsrb.com\\\/#\\\/schema\\\/person\\\/5c39170f12db1b8b457732d0b5c854e2\"},\"headline\":\"(VIDEO) Posada napadnutog tankera, kojim komanduje crnogorski kapetan oslobo\u0111ena\",\"datePublished\":\"2025-11-07T17:14:00+00:00\",\"mainEntityOfPage\":{\"@id\":\"https:\\\/\\\/dmcsrb.com\\\/drustvo\\\/video-posada-napadnutog-tankera-kojim-komanduje-crnogorski-kapetan-oslobodjena\\\/\"},\"wordCount\":125,\"commentCount\":0,\"image\":{\"@id\":\"https:\\\/\\\/dmcsrb.com\\\/drustvo\\\/video-posada-napadnutog-tankera-kojim-komanduje-crnogorski-kapetan-oslobodjena\\\/#primaryimage\"},\"thumbnailUrl\":\"https:\\\/\\\/dmcsrb.com\\\/wp-content\\\/uploads\\\/2026\\\/01\\\/Capture-31-4.webp\",\"keywords\":[\"Ministarstvo pomorstva\",\"pirati\",\"Zarobljeni kapetan\"],\"articleSection\":[\"Dru\u0161tvo\"],\"inLanguage\":\"en-GB\",\"potentialAction\":[{\"@type\":\"CommentAction\",\"name\":\"Comment\",\"target\":[\"https:\\\/\\\/dmcsrb.com\\\/drustvo\\\/video-posada-napadnutog-tankera-kojim-komanduje-crnogorski-kapetan-oslobodjena\\\/#respond\"]}]},{\"@type\":\"WebPage\",\"@id\":\"https:\\\/\\\/dmcsrb.com\\\/drustvo\\\/video-posada-napadnutog-tankera-kojim-komanduje-crnogorski-kapetan-oslobodjena\\\/\",\"url\":\"https:\\\/\\\/dmcsrb.com\\\/drustvo\\\/video-posada-napadnutog-tankera-kojim-komanduje-crnogorski-kapetan-oslobodjena\\\/\",\"name\":\"(VIDEO) Posada napadnutog tankera, kojim komanduje crnogorski kapetan oslobo\u0111ena - dmcsrb.com\",\"isPartOf\":{\"@id\":\"https:\\\/\\\/dmcsrb.com\\\/#website\"},\"primaryImageOfPage\":{\"@id\":\"https:\\\/\\\/dmcsrb.com\\\/drustvo\\\/video-posada-napadnutog-tankera-kojim-komanduje-crnogorski-kapetan-oslobodjena\\\/#primaryimage\"},\"image\":{\"@id\":\"https:\\\/\\\/dmcsrb.com\\\/drustvo\\\/video-posada-napadnutog-tankera-kojim-komanduje-crnogorski-kapetan-oslobodjena\\\/#primaryimage\"},\"thumbnailUrl\":\"https:\\\/\\\/dmcsrb.com\\\/wp-content\\\/uploads\\\/2026\\\/01\\\/Capture-31-4.webp\",\"datePublished\":\"2025-11-07T17:14:00+00:00\",\"author\":{\"@id\":\"https:\\\/\\\/dmcsrb.com\\\/#\\\/schema\\\/person\\\/5c39170f12db1b8b457732d0b5c854e2\"},\"breadcrumb\":{\"@id\":\"https:\\\/\\\/dmcsrb.com\\\/drustvo\\\/video-posada-napadnutog-tankera-kojim-komanduje-crnogorski-kapetan-oslobodjena\\\/#breadcrumb\"},\"inLanguage\":\"en-GB\",\"potentialAction\":[{\"@type\":\"ReadAction\",\"target\":[\"https:\\\/\\\/dmcsrb.com\\\/drustvo\\\/video-posada-napadnutog-tankera-kojim-komanduje-crnogorski-kapetan-oslobodjena\\\/\"]}]},{\"@type\":\"ImageObject\",\"inLanguage\":\"en-GB\",\"@id\":\"https:\\\/\\\/dmcsrb.com\\\/drustvo\\\/video-posada-napadnutog-tankera-kojim-komanduje-crnogorski-kapetan-oslobodjena\\\/#primaryimage\",\"url\":\"https:\\\/\\\/dmcsrb.com\\\/wp-content\\\/uploads\\\/2026\\\/01\\\/Capture-31-4.webp\",\"contentUrl\":\"https:\\\/\\\/dmcsrb.com\\\/wp-content\\\/uploads\\\/2026\\\/01\\\/Capture-31-4.webp\",\"width\":1833,\"height\":864},{\"@type\":\"BreadcrumbList\",\"@id\":\"https:\\\/\\\/dmcsrb.com\\\/drustvo\\\/video-posada-napadnutog-tankera-kojim-komanduje-crnogorski-kapetan-oslobodjena\\\/#breadcrumb\",\"itemListElement\":[{\"@type\":\"ListItem\",\"position\":1,\"name\":\"Home\",\"item\":\"https:\\\/\\\/dmcsrb.com\\\/\"},{\"@type\":\"ListItem\",\"position\":2,\"name\":\"(VIDEO) Posada napadnutog tankera, kojim komanduje crnogorski kapetan oslobo\u0111ena\"}]},{\"@type\":\"WebSite\",\"@id\":\"https:\\\/\\\/dmcsrb.com\\\/#website\",\"url\":\"https:\\\/\\\/dmcsrb.com\\\/\",\"name\":\"dmcsrb.com\",\"description\":\"\",\"potentialAction\":[{\"@type\":\"SearchAction\",\"target\":{\"@type\":\"EntryPoint\",\"urlTemplate\":\"https:\\\/\\\/dmcsrb.com\\\/?s={search_term_string}\"},\"query-input\":{\"@type\":\"PropertyValueSpecification\",\"valueRequired\":true,\"valueName\":\"search_term_string\"}}],\"inLanguage\":\"en-GB\"},{\"@type\":\"Person\",\"@id\":\"https:\\\/\\\/dmcsrb.com\\\/#\\\/schema\\\/person\\\/5c39170f12db1b8b457732d0b5c854e2\",\"name\":\"dmcsrbija.com@gmail.com\",\"image\":{\"@type\":\"ImageObject\",\"inLanguage\":\"en-GB\",\"@id\":\"https:\\\/\\\/secure.gravatar.com\\\/avatar\\\/68592660ad6347fad0fb587f8d5d8f1a7b44961362f56e4f2cd524feb87e9069?s=96&d=mm&r=g\",\"url\":\"https:\\\/\\\/secure.gravatar.com\\\/avatar\\\/68592660ad6347fad0fb587f8d5d8f1a7b44961362f56e4f2cd524feb87e9069?s=96&d=mm&r=g\",\"contentUrl\":\"https:\\\/\\\/secure.gravatar.com\\\/avatar\\\/68592660ad6347fad0fb587f8d5d8f1a7b44961362f56e4f2cd524feb87e9069?s=96&d=mm&r=g\",\"caption\":\"dmcsrbija.com@gmail.com\"},\"sameAs\":[\"https:\\\/\\\/dmcsrb.com\"],\"url\":\"https:\\\/\\\/dmcsrb.com\\\/en\\\/author\\\/dmcsrbija-comgmail-com\\\/\"}]}<\/script>\n<!-- \/ Yoast SEO plugin. -->","yoast_head_json":{"title":"(VIDEO) Posada napadnutog tankera, kojim komanduje crnogorski kapetan oslobo\u0111ena - dmcsrb.com","robots":{"index":"index","follow":"follow","max-snippet":"max-snippet:-1","max-image-preview":"max-image-preview:large","max-video-preview":"max-video-preview:-1"},"canonical":"https:\/\/dmcsrb.com\/en\/drustvo\/video-posada-napadnutog-tankera-kojim-komanduje-crnogorski-kapetan-oslobodjena\/","og_locale":"en_GB","og_type":"article","og_title":"(VIDEO) Posada napadnutog tankera, kojim komanduje crnogorski kapetan oslobo\u0111ena - dmcsrb.com","og_description":"Kompletna posada gr\u010dkog broda-tankera Hellas Aphrodite, kojeg ju\u010de napali pirati, spa\u0161ena je zahvaljuju\u0107i brzoj intervenciji pomorske jedinice Evropske unije. Strani mediji javljaju da su sva 24 \u010dlana posade, me\u0111u kojima i crnogorski dr\u017eavljanin kao zapovjednik broda, oslobo\u0111ena. Tanker su napali pirati kod obale Somalije, nakon \u010dega su se svih 24 \u010dlana posade sklonili u sigurnosnu prostoriju, iz koje su kontrolisali brod. Iz Ministarstva pomorstva su za RTV Podgorica potvrdili da su odmah kontaktirali vlasnika broda i druge me\u0111unarodne partnere.","og_url":"https:\/\/dmcsrb.com\/en\/drustvo\/video-posada-napadnutog-tankera-kojim-komanduje-crnogorski-kapetan-oslobodjena\/","og_site_name":"dmcsrb.com","article_published_time":"2025-11-07T17:14:00+00:00","og_image":[{"width":1833,"height":864,"url":"https:\/\/dmcsrb.com\/wp-content\/uploads\/2026\/01\/Capture-31-4.webp","type":"image\/jpeg"}],"author":"dmcsrbija.com@gmail.com","twitter_card":"summary_large_image","twitter_misc":{"Written by":"dmcsrbija.com@gmail.com","Estimated reading time":"1 minute"},"schema":{"@context":"https:\/\/schema.org","@graph":[{"@type":"Article","@id":"https:\/\/dmcsrb.com\/drustvo\/video-posada-napadnutog-tankera-kojim-komanduje-crnogorski-kapetan-oslobodjena\/#article","isPartOf":{"@id":"https:\/\/dmcsrb.com\/drustvo\/video-posada-napadnutog-tankera-kojim-komanduje-crnogorski-kapetan-oslobodjena\/"},"author":{"name":"dmcsrbija.com@gmail.com","@id":"https:\/\/dmcsrb.com\/#\/schema\/person\/5c39170f12db1b8b457732d0b5c854e2"},"headline":"(VIDEO) Posada napadnutog tankera, kojim komanduje crnogorski kapetan oslobo\u0111ena","datePublished":"2025-11-07T17:14:00+00:00","mainEntityOfPage":{"@id":"https:\/\/dmcsrb.com\/drustvo\/video-posada-napadnutog-tankera-kojim-komanduje-crnogorski-kapetan-oslobodjena\/"},"wordCount":125,"commentCount":0,"image":{"@id":"https:\/\/dmcsrb.com\/drustvo\/video-posada-napadnutog-tankera-kojim-komanduje-crnogorski-kapetan-oslobodjena\/#primaryimage"},"thumbnailUrl":"https:\/\/dmcsrb.com\/wp-content\/uploads\/2026\/01\/Capture-31-4.webp","keywords":["Ministarstvo pomorstva","pirati","Zarobljeni kapetan"],"articleSection":["Dru\u0161tvo"],"inLanguage":"en-GB","potentialAction":[{"@type":"CommentAction","name":"Comment","target":["https:\/\/dmcsrb.com\/drustvo\/video-posada-napadnutog-tankera-kojim-komanduje-crnogorski-kapetan-oslobodjena\/#respond"]}]},{"@type":"WebPage","@id":"https:\/\/dmcsrb.com\/drustvo\/video-posada-napadnutog-tankera-kojim-komanduje-crnogorski-kapetan-oslobodjena\/","url":"https:\/\/dmcsrb.com\/drustvo\/video-posada-napadnutog-tankera-kojim-komanduje-crnogorski-kapetan-oslobodjena\/","name":"(VIDEO) Posada napadnutog tankera, kojim komanduje crnogorski kapetan oslobo\u0111ena - dmcsrb.com","isPartOf":{"@id":"https:\/\/dmcsrb.com\/#website"},"primaryImageOfPage":{"@id":"https:\/\/dmcsrb.com\/drustvo\/video-posada-napadnutog-tankera-kojim-komanduje-crnogorski-kapetan-oslobodjena\/#primaryimage"},"image":{"@id":"https:\/\/dmcsrb.com\/drustvo\/video-posada-napadnutog-tankera-kojim-komanduje-crnogorski-kapetan-oslobodjena\/#primaryimage"},"thumbnailUrl":"https:\/\/dmcsrb.com\/wp-content\/uploads\/2026\/01\/Capture-31-4.webp","datePublished":"2025-11-07T17:14:00+00:00","author":{"@id":"https:\/\/dmcsrb.com\/#\/schema\/person\/5c39170f12db1b8b457732d0b5c854e2"},"breadcrumb":{"@id":"https:\/\/dmcsrb.com\/drustvo\/video-posada-napadnutog-tankera-kojim-komanduje-crnogorski-kapetan-oslobodjena\/#breadcrumb"},"inLanguage":"en-GB","potentialAction":[{"@type":"ReadAction","target":["https:\/\/dmcsrb.com\/drustvo\/video-posada-napadnutog-tankera-kojim-komanduje-crnogorski-kapetan-oslobodjena\/"]}]},{"@type":"ImageObject","inLanguage":"en-GB","@id":"https:\/\/dmcsrb.com\/drustvo\/video-posada-napadnutog-tankera-kojim-komanduje-crnogorski-kapetan-oslobodjena\/#primaryimage","url":"https:\/\/dmcsrb.com\/wp-content\/uploads\/2026\/01\/Capture-31-4.webp","contentUrl":"https:\/\/dmcsrb.com\/wp-content\/uploads\/2026\/01\/Capture-31-4.webp","width":1833,"height":864},{"@type":"BreadcrumbList","@id":"https:\/\/dmcsrb.com\/drustvo\/video-posada-napadnutog-tankera-kojim-komanduje-crnogorski-kapetan-oslobodjena\/#breadcrumb","itemListElement":[{"@type":"ListItem","position":1,"name":"Home","item":"https:\/\/dmcsrb.com\/"},{"@type":"ListItem","position":2,"name":"(VIDEO) Posada napadnutog tankera, kojim komanduje crnogorski kapetan oslobo\u0111ena"}]},{"@type":"WebSite","@id":"https:\/\/dmcsrb.com\/#website","url":"https:\/\/dmcsrb.com\/","name":"dmcsrb.com","description":"","potentialAction":[{"@type":"SearchAction","target":{"@type":"EntryPoint","urlTemplate":"https:\/\/dmcsrb.com\/?s={search_term_string}"},"query-input":{"@type":"PropertyValueSpecification","valueRequired":true,"valueName":"search_term_string"}}],"inLanguage":"en-GB"},{"@type":"Person","@id":"https:\/\/dmcsrb.com\/#\/schema\/person\/5c39170f12db1b8b457732d0b5c854e2","name":"dmcsrbija.com@gmail.com","image":{"@type":"ImageObject","inLanguage":"en-GB","@id":"https:\/\/secure.gravatar.com\/avatar\/68592660ad6347fad0fb587f8d5d8f1a7b44961362f56e4f2cd524feb87e9069?s=96&d=mm&r=g","url":"https:\/\/secure.gravatar.com\/avatar\/68592660ad6347fad0fb587f8d5d8f1a7b44961362f56e4f2cd524feb87e9069?s=96&d=mm&r=g","contentUrl":"https:\/\/secure.gravatar.com\/avatar\/68592660ad6347fad0fb587f8d5d8f1a7b44961362f56e4f2cd524feb87e9069?s=96&d=mm&r=g","caption":"dmcsrbija.com@gmail.com"},"sameAs":["https:\/\/dmcsrb.com"],"url":"https:\/\/dmcsrb.com\/en\/author\/dmcsrbija-comgmail-com\/"}]}},"_links":{"self":[{"href":"https:\/\/dmcsrb.com\/en\/wp-json\/wp\/v2\/posts\/962543","targetHints":{"allow":["GET"]}}],"collection":[{"href":"https:\/\/dmcsrb.com\/en\/wp-json\/wp\/v2\/posts"}],"about":[{"href":"https:\/\/dmcsrb.com\/en\/wp-json\/wp\/v2\/types\/post"}],"author":[{"embeddable":true,"href":"https:\/\/dmcsrb.com\/en\/wp-json\/wp\/v2\/users\/1"}],"replies":[{"embeddable":true,"href":"https:\/\/dmcsrb.com\/en\/wp-json\/wp\/v2\/comments?post=962543"}],"version-history":[{"count":0,"href":"https:\/\/dmcsrb.com\/en\/wp-json\/wp\/v2\/posts\/962543\/revisions"}],"wp:featuredmedia":[{"embeddable":true,"href":"https:\/\/dmcsrb.com\/en\/wp-json\/wp\/v2\/media\/962544"}],"wp:attachment":[{"href":"https:\/\/dmcsrb.com\/en\/wp-json\/wp\/v2\/media?parent=962543"}],"wp:term":[{"taxonomy":"category","embeddable":true,"href":"https:\/\/dmcsrb.com\/en\/wp-json\/wp\/v2\/categories?post=962543"},{"taxonomy":"post_tag","embeddable":true,"href":"https:\/\/dmcsrb.com\/en\/wp-json\/wp\/v2\/tags?post=962543"},{"taxonomy":"naslovna","embeddable":true,"href":"https:\/\/dmcsrb.com\/en\/wp-json\/wp\/v2\/naslovna?post=962543"}],"curies":[{"name":"wp","href":"https:\/\/api.w.org\/{rel}","templated":true}]}}