{"id":962447,"date":"2025-11-07T11:00:00","date_gmt":"2025-11-07T10:00:00","guid":{"rendered":"https:\/\/dmcsrb.com\/uncategorized\/nevladine-organizacije-necemo-trgovati-principima-zbog-partijskih-zelja\/"},"modified":"2025-11-07T11:00:00","modified_gmt":"2025-11-07T10:00:00","slug":"nevladine-organizacije-necemo-trgovati-principima-zbog-partijskih-zelja","status":"publish","type":"post","link":"https:\/\/dmcsrb.com\/en\/drustvo\/nevladine-organizacije-necemo-trgovati-principima-zbog-partijskih-zelja\/","title":{"rendered":"Nevladine organizacije: Ne\u0107emo trgovati principima zbog partijskih \u017eelja"},"content":{"rendered":"<p>&#8220;Podsje\u0107amo da su\u00a0medijski zakoni usvojeni u junu 2024. godine, u okviru tzv.\u00a0IBAR paketa, stvorili osnov za\u00a0profesionalnu i nezavisnu Agenciju, \u0161to je\u00a0Evropska komisija prepoznala privremenim zatvaranjem Poglavlja 10 \u2013 Informati\u010dko dru\u0161tvo i mediji. U Izvje\u0161taju Evropske komisije je jasno poru\u010deno da proces imenovanja \u010dlanova Savjeta mora biti\u00a0brz, transparentan i oslobo\u0111en partijskog uticaja, te da\u00a0ne\u0107e biti tolerisane izmjena zakona\u00a0koje bi ugrozile samostalnost Agencije za AVMU i RTCG. Time je u <strong>Bruselu<\/strong> adekvatno prepoznata i podr\u017eana i inicijativa vi\u0161e od 100 NVO\u00a0koje su, prije pola godine, upozorile na poku\u0161aje vlasti da zakonskim intervencijama preuzmu punu kontrolu nad savjetima Agenciju za AVMU i RTCG&#8221;, stoji u saop\u0161tenju.<\/p>\n\n\n\n<p>Kako ka\u017eu, kandidat nezavisnih NVO iz oblasti medija,\u00a0Dragoljub Du\u0161ko Vukovi\u0107, prepoznat je kao\u00a0profesionalac sa integritetom i kontinuitetom u odbrani javnog interesa. <\/p>\n\n\n\n<p>&#8220;On ostaje kandidat sve dok se postupak ne okon\u010da u skladu sa zakonom. \u017dao nam je \u0161to vlast, umjesto da poka\u017ee odgovornost dr\u017eave koja je u zavr\u0161noj fazi evropskih integracija, <strong>ponavlja obrasce politi\u010dke kontrole institucija<\/strong>, identi\u010dne onima zbog kojih smo ranije, \u010dak i zajedno, kritikovali prethodnu vlast&#8221;, navodi se u saop\u0161tenju.<\/p>\n\n\n\n<p>Pozivali su skup\u0161tinsku ve\u0107inu da\u00a0&#8220;odmah prekine opstrukcije\u00a0koje traju ve\u0107\u00a015 mjeseci\u00a0i da omogu\u0107i transparentan, zakonit i po\u0161ten izbor \u010dlanova Savjeta Agencije za AVM usluge&#8221;. <\/p>\n\n\n\n<p>&#8220;To podrazumijeva i\u00a0puno po\u0161tovanje autonomije ovla\u0161\u0107enih predlaga\u010da\u00a0&#8211; nevladinih organizacija, CANU i PEN centra &#8211; da samostalno odlu\u010de ko ih predstavlja u Savjetu. Samo tako se mo\u017ee obezbijediti\u00a0<strong>nezavisna i funkcionalna Agencija<\/strong>, klju\u010dna za razvoj medija, za\u0161titu javnog interesa, ali i\u00a0napredak Crne Gore ka \u010dlanstvu u EU, navodi se u saop\u0161tenju.<\/p>\n\n\n\n<p>Poru\u010duju da ne\u0107e ulaziti u bilo kakve trgovine sa poslanicima.<\/p>\n\n\n\n<p>&#8220;Radi o\u010duvanja svog integriteta i po\u0161tovanja prema na\u0161em kandidatu\u00a0Dragoljubu Du\u0161ku Vukovi\u0107u, poru\u010dujemo da\u00a0ne\u0107emo ulaziti ni u kakve trgovine sa poslanicima. Vjerujemo da njegovo iskustvo i profesionalizam garantuju da \u0107e Savjet Agencije za AVMU ostati\u00a0nezavisan od partijskog pritiska, u skladu sa zakonom i evropskim vrijednostima.\u00a0Onim poslanicima kojima je javni interes ispred uskopartijskog to bi trebalo da bude dovoljno da za njega glasaju&#8221;, zaklju\u010dak je saop\u0161tenja koje potpisuju:<\/p>\n\n\n\n<p><br>Goran \u0110urovi\u0107, Media centar<br>Olivera Nikoli\u0107, Institut za medije Crne Gore (IMCG)<br>Daliborka Uljarevi\u0107, Centar za gra\u0111ansko obrazovanje (CGO)<br>Milka Tadi\u0107 Mijovi\u0107, Centar za istra\u017eiva\u010dko novinarstvo (CIN-CG)<br>Mila Radulovi\u0107, Udru\u017eenje profesionalnih novinara Crne Gore<br>Mustafa Canka, NVO \u201eUl Info\u201c<br>Zdravko Janju\u0161evi\u0107, Bjelopoljski demokratski centar<br>\u017deljko \u0110uki\u0107, NVO Multimedijal Montenegro<br>Nata\u0161a Nelevi\u0107, NOVA \u2013 Centar za feministi\u010dku kulturu<br>Muamera Musli\u0107, NVO \u0110akomo Adriatic<br>Boris Nedovi\u0107, NVU Centar sjevera<br>Radomir Petri\u0107, NVU Sua Sponte Bar<\/p>","protected":false},"excerpt":{"rendered":"<p>Nevladine organizacije koje su ranije podr\u017eale, a i dalje \u010dvrsto stoje iza kandidature\u00a0Dragoljuba Du\u0161ka Vukovi\u0107a\u00a0za \u010dlana Savjeta Agencije za audiovizuelne medijske usluge (AVMU), izra\u017eavaju ozbiljnu zabrinutost\u00a0zbog izjave poslanice PES-a\u00a0Jelene Nedovi\u0107, koja je prakti\u010dno poru\u010dila da Savjet treba imati podobnog predstavnika NVO sektora. Takav stav dokazuje da skup\u0161tinska ve\u0107ina poku\u0161ava da\u00a0politi\u010dki zarobi jednu od najva\u017enijih institucija u medijskom sistemu, suprotno zakonu i evropskim standardima, navodi se u zajedni\u010dkom saop\u0161tenju NVO.<\/p>","protected":false},"author":1,"featured_media":962448,"comment_status":"open","ping_status":"open","sticky":false,"template":"","format":"standard","meta":{"_acf_changed":false,"footnotes":""},"categories":[2],"tags":[725,749,1095],"naslovna":[],"class_list":["post-962447","post","type-post","status-publish","format-standard","has-post-thumbnail","hentry","category-drustvo","tag-amu-2","tag-nvo","tag-saopstenje"],"acf":[],"yoast_head":"<!-- This site is optimized with the Yoast SEO plugin v27.4 - https:\/\/yoast.com\/product\/yoast-seo-wordpress\/ -->\n<title>Nevladine organizacije: Ne\u0107emo trgovati principima zbog partijskih \u017eelja - dmcsrb.com<\/title>\n<meta name=\"robots\" content=\"index, follow, max-snippet:-1, max-image-preview:large, max-video-preview:-1\" \/>\n<link rel=\"canonical\" href=\"https:\/\/dmcsrb.com\/en\/drustvo\/nevladine-organizacije-necemo-trgovati-principima-zbog-partijskih-zelja\/\" \/>\n<meta property=\"og:locale\" content=\"en_GB\" \/>\n<meta property=\"og:type\" content=\"article\" \/>\n<meta property=\"og:title\" content=\"Nevladine organizacije: Ne\u0107emo trgovati principima zbog partijskih \u017eelja - dmcsrb.com\" \/>\n<meta property=\"og:description\" content=\"Nevladine organizacije koje su ranije podr\u017eale, a i dalje \u010dvrsto stoje iza kandidature\u00a0Dragoljuba Du\u0161ka Vukovi\u0107a\u00a0za \u010dlana Savjeta Agencije za audiovizuelne medijske usluge (AVMU), izra\u017eavaju ozbiljnu zabrinutost\u00a0zbog izjave poslanice PES-a\u00a0Jelene Nedovi\u0107, koja je prakti\u010dno poru\u010dila da Savjet treba imati podobnog predstavnika NVO sektora. Takav stav dokazuje da skup\u0161tinska ve\u0107ina poku\u0161ava da\u00a0politi\u010dki zarobi jednu od najva\u017enijih institucija u medijskom sistemu, suprotno zakonu i evropskim standardima, navodi se u zajedni\u010dkom saop\u0161tenju NVO.\" \/>\n<meta property=\"og:url\" content=\"https:\/\/dmcsrb.com\/en\/drustvo\/nevladine-organizacije-necemo-trgovati-principima-zbog-partijskih-zelja\/\" \/>\n<meta property=\"og:site_name\" content=\"dmcsrb.com\" \/>\n<meta property=\"article:published_time\" content=\"2025-11-07T10:00:00+00:00\" \/>\n<meta property=\"og:image\" content=\"https:\/\/dmcsrb.com\/wp-content\/uploads\/2026\/01\/amu-1.webp\" \/>\n\t<meta property=\"og:image:width\" content=\"1080\" \/>\n\t<meta property=\"og:image:height\" content=\"1350\" \/>\n\t<meta property=\"og:image:type\" content=\"image\/jpeg\" \/>\n<meta name=\"author\" content=\"dmcsrbija.com@gmail.com\" \/>\n<meta name=\"twitter:card\" content=\"summary_large_image\" \/>\n<meta name=\"twitter:label1\" content=\"Written by\" \/>\n\t<meta name=\"twitter:data1\" content=\"dmcsrbija.com@gmail.com\" \/>\n\t<meta name=\"twitter:label2\" content=\"Estimated reading time\" \/>\n\t<meta name=\"twitter:data2\" content=\"2 minutes\" \/>\n<script type=\"application\/ld+json\" class=\"yoast-schema-graph\">{\"@context\":\"https:\\\/\\\/schema.org\",\"@graph\":[{\"@type\":\"Article\",\"@id\":\"https:\\\/\\\/dmcsrb.com\\\/en\\\/drustvo\\\/nevladine-organizacije-necemo-trgovati-principima-zbog-partijskih-zelja\\\/#article\",\"isPartOf\":{\"@id\":\"https:\\\/\\\/dmcsrb.com\\\/en\\\/drustvo\\\/nevladine-organizacije-necemo-trgovati-principima-zbog-partijskih-zelja\\\/\"},\"author\":{\"name\":\"dmcsrbija.com@gmail.com\",\"@id\":\"https:\\\/\\\/dmcsrb.com\\\/#\\\/schema\\\/person\\\/5c39170f12db1b8b457732d0b5c854e2\"},\"headline\":\"Nevladine organizacije: Ne\u0107emo trgovati principima zbog partijskih \u017eelja\",\"datePublished\":\"2025-11-07T10:00:00+00:00\",\"mainEntityOfPage\":{\"@id\":\"https:\\\/\\\/dmcsrb.com\\\/en\\\/drustvo\\\/nevladine-organizacije-necemo-trgovati-principima-zbog-partijskih-zelja\\\/\"},\"wordCount\":465,\"commentCount\":0,\"image\":{\"@id\":\"https:\\\/\\\/dmcsrb.com\\\/en\\\/drustvo\\\/nevladine-organizacije-necemo-trgovati-principima-zbog-partijskih-zelja\\\/#primaryimage\"},\"thumbnailUrl\":\"https:\\\/\\\/dmcsrb.com\\\/wp-content\\\/uploads\\\/2026\\\/01\\\/amu-1.webp\",\"keywords\":[\"AMU\",\"NVO\",\"saop\u0161tenje\"],\"articleSection\":[\"Dru\u0161tvo\"],\"inLanguage\":\"en-GB\",\"potentialAction\":[{\"@type\":\"CommentAction\",\"name\":\"Comment\",\"target\":[\"https:\\\/\\\/dmcsrb.com\\\/en\\\/drustvo\\\/nevladine-organizacije-necemo-trgovati-principima-zbog-partijskih-zelja\\\/#respond\"]}]},{\"@type\":\"WebPage\",\"@id\":\"https:\\\/\\\/dmcsrb.com\\\/en\\\/drustvo\\\/nevladine-organizacije-necemo-trgovati-principima-zbog-partijskih-zelja\\\/\",\"url\":\"https:\\\/\\\/dmcsrb.com\\\/en\\\/drustvo\\\/nevladine-organizacije-necemo-trgovati-principima-zbog-partijskih-zelja\\\/\",\"name\":\"Nevladine organizacije: Ne\u0107emo trgovati principima zbog partijskih \u017eelja - dmcsrb.com\",\"isPartOf\":{\"@id\":\"https:\\\/\\\/dmcsrb.com\\\/#website\"},\"primaryImageOfPage\":{\"@id\":\"https:\\\/\\\/dmcsrb.com\\\/en\\\/drustvo\\\/nevladine-organizacije-necemo-trgovati-principima-zbog-partijskih-zelja\\\/#primaryimage\"},\"image\":{\"@id\":\"https:\\\/\\\/dmcsrb.com\\\/en\\\/drustvo\\\/nevladine-organizacije-necemo-trgovati-principima-zbog-partijskih-zelja\\\/#primaryimage\"},\"thumbnailUrl\":\"https:\\\/\\\/dmcsrb.com\\\/wp-content\\\/uploads\\\/2026\\\/01\\\/amu-1.webp\",\"datePublished\":\"2025-11-07T10:00:00+00:00\",\"author\":{\"@id\":\"https:\\\/\\\/dmcsrb.com\\\/#\\\/schema\\\/person\\\/5c39170f12db1b8b457732d0b5c854e2\"},\"breadcrumb\":{\"@id\":\"https:\\\/\\\/dmcsrb.com\\\/en\\\/drustvo\\\/nevladine-organizacije-necemo-trgovati-principima-zbog-partijskih-zelja\\\/#breadcrumb\"},\"inLanguage\":\"en-GB\",\"potentialAction\":[{\"@type\":\"ReadAction\",\"target\":[\"https:\\\/\\\/dmcsrb.com\\\/en\\\/drustvo\\\/nevladine-organizacije-necemo-trgovati-principima-zbog-partijskih-zelja\\\/\"]}]},{\"@type\":\"ImageObject\",\"inLanguage\":\"en-GB\",\"@id\":\"https:\\\/\\\/dmcsrb.com\\\/en\\\/drustvo\\\/nevladine-organizacije-necemo-trgovati-principima-zbog-partijskih-zelja\\\/#primaryimage\",\"url\":\"https:\\\/\\\/dmcsrb.com\\\/wp-content\\\/uploads\\\/2026\\\/01\\\/amu-1.webp\",\"contentUrl\":\"https:\\\/\\\/dmcsrb.com\\\/wp-content\\\/uploads\\\/2026\\\/01\\\/amu-1.webp\",\"width\":1080,\"height\":1350},{\"@type\":\"BreadcrumbList\",\"@id\":\"https:\\\/\\\/dmcsrb.com\\\/en\\\/drustvo\\\/nevladine-organizacije-necemo-trgovati-principima-zbog-partijskih-zelja\\\/#breadcrumb\",\"itemListElement\":[{\"@type\":\"ListItem\",\"position\":1,\"name\":\"Home\",\"item\":\"https:\\\/\\\/dmcsrb.com\\\/\"},{\"@type\":\"ListItem\",\"position\":2,\"name\":\"Nevladine organizacije: Ne\u0107emo trgovati principima zbog partijskih \u017eelja\"}]},{\"@type\":\"WebSite\",\"@id\":\"https:\\\/\\\/dmcsrb.com\\\/#website\",\"url\":\"https:\\\/\\\/dmcsrb.com\\\/\",\"name\":\"dmcsrb.com\",\"description\":\"\",\"potentialAction\":[{\"@type\":\"SearchAction\",\"target\":{\"@type\":\"EntryPoint\",\"urlTemplate\":\"https:\\\/\\\/dmcsrb.com\\\/?s={search_term_string}\"},\"query-input\":{\"@type\":\"PropertyValueSpecification\",\"valueRequired\":true,\"valueName\":\"search_term_string\"}}],\"inLanguage\":\"en-GB\"},{\"@type\":\"Person\",\"@id\":\"https:\\\/\\\/dmcsrb.com\\\/#\\\/schema\\\/person\\\/5c39170f12db1b8b457732d0b5c854e2\",\"name\":\"dmcsrbija.com@gmail.com\",\"image\":{\"@type\":\"ImageObject\",\"inLanguage\":\"en-GB\",\"@id\":\"https:\\\/\\\/secure.gravatar.com\\\/avatar\\\/68592660ad6347fad0fb587f8d5d8f1a7b44961362f56e4f2cd524feb87e9069?s=96&d=mm&r=g\",\"url\":\"https:\\\/\\\/secure.gravatar.com\\\/avatar\\\/68592660ad6347fad0fb587f8d5d8f1a7b44961362f56e4f2cd524feb87e9069?s=96&d=mm&r=g\",\"contentUrl\":\"https:\\\/\\\/secure.gravatar.com\\\/avatar\\\/68592660ad6347fad0fb587f8d5d8f1a7b44961362f56e4f2cd524feb87e9069?s=96&d=mm&r=g\",\"caption\":\"dmcsrbija.com@gmail.com\"},\"sameAs\":[\"https:\\\/\\\/dmcsrb.com\"],\"url\":\"https:\\\/\\\/dmcsrb.com\\\/en\\\/author\\\/dmcsrbija-comgmail-com\\\/\"}]}<\/script>\n<!-- \/ Yoast SEO plugin. -->","yoast_head_json":{"title":"Nevladine organizacije: Ne\u0107emo trgovati principima zbog partijskih \u017eelja - dmcsrb.com","robots":{"index":"index","follow":"follow","max-snippet":"max-snippet:-1","max-image-preview":"max-image-preview:large","max-video-preview":"max-video-preview:-1"},"canonical":"https:\/\/dmcsrb.com\/en\/drustvo\/nevladine-organizacije-necemo-trgovati-principima-zbog-partijskih-zelja\/","og_locale":"en_GB","og_type":"article","og_title":"Nevladine organizacije: Ne\u0107emo trgovati principima zbog partijskih \u017eelja - dmcsrb.com","og_description":"Nevladine organizacije koje su ranije podr\u017eale, a i dalje \u010dvrsto stoje iza kandidature\u00a0Dragoljuba Du\u0161ka Vukovi\u0107a\u00a0za \u010dlana Savjeta Agencije za audiovizuelne medijske usluge (AVMU), izra\u017eavaju ozbiljnu zabrinutost\u00a0zbog izjave poslanice PES-a\u00a0Jelene Nedovi\u0107, koja je prakti\u010dno poru\u010dila da Savjet treba imati podobnog predstavnika NVO sektora. Takav stav dokazuje da skup\u0161tinska ve\u0107ina poku\u0161ava da\u00a0politi\u010dki zarobi jednu od najva\u017enijih institucija u medijskom sistemu, suprotno zakonu i evropskim standardima, navodi se u zajedni\u010dkom saop\u0161tenju NVO.","og_url":"https:\/\/dmcsrb.com\/en\/drustvo\/nevladine-organizacije-necemo-trgovati-principima-zbog-partijskih-zelja\/","og_site_name":"dmcsrb.com","article_published_time":"2025-11-07T10:00:00+00:00","og_image":[{"width":1080,"height":1350,"url":"https:\/\/dmcsrb.com\/wp-content\/uploads\/2026\/01\/amu-1.webp","type":"image\/jpeg"}],"author":"dmcsrbija.com@gmail.com","twitter_card":"summary_large_image","twitter_misc":{"Written by":"dmcsrbija.com@gmail.com","Estimated reading time":"2 minutes"},"schema":{"@context":"https:\/\/schema.org","@graph":[{"@type":"Article","@id":"https:\/\/dmcsrb.com\/en\/drustvo\/nevladine-organizacije-necemo-trgovati-principima-zbog-partijskih-zelja\/#article","isPartOf":{"@id":"https:\/\/dmcsrb.com\/en\/drustvo\/nevladine-organizacije-necemo-trgovati-principima-zbog-partijskih-zelja\/"},"author":{"name":"dmcsrbija.com@gmail.com","@id":"https:\/\/dmcsrb.com\/#\/schema\/person\/5c39170f12db1b8b457732d0b5c854e2"},"headline":"Nevladine organizacije: Ne\u0107emo trgovati principima zbog partijskih \u017eelja","datePublished":"2025-11-07T10:00:00+00:00","mainEntityOfPage":{"@id":"https:\/\/dmcsrb.com\/en\/drustvo\/nevladine-organizacije-necemo-trgovati-principima-zbog-partijskih-zelja\/"},"wordCount":465,"commentCount":0,"image":{"@id":"https:\/\/dmcsrb.com\/en\/drustvo\/nevladine-organizacije-necemo-trgovati-principima-zbog-partijskih-zelja\/#primaryimage"},"thumbnailUrl":"https:\/\/dmcsrb.com\/wp-content\/uploads\/2026\/01\/amu-1.webp","keywords":["AMU","NVO","saop\u0161tenje"],"articleSection":["Dru\u0161tvo"],"inLanguage":"en-GB","potentialAction":[{"@type":"CommentAction","name":"Comment","target":["https:\/\/dmcsrb.com\/en\/drustvo\/nevladine-organizacije-necemo-trgovati-principima-zbog-partijskih-zelja\/#respond"]}]},{"@type":"WebPage","@id":"https:\/\/dmcsrb.com\/en\/drustvo\/nevladine-organizacije-necemo-trgovati-principima-zbog-partijskih-zelja\/","url":"https:\/\/dmcsrb.com\/en\/drustvo\/nevladine-organizacije-necemo-trgovati-principima-zbog-partijskih-zelja\/","name":"Nevladine organizacije: Ne\u0107emo trgovati principima zbog partijskih \u017eelja - dmcsrb.com","isPartOf":{"@id":"https:\/\/dmcsrb.com\/#website"},"primaryImageOfPage":{"@id":"https:\/\/dmcsrb.com\/en\/drustvo\/nevladine-organizacije-necemo-trgovati-principima-zbog-partijskih-zelja\/#primaryimage"},"image":{"@id":"https:\/\/dmcsrb.com\/en\/drustvo\/nevladine-organizacije-necemo-trgovati-principima-zbog-partijskih-zelja\/#primaryimage"},"thumbnailUrl":"https:\/\/dmcsrb.com\/wp-content\/uploads\/2026\/01\/amu-1.webp","datePublished":"2025-11-07T10:00:00+00:00","author":{"@id":"https:\/\/dmcsrb.com\/#\/schema\/person\/5c39170f12db1b8b457732d0b5c854e2"},"breadcrumb":{"@id":"https:\/\/dmcsrb.com\/en\/drustvo\/nevladine-organizacije-necemo-trgovati-principima-zbog-partijskih-zelja\/#breadcrumb"},"inLanguage":"en-GB","potentialAction":[{"@type":"ReadAction","target":["https:\/\/dmcsrb.com\/en\/drustvo\/nevladine-organizacije-necemo-trgovati-principima-zbog-partijskih-zelja\/"]}]},{"@type":"ImageObject","inLanguage":"en-GB","@id":"https:\/\/dmcsrb.com\/en\/drustvo\/nevladine-organizacije-necemo-trgovati-principima-zbog-partijskih-zelja\/#primaryimage","url":"https:\/\/dmcsrb.com\/wp-content\/uploads\/2026\/01\/amu-1.webp","contentUrl":"https:\/\/dmcsrb.com\/wp-content\/uploads\/2026\/01\/amu-1.webp","width":1080,"height":1350},{"@type":"BreadcrumbList","@id":"https:\/\/dmcsrb.com\/en\/drustvo\/nevladine-organizacije-necemo-trgovati-principima-zbog-partijskih-zelja\/#breadcrumb","itemListElement":[{"@type":"ListItem","position":1,"name":"Home","item":"https:\/\/dmcsrb.com\/"},{"@type":"ListItem","position":2,"name":"Nevladine organizacije: Ne\u0107emo trgovati principima zbog partijskih \u017eelja"}]},{"@type":"WebSite","@id":"https:\/\/dmcsrb.com\/#website","url":"https:\/\/dmcsrb.com\/","name":"dmcsrb.com","description":"","potentialAction":[{"@type":"SearchAction","target":{"@type":"EntryPoint","urlTemplate":"https:\/\/dmcsrb.com\/?s={search_term_string}"},"query-input":{"@type":"PropertyValueSpecification","valueRequired":true,"valueName":"search_term_string"}}],"inLanguage":"en-GB"},{"@type":"Person","@id":"https:\/\/dmcsrb.com\/#\/schema\/person\/5c39170f12db1b8b457732d0b5c854e2","name":"dmcsrbija.com@gmail.com","image":{"@type":"ImageObject","inLanguage":"en-GB","@id":"https:\/\/secure.gravatar.com\/avatar\/68592660ad6347fad0fb587f8d5d8f1a7b44961362f56e4f2cd524feb87e9069?s=96&d=mm&r=g","url":"https:\/\/secure.gravatar.com\/avatar\/68592660ad6347fad0fb587f8d5d8f1a7b44961362f56e4f2cd524feb87e9069?s=96&d=mm&r=g","contentUrl":"https:\/\/secure.gravatar.com\/avatar\/68592660ad6347fad0fb587f8d5d8f1a7b44961362f56e4f2cd524feb87e9069?s=96&d=mm&r=g","caption":"dmcsrbija.com@gmail.com"},"sameAs":["https:\/\/dmcsrb.com"],"url":"https:\/\/dmcsrb.com\/en\/author\/dmcsrbija-comgmail-com\/"}]}},"_links":{"self":[{"href":"https:\/\/dmcsrb.com\/en\/wp-json\/wp\/v2\/posts\/962447","targetHints":{"allow":["GET"]}}],"collection":[{"href":"https:\/\/dmcsrb.com\/en\/wp-json\/wp\/v2\/posts"}],"about":[{"href":"https:\/\/dmcsrb.com\/en\/wp-json\/wp\/v2\/types\/post"}],"author":[{"embeddable":true,"href":"https:\/\/dmcsrb.com\/en\/wp-json\/wp\/v2\/users\/1"}],"replies":[{"embeddable":true,"href":"https:\/\/dmcsrb.com\/en\/wp-json\/wp\/v2\/comments?post=962447"}],"version-history":[{"count":0,"href":"https:\/\/dmcsrb.com\/en\/wp-json\/wp\/v2\/posts\/962447\/revisions"}],"wp:featuredmedia":[{"embeddable":true,"href":"https:\/\/dmcsrb.com\/en\/wp-json\/wp\/v2\/media\/962448"}],"wp:attachment":[{"href":"https:\/\/dmcsrb.com\/en\/wp-json\/wp\/v2\/media?parent=962447"}],"wp:term":[{"taxonomy":"category","embeddable":true,"href":"https:\/\/dmcsrb.com\/en\/wp-json\/wp\/v2\/categories?post=962447"},{"taxonomy":"post_tag","embeddable":true,"href":"https:\/\/dmcsrb.com\/en\/wp-json\/wp\/v2\/tags?post=962447"},{"taxonomy":"naslovna","embeddable":true,"href":"https:\/\/dmcsrb.com\/en\/wp-json\/wp\/v2\/naslovna?post=962447"}],"curies":[{"name":"wp","href":"https:\/\/api.w.org\/{rel}","templated":true}]}}