{"id":962430,"date":"2025-11-07T09:31:00","date_gmt":"2025-11-07T08:31:00","guid":{"rendered":"https:\/\/dmcsrb.com\/uncategorized\/simun-molcean-crna-gora-primjer-implementacije-protokola-o-vodi-i-zdravlju\/"},"modified":"2025-11-07T09:31:00","modified_gmt":"2025-11-07T08:31:00","slug":"simun-molcean-crna-gora-primjer-implementacije-protokola-o-vodi-i-zdravlju","status":"publish","type":"post","link":"https:\/\/dmcsrb.com\/en\/drustvo\/simun-molcean-crna-gora-primjer-implementacije-protokola-o-vodi-i-zdravlju\/","title":{"rendered":"\u0160imun-Mol\u010dean: Crna Gora primjer implementacije Protokola o vodi i zdravlju"},"content":{"rendered":"<p><br><\/p>\n\n\n\n<p>Tom prilikom ministar \u0160imun je, kako ka\u017eu, izvijestio sekretarku Mol\u010dean o aktivnostima koje je Crna Gora sprovela iz oblasti protokola o vodi i zdravlju, u periodu od pristupanja na\u0161e drzave pomenutom protokolu 2020. godine. Nagla\u0161ena je , kako dodaju, uloga Ministarstva zdravlja i multisektorske Komisije za vode u nadzoru i sprovo\u0111enju aktivnosti iz protokola.<\/p>\n\n\n\n<p>\u201cSekretarka Mol\u010dean je pohvalila Crnu Goru kao pokazni primjer u ispunjavanju aktivnosti iz pomenutog Protokola i konstatovala da upravo pomenuti model nadzora nad procesima trebaju primijeniti i druge strane potpisnice Protokola\u201d, isti\u010de se u saop\u0161tenju.<\/p>\n\n\n\n<p>Dodaju da je bilo rije\u010di o unapre\u0111enju kvaliteta vazduha i optimizaciji energetske efikasnosti u zdravstvenim ustanovama \u0161irom Crne Gore.<\/p>\n\n\n\n<p>\u201cOsim toga, izvr\u0161na sekretarka UNECE je ponudila svu ekspertsku podr\u0161ku u daljim procesima vezanim za Protokol\u201d, navodi se u saop\u0161tenju.<\/p>\n\n\n\n<p>Dodaje se i da je sekretarka Mol\u010dean prezentovala ministru \u0160imunu Strategiju za prevoz, zdravlje i \u017eivotnu sredinu iz Panevropskog programa i pozvala Crnu Goru da uzme u\u010de\u0161\u0107e u okviru iste.<\/p>\n\n\n\n<p>\u201cMinistar je zahvalio na pozivu i istakao zna\u010daj pomenute strategije u oblasti javno zdravstvenih politika u smislu manje upotrebe motornih vozila kod gradjana kao i ve\u0107e bezbjednosti u saobra\u0107aju\u201d, zaklju\u010duje se u saop\u0161tenju.<\/p>","protected":false},"excerpt":{"rendered":"<p>Tokom 7. sjednice Sastanka strana Protokola o vodi i zdravlju 6. novembra, ministar zdravlja Vojislav \u0160imun je imao bilateralni sastanak sa izvr\u0161nom sekretarkom UNECE (Ekonomska komisija UN za Evropu), Tatianom Mol\u010dean, saop\u0161teno je iz Ministarstva zdravlja.<\/p>","protected":false},"author":1,"featured_media":962431,"comment_status":"open","ping_status":"open","sticky":false,"template":"","format":"standard","meta":{"_acf_changed":false,"footnotes":""},"categories":[2],"tags":[13854,442],"naslovna":[],"class_list":["post-962430","post","type-post","status-publish","format-standard","has-post-thumbnail","hentry","category-drustvo","tag-tatianom-molcean","tag-vojislav-simun"],"acf":[],"yoast_head":"<!-- This site is optimized with the Yoast SEO plugin v27.4 - https:\/\/yoast.com\/product\/yoast-seo-wordpress\/ -->\n<title>\u0160imun-Mol\u010dean: Crna Gora primjer implementacije Protokola o vodi i zdravlju - dmcsrb.com<\/title>\n<meta name=\"robots\" content=\"index, follow, max-snippet:-1, max-image-preview:large, max-video-preview:-1\" \/>\n<link rel=\"canonical\" href=\"https:\/\/dmcsrb.com\/en\/drustvo\/simun-molcean-crna-gora-primjer-implementacije-protokola-o-vodi-i-zdravlju\/\" \/>\n<meta property=\"og:locale\" content=\"en_GB\" \/>\n<meta property=\"og:type\" content=\"article\" \/>\n<meta property=\"og:title\" content=\"\u0160imun-Mol\u010dean: Crna Gora primjer implementacije Protokola o vodi i zdravlju - dmcsrb.com\" \/>\n<meta property=\"og:description\" content=\"Tokom 7. sjednice Sastanka strana Protokola o vodi i zdravlju 6. novembra, ministar zdravlja Vojislav \u0160imun je imao bilateralni sastanak sa izvr\u0161nom sekretarkom UNECE (Ekonomska komisija UN za Evropu), Tatianom Mol\u010dean, saop\u0161teno je iz Ministarstva zdravlja.\" \/>\n<meta property=\"og:url\" content=\"https:\/\/dmcsrb.com\/en\/drustvo\/simun-molcean-crna-gora-primjer-implementacije-protokola-o-vodi-i-zdravlju\/\" \/>\n<meta property=\"og:site_name\" content=\"dmcsrb.com\" \/>\n<meta property=\"article:published_time\" content=\"2025-11-07T08:31:00+00:00\" \/>\n<meta property=\"og:image\" content=\"https:\/\/dmcsrb.com\/wp-content\/uploads\/2026\/01\/simun1.webp\" \/>\n\t<meta property=\"og:image:width\" content=\"1000\" \/>\n\t<meta property=\"og:image:height\" content=\"555\" \/>\n\t<meta property=\"og:image:type\" content=\"image\/jpeg\" \/>\n<meta name=\"author\" content=\"dmcsrbija.com@gmail.com\" \/>\n<meta name=\"twitter:card\" content=\"summary_large_image\" \/>\n<meta name=\"twitter:label1\" content=\"Written by\" \/>\n\t<meta name=\"twitter:data1\" content=\"dmcsrbija.com@gmail.com\" \/>\n\t<meta name=\"twitter:label2\" content=\"Estimated reading time\" \/>\n\t<meta name=\"twitter:data2\" content=\"1 minute\" \/>\n<script type=\"application\/ld+json\" class=\"yoast-schema-graph\">{\"@context\":\"https:\\\/\\\/schema.org\",\"@graph\":[{\"@type\":\"Article\",\"@id\":\"https:\\\/\\\/dmcsrb.com\\\/drustvo\\\/simun-molcean-crna-gora-primjer-implementacije-protokola-o-vodi-i-zdravlju\\\/#article\",\"isPartOf\":{\"@id\":\"https:\\\/\\\/dmcsrb.com\\\/drustvo\\\/simun-molcean-crna-gora-primjer-implementacije-protokola-o-vodi-i-zdravlju\\\/\"},\"author\":{\"name\":\"dmcsrbija.com@gmail.com\",\"@id\":\"https:\\\/\\\/dmcsrb.com\\\/#\\\/schema\\\/person\\\/5c39170f12db1b8b457732d0b5c854e2\"},\"headline\":\"\u0160imun-Mol\u010dean: Crna Gora primjer implementacije Protokola o vodi i zdravlju\",\"datePublished\":\"2025-11-07T08:31:00+00:00\",\"mainEntityOfPage\":{\"@id\":\"https:\\\/\\\/dmcsrb.com\\\/drustvo\\\/simun-molcean-crna-gora-primjer-implementacije-protokola-o-vodi-i-zdravlju\\\/\"},\"wordCount\":221,\"commentCount\":0,\"image\":{\"@id\":\"https:\\\/\\\/dmcsrb.com\\\/drustvo\\\/simun-molcean-crna-gora-primjer-implementacije-protokola-o-vodi-i-zdravlju\\\/#primaryimage\"},\"thumbnailUrl\":\"https:\\\/\\\/dmcsrb.com\\\/wp-content\\\/uploads\\\/2026\\\/01\\\/simun1.webp\",\"keywords\":[\"Tatianom Mol\u010dean\",\"Vojislav \u0160imun\"],\"articleSection\":[\"Dru\u0161tvo\"],\"inLanguage\":\"en-GB\",\"potentialAction\":[{\"@type\":\"CommentAction\",\"name\":\"Comment\",\"target\":[\"https:\\\/\\\/dmcsrb.com\\\/drustvo\\\/simun-molcean-crna-gora-primjer-implementacije-protokola-o-vodi-i-zdravlju\\\/#respond\"]}]},{\"@type\":\"WebPage\",\"@id\":\"https:\\\/\\\/dmcsrb.com\\\/drustvo\\\/simun-molcean-crna-gora-primjer-implementacije-protokola-o-vodi-i-zdravlju\\\/\",\"url\":\"https:\\\/\\\/dmcsrb.com\\\/drustvo\\\/simun-molcean-crna-gora-primjer-implementacije-protokola-o-vodi-i-zdravlju\\\/\",\"name\":\"\u0160imun-Mol\u010dean: Crna Gora primjer implementacije Protokola o vodi i zdravlju - dmcsrb.com\",\"isPartOf\":{\"@id\":\"https:\\\/\\\/dmcsrb.com\\\/#website\"},\"primaryImageOfPage\":{\"@id\":\"https:\\\/\\\/dmcsrb.com\\\/drustvo\\\/simun-molcean-crna-gora-primjer-implementacije-protokola-o-vodi-i-zdravlju\\\/#primaryimage\"},\"image\":{\"@id\":\"https:\\\/\\\/dmcsrb.com\\\/drustvo\\\/simun-molcean-crna-gora-primjer-implementacije-protokola-o-vodi-i-zdravlju\\\/#primaryimage\"},\"thumbnailUrl\":\"https:\\\/\\\/dmcsrb.com\\\/wp-content\\\/uploads\\\/2026\\\/01\\\/simun1.webp\",\"datePublished\":\"2025-11-07T08:31:00+00:00\",\"author\":{\"@id\":\"https:\\\/\\\/dmcsrb.com\\\/#\\\/schema\\\/person\\\/5c39170f12db1b8b457732d0b5c854e2\"},\"breadcrumb\":{\"@id\":\"https:\\\/\\\/dmcsrb.com\\\/drustvo\\\/simun-molcean-crna-gora-primjer-implementacije-protokola-o-vodi-i-zdravlju\\\/#breadcrumb\"},\"inLanguage\":\"en-GB\",\"potentialAction\":[{\"@type\":\"ReadAction\",\"target\":[\"https:\\\/\\\/dmcsrb.com\\\/drustvo\\\/simun-molcean-crna-gora-primjer-implementacije-protokola-o-vodi-i-zdravlju\\\/\"]}]},{\"@type\":\"ImageObject\",\"inLanguage\":\"en-GB\",\"@id\":\"https:\\\/\\\/dmcsrb.com\\\/drustvo\\\/simun-molcean-crna-gora-primjer-implementacije-protokola-o-vodi-i-zdravlju\\\/#primaryimage\",\"url\":\"https:\\\/\\\/dmcsrb.com\\\/wp-content\\\/uploads\\\/2026\\\/01\\\/simun1.webp\",\"contentUrl\":\"https:\\\/\\\/dmcsrb.com\\\/wp-content\\\/uploads\\\/2026\\\/01\\\/simun1.webp\",\"width\":1000,\"height\":555},{\"@type\":\"BreadcrumbList\",\"@id\":\"https:\\\/\\\/dmcsrb.com\\\/drustvo\\\/simun-molcean-crna-gora-primjer-implementacije-protokola-o-vodi-i-zdravlju\\\/#breadcrumb\",\"itemListElement\":[{\"@type\":\"ListItem\",\"position\":1,\"name\":\"Home\",\"item\":\"https:\\\/\\\/dmcsrb.com\\\/\"},{\"@type\":\"ListItem\",\"position\":2,\"name\":\"\u0160imun-Mol\u010dean: Crna Gora primjer implementacije Protokola o vodi i zdravlju\"}]},{\"@type\":\"WebSite\",\"@id\":\"https:\\\/\\\/dmcsrb.com\\\/#website\",\"url\":\"https:\\\/\\\/dmcsrb.com\\\/\",\"name\":\"dmcsrb.com\",\"description\":\"\",\"potentialAction\":[{\"@type\":\"SearchAction\",\"target\":{\"@type\":\"EntryPoint\",\"urlTemplate\":\"https:\\\/\\\/dmcsrb.com\\\/?s={search_term_string}\"},\"query-input\":{\"@type\":\"PropertyValueSpecification\",\"valueRequired\":true,\"valueName\":\"search_term_string\"}}],\"inLanguage\":\"en-GB\"},{\"@type\":\"Person\",\"@id\":\"https:\\\/\\\/dmcsrb.com\\\/#\\\/schema\\\/person\\\/5c39170f12db1b8b457732d0b5c854e2\",\"name\":\"dmcsrbija.com@gmail.com\",\"image\":{\"@type\":\"ImageObject\",\"inLanguage\":\"en-GB\",\"@id\":\"https:\\\/\\\/secure.gravatar.com\\\/avatar\\\/68592660ad6347fad0fb587f8d5d8f1a7b44961362f56e4f2cd524feb87e9069?s=96&d=mm&r=g\",\"url\":\"https:\\\/\\\/secure.gravatar.com\\\/avatar\\\/68592660ad6347fad0fb587f8d5d8f1a7b44961362f56e4f2cd524feb87e9069?s=96&d=mm&r=g\",\"contentUrl\":\"https:\\\/\\\/secure.gravatar.com\\\/avatar\\\/68592660ad6347fad0fb587f8d5d8f1a7b44961362f56e4f2cd524feb87e9069?s=96&d=mm&r=g\",\"caption\":\"dmcsrbija.com@gmail.com\"},\"sameAs\":[\"https:\\\/\\\/dmcsrb.com\"],\"url\":\"https:\\\/\\\/dmcsrb.com\\\/en\\\/author\\\/dmcsrbija-comgmail-com\\\/\"}]}<\/script>\n<!-- \/ Yoast SEO plugin. -->","yoast_head_json":{"title":"\u0160imun-Mol\u010dean: Crna Gora primjer implementacije Protokola o vodi i zdravlju - dmcsrb.com","robots":{"index":"index","follow":"follow","max-snippet":"max-snippet:-1","max-image-preview":"max-image-preview:large","max-video-preview":"max-video-preview:-1"},"canonical":"https:\/\/dmcsrb.com\/en\/drustvo\/simun-molcean-crna-gora-primjer-implementacije-protokola-o-vodi-i-zdravlju\/","og_locale":"en_GB","og_type":"article","og_title":"\u0160imun-Mol\u010dean: Crna Gora primjer implementacije Protokola o vodi i zdravlju - dmcsrb.com","og_description":"Tokom 7. sjednice Sastanka strana Protokola o vodi i zdravlju 6. novembra, ministar zdravlja Vojislav \u0160imun je imao bilateralni sastanak sa izvr\u0161nom sekretarkom UNECE (Ekonomska komisija UN za Evropu), Tatianom Mol\u010dean, saop\u0161teno je iz Ministarstva zdravlja.","og_url":"https:\/\/dmcsrb.com\/en\/drustvo\/simun-molcean-crna-gora-primjer-implementacije-protokola-o-vodi-i-zdravlju\/","og_site_name":"dmcsrb.com","article_published_time":"2025-11-07T08:31:00+00:00","og_image":[{"width":1000,"height":555,"url":"https:\/\/dmcsrb.com\/wp-content\/uploads\/2026\/01\/simun1.webp","type":"image\/jpeg"}],"author":"dmcsrbija.com@gmail.com","twitter_card":"summary_large_image","twitter_misc":{"Written by":"dmcsrbija.com@gmail.com","Estimated reading time":"1 minute"},"schema":{"@context":"https:\/\/schema.org","@graph":[{"@type":"Article","@id":"https:\/\/dmcsrb.com\/drustvo\/simun-molcean-crna-gora-primjer-implementacije-protokola-o-vodi-i-zdravlju\/#article","isPartOf":{"@id":"https:\/\/dmcsrb.com\/drustvo\/simun-molcean-crna-gora-primjer-implementacije-protokola-o-vodi-i-zdravlju\/"},"author":{"name":"dmcsrbija.com@gmail.com","@id":"https:\/\/dmcsrb.com\/#\/schema\/person\/5c39170f12db1b8b457732d0b5c854e2"},"headline":"\u0160imun-Mol\u010dean: Crna Gora primjer implementacije Protokola o vodi i zdravlju","datePublished":"2025-11-07T08:31:00+00:00","mainEntityOfPage":{"@id":"https:\/\/dmcsrb.com\/drustvo\/simun-molcean-crna-gora-primjer-implementacije-protokola-o-vodi-i-zdravlju\/"},"wordCount":221,"commentCount":0,"image":{"@id":"https:\/\/dmcsrb.com\/drustvo\/simun-molcean-crna-gora-primjer-implementacije-protokola-o-vodi-i-zdravlju\/#primaryimage"},"thumbnailUrl":"https:\/\/dmcsrb.com\/wp-content\/uploads\/2026\/01\/simun1.webp","keywords":["Tatianom Mol\u010dean","Vojislav \u0160imun"],"articleSection":["Dru\u0161tvo"],"inLanguage":"en-GB","potentialAction":[{"@type":"CommentAction","name":"Comment","target":["https:\/\/dmcsrb.com\/drustvo\/simun-molcean-crna-gora-primjer-implementacije-protokola-o-vodi-i-zdravlju\/#respond"]}]},{"@type":"WebPage","@id":"https:\/\/dmcsrb.com\/drustvo\/simun-molcean-crna-gora-primjer-implementacije-protokola-o-vodi-i-zdravlju\/","url":"https:\/\/dmcsrb.com\/drustvo\/simun-molcean-crna-gora-primjer-implementacije-protokola-o-vodi-i-zdravlju\/","name":"\u0160imun-Mol\u010dean: Crna Gora primjer implementacije Protokola o vodi i zdravlju - dmcsrb.com","isPartOf":{"@id":"https:\/\/dmcsrb.com\/#website"},"primaryImageOfPage":{"@id":"https:\/\/dmcsrb.com\/drustvo\/simun-molcean-crna-gora-primjer-implementacije-protokola-o-vodi-i-zdravlju\/#primaryimage"},"image":{"@id":"https:\/\/dmcsrb.com\/drustvo\/simun-molcean-crna-gora-primjer-implementacije-protokola-o-vodi-i-zdravlju\/#primaryimage"},"thumbnailUrl":"https:\/\/dmcsrb.com\/wp-content\/uploads\/2026\/01\/simun1.webp","datePublished":"2025-11-07T08:31:00+00:00","author":{"@id":"https:\/\/dmcsrb.com\/#\/schema\/person\/5c39170f12db1b8b457732d0b5c854e2"},"breadcrumb":{"@id":"https:\/\/dmcsrb.com\/drustvo\/simun-molcean-crna-gora-primjer-implementacije-protokola-o-vodi-i-zdravlju\/#breadcrumb"},"inLanguage":"en-GB","potentialAction":[{"@type":"ReadAction","target":["https:\/\/dmcsrb.com\/drustvo\/simun-molcean-crna-gora-primjer-implementacije-protokola-o-vodi-i-zdravlju\/"]}]},{"@type":"ImageObject","inLanguage":"en-GB","@id":"https:\/\/dmcsrb.com\/drustvo\/simun-molcean-crna-gora-primjer-implementacije-protokola-o-vodi-i-zdravlju\/#primaryimage","url":"https:\/\/dmcsrb.com\/wp-content\/uploads\/2026\/01\/simun1.webp","contentUrl":"https:\/\/dmcsrb.com\/wp-content\/uploads\/2026\/01\/simun1.webp","width":1000,"height":555},{"@type":"BreadcrumbList","@id":"https:\/\/dmcsrb.com\/drustvo\/simun-molcean-crna-gora-primjer-implementacije-protokola-o-vodi-i-zdravlju\/#breadcrumb","itemListElement":[{"@type":"ListItem","position":1,"name":"Home","item":"https:\/\/dmcsrb.com\/"},{"@type":"ListItem","position":2,"name":"\u0160imun-Mol\u010dean: Crna Gora primjer implementacije Protokola o vodi i zdravlju"}]},{"@type":"WebSite","@id":"https:\/\/dmcsrb.com\/#website","url":"https:\/\/dmcsrb.com\/","name":"dmcsrb.com","description":"","potentialAction":[{"@type":"SearchAction","target":{"@type":"EntryPoint","urlTemplate":"https:\/\/dmcsrb.com\/?s={search_term_string}"},"query-input":{"@type":"PropertyValueSpecification","valueRequired":true,"valueName":"search_term_string"}}],"inLanguage":"en-GB"},{"@type":"Person","@id":"https:\/\/dmcsrb.com\/#\/schema\/person\/5c39170f12db1b8b457732d0b5c854e2","name":"dmcsrbija.com@gmail.com","image":{"@type":"ImageObject","inLanguage":"en-GB","@id":"https:\/\/secure.gravatar.com\/avatar\/68592660ad6347fad0fb587f8d5d8f1a7b44961362f56e4f2cd524feb87e9069?s=96&d=mm&r=g","url":"https:\/\/secure.gravatar.com\/avatar\/68592660ad6347fad0fb587f8d5d8f1a7b44961362f56e4f2cd524feb87e9069?s=96&d=mm&r=g","contentUrl":"https:\/\/secure.gravatar.com\/avatar\/68592660ad6347fad0fb587f8d5d8f1a7b44961362f56e4f2cd524feb87e9069?s=96&d=mm&r=g","caption":"dmcsrbija.com@gmail.com"},"sameAs":["https:\/\/dmcsrb.com"],"url":"https:\/\/dmcsrb.com\/en\/author\/dmcsrbija-comgmail-com\/"}]}},"_links":{"self":[{"href":"https:\/\/dmcsrb.com\/en\/wp-json\/wp\/v2\/posts\/962430","targetHints":{"allow":["GET"]}}],"collection":[{"href":"https:\/\/dmcsrb.com\/en\/wp-json\/wp\/v2\/posts"}],"about":[{"href":"https:\/\/dmcsrb.com\/en\/wp-json\/wp\/v2\/types\/post"}],"author":[{"embeddable":true,"href":"https:\/\/dmcsrb.com\/en\/wp-json\/wp\/v2\/users\/1"}],"replies":[{"embeddable":true,"href":"https:\/\/dmcsrb.com\/en\/wp-json\/wp\/v2\/comments?post=962430"}],"version-history":[{"count":0,"href":"https:\/\/dmcsrb.com\/en\/wp-json\/wp\/v2\/posts\/962430\/revisions"}],"wp:featuredmedia":[{"embeddable":true,"href":"https:\/\/dmcsrb.com\/en\/wp-json\/wp\/v2\/media\/962431"}],"wp:attachment":[{"href":"https:\/\/dmcsrb.com\/en\/wp-json\/wp\/v2\/media?parent=962430"}],"wp:term":[{"taxonomy":"category","embeddable":true,"href":"https:\/\/dmcsrb.com\/en\/wp-json\/wp\/v2\/categories?post=962430"},{"taxonomy":"post_tag","embeddable":true,"href":"https:\/\/dmcsrb.com\/en\/wp-json\/wp\/v2\/tags?post=962430"},{"taxonomy":"naslovna","embeddable":true,"href":"https:\/\/dmcsrb.com\/en\/wp-json\/wp\/v2\/naslovna?post=962430"}],"curies":[{"name":"wp","href":"https:\/\/api.w.org\/{rel}","templated":true}]}}