{"id":962290,"date":"2025-11-06T13:49:00","date_gmt":"2025-11-06T12:49:00","guid":{"rendered":"https:\/\/dmcsrb.com\/uncategorized\/zrijeb-za-zavrsni-masters-u-torinu-djokovic-i-alkaraz-u-istoj-grupi\/"},"modified":"2025-11-06T13:49:00","modified_gmt":"2025-11-06T12:49:00","slug":"zrijeb-za-zavrsni-masters-u-torinu-djokovic-i-alkaraz-u-istoj-grupi","status":"publish","type":"post","link":"https:\/\/dmcsrb.com\/en\/sport\/zrijeb-za-zavrsni-masters-u-torinu-djokovic-i-alkaraz-u-istoj-grupi\/","title":{"rendered":"\u017drijeb za zavr\u0161ni masters u Torinu: \u0110okovi\u0107 i Alkaraz u istoj grupi"},"content":{"rendered":"<p>Novak \u0110okovi\u0107 se na\u0161ao u grupi &#8220;D\u017eimi Konors&#8221;, zajedno sa Karlosom Alkarazom, Tejlorom Fricom i Aleksom de Minorom. <\/p>\n\n\n\n<p>Najtrofejniji teniser svih vremena jo\u0161 uvijek nije potvrdio u\u010de\u0161\u0107e, a odluku \u0107e donijeti nakon turnira u Atini, gdje danas (ne prije 17h) igra \u010detvrtfinale protiv Nuna Bor\u017eesa. <\/p>\n\n\n\n<p>\u0110okovi\u0107 pro\u0161le godine nije nastupio, ali je 2023. godine osvojio rekordnu sedmu titulu, prestigav\u0161i Rod\u017eera Federera. <\/p>\n\n\n\n<p>U drugoj &#8220;Bjorn Borg&#8221; grupi rekete \u0107e ukrstiti Janik Siner, Aleksander Zverev, Ben \u0160elton i Feliks O\u017ee-Alijazim ili Lorenco Museti. Italijan mora da osvoji turnir u glavnom gradu Gr\u010dku, u suprotnom, Kana\u0111anin ide u Torino.<\/p>\n\n\n\n<p>Zavr\u0161ni masters u Torinu po\u010dinje u nedjelju, devetog novembra. Finale je 16. novembra.<\/p>","protected":false},"excerpt":{"rendered":"<p>Iako jo\u0161 uvijek nisu poznati svi u\u010desnici, danas je odr\u017ean \u017erijeb za zavr\u0161ni masters u Torinu.<\/p>","protected":false},"author":1,"featured_media":955947,"comment_status":"open","ping_status":"open","sticky":false,"template":"","format":"standard","meta":{"_acf_changed":false,"footnotes":""},"categories":[148],"tags":[3456,3211,13772,218],"naslovna":[],"class_list":["post-962290","post","type-post","status-publish","format-standard","has-post-thumbnail","hentry","category-sport","tag-karlos-alkaraz","tag-novak-djokovic","tag-zavrsni-master-u-torinu","tag-zrijeb"],"acf":[],"yoast_head":"<!-- This site is optimized with the Yoast SEO plugin v27.0 - https:\/\/yoast.com\/product\/yoast-seo-wordpress\/ -->\n<title>\u017drijeb za zavr\u0161ni masters u Torinu: \u0110okovi\u0107 i Alkaraz u istoj grupi - dmcsrb.com<\/title>\n<meta name=\"robots\" content=\"index, follow, max-snippet:-1, max-image-preview:large, max-video-preview:-1\" \/>\n<link rel=\"canonical\" href=\"https:\/\/dmcsrb.com\/en\/sport\/zrijeb-za-zavrsni-masters-u-torinu-djokovic-i-alkaraz-u-istoj-grupi\/\" \/>\n<meta property=\"og:locale\" content=\"en_GB\" \/>\n<meta property=\"og:type\" content=\"article\" \/>\n<meta property=\"og:title\" content=\"\u017drijeb za zavr\u0161ni masters u Torinu: \u0110okovi\u0107 i Alkaraz u istoj grupi - dmcsrb.com\" \/>\n<meta property=\"og:description\" content=\"Iako jo\u0161 uvijek nisu poznati svi u\u010desnici, danas je odr\u017ean \u017erijeb za zavr\u0161ni masters u Torinu.\" \/>\n<meta property=\"og:url\" content=\"https:\/\/dmcsrb.com\/en\/sport\/zrijeb-za-zavrsni-masters-u-torinu-djokovic-i-alkaraz-u-istoj-grupi\/\" \/>\n<meta property=\"og:site_name\" content=\"dmcsrb.com\" \/>\n<meta property=\"article:published_time\" content=\"2025-11-06T12:49:00+00:00\" \/>\n<meta property=\"og:image\" content=\"https:\/\/dmcsrb.com\/wp-content\/uploads\/2026\/01\/Novak-DJokovic-ATP-Tour-X-1.webp\" \/>\n\t<meta property=\"og:image:width\" content=\"900\" \/>\n\t<meta property=\"og:image:height\" content=\"600\" \/>\n\t<meta property=\"og:image:type\" content=\"image\/jpeg\" \/>\n<meta name=\"author\" content=\"dmcsrbija.com@gmail.com\" \/>\n<meta name=\"twitter:card\" content=\"summary_large_image\" \/>\n<meta name=\"twitter:label1\" content=\"Written by\" \/>\n\t<meta name=\"twitter:data1\" content=\"dmcsrbija.com@gmail.com\" \/>\n\t<meta name=\"twitter:label2\" content=\"Estimated reading time\" \/>\n\t<meta name=\"twitter:data2\" content=\"1 minute\" \/>\n<script type=\"application\/ld+json\" class=\"yoast-schema-graph\">{\"@context\":\"https:\/\/schema.org\",\"@graph\":[{\"@type\":\"Article\",\"@id\":\"https:\/\/dmcsrb.com\/sport\/zrijeb-za-zavrsni-masters-u-torinu-djokovic-i-alkaraz-u-istoj-grupi\/#article\",\"isPartOf\":{\"@id\":\"https:\/\/dmcsrb.com\/sport\/zrijeb-za-zavrsni-masters-u-torinu-djokovic-i-alkaraz-u-istoj-grupi\/\"},\"author\":{\"name\":\"dmcsrbija.com@gmail.com\",\"@id\":\"https:\/\/dmcsrb.com\/#\/schema\/person\/5c39170f12db1b8b457732d0b5c854e2\"},\"headline\":\"\u017drijeb za zavr\u0161ni masters u Torinu: \u0110okovi\u0107 i Alkaraz u istoj grupi\",\"datePublished\":\"2025-11-06T12:49:00+00:00\",\"mainEntityOfPage\":{\"@id\":\"https:\/\/dmcsrb.com\/sport\/zrijeb-za-zavrsni-masters-u-torinu-djokovic-i-alkaraz-u-istoj-grupi\/\"},\"wordCount\":133,\"commentCount\":0,\"image\":{\"@id\":\"https:\/\/dmcsrb.com\/sport\/zrijeb-za-zavrsni-masters-u-torinu-djokovic-i-alkaraz-u-istoj-grupi\/#primaryimage\"},\"thumbnailUrl\":\"https:\/\/dmcsrb.com\/wp-content\/uploads\/2026\/01\/Novak-DJokovic-ATP-Tour-X-1.webp\",\"keywords\":[\"Karlos Alkaraz\",\"Novak \u0110okovi\u0107\",\"zavr\u0161ni master u Torinu\",\"\u017erijeb\"],\"articleSection\":[\"Sport\"],\"inLanguage\":\"en-GB\",\"potentialAction\":[{\"@type\":\"CommentAction\",\"name\":\"Comment\",\"target\":[\"https:\/\/dmcsrb.com\/sport\/zrijeb-za-zavrsni-masters-u-torinu-djokovic-i-alkaraz-u-istoj-grupi\/#respond\"]}]},{\"@type\":\"WebPage\",\"@id\":\"https:\/\/dmcsrb.com\/sport\/zrijeb-za-zavrsni-masters-u-torinu-djokovic-i-alkaraz-u-istoj-grupi\/\",\"url\":\"https:\/\/dmcsrb.com\/sport\/zrijeb-za-zavrsni-masters-u-torinu-djokovic-i-alkaraz-u-istoj-grupi\/\",\"name\":\"\u017drijeb za zavr\u0161ni masters u Torinu: \u0110okovi\u0107 i Alkaraz u istoj grupi - dmcsrb.com\",\"isPartOf\":{\"@id\":\"https:\/\/dmcsrb.com\/#website\"},\"primaryImageOfPage\":{\"@id\":\"https:\/\/dmcsrb.com\/sport\/zrijeb-za-zavrsni-masters-u-torinu-djokovic-i-alkaraz-u-istoj-grupi\/#primaryimage\"},\"image\":{\"@id\":\"https:\/\/dmcsrb.com\/sport\/zrijeb-za-zavrsni-masters-u-torinu-djokovic-i-alkaraz-u-istoj-grupi\/#primaryimage\"},\"thumbnailUrl\":\"https:\/\/dmcsrb.com\/wp-content\/uploads\/2026\/01\/Novak-DJokovic-ATP-Tour-X-1.webp\",\"datePublished\":\"2025-11-06T12:49:00+00:00\",\"author\":{\"@id\":\"https:\/\/dmcsrb.com\/#\/schema\/person\/5c39170f12db1b8b457732d0b5c854e2\"},\"breadcrumb\":{\"@id\":\"https:\/\/dmcsrb.com\/sport\/zrijeb-za-zavrsni-masters-u-torinu-djokovic-i-alkaraz-u-istoj-grupi\/#breadcrumb\"},\"inLanguage\":\"en-GB\",\"potentialAction\":[{\"@type\":\"ReadAction\",\"target\":[\"https:\/\/dmcsrb.com\/sport\/zrijeb-za-zavrsni-masters-u-torinu-djokovic-i-alkaraz-u-istoj-grupi\/\"]}]},{\"@type\":\"ImageObject\",\"inLanguage\":\"en-GB\",\"@id\":\"https:\/\/dmcsrb.com\/sport\/zrijeb-za-zavrsni-masters-u-torinu-djokovic-i-alkaraz-u-istoj-grupi\/#primaryimage\",\"url\":\"https:\/\/dmcsrb.com\/wp-content\/uploads\/2026\/01\/Novak-DJokovic-ATP-Tour-X-1.webp\",\"contentUrl\":\"https:\/\/dmcsrb.com\/wp-content\/uploads\/2026\/01\/Novak-DJokovic-ATP-Tour-X-1.webp\",\"width\":900,\"height\":600},{\"@type\":\"BreadcrumbList\",\"@id\":\"https:\/\/dmcsrb.com\/sport\/zrijeb-za-zavrsni-masters-u-torinu-djokovic-i-alkaraz-u-istoj-grupi\/#breadcrumb\",\"itemListElement\":[{\"@type\":\"ListItem\",\"position\":1,\"name\":\"Home\",\"item\":\"https:\/\/dmcsrb.com\/\"},{\"@type\":\"ListItem\",\"position\":2,\"name\":\"\u017drijeb za zavr\u0161ni masters u Torinu: \u0110okovi\u0107 i Alkaraz u istoj grupi\"}]},{\"@type\":\"WebSite\",\"@id\":\"https:\/\/dmcsrb.com\/#website\",\"url\":\"https:\/\/dmcsrb.com\/\",\"name\":\"dmcsrb.com\",\"description\":\"\",\"potentialAction\":[{\"@type\":\"SearchAction\",\"target\":{\"@type\":\"EntryPoint\",\"urlTemplate\":\"https:\/\/dmcsrb.com\/?s={search_term_string}\"},\"query-input\":{\"@type\":\"PropertyValueSpecification\",\"valueRequired\":true,\"valueName\":\"search_term_string\"}}],\"inLanguage\":\"en-GB\"},{\"@type\":\"Person\",\"@id\":\"https:\/\/dmcsrb.com\/#\/schema\/person\/5c39170f12db1b8b457732d0b5c854e2\",\"name\":\"dmcsrbija.com@gmail.com\",\"image\":{\"@type\":\"ImageObject\",\"inLanguage\":\"en-GB\",\"@id\":\"https:\/\/dmcsrb.com\/#\/schema\/person\/image\/\",\"url\":\"https:\/\/secure.gravatar.com\/avatar\/68592660ad6347fad0fb587f8d5d8f1a7b44961362f56e4f2cd524feb87e9069?s=96&d=mm&r=g\",\"contentUrl\":\"https:\/\/secure.gravatar.com\/avatar\/68592660ad6347fad0fb587f8d5d8f1a7b44961362f56e4f2cd524feb87e9069?s=96&d=mm&r=g\",\"caption\":\"dmcsrbija.com@gmail.com\"},\"sameAs\":[\"https:\/\/dmcsrb.com\"],\"url\":\"https:\/\/dmcsrb.com\/en\/author\/dmcsrbija-comgmail-com\/\"}]}<\/script>\n<!-- \/ Yoast SEO plugin. -->","yoast_head_json":{"title":"\u017drijeb za zavr\u0161ni masters u Torinu: \u0110okovi\u0107 i Alkaraz u istoj grupi - dmcsrb.com","robots":{"index":"index","follow":"follow","max-snippet":"max-snippet:-1","max-image-preview":"max-image-preview:large","max-video-preview":"max-video-preview:-1"},"canonical":"https:\/\/dmcsrb.com\/en\/sport\/zrijeb-za-zavrsni-masters-u-torinu-djokovic-i-alkaraz-u-istoj-grupi\/","og_locale":"en_GB","og_type":"article","og_title":"\u017drijeb za zavr\u0161ni masters u Torinu: \u0110okovi\u0107 i Alkaraz u istoj grupi - dmcsrb.com","og_description":"Iako jo\u0161 uvijek nisu poznati svi u\u010desnici, danas je odr\u017ean \u017erijeb za zavr\u0161ni masters u Torinu.","og_url":"https:\/\/dmcsrb.com\/en\/sport\/zrijeb-za-zavrsni-masters-u-torinu-djokovic-i-alkaraz-u-istoj-grupi\/","og_site_name":"dmcsrb.com","article_published_time":"2025-11-06T12:49:00+00:00","og_image":[{"width":900,"height":600,"url":"https:\/\/dmcsrb.com\/wp-content\/uploads\/2026\/01\/Novak-DJokovic-ATP-Tour-X-1.webp","type":"image\/jpeg"}],"author":"dmcsrbija.com@gmail.com","twitter_card":"summary_large_image","twitter_misc":{"Written by":"dmcsrbija.com@gmail.com","Estimated reading time":"1 minute"},"schema":{"@context":"https:\/\/schema.org","@graph":[{"@type":"Article","@id":"https:\/\/dmcsrb.com\/sport\/zrijeb-za-zavrsni-masters-u-torinu-djokovic-i-alkaraz-u-istoj-grupi\/#article","isPartOf":{"@id":"https:\/\/dmcsrb.com\/sport\/zrijeb-za-zavrsni-masters-u-torinu-djokovic-i-alkaraz-u-istoj-grupi\/"},"author":{"name":"dmcsrbija.com@gmail.com","@id":"https:\/\/dmcsrb.com\/#\/schema\/person\/5c39170f12db1b8b457732d0b5c854e2"},"headline":"\u017drijeb za zavr\u0161ni masters u Torinu: \u0110okovi\u0107 i Alkaraz u istoj grupi","datePublished":"2025-11-06T12:49:00+00:00","mainEntityOfPage":{"@id":"https:\/\/dmcsrb.com\/sport\/zrijeb-za-zavrsni-masters-u-torinu-djokovic-i-alkaraz-u-istoj-grupi\/"},"wordCount":133,"commentCount":0,"image":{"@id":"https:\/\/dmcsrb.com\/sport\/zrijeb-za-zavrsni-masters-u-torinu-djokovic-i-alkaraz-u-istoj-grupi\/#primaryimage"},"thumbnailUrl":"https:\/\/dmcsrb.com\/wp-content\/uploads\/2026\/01\/Novak-DJokovic-ATP-Tour-X-1.webp","keywords":["Karlos Alkaraz","Novak \u0110okovi\u0107","zavr\u0161ni master u Torinu","\u017erijeb"],"articleSection":["Sport"],"inLanguage":"en-GB","potentialAction":[{"@type":"CommentAction","name":"Comment","target":["https:\/\/dmcsrb.com\/sport\/zrijeb-za-zavrsni-masters-u-torinu-djokovic-i-alkaraz-u-istoj-grupi\/#respond"]}]},{"@type":"WebPage","@id":"https:\/\/dmcsrb.com\/sport\/zrijeb-za-zavrsni-masters-u-torinu-djokovic-i-alkaraz-u-istoj-grupi\/","url":"https:\/\/dmcsrb.com\/sport\/zrijeb-za-zavrsni-masters-u-torinu-djokovic-i-alkaraz-u-istoj-grupi\/","name":"\u017drijeb za zavr\u0161ni masters u Torinu: \u0110okovi\u0107 i Alkaraz u istoj grupi - dmcsrb.com","isPartOf":{"@id":"https:\/\/dmcsrb.com\/#website"},"primaryImageOfPage":{"@id":"https:\/\/dmcsrb.com\/sport\/zrijeb-za-zavrsni-masters-u-torinu-djokovic-i-alkaraz-u-istoj-grupi\/#primaryimage"},"image":{"@id":"https:\/\/dmcsrb.com\/sport\/zrijeb-za-zavrsni-masters-u-torinu-djokovic-i-alkaraz-u-istoj-grupi\/#primaryimage"},"thumbnailUrl":"https:\/\/dmcsrb.com\/wp-content\/uploads\/2026\/01\/Novak-DJokovic-ATP-Tour-X-1.webp","datePublished":"2025-11-06T12:49:00+00:00","author":{"@id":"https:\/\/dmcsrb.com\/#\/schema\/person\/5c39170f12db1b8b457732d0b5c854e2"},"breadcrumb":{"@id":"https:\/\/dmcsrb.com\/sport\/zrijeb-za-zavrsni-masters-u-torinu-djokovic-i-alkaraz-u-istoj-grupi\/#breadcrumb"},"inLanguage":"en-GB","potentialAction":[{"@type":"ReadAction","target":["https:\/\/dmcsrb.com\/sport\/zrijeb-za-zavrsni-masters-u-torinu-djokovic-i-alkaraz-u-istoj-grupi\/"]}]},{"@type":"ImageObject","inLanguage":"en-GB","@id":"https:\/\/dmcsrb.com\/sport\/zrijeb-za-zavrsni-masters-u-torinu-djokovic-i-alkaraz-u-istoj-grupi\/#primaryimage","url":"https:\/\/dmcsrb.com\/wp-content\/uploads\/2026\/01\/Novak-DJokovic-ATP-Tour-X-1.webp","contentUrl":"https:\/\/dmcsrb.com\/wp-content\/uploads\/2026\/01\/Novak-DJokovic-ATP-Tour-X-1.webp","width":900,"height":600},{"@type":"BreadcrumbList","@id":"https:\/\/dmcsrb.com\/sport\/zrijeb-za-zavrsni-masters-u-torinu-djokovic-i-alkaraz-u-istoj-grupi\/#breadcrumb","itemListElement":[{"@type":"ListItem","position":1,"name":"Home","item":"https:\/\/dmcsrb.com\/"},{"@type":"ListItem","position":2,"name":"\u017drijeb za zavr\u0161ni masters u Torinu: \u0110okovi\u0107 i Alkaraz u istoj grupi"}]},{"@type":"WebSite","@id":"https:\/\/dmcsrb.com\/#website","url":"https:\/\/dmcsrb.com\/","name":"dmcsrb.com","description":"","potentialAction":[{"@type":"SearchAction","target":{"@type":"EntryPoint","urlTemplate":"https:\/\/dmcsrb.com\/?s={search_term_string}"},"query-input":{"@type":"PropertyValueSpecification","valueRequired":true,"valueName":"search_term_string"}}],"inLanguage":"en-GB"},{"@type":"Person","@id":"https:\/\/dmcsrb.com\/#\/schema\/person\/5c39170f12db1b8b457732d0b5c854e2","name":"dmcsrbija.com@gmail.com","image":{"@type":"ImageObject","inLanguage":"en-GB","@id":"https:\/\/dmcsrb.com\/#\/schema\/person\/image\/","url":"https:\/\/secure.gravatar.com\/avatar\/68592660ad6347fad0fb587f8d5d8f1a7b44961362f56e4f2cd524feb87e9069?s=96&d=mm&r=g","contentUrl":"https:\/\/secure.gravatar.com\/avatar\/68592660ad6347fad0fb587f8d5d8f1a7b44961362f56e4f2cd524feb87e9069?s=96&d=mm&r=g","caption":"dmcsrbija.com@gmail.com"},"sameAs":["https:\/\/dmcsrb.com"],"url":"https:\/\/dmcsrb.com\/en\/author\/dmcsrbija-comgmail-com\/"}]}},"_links":{"self":[{"href":"https:\/\/dmcsrb.com\/en\/wp-json\/wp\/v2\/posts\/962290","targetHints":{"allow":["GET"]}}],"collection":[{"href":"https:\/\/dmcsrb.com\/en\/wp-json\/wp\/v2\/posts"}],"about":[{"href":"https:\/\/dmcsrb.com\/en\/wp-json\/wp\/v2\/types\/post"}],"author":[{"embeddable":true,"href":"https:\/\/dmcsrb.com\/en\/wp-json\/wp\/v2\/users\/1"}],"replies":[{"embeddable":true,"href":"https:\/\/dmcsrb.com\/en\/wp-json\/wp\/v2\/comments?post=962290"}],"version-history":[{"count":0,"href":"https:\/\/dmcsrb.com\/en\/wp-json\/wp\/v2\/posts\/962290\/revisions"}],"wp:featuredmedia":[{"embeddable":true,"href":"https:\/\/dmcsrb.com\/en\/wp-json\/wp\/v2\/media\/955947"}],"wp:attachment":[{"href":"https:\/\/dmcsrb.com\/en\/wp-json\/wp\/v2\/media?parent=962290"}],"wp:term":[{"taxonomy":"category","embeddable":true,"href":"https:\/\/dmcsrb.com\/en\/wp-json\/wp\/v2\/categories?post=962290"},{"taxonomy":"post_tag","embeddable":true,"href":"https:\/\/dmcsrb.com\/en\/wp-json\/wp\/v2\/tags?post=962290"},{"taxonomy":"naslovna","embeddable":true,"href":"https:\/\/dmcsrb.com\/en\/wp-json\/wp\/v2\/naslovna?post=962290"}],"curies":[{"name":"wp","href":"https:\/\/api.w.org\/{rel}","templated":true}]}}