{"id":962247,"date":"2025-11-06T11:26:00","date_gmt":"2025-11-06T10:26:00","guid":{"rendered":"https:\/\/dmcsrb.com\/uncategorized\/konatar-obestetiti-sve-zaposlene-svih-firmi-koje-su-posle-u-stecaj\/"},"modified":"2025-11-06T11:26:00","modified_gmt":"2025-11-06T10:26:00","slug":"konatar-obestetiti-sve-zaposlene-svih-firmi-koje-su-posle-u-stecaj","status":"publish","type":"post","link":"https:\/\/dmcsrb.com\/en\/politika\/konatar-obestetiti-sve-zaposlene-svih-firmi-koje-su-posle-u-stecaj\/","title":{"rendered":"Konatar: Obe\u0161tetiti sve zaposlene svih firmi koje su po\u0161le u ste\u010daj"},"content":{"rendered":"<p>&#8220;Zakon je nastavak dva akta koji su donijeti u Skup\u0161tini Crne Gore. Sada je na stolu predlog Zakona a su\u0161tina je da se svi obe\u0161tete iz preduze\u0107a koja su po\u0161la u ste\u010daj, bez obzira na granu privrede gdje su radili&#8221;, kazao je Konatar na konferenciji za medije.<\/p>\n\n\n\n<p>Dodaje da se mora ispraviti nepravda.<\/p>\n\n\n\n<p>&#8220;Bolje da smo zakon donijeli 2021. godine, za sve, a ne samo za metalce i rudare&#8221;, istakao je on.<\/p>\n\n\n\n<p>Obe\u0161te\u0107enje bi iznosilo&nbsp; 12.000 eura po radniku.<\/p>\n\n\n\n<p><\/p>","protected":false},"excerpt":{"rendered":"<p>Poslanik Gra\u0111anskog pokreta URA Milo\u0161 Konatar saop\u0161tio je da je taj politi\u010dki subjekt podnio predlog Zakona o obe\u0161te\u0107enju biv\u0161ih zaposlenih koji su radili u dr\u017eavnim firmama koje su po\u0161le u ste\u010daj. O\u010dekuju, kako ka\u017ee, podr\u0161ku Vlade i Skup\u0161tine po ovom pitanju.<\/p>","protected":false},"author":1,"featured_media":943377,"comment_status":"open","ping_status":"open","sticky":false,"template":"","format":"standard","meta":{"_acf_changed":false,"footnotes":""},"categories":[12],"tags":[488,13757],"naslovna":[],"class_list":["post-962247","post","type-post","status-publish","format-standard","has-post-thumbnail","hentry","category-politika","tag-milos-konatar","tag-obestetiti-zaposlene"],"acf":[],"yoast_head":"<!-- This site is optimized with the Yoast SEO plugin v27.0 - https:\/\/yoast.com\/product\/yoast-seo-wordpress\/ -->\n<title>Konatar: Obe\u0161tetiti sve zaposlene svih firmi koje su po\u0161le u ste\u010daj - dmcsrb.com<\/title>\n<meta name=\"robots\" content=\"index, follow, max-snippet:-1, max-image-preview:large, max-video-preview:-1\" \/>\n<link rel=\"canonical\" href=\"https:\/\/dmcsrb.com\/en\/politika\/konatar-obestetiti-sve-zaposlene-svih-firmi-koje-su-posle-u-stecaj\/\" \/>\n<meta property=\"og:locale\" content=\"en_GB\" \/>\n<meta property=\"og:type\" content=\"article\" \/>\n<meta property=\"og:title\" content=\"Konatar: Obe\u0161tetiti sve zaposlene svih firmi koje su po\u0161le u ste\u010daj - dmcsrb.com\" \/>\n<meta property=\"og:description\" content=\"Poslanik Gra\u0111anskog pokreta URA Milo\u0161 Konatar saop\u0161tio je da je taj politi\u010dki subjekt podnio predlog Zakona o obe\u0161te\u0107enju biv\u0161ih zaposlenih koji su radili u dr\u017eavnim firmama koje su po\u0161le u ste\u010daj. O\u010dekuju, kako ka\u017ee, podr\u0161ku Vlade i Skup\u0161tine po ovom pitanju.\" \/>\n<meta property=\"og:url\" content=\"https:\/\/dmcsrb.com\/en\/politika\/konatar-obestetiti-sve-zaposlene-svih-firmi-koje-su-posle-u-stecaj\/\" \/>\n<meta property=\"og:site_name\" content=\"dmcsrb.com\" \/>\n<meta property=\"article:published_time\" content=\"2025-11-06T10:26:00+00:00\" \/>\n<meta property=\"og:image\" content=\"https:\/\/dmcsrb.com\/wp-content\/uploads\/2026\/01\/Milos-Konatar-foto-GP-URA.webp\" \/>\n\t<meta property=\"og:image:width\" content=\"1193\" \/>\n\t<meta property=\"og:image:height\" content=\"775\" \/>\n\t<meta property=\"og:image:type\" content=\"image\/jpeg\" \/>\n<meta name=\"author\" content=\"dmcsrbija.com@gmail.com\" \/>\n<meta name=\"twitter:card\" content=\"summary_large_image\" \/>\n<meta name=\"twitter:label1\" content=\"Written by\" \/>\n\t<meta name=\"twitter:data1\" content=\"dmcsrbija.com@gmail.com\" \/>\n<script type=\"application\/ld+json\" class=\"yoast-schema-graph\">{\"@context\":\"https:\/\/schema.org\",\"@graph\":[{\"@type\":\"Article\",\"@id\":\"https:\/\/dmcsrb.com\/politika\/konatar-obestetiti-sve-zaposlene-svih-firmi-koje-su-posle-u-stecaj\/#article\",\"isPartOf\":{\"@id\":\"https:\/\/dmcsrb.com\/politika\/konatar-obestetiti-sve-zaposlene-svih-firmi-koje-su-posle-u-stecaj\/\"},\"author\":{\"name\":\"dmcsrbija.com@gmail.com\",\"@id\":\"https:\/\/dmcsrb.com\/#\/schema\/person\/5c39170f12db1b8b457732d0b5c854e2\"},\"headline\":\"Konatar: Obe\u0161tetiti sve zaposlene svih firmi koje su po\u0161le u ste\u010daj\",\"datePublished\":\"2025-11-06T10:26:00+00:00\",\"mainEntityOfPage\":{\"@id\":\"https:\/\/dmcsrb.com\/politika\/konatar-obestetiti-sve-zaposlene-svih-firmi-koje-su-posle-u-stecaj\/\"},\"wordCount\":100,\"commentCount\":0,\"image\":{\"@id\":\"https:\/\/dmcsrb.com\/politika\/konatar-obestetiti-sve-zaposlene-svih-firmi-koje-su-posle-u-stecaj\/#primaryimage\"},\"thumbnailUrl\":\"https:\/\/dmcsrb.com\/wp-content\/uploads\/2026\/01\/Milos-Konatar-foto-GP-URA.webp\",\"keywords\":[\"Milo\u0161 Konatar\",\"obe\u0161tetiti zaposlene\"],\"articleSection\":[\"Politika\"],\"inLanguage\":\"en-GB\",\"potentialAction\":[{\"@type\":\"CommentAction\",\"name\":\"Comment\",\"target\":[\"https:\/\/dmcsrb.com\/politika\/konatar-obestetiti-sve-zaposlene-svih-firmi-koje-su-posle-u-stecaj\/#respond\"]}]},{\"@type\":\"WebPage\",\"@id\":\"https:\/\/dmcsrb.com\/politika\/konatar-obestetiti-sve-zaposlene-svih-firmi-koje-su-posle-u-stecaj\/\",\"url\":\"https:\/\/dmcsrb.com\/politika\/konatar-obestetiti-sve-zaposlene-svih-firmi-koje-su-posle-u-stecaj\/\",\"name\":\"Konatar: Obe\u0161tetiti sve zaposlene svih firmi koje su po\u0161le u ste\u010daj - dmcsrb.com\",\"isPartOf\":{\"@id\":\"https:\/\/dmcsrb.com\/#website\"},\"primaryImageOfPage\":{\"@id\":\"https:\/\/dmcsrb.com\/politika\/konatar-obestetiti-sve-zaposlene-svih-firmi-koje-su-posle-u-stecaj\/#primaryimage\"},\"image\":{\"@id\":\"https:\/\/dmcsrb.com\/politika\/konatar-obestetiti-sve-zaposlene-svih-firmi-koje-su-posle-u-stecaj\/#primaryimage\"},\"thumbnailUrl\":\"https:\/\/dmcsrb.com\/wp-content\/uploads\/2026\/01\/Milos-Konatar-foto-GP-URA.webp\",\"datePublished\":\"2025-11-06T10:26:00+00:00\",\"author\":{\"@id\":\"https:\/\/dmcsrb.com\/#\/schema\/person\/5c39170f12db1b8b457732d0b5c854e2\"},\"breadcrumb\":{\"@id\":\"https:\/\/dmcsrb.com\/politika\/konatar-obestetiti-sve-zaposlene-svih-firmi-koje-su-posle-u-stecaj\/#breadcrumb\"},\"inLanguage\":\"en-GB\",\"potentialAction\":[{\"@type\":\"ReadAction\",\"target\":[\"https:\/\/dmcsrb.com\/politika\/konatar-obestetiti-sve-zaposlene-svih-firmi-koje-su-posle-u-stecaj\/\"]}]},{\"@type\":\"ImageObject\",\"inLanguage\":\"en-GB\",\"@id\":\"https:\/\/dmcsrb.com\/politika\/konatar-obestetiti-sve-zaposlene-svih-firmi-koje-su-posle-u-stecaj\/#primaryimage\",\"url\":\"https:\/\/dmcsrb.com\/wp-content\/uploads\/2026\/01\/Milos-Konatar-foto-GP-URA.webp\",\"contentUrl\":\"https:\/\/dmcsrb.com\/wp-content\/uploads\/2026\/01\/Milos-Konatar-foto-GP-URA.webp\",\"width\":1193,\"height\":775},{\"@type\":\"BreadcrumbList\",\"@id\":\"https:\/\/dmcsrb.com\/politika\/konatar-obestetiti-sve-zaposlene-svih-firmi-koje-su-posle-u-stecaj\/#breadcrumb\",\"itemListElement\":[{\"@type\":\"ListItem\",\"position\":1,\"name\":\"Home\",\"item\":\"https:\/\/dmcsrb.com\/\"},{\"@type\":\"ListItem\",\"position\":2,\"name\":\"Konatar: Obe\u0161tetiti sve zaposlene svih firmi koje su po\u0161le u ste\u010daj\"}]},{\"@type\":\"WebSite\",\"@id\":\"https:\/\/dmcsrb.com\/#website\",\"url\":\"https:\/\/dmcsrb.com\/\",\"name\":\"dmcsrb.com\",\"description\":\"\",\"potentialAction\":[{\"@type\":\"SearchAction\",\"target\":{\"@type\":\"EntryPoint\",\"urlTemplate\":\"https:\/\/dmcsrb.com\/?s={search_term_string}\"},\"query-input\":{\"@type\":\"PropertyValueSpecification\",\"valueRequired\":true,\"valueName\":\"search_term_string\"}}],\"inLanguage\":\"en-GB\"},{\"@type\":\"Person\",\"@id\":\"https:\/\/dmcsrb.com\/#\/schema\/person\/5c39170f12db1b8b457732d0b5c854e2\",\"name\":\"dmcsrbija.com@gmail.com\",\"image\":{\"@type\":\"ImageObject\",\"inLanguage\":\"en-GB\",\"@id\":\"https:\/\/dmcsrb.com\/#\/schema\/person\/image\/\",\"url\":\"https:\/\/secure.gravatar.com\/avatar\/68592660ad6347fad0fb587f8d5d8f1a7b44961362f56e4f2cd524feb87e9069?s=96&d=mm&r=g\",\"contentUrl\":\"https:\/\/secure.gravatar.com\/avatar\/68592660ad6347fad0fb587f8d5d8f1a7b44961362f56e4f2cd524feb87e9069?s=96&d=mm&r=g\",\"caption\":\"dmcsrbija.com@gmail.com\"},\"sameAs\":[\"https:\/\/dmcsrb.com\"],\"url\":\"https:\/\/dmcsrb.com\/en\/author\/dmcsrbija-comgmail-com\/\"}]}<\/script>\n<!-- \/ Yoast SEO plugin. -->","yoast_head_json":{"title":"Konatar: Obe\u0161tetiti sve zaposlene svih firmi koje su po\u0161le u ste\u010daj - dmcsrb.com","robots":{"index":"index","follow":"follow","max-snippet":"max-snippet:-1","max-image-preview":"max-image-preview:large","max-video-preview":"max-video-preview:-1"},"canonical":"https:\/\/dmcsrb.com\/en\/politika\/konatar-obestetiti-sve-zaposlene-svih-firmi-koje-su-posle-u-stecaj\/","og_locale":"en_GB","og_type":"article","og_title":"Konatar: Obe\u0161tetiti sve zaposlene svih firmi koje su po\u0161le u ste\u010daj - dmcsrb.com","og_description":"Poslanik Gra\u0111anskog pokreta URA Milo\u0161 Konatar saop\u0161tio je da je taj politi\u010dki subjekt podnio predlog Zakona o obe\u0161te\u0107enju biv\u0161ih zaposlenih koji su radili u dr\u017eavnim firmama koje su po\u0161le u ste\u010daj. O\u010dekuju, kako ka\u017ee, podr\u0161ku Vlade i Skup\u0161tine po ovom pitanju.","og_url":"https:\/\/dmcsrb.com\/en\/politika\/konatar-obestetiti-sve-zaposlene-svih-firmi-koje-su-posle-u-stecaj\/","og_site_name":"dmcsrb.com","article_published_time":"2025-11-06T10:26:00+00:00","og_image":[{"width":1193,"height":775,"url":"https:\/\/dmcsrb.com\/wp-content\/uploads\/2026\/01\/Milos-Konatar-foto-GP-URA.webp","type":"image\/jpeg"}],"author":"dmcsrbija.com@gmail.com","twitter_card":"summary_large_image","twitter_misc":{"Written by":"dmcsrbija.com@gmail.com"},"schema":{"@context":"https:\/\/schema.org","@graph":[{"@type":"Article","@id":"https:\/\/dmcsrb.com\/politika\/konatar-obestetiti-sve-zaposlene-svih-firmi-koje-su-posle-u-stecaj\/#article","isPartOf":{"@id":"https:\/\/dmcsrb.com\/politika\/konatar-obestetiti-sve-zaposlene-svih-firmi-koje-su-posle-u-stecaj\/"},"author":{"name":"dmcsrbija.com@gmail.com","@id":"https:\/\/dmcsrb.com\/#\/schema\/person\/5c39170f12db1b8b457732d0b5c854e2"},"headline":"Konatar: Obe\u0161tetiti sve zaposlene svih firmi koje su po\u0161le u ste\u010daj","datePublished":"2025-11-06T10:26:00+00:00","mainEntityOfPage":{"@id":"https:\/\/dmcsrb.com\/politika\/konatar-obestetiti-sve-zaposlene-svih-firmi-koje-su-posle-u-stecaj\/"},"wordCount":100,"commentCount":0,"image":{"@id":"https:\/\/dmcsrb.com\/politika\/konatar-obestetiti-sve-zaposlene-svih-firmi-koje-su-posle-u-stecaj\/#primaryimage"},"thumbnailUrl":"https:\/\/dmcsrb.com\/wp-content\/uploads\/2026\/01\/Milos-Konatar-foto-GP-URA.webp","keywords":["Milo\u0161 Konatar","obe\u0161tetiti zaposlene"],"articleSection":["Politika"],"inLanguage":"en-GB","potentialAction":[{"@type":"CommentAction","name":"Comment","target":["https:\/\/dmcsrb.com\/politika\/konatar-obestetiti-sve-zaposlene-svih-firmi-koje-su-posle-u-stecaj\/#respond"]}]},{"@type":"WebPage","@id":"https:\/\/dmcsrb.com\/politika\/konatar-obestetiti-sve-zaposlene-svih-firmi-koje-su-posle-u-stecaj\/","url":"https:\/\/dmcsrb.com\/politika\/konatar-obestetiti-sve-zaposlene-svih-firmi-koje-su-posle-u-stecaj\/","name":"Konatar: Obe\u0161tetiti sve zaposlene svih firmi koje su po\u0161le u ste\u010daj - dmcsrb.com","isPartOf":{"@id":"https:\/\/dmcsrb.com\/#website"},"primaryImageOfPage":{"@id":"https:\/\/dmcsrb.com\/politika\/konatar-obestetiti-sve-zaposlene-svih-firmi-koje-su-posle-u-stecaj\/#primaryimage"},"image":{"@id":"https:\/\/dmcsrb.com\/politika\/konatar-obestetiti-sve-zaposlene-svih-firmi-koje-su-posle-u-stecaj\/#primaryimage"},"thumbnailUrl":"https:\/\/dmcsrb.com\/wp-content\/uploads\/2026\/01\/Milos-Konatar-foto-GP-URA.webp","datePublished":"2025-11-06T10:26:00+00:00","author":{"@id":"https:\/\/dmcsrb.com\/#\/schema\/person\/5c39170f12db1b8b457732d0b5c854e2"},"breadcrumb":{"@id":"https:\/\/dmcsrb.com\/politika\/konatar-obestetiti-sve-zaposlene-svih-firmi-koje-su-posle-u-stecaj\/#breadcrumb"},"inLanguage":"en-GB","potentialAction":[{"@type":"ReadAction","target":["https:\/\/dmcsrb.com\/politika\/konatar-obestetiti-sve-zaposlene-svih-firmi-koje-su-posle-u-stecaj\/"]}]},{"@type":"ImageObject","inLanguage":"en-GB","@id":"https:\/\/dmcsrb.com\/politika\/konatar-obestetiti-sve-zaposlene-svih-firmi-koje-su-posle-u-stecaj\/#primaryimage","url":"https:\/\/dmcsrb.com\/wp-content\/uploads\/2026\/01\/Milos-Konatar-foto-GP-URA.webp","contentUrl":"https:\/\/dmcsrb.com\/wp-content\/uploads\/2026\/01\/Milos-Konatar-foto-GP-URA.webp","width":1193,"height":775},{"@type":"BreadcrumbList","@id":"https:\/\/dmcsrb.com\/politika\/konatar-obestetiti-sve-zaposlene-svih-firmi-koje-su-posle-u-stecaj\/#breadcrumb","itemListElement":[{"@type":"ListItem","position":1,"name":"Home","item":"https:\/\/dmcsrb.com\/"},{"@type":"ListItem","position":2,"name":"Konatar: Obe\u0161tetiti sve zaposlene svih firmi koje su po\u0161le u ste\u010daj"}]},{"@type":"WebSite","@id":"https:\/\/dmcsrb.com\/#website","url":"https:\/\/dmcsrb.com\/","name":"dmcsrb.com","description":"","potentialAction":[{"@type":"SearchAction","target":{"@type":"EntryPoint","urlTemplate":"https:\/\/dmcsrb.com\/?s={search_term_string}"},"query-input":{"@type":"PropertyValueSpecification","valueRequired":true,"valueName":"search_term_string"}}],"inLanguage":"en-GB"},{"@type":"Person","@id":"https:\/\/dmcsrb.com\/#\/schema\/person\/5c39170f12db1b8b457732d0b5c854e2","name":"dmcsrbija.com@gmail.com","image":{"@type":"ImageObject","inLanguage":"en-GB","@id":"https:\/\/dmcsrb.com\/#\/schema\/person\/image\/","url":"https:\/\/secure.gravatar.com\/avatar\/68592660ad6347fad0fb587f8d5d8f1a7b44961362f56e4f2cd524feb87e9069?s=96&d=mm&r=g","contentUrl":"https:\/\/secure.gravatar.com\/avatar\/68592660ad6347fad0fb587f8d5d8f1a7b44961362f56e4f2cd524feb87e9069?s=96&d=mm&r=g","caption":"dmcsrbija.com@gmail.com"},"sameAs":["https:\/\/dmcsrb.com"],"url":"https:\/\/dmcsrb.com\/en\/author\/dmcsrbija-comgmail-com\/"}]}},"_links":{"self":[{"href":"https:\/\/dmcsrb.com\/en\/wp-json\/wp\/v2\/posts\/962247","targetHints":{"allow":["GET"]}}],"collection":[{"href":"https:\/\/dmcsrb.com\/en\/wp-json\/wp\/v2\/posts"}],"about":[{"href":"https:\/\/dmcsrb.com\/en\/wp-json\/wp\/v2\/types\/post"}],"author":[{"embeddable":true,"href":"https:\/\/dmcsrb.com\/en\/wp-json\/wp\/v2\/users\/1"}],"replies":[{"embeddable":true,"href":"https:\/\/dmcsrb.com\/en\/wp-json\/wp\/v2\/comments?post=962247"}],"version-history":[{"count":0,"href":"https:\/\/dmcsrb.com\/en\/wp-json\/wp\/v2\/posts\/962247\/revisions"}],"wp:featuredmedia":[{"embeddable":true,"href":"https:\/\/dmcsrb.com\/en\/wp-json\/wp\/v2\/media\/943377"}],"wp:attachment":[{"href":"https:\/\/dmcsrb.com\/en\/wp-json\/wp\/v2\/media?parent=962247"}],"wp:term":[{"taxonomy":"category","embeddable":true,"href":"https:\/\/dmcsrb.com\/en\/wp-json\/wp\/v2\/categories?post=962247"},{"taxonomy":"post_tag","embeddable":true,"href":"https:\/\/dmcsrb.com\/en\/wp-json\/wp\/v2\/tags?post=962247"},{"taxonomy":"naslovna","embeddable":true,"href":"https:\/\/dmcsrb.com\/en\/wp-json\/wp\/v2\/naslovna?post=962247"}],"curies":[{"name":"wp","href":"https:\/\/api.w.org\/{rel}","templated":true}]}}