{"id":962227,"date":"2025-11-06T09:11:21","date_gmt":"2025-11-06T08:11:21","guid":{"rendered":"https:\/\/dmcsrb.com\/uncategorized\/gabasi-kroz-godine-smo-razvili-snaznu-saradnju-sa-amu-om-i-na-tome-smo-veoma-zahvalni\/"},"modified":"2025-11-06T09:11:21","modified_gmt":"2025-11-06T08:11:21","slug":"gabasi-kroz-godine-smo-razvili-snaznu-saradnju-sa-amu-om-i-na-tome-smo-veoma-zahvalni","status":"publish","type":"post","link":"https:\/\/dmcsrb.com\/en\/drustvo\/gabasi-kroz-godine-smo-razvili-snaznu-saradnju-sa-amu-om-i-na-tome-smo-veoma-zahvalni\/","title":{"rendered":"Gabasi: Kroz godine smo razvili sna\u017enu saradnju sa AMU-om i na tome smo veoma zahvalni"},"content":{"rendered":"<p>&#8220;Kroz godine smo razvili sna\u017enu saradnju sa AMU-om i na tome smo veoma zahvalni. Konferencija \u0107e obuhvatiti va\u017ene teme kao \u0161to su &#8220;Evropski standardi, tehnologija i mo\u0107 &#8211; ko oblikuje realnost u savremenoj Evropi. Ove teme su od velike va\u017enosti&#8221;, kazao je Gabasi.<\/p>\n\n\n\n<figure class=\"wp-block-image size-large\"><img decoding=\"async\" src=\"https:\/\/gradski.me\/wp-content\/uploads\/2025\/11\/Lacman-Otasevic-1024x768.jpg\" alt=\"\" class=\"wp-image-865790\"\/><figcaption class=\"wp-element-caption\">Foto: RTV Podgorica<\/figcaption><\/figure>\n\n\n\n<p>Damir Niko\u010devi\u0107 iz Agencije za audiovizelne medijske usluge, kazao je da Misija OEBS-a u Crnoj Gori dugi niz godina predstavlja pouzdanog saveznika Agencije.<\/p>\n\n\n\n<p>&#8220;\u0160to potvr\u0111uje i dana\u0161nji skup. Na\u0161e partnerstvo prevazilazi ovaj konkretan doga\u0111aj &#8211; ono se ogleda i u nizu drugi inicijativa, posebno u oblasti razvoja medijske pismenosti, gdje zajedno sprovodimo projekte usmjerene ka \u0161irokom spektru ciljnih grupa&#8221;, kazao je Niko\u010devi\u0107.<\/p>\n\n\n\n<p><\/p>","protected":false},"excerpt":{"rendered":"<p>Vr\u0161ilac du\u017enosti \u0161efa Misije OEBS-a u Crnoj Gori \u0110ovani Gabasi, govorio je na konferenciji &#8220;Medijski horizonsti: Efikansost regulatornih organa&#8221;. On je istakao da je OEBS kroz godine razvio sna\u017enu saradnju sa Agencijom za audiovizelne medijske usluge.<\/p>","protected":false},"author":1,"featured_media":962228,"comment_status":"open","ping_status":"open","sticky":false,"template":"","format":"standard","meta":{"_acf_changed":false,"footnotes":""},"categories":[2],"tags":[725,95,13753,547],"naslovna":[],"class_list":["post-962227","post","type-post","status-publish","format-standard","has-post-thumbnail","hentry","category-drustvo","tag-amu-2","tag-crna-gora","tag-djovani-gabasi","tag-oebs"],"acf":[],"yoast_head":"<!-- This site is optimized with the Yoast SEO plugin v27.0 - https:\/\/yoast.com\/product\/yoast-seo-wordpress\/ -->\n<title>Gabasi: Kroz godine smo razvili sna\u017enu saradnju sa AMU-om i na tome smo veoma zahvalni - dmcsrb.com<\/title>\n<meta name=\"robots\" content=\"index, follow, max-snippet:-1, max-image-preview:large, max-video-preview:-1\" \/>\n<link rel=\"canonical\" href=\"https:\/\/dmcsrb.com\/en\/drustvo\/gabasi-kroz-godine-smo-razvili-snaznu-saradnju-sa-amu-om-i-na-tome-smo-veoma-zahvalni\/\" \/>\n<meta property=\"og:locale\" content=\"en_GB\" \/>\n<meta property=\"og:type\" content=\"article\" \/>\n<meta property=\"og:title\" content=\"Gabasi: Kroz godine smo razvili sna\u017enu saradnju sa AMU-om i na tome smo veoma zahvalni - dmcsrb.com\" \/>\n<meta property=\"og:description\" content=\"Vr\u0161ilac du\u017enosti \u0161efa Misije OEBS-a u Crnoj Gori \u0110ovani Gabasi, govorio je na konferenciji &quot;Medijski horizonsti: Efikansost regulatornih organa&quot;. On je istakao da je OEBS kroz godine razvio sna\u017enu saradnju sa Agencijom za audiovizelne medijske usluge.\" \/>\n<meta property=\"og:url\" content=\"https:\/\/dmcsrb.com\/en\/drustvo\/gabasi-kroz-godine-smo-razvili-snaznu-saradnju-sa-amu-om-i-na-tome-smo-veoma-zahvalni\/\" \/>\n<meta property=\"og:site_name\" content=\"dmcsrb.com\" \/>\n<meta property=\"article:published_time\" content=\"2025-11-06T08:11:21+00:00\" \/>\n<meta property=\"og:image\" content=\"https:\/\/dmcsrb.com\/wp-content\/uploads\/2026\/01\/Djovani-Gabasi.webp\" \/>\n\t<meta property=\"og:image:width\" content=\"1600\" \/>\n\t<meta property=\"og:image:height\" content=\"1200\" \/>\n\t<meta property=\"og:image:type\" content=\"image\/jpeg\" \/>\n<meta name=\"author\" content=\"dmcsrbija.com@gmail.com\" \/>\n<meta name=\"twitter:card\" content=\"summary_large_image\" \/>\n<meta name=\"twitter:label1\" content=\"Written by\" \/>\n\t<meta name=\"twitter:data1\" content=\"dmcsrbija.com@gmail.com\" \/>\n\t<meta name=\"twitter:label2\" content=\"Estimated reading time\" \/>\n\t<meta name=\"twitter:data2\" content=\"1 minute\" \/>\n<script type=\"application\/ld+json\" class=\"yoast-schema-graph\">{\"@context\":\"https:\/\/schema.org\",\"@graph\":[{\"@type\":\"Article\",\"@id\":\"https:\/\/dmcsrb.com\/drustvo\/gabasi-kroz-godine-smo-razvili-snaznu-saradnju-sa-amu-om-i-na-tome-smo-veoma-zahvalni\/#article\",\"isPartOf\":{\"@id\":\"https:\/\/dmcsrb.com\/drustvo\/gabasi-kroz-godine-smo-razvili-snaznu-saradnju-sa-amu-om-i-na-tome-smo-veoma-zahvalni\/\"},\"author\":{\"name\":\"dmcsrbija.com@gmail.com\",\"@id\":\"https:\/\/dmcsrb.com\/#\/schema\/person\/5c39170f12db1b8b457732d0b5c854e2\"},\"headline\":\"Gabasi: Kroz godine smo razvili sna\u017enu saradnju sa AMU-om i na tome smo veoma zahvalni\",\"datePublished\":\"2025-11-06T08:11:21+00:00\",\"mainEntityOfPage\":{\"@id\":\"https:\/\/dmcsrb.com\/drustvo\/gabasi-kroz-godine-smo-razvili-snaznu-saradnju-sa-amu-om-i-na-tome-smo-veoma-zahvalni\/\"},\"wordCount\":133,\"commentCount\":0,\"image\":{\"@id\":\"https:\/\/dmcsrb.com\/drustvo\/gabasi-kroz-godine-smo-razvili-snaznu-saradnju-sa-amu-om-i-na-tome-smo-veoma-zahvalni\/#primaryimage\"},\"thumbnailUrl\":\"https:\/\/dmcsrb.com\/wp-content\/uploads\/2026\/01\/Djovani-Gabasi.webp\",\"keywords\":[\"AMU\",\"Crna Gora\",\"\u0110ovani Gabasi\",\"OEBS\"],\"articleSection\":[\"Dru\u0161tvo\"],\"inLanguage\":\"en-GB\",\"potentialAction\":[{\"@type\":\"CommentAction\",\"name\":\"Comment\",\"target\":[\"https:\/\/dmcsrb.com\/drustvo\/gabasi-kroz-godine-smo-razvili-snaznu-saradnju-sa-amu-om-i-na-tome-smo-veoma-zahvalni\/#respond\"]}]},{\"@type\":\"WebPage\",\"@id\":\"https:\/\/dmcsrb.com\/drustvo\/gabasi-kroz-godine-smo-razvili-snaznu-saradnju-sa-amu-om-i-na-tome-smo-veoma-zahvalni\/\",\"url\":\"https:\/\/dmcsrb.com\/drustvo\/gabasi-kroz-godine-smo-razvili-snaznu-saradnju-sa-amu-om-i-na-tome-smo-veoma-zahvalni\/\",\"name\":\"Gabasi: Kroz godine smo razvili sna\u017enu saradnju sa AMU-om i na tome smo veoma zahvalni - dmcsrb.com\",\"isPartOf\":{\"@id\":\"https:\/\/dmcsrb.com\/#website\"},\"primaryImageOfPage\":{\"@id\":\"https:\/\/dmcsrb.com\/drustvo\/gabasi-kroz-godine-smo-razvili-snaznu-saradnju-sa-amu-om-i-na-tome-smo-veoma-zahvalni\/#primaryimage\"},\"image\":{\"@id\":\"https:\/\/dmcsrb.com\/drustvo\/gabasi-kroz-godine-smo-razvili-snaznu-saradnju-sa-amu-om-i-na-tome-smo-veoma-zahvalni\/#primaryimage\"},\"thumbnailUrl\":\"https:\/\/dmcsrb.com\/wp-content\/uploads\/2026\/01\/Djovani-Gabasi.webp\",\"datePublished\":\"2025-11-06T08:11:21+00:00\",\"author\":{\"@id\":\"https:\/\/dmcsrb.com\/#\/schema\/person\/5c39170f12db1b8b457732d0b5c854e2\"},\"breadcrumb\":{\"@id\":\"https:\/\/dmcsrb.com\/drustvo\/gabasi-kroz-godine-smo-razvili-snaznu-saradnju-sa-amu-om-i-na-tome-smo-veoma-zahvalni\/#breadcrumb\"},\"inLanguage\":\"en-GB\",\"potentialAction\":[{\"@type\":\"ReadAction\",\"target\":[\"https:\/\/dmcsrb.com\/drustvo\/gabasi-kroz-godine-smo-razvili-snaznu-saradnju-sa-amu-om-i-na-tome-smo-veoma-zahvalni\/\"]}]},{\"@type\":\"ImageObject\",\"inLanguage\":\"en-GB\",\"@id\":\"https:\/\/dmcsrb.com\/drustvo\/gabasi-kroz-godine-smo-razvili-snaznu-saradnju-sa-amu-om-i-na-tome-smo-veoma-zahvalni\/#primaryimage\",\"url\":\"https:\/\/dmcsrb.com\/wp-content\/uploads\/2026\/01\/Djovani-Gabasi.webp\",\"contentUrl\":\"https:\/\/dmcsrb.com\/wp-content\/uploads\/2026\/01\/Djovani-Gabasi.webp\",\"width\":1600,\"height\":1200},{\"@type\":\"BreadcrumbList\",\"@id\":\"https:\/\/dmcsrb.com\/drustvo\/gabasi-kroz-godine-smo-razvili-snaznu-saradnju-sa-amu-om-i-na-tome-smo-veoma-zahvalni\/#breadcrumb\",\"itemListElement\":[{\"@type\":\"ListItem\",\"position\":1,\"name\":\"Home\",\"item\":\"https:\/\/dmcsrb.com\/\"},{\"@type\":\"ListItem\",\"position\":2,\"name\":\"Gabasi: Kroz godine smo razvili sna\u017enu saradnju sa AMU-om i na tome smo veoma zahvalni\"}]},{\"@type\":\"WebSite\",\"@id\":\"https:\/\/dmcsrb.com\/#website\",\"url\":\"https:\/\/dmcsrb.com\/\",\"name\":\"dmcsrb.com\",\"description\":\"\",\"potentialAction\":[{\"@type\":\"SearchAction\",\"target\":{\"@type\":\"EntryPoint\",\"urlTemplate\":\"https:\/\/dmcsrb.com\/?s={search_term_string}\"},\"query-input\":{\"@type\":\"PropertyValueSpecification\",\"valueRequired\":true,\"valueName\":\"search_term_string\"}}],\"inLanguage\":\"en-GB\"},{\"@type\":\"Person\",\"@id\":\"https:\/\/dmcsrb.com\/#\/schema\/person\/5c39170f12db1b8b457732d0b5c854e2\",\"name\":\"dmcsrbija.com@gmail.com\",\"image\":{\"@type\":\"ImageObject\",\"inLanguage\":\"en-GB\",\"@id\":\"https:\/\/dmcsrb.com\/#\/schema\/person\/image\/\",\"url\":\"https:\/\/secure.gravatar.com\/avatar\/68592660ad6347fad0fb587f8d5d8f1a7b44961362f56e4f2cd524feb87e9069?s=96&d=mm&r=g\",\"contentUrl\":\"https:\/\/secure.gravatar.com\/avatar\/68592660ad6347fad0fb587f8d5d8f1a7b44961362f56e4f2cd524feb87e9069?s=96&d=mm&r=g\",\"caption\":\"dmcsrbija.com@gmail.com\"},\"sameAs\":[\"https:\/\/dmcsrb.com\"],\"url\":\"https:\/\/dmcsrb.com\/en\/author\/dmcsrbija-comgmail-com\/\"}]}<\/script>\n<!-- \/ Yoast SEO plugin. -->","yoast_head_json":{"title":"Gabasi: Kroz godine smo razvili sna\u017enu saradnju sa AMU-om i na tome smo veoma zahvalni - dmcsrb.com","robots":{"index":"index","follow":"follow","max-snippet":"max-snippet:-1","max-image-preview":"max-image-preview:large","max-video-preview":"max-video-preview:-1"},"canonical":"https:\/\/dmcsrb.com\/en\/drustvo\/gabasi-kroz-godine-smo-razvili-snaznu-saradnju-sa-amu-om-i-na-tome-smo-veoma-zahvalni\/","og_locale":"en_GB","og_type":"article","og_title":"Gabasi: Kroz godine smo razvili sna\u017enu saradnju sa AMU-om i na tome smo veoma zahvalni - dmcsrb.com","og_description":"Vr\u0161ilac du\u017enosti \u0161efa Misije OEBS-a u Crnoj Gori \u0110ovani Gabasi, govorio je na konferenciji \"Medijski horizonsti: Efikansost regulatornih organa\". On je istakao da je OEBS kroz godine razvio sna\u017enu saradnju sa Agencijom za audiovizelne medijske usluge.","og_url":"https:\/\/dmcsrb.com\/en\/drustvo\/gabasi-kroz-godine-smo-razvili-snaznu-saradnju-sa-amu-om-i-na-tome-smo-veoma-zahvalni\/","og_site_name":"dmcsrb.com","article_published_time":"2025-11-06T08:11:21+00:00","og_image":[{"width":1600,"height":1200,"url":"https:\/\/dmcsrb.com\/wp-content\/uploads\/2026\/01\/Djovani-Gabasi.webp","type":"image\/jpeg"}],"author":"dmcsrbija.com@gmail.com","twitter_card":"summary_large_image","twitter_misc":{"Written by":"dmcsrbija.com@gmail.com","Estimated reading time":"1 minute"},"schema":{"@context":"https:\/\/schema.org","@graph":[{"@type":"Article","@id":"https:\/\/dmcsrb.com\/drustvo\/gabasi-kroz-godine-smo-razvili-snaznu-saradnju-sa-amu-om-i-na-tome-smo-veoma-zahvalni\/#article","isPartOf":{"@id":"https:\/\/dmcsrb.com\/drustvo\/gabasi-kroz-godine-smo-razvili-snaznu-saradnju-sa-amu-om-i-na-tome-smo-veoma-zahvalni\/"},"author":{"name":"dmcsrbija.com@gmail.com","@id":"https:\/\/dmcsrb.com\/#\/schema\/person\/5c39170f12db1b8b457732d0b5c854e2"},"headline":"Gabasi: Kroz godine smo razvili sna\u017enu saradnju sa AMU-om i na tome smo veoma zahvalni","datePublished":"2025-11-06T08:11:21+00:00","mainEntityOfPage":{"@id":"https:\/\/dmcsrb.com\/drustvo\/gabasi-kroz-godine-smo-razvili-snaznu-saradnju-sa-amu-om-i-na-tome-smo-veoma-zahvalni\/"},"wordCount":133,"commentCount":0,"image":{"@id":"https:\/\/dmcsrb.com\/drustvo\/gabasi-kroz-godine-smo-razvili-snaznu-saradnju-sa-amu-om-i-na-tome-smo-veoma-zahvalni\/#primaryimage"},"thumbnailUrl":"https:\/\/dmcsrb.com\/wp-content\/uploads\/2026\/01\/Djovani-Gabasi.webp","keywords":["AMU","Crna Gora","\u0110ovani Gabasi","OEBS"],"articleSection":["Dru\u0161tvo"],"inLanguage":"en-GB","potentialAction":[{"@type":"CommentAction","name":"Comment","target":["https:\/\/dmcsrb.com\/drustvo\/gabasi-kroz-godine-smo-razvili-snaznu-saradnju-sa-amu-om-i-na-tome-smo-veoma-zahvalni\/#respond"]}]},{"@type":"WebPage","@id":"https:\/\/dmcsrb.com\/drustvo\/gabasi-kroz-godine-smo-razvili-snaznu-saradnju-sa-amu-om-i-na-tome-smo-veoma-zahvalni\/","url":"https:\/\/dmcsrb.com\/drustvo\/gabasi-kroz-godine-smo-razvili-snaznu-saradnju-sa-amu-om-i-na-tome-smo-veoma-zahvalni\/","name":"Gabasi: Kroz godine smo razvili sna\u017enu saradnju sa AMU-om i na tome smo veoma zahvalni - dmcsrb.com","isPartOf":{"@id":"https:\/\/dmcsrb.com\/#website"},"primaryImageOfPage":{"@id":"https:\/\/dmcsrb.com\/drustvo\/gabasi-kroz-godine-smo-razvili-snaznu-saradnju-sa-amu-om-i-na-tome-smo-veoma-zahvalni\/#primaryimage"},"image":{"@id":"https:\/\/dmcsrb.com\/drustvo\/gabasi-kroz-godine-smo-razvili-snaznu-saradnju-sa-amu-om-i-na-tome-smo-veoma-zahvalni\/#primaryimage"},"thumbnailUrl":"https:\/\/dmcsrb.com\/wp-content\/uploads\/2026\/01\/Djovani-Gabasi.webp","datePublished":"2025-11-06T08:11:21+00:00","author":{"@id":"https:\/\/dmcsrb.com\/#\/schema\/person\/5c39170f12db1b8b457732d0b5c854e2"},"breadcrumb":{"@id":"https:\/\/dmcsrb.com\/drustvo\/gabasi-kroz-godine-smo-razvili-snaznu-saradnju-sa-amu-om-i-na-tome-smo-veoma-zahvalni\/#breadcrumb"},"inLanguage":"en-GB","potentialAction":[{"@type":"ReadAction","target":["https:\/\/dmcsrb.com\/drustvo\/gabasi-kroz-godine-smo-razvili-snaznu-saradnju-sa-amu-om-i-na-tome-smo-veoma-zahvalni\/"]}]},{"@type":"ImageObject","inLanguage":"en-GB","@id":"https:\/\/dmcsrb.com\/drustvo\/gabasi-kroz-godine-smo-razvili-snaznu-saradnju-sa-amu-om-i-na-tome-smo-veoma-zahvalni\/#primaryimage","url":"https:\/\/dmcsrb.com\/wp-content\/uploads\/2026\/01\/Djovani-Gabasi.webp","contentUrl":"https:\/\/dmcsrb.com\/wp-content\/uploads\/2026\/01\/Djovani-Gabasi.webp","width":1600,"height":1200},{"@type":"BreadcrumbList","@id":"https:\/\/dmcsrb.com\/drustvo\/gabasi-kroz-godine-smo-razvili-snaznu-saradnju-sa-amu-om-i-na-tome-smo-veoma-zahvalni\/#breadcrumb","itemListElement":[{"@type":"ListItem","position":1,"name":"Home","item":"https:\/\/dmcsrb.com\/"},{"@type":"ListItem","position":2,"name":"Gabasi: Kroz godine smo razvili sna\u017enu saradnju sa AMU-om i na tome smo veoma zahvalni"}]},{"@type":"WebSite","@id":"https:\/\/dmcsrb.com\/#website","url":"https:\/\/dmcsrb.com\/","name":"dmcsrb.com","description":"","potentialAction":[{"@type":"SearchAction","target":{"@type":"EntryPoint","urlTemplate":"https:\/\/dmcsrb.com\/?s={search_term_string}"},"query-input":{"@type":"PropertyValueSpecification","valueRequired":true,"valueName":"search_term_string"}}],"inLanguage":"en-GB"},{"@type":"Person","@id":"https:\/\/dmcsrb.com\/#\/schema\/person\/5c39170f12db1b8b457732d0b5c854e2","name":"dmcsrbija.com@gmail.com","image":{"@type":"ImageObject","inLanguage":"en-GB","@id":"https:\/\/dmcsrb.com\/#\/schema\/person\/image\/","url":"https:\/\/secure.gravatar.com\/avatar\/68592660ad6347fad0fb587f8d5d8f1a7b44961362f56e4f2cd524feb87e9069?s=96&d=mm&r=g","contentUrl":"https:\/\/secure.gravatar.com\/avatar\/68592660ad6347fad0fb587f8d5d8f1a7b44961362f56e4f2cd524feb87e9069?s=96&d=mm&r=g","caption":"dmcsrbija.com@gmail.com"},"sameAs":["https:\/\/dmcsrb.com"],"url":"https:\/\/dmcsrb.com\/en\/author\/dmcsrbija-comgmail-com\/"}]}},"_links":{"self":[{"href":"https:\/\/dmcsrb.com\/en\/wp-json\/wp\/v2\/posts\/962227","targetHints":{"allow":["GET"]}}],"collection":[{"href":"https:\/\/dmcsrb.com\/en\/wp-json\/wp\/v2\/posts"}],"about":[{"href":"https:\/\/dmcsrb.com\/en\/wp-json\/wp\/v2\/types\/post"}],"author":[{"embeddable":true,"href":"https:\/\/dmcsrb.com\/en\/wp-json\/wp\/v2\/users\/1"}],"replies":[{"embeddable":true,"href":"https:\/\/dmcsrb.com\/en\/wp-json\/wp\/v2\/comments?post=962227"}],"version-history":[{"count":0,"href":"https:\/\/dmcsrb.com\/en\/wp-json\/wp\/v2\/posts\/962227\/revisions"}],"wp:featuredmedia":[{"embeddable":true,"href":"https:\/\/dmcsrb.com\/en\/wp-json\/wp\/v2\/media\/962228"}],"wp:attachment":[{"href":"https:\/\/dmcsrb.com\/en\/wp-json\/wp\/v2\/media?parent=962227"}],"wp:term":[{"taxonomy":"category","embeddable":true,"href":"https:\/\/dmcsrb.com\/en\/wp-json\/wp\/v2\/categories?post=962227"},{"taxonomy":"post_tag","embeddable":true,"href":"https:\/\/dmcsrb.com\/en\/wp-json\/wp\/v2\/tags?post=962227"},{"taxonomy":"naslovna","embeddable":true,"href":"https:\/\/dmcsrb.com\/en\/wp-json\/wp\/v2\/naslovna?post=962227"}],"curies":[{"name":"wp","href":"https:\/\/api.w.org\/{rel}","templated":true}]}}