{"id":962212,"date":"2025-11-06T07:25:00","date_gmt":"2025-11-06T06:25:00","guid":{"rendered":"https:\/\/dmcsrb.com\/uncategorized\/u-crnoj-gori-dan-zalost-povodom-tragedije-u-tuzli\/"},"modified":"2025-11-06T07:25:00","modified_gmt":"2025-11-06T06:25:00","slug":"u-crnoj-gori-dan-zalost-povodom-tragedije-u-tuzli","status":"publish","type":"post","link":"https:\/\/dmcsrb.com\/en\/hronika\/u-crnoj-gori-dan-zalost-povodom-tragedije-u-tuzli\/","title":{"rendered":"U Crnoj Gori dan \u017ealost povodom tragedije u Tuzli"},"content":{"rendered":"<p>U Crnoj Gori danas je dan \u017ealosti, povodom pogibije 11 osoba u po\u017earu u Domu penzionera u Tuzli, odlu\u010dila je Vlada.<\/p>\n\n\n\n<p>U velikom po\u017earu u Domu penzionera u Tuzli stradalo je 11 \u0161ti\u0107enika te ustanove, dok je 30 osoba povrije\u0111eno.<\/p>\n\n\n\n<p>Iz Vlade Crne Gore su rekli da je odluka o progla\u0161enju dana \u017ealosti donijeta na telefonskoj sjednici, a na osnovu pribavljenih saglasnosti ve\u0107ine \u010dlanova.<\/p>\n\n\n\n<p>\u201cNa dan \u017ealosti, u skladu sa Zakonom o dr\u017eavnim simbolima i Danu dr\u017eavnosti, zastave \u0107e biti spu\u0161tene na pola koplja na svim zgradama dr\u017eavnih organa i zgradama organa lokalne samouprave i javnih ustanova\u201d, ka\u017ee se u saop\u0161tenju.<\/p>\n\n\n\n<p>Navodi se da se, u skladu sa Odlukom, na dan \u017ealosti na javnim mjestima ne\u0107e odr\u017eavati programi javnog, kulturnog i zabavnog karaktera, a u ugostiteljskim objektima se ne\u0107e emitovati muzika.<\/p>\n\n\n\n<p>\u201cElektronski i drugi mediji du\u017eni su svoje programske sadr\u017eaje prilagoditi obilje\u017eavanju dana \u017ealosti\u201d, dodaje se u saop\u0161tenju.<\/p>\n\n\n\n<p>Premijer Milojko Spaji\u0107 I \u010dlanovi Vlade uputili su sau\u010de\u0161\u0107e porodicama stradalih, gradona\u010delniku Tuzle Zijadu Lugavi\u0107u i sugra\u0111anima, kao i predsjednici Vije\u0107a ministara Borjani Kri\u0161to i svim gra\u0111anima BiH.<\/p>","protected":false},"excerpt":{"rendered":"<p>U Crnoj Gori danas je dan \u017ealosti, povodom pogibije 11 osoba u po\u017earu u Domu penzionera u Tuzli, odlu\u010dila je Vlada.<\/p>","protected":false},"author":1,"featured_media":962213,"comment_status":"open","ping_status":"open","sticky":false,"template":"","format":"standard","meta":{"_acf_changed":false,"footnotes":""},"categories":[17],"tags":[84,95,6833,2958],"naslovna":[],"class_list":["post-962212","post","type-post","status-publish","format-standard","has-post-thumbnail","hentry","category-hronika","tag-bih","tag-crna-gora","tag-dan-zalosti","tag-tragedija"],"acf":[],"yoast_head":"<!-- This site is optimized with the Yoast SEO plugin v27.0 - https:\/\/yoast.com\/product\/yoast-seo-wordpress\/ -->\n<title>U Crnoj Gori dan \u017ealost povodom tragedije u Tuzli - dmcsrb.com<\/title>\n<meta name=\"robots\" content=\"index, follow, max-snippet:-1, max-image-preview:large, max-video-preview:-1\" \/>\n<link rel=\"canonical\" href=\"https:\/\/dmcsrb.com\/en\/hronika\/u-crnoj-gori-dan-zalost-povodom-tragedije-u-tuzli\/\" \/>\n<meta property=\"og:locale\" content=\"en_GB\" \/>\n<meta property=\"og:type\" content=\"article\" \/>\n<meta property=\"og:title\" content=\"U Crnoj Gori dan \u017ealost povodom tragedije u Tuzli - dmcsrb.com\" \/>\n<meta property=\"og:description\" content=\"U Crnoj Gori danas je dan \u017ealosti, povodom pogibije 11 osoba u po\u017earu u Domu penzionera u Tuzli, odlu\u010dila je Vlada.\" \/>\n<meta property=\"og:url\" content=\"https:\/\/dmcsrb.com\/en\/hronika\/u-crnoj-gori-dan-zalost-povodom-tragedije-u-tuzli\/\" \/>\n<meta property=\"og:site_name\" content=\"dmcsrb.com\" \/>\n<meta property=\"article:published_time\" content=\"2025-11-06T06:25:00+00:00\" \/>\n<meta property=\"og:image\" content=\"https:\/\/dmcsrb.com\/wp-content\/uploads\/2026\/01\/candle-2038736_640.webp\" \/>\n\t<meta property=\"og:image:width\" content=\"640\" \/>\n\t<meta property=\"og:image:height\" content=\"427\" \/>\n\t<meta property=\"og:image:type\" content=\"image\/jpeg\" \/>\n<meta name=\"author\" content=\"dmcsrbija.com@gmail.com\" \/>\n<meta name=\"twitter:card\" content=\"summary_large_image\" \/>\n<meta name=\"twitter:label1\" content=\"Written by\" \/>\n\t<meta name=\"twitter:data1\" content=\"dmcsrbija.com@gmail.com\" \/>\n\t<meta name=\"twitter:label2\" content=\"Estimated reading time\" \/>\n\t<meta name=\"twitter:data2\" content=\"1 minute\" \/>\n<script type=\"application\/ld+json\" class=\"yoast-schema-graph\">{\"@context\":\"https:\/\/schema.org\",\"@graph\":[{\"@type\":\"Article\",\"@id\":\"https:\/\/dmcsrb.com\/hronika\/u-crnoj-gori-dan-zalost-povodom-tragedije-u-tuzli\/#article\",\"isPartOf\":{\"@id\":\"https:\/\/dmcsrb.com\/hronika\/u-crnoj-gori-dan-zalost-povodom-tragedije-u-tuzli\/\"},\"author\":{\"name\":\"dmcsrbija.com@gmail.com\",\"@id\":\"https:\/\/dmcsrb.com\/#\/schema\/person\/5c39170f12db1b8b457732d0b5c854e2\"},\"headline\":\"U Crnoj Gori dan \u017ealost povodom tragedije u Tuzli\",\"datePublished\":\"2025-11-06T06:25:00+00:00\",\"mainEntityOfPage\":{\"@id\":\"https:\/\/dmcsrb.com\/hronika\/u-crnoj-gori-dan-zalost-povodom-tragedije-u-tuzli\/\"},\"wordCount\":210,\"commentCount\":0,\"image\":{\"@id\":\"https:\/\/dmcsrb.com\/hronika\/u-crnoj-gori-dan-zalost-povodom-tragedije-u-tuzli\/#primaryimage\"},\"thumbnailUrl\":\"https:\/\/dmcsrb.com\/wp-content\/uploads\/2026\/01\/candle-2038736_640.webp\",\"keywords\":[\"BiH\",\"Crna Gora\",\"dan \u017ealosti\",\"tragedija\"],\"articleSection\":[\"Hronika\"],\"inLanguage\":\"en-GB\",\"potentialAction\":[{\"@type\":\"CommentAction\",\"name\":\"Comment\",\"target\":[\"https:\/\/dmcsrb.com\/hronika\/u-crnoj-gori-dan-zalost-povodom-tragedije-u-tuzli\/#respond\"]}]},{\"@type\":\"WebPage\",\"@id\":\"https:\/\/dmcsrb.com\/hronika\/u-crnoj-gori-dan-zalost-povodom-tragedije-u-tuzli\/\",\"url\":\"https:\/\/dmcsrb.com\/hronika\/u-crnoj-gori-dan-zalost-povodom-tragedije-u-tuzli\/\",\"name\":\"U Crnoj Gori dan \u017ealost povodom tragedije u Tuzli - dmcsrb.com\",\"isPartOf\":{\"@id\":\"https:\/\/dmcsrb.com\/#website\"},\"primaryImageOfPage\":{\"@id\":\"https:\/\/dmcsrb.com\/hronika\/u-crnoj-gori-dan-zalost-povodom-tragedije-u-tuzli\/#primaryimage\"},\"image\":{\"@id\":\"https:\/\/dmcsrb.com\/hronika\/u-crnoj-gori-dan-zalost-povodom-tragedije-u-tuzli\/#primaryimage\"},\"thumbnailUrl\":\"https:\/\/dmcsrb.com\/wp-content\/uploads\/2026\/01\/candle-2038736_640.webp\",\"datePublished\":\"2025-11-06T06:25:00+00:00\",\"author\":{\"@id\":\"https:\/\/dmcsrb.com\/#\/schema\/person\/5c39170f12db1b8b457732d0b5c854e2\"},\"breadcrumb\":{\"@id\":\"https:\/\/dmcsrb.com\/hronika\/u-crnoj-gori-dan-zalost-povodom-tragedije-u-tuzli\/#breadcrumb\"},\"inLanguage\":\"en-GB\",\"potentialAction\":[{\"@type\":\"ReadAction\",\"target\":[\"https:\/\/dmcsrb.com\/hronika\/u-crnoj-gori-dan-zalost-povodom-tragedije-u-tuzli\/\"]}]},{\"@type\":\"ImageObject\",\"inLanguage\":\"en-GB\",\"@id\":\"https:\/\/dmcsrb.com\/hronika\/u-crnoj-gori-dan-zalost-povodom-tragedije-u-tuzli\/#primaryimage\",\"url\":\"https:\/\/dmcsrb.com\/wp-content\/uploads\/2026\/01\/candle-2038736_640.webp\",\"contentUrl\":\"https:\/\/dmcsrb.com\/wp-content\/uploads\/2026\/01\/candle-2038736_640.webp\",\"width\":640,\"height\":427},{\"@type\":\"BreadcrumbList\",\"@id\":\"https:\/\/dmcsrb.com\/hronika\/u-crnoj-gori-dan-zalost-povodom-tragedije-u-tuzli\/#breadcrumb\",\"itemListElement\":[{\"@type\":\"ListItem\",\"position\":1,\"name\":\"Home\",\"item\":\"https:\/\/dmcsrb.com\/\"},{\"@type\":\"ListItem\",\"position\":2,\"name\":\"U Crnoj Gori dan \u017ealost povodom tragedije u Tuzli\"}]},{\"@type\":\"WebSite\",\"@id\":\"https:\/\/dmcsrb.com\/#website\",\"url\":\"https:\/\/dmcsrb.com\/\",\"name\":\"dmcsrb.com\",\"description\":\"\",\"potentialAction\":[{\"@type\":\"SearchAction\",\"target\":{\"@type\":\"EntryPoint\",\"urlTemplate\":\"https:\/\/dmcsrb.com\/?s={search_term_string}\"},\"query-input\":{\"@type\":\"PropertyValueSpecification\",\"valueRequired\":true,\"valueName\":\"search_term_string\"}}],\"inLanguage\":\"en-GB\"},{\"@type\":\"Person\",\"@id\":\"https:\/\/dmcsrb.com\/#\/schema\/person\/5c39170f12db1b8b457732d0b5c854e2\",\"name\":\"dmcsrbija.com@gmail.com\",\"image\":{\"@type\":\"ImageObject\",\"inLanguage\":\"en-GB\",\"@id\":\"https:\/\/dmcsrb.com\/#\/schema\/person\/image\/\",\"url\":\"https:\/\/secure.gravatar.com\/avatar\/68592660ad6347fad0fb587f8d5d8f1a7b44961362f56e4f2cd524feb87e9069?s=96&d=mm&r=g\",\"contentUrl\":\"https:\/\/secure.gravatar.com\/avatar\/68592660ad6347fad0fb587f8d5d8f1a7b44961362f56e4f2cd524feb87e9069?s=96&d=mm&r=g\",\"caption\":\"dmcsrbija.com@gmail.com\"},\"sameAs\":[\"https:\/\/dmcsrb.com\"],\"url\":\"https:\/\/dmcsrb.com\/en\/author\/dmcsrbija-comgmail-com\/\"}]}<\/script>\n<!-- \/ Yoast SEO plugin. -->","yoast_head_json":{"title":"U Crnoj Gori dan \u017ealost povodom tragedije u Tuzli - dmcsrb.com","robots":{"index":"index","follow":"follow","max-snippet":"max-snippet:-1","max-image-preview":"max-image-preview:large","max-video-preview":"max-video-preview:-1"},"canonical":"https:\/\/dmcsrb.com\/en\/hronika\/u-crnoj-gori-dan-zalost-povodom-tragedije-u-tuzli\/","og_locale":"en_GB","og_type":"article","og_title":"U Crnoj Gori dan \u017ealost povodom tragedije u Tuzli - dmcsrb.com","og_description":"U Crnoj Gori danas je dan \u017ealosti, povodom pogibije 11 osoba u po\u017earu u Domu penzionera u Tuzli, odlu\u010dila je Vlada.","og_url":"https:\/\/dmcsrb.com\/en\/hronika\/u-crnoj-gori-dan-zalost-povodom-tragedije-u-tuzli\/","og_site_name":"dmcsrb.com","article_published_time":"2025-11-06T06:25:00+00:00","og_image":[{"width":640,"height":427,"url":"https:\/\/dmcsrb.com\/wp-content\/uploads\/2026\/01\/candle-2038736_640.webp","type":"image\/jpeg"}],"author":"dmcsrbija.com@gmail.com","twitter_card":"summary_large_image","twitter_misc":{"Written by":"dmcsrbija.com@gmail.com","Estimated reading time":"1 minute"},"schema":{"@context":"https:\/\/schema.org","@graph":[{"@type":"Article","@id":"https:\/\/dmcsrb.com\/hronika\/u-crnoj-gori-dan-zalost-povodom-tragedije-u-tuzli\/#article","isPartOf":{"@id":"https:\/\/dmcsrb.com\/hronika\/u-crnoj-gori-dan-zalost-povodom-tragedije-u-tuzli\/"},"author":{"name":"dmcsrbija.com@gmail.com","@id":"https:\/\/dmcsrb.com\/#\/schema\/person\/5c39170f12db1b8b457732d0b5c854e2"},"headline":"U Crnoj Gori dan \u017ealost povodom tragedije u Tuzli","datePublished":"2025-11-06T06:25:00+00:00","mainEntityOfPage":{"@id":"https:\/\/dmcsrb.com\/hronika\/u-crnoj-gori-dan-zalost-povodom-tragedije-u-tuzli\/"},"wordCount":210,"commentCount":0,"image":{"@id":"https:\/\/dmcsrb.com\/hronika\/u-crnoj-gori-dan-zalost-povodom-tragedije-u-tuzli\/#primaryimage"},"thumbnailUrl":"https:\/\/dmcsrb.com\/wp-content\/uploads\/2026\/01\/candle-2038736_640.webp","keywords":["BiH","Crna Gora","dan \u017ealosti","tragedija"],"articleSection":["Hronika"],"inLanguage":"en-GB","potentialAction":[{"@type":"CommentAction","name":"Comment","target":["https:\/\/dmcsrb.com\/hronika\/u-crnoj-gori-dan-zalost-povodom-tragedije-u-tuzli\/#respond"]}]},{"@type":"WebPage","@id":"https:\/\/dmcsrb.com\/hronika\/u-crnoj-gori-dan-zalost-povodom-tragedije-u-tuzli\/","url":"https:\/\/dmcsrb.com\/hronika\/u-crnoj-gori-dan-zalost-povodom-tragedije-u-tuzli\/","name":"U Crnoj Gori dan \u017ealost povodom tragedije u Tuzli - dmcsrb.com","isPartOf":{"@id":"https:\/\/dmcsrb.com\/#website"},"primaryImageOfPage":{"@id":"https:\/\/dmcsrb.com\/hronika\/u-crnoj-gori-dan-zalost-povodom-tragedije-u-tuzli\/#primaryimage"},"image":{"@id":"https:\/\/dmcsrb.com\/hronika\/u-crnoj-gori-dan-zalost-povodom-tragedije-u-tuzli\/#primaryimage"},"thumbnailUrl":"https:\/\/dmcsrb.com\/wp-content\/uploads\/2026\/01\/candle-2038736_640.webp","datePublished":"2025-11-06T06:25:00+00:00","author":{"@id":"https:\/\/dmcsrb.com\/#\/schema\/person\/5c39170f12db1b8b457732d0b5c854e2"},"breadcrumb":{"@id":"https:\/\/dmcsrb.com\/hronika\/u-crnoj-gori-dan-zalost-povodom-tragedije-u-tuzli\/#breadcrumb"},"inLanguage":"en-GB","potentialAction":[{"@type":"ReadAction","target":["https:\/\/dmcsrb.com\/hronika\/u-crnoj-gori-dan-zalost-povodom-tragedije-u-tuzli\/"]}]},{"@type":"ImageObject","inLanguage":"en-GB","@id":"https:\/\/dmcsrb.com\/hronika\/u-crnoj-gori-dan-zalost-povodom-tragedije-u-tuzli\/#primaryimage","url":"https:\/\/dmcsrb.com\/wp-content\/uploads\/2026\/01\/candle-2038736_640.webp","contentUrl":"https:\/\/dmcsrb.com\/wp-content\/uploads\/2026\/01\/candle-2038736_640.webp","width":640,"height":427},{"@type":"BreadcrumbList","@id":"https:\/\/dmcsrb.com\/hronika\/u-crnoj-gori-dan-zalost-povodom-tragedije-u-tuzli\/#breadcrumb","itemListElement":[{"@type":"ListItem","position":1,"name":"Home","item":"https:\/\/dmcsrb.com\/"},{"@type":"ListItem","position":2,"name":"U Crnoj Gori dan \u017ealost povodom tragedije u Tuzli"}]},{"@type":"WebSite","@id":"https:\/\/dmcsrb.com\/#website","url":"https:\/\/dmcsrb.com\/","name":"dmcsrb.com","description":"","potentialAction":[{"@type":"SearchAction","target":{"@type":"EntryPoint","urlTemplate":"https:\/\/dmcsrb.com\/?s={search_term_string}"},"query-input":{"@type":"PropertyValueSpecification","valueRequired":true,"valueName":"search_term_string"}}],"inLanguage":"en-GB"},{"@type":"Person","@id":"https:\/\/dmcsrb.com\/#\/schema\/person\/5c39170f12db1b8b457732d0b5c854e2","name":"dmcsrbija.com@gmail.com","image":{"@type":"ImageObject","inLanguage":"en-GB","@id":"https:\/\/dmcsrb.com\/#\/schema\/person\/image\/","url":"https:\/\/secure.gravatar.com\/avatar\/68592660ad6347fad0fb587f8d5d8f1a7b44961362f56e4f2cd524feb87e9069?s=96&d=mm&r=g","contentUrl":"https:\/\/secure.gravatar.com\/avatar\/68592660ad6347fad0fb587f8d5d8f1a7b44961362f56e4f2cd524feb87e9069?s=96&d=mm&r=g","caption":"dmcsrbija.com@gmail.com"},"sameAs":["https:\/\/dmcsrb.com"],"url":"https:\/\/dmcsrb.com\/en\/author\/dmcsrbija-comgmail-com\/"}]}},"_links":{"self":[{"href":"https:\/\/dmcsrb.com\/en\/wp-json\/wp\/v2\/posts\/962212","targetHints":{"allow":["GET"]}}],"collection":[{"href":"https:\/\/dmcsrb.com\/en\/wp-json\/wp\/v2\/posts"}],"about":[{"href":"https:\/\/dmcsrb.com\/en\/wp-json\/wp\/v2\/types\/post"}],"author":[{"embeddable":true,"href":"https:\/\/dmcsrb.com\/en\/wp-json\/wp\/v2\/users\/1"}],"replies":[{"embeddable":true,"href":"https:\/\/dmcsrb.com\/en\/wp-json\/wp\/v2\/comments?post=962212"}],"version-history":[{"count":0,"href":"https:\/\/dmcsrb.com\/en\/wp-json\/wp\/v2\/posts\/962212\/revisions"}],"wp:featuredmedia":[{"embeddable":true,"href":"https:\/\/dmcsrb.com\/en\/wp-json\/wp\/v2\/media\/962213"}],"wp:attachment":[{"href":"https:\/\/dmcsrb.com\/en\/wp-json\/wp\/v2\/media?parent=962212"}],"wp:term":[{"taxonomy":"category","embeddable":true,"href":"https:\/\/dmcsrb.com\/en\/wp-json\/wp\/v2\/categories?post=962212"},{"taxonomy":"post_tag","embeddable":true,"href":"https:\/\/dmcsrb.com\/en\/wp-json\/wp\/v2\/tags?post=962212"},{"taxonomy":"naslovna","embeddable":true,"href":"https:\/\/dmcsrb.com\/en\/wp-json\/wp\/v2\/naslovna?post=962212"}],"curies":[{"name":"wp","href":"https:\/\/api.w.org\/{rel}","templated":true}]}}