{"id":962196,"date":"2025-11-05T20:27:03","date_gmt":"2025-11-05T19:27:03","guid":{"rendered":"https:\/\/dmcsrb.com\/uncategorized\/sjutra-dan-zalosti-u-crnoj-gori-zbog-tragedije-u-bosni-i-hercegovini\/"},"modified":"2025-11-05T20:27:03","modified_gmt":"2025-11-05T19:27:03","slug":"sjutra-dan-zalosti-u-crnoj-gori-zbog-tragedije-u-bosni-i-hercegovini","status":"publish","type":"post","link":"https:\/\/dmcsrb.com\/en\/drustvo\/sjutra-dan-zalosti-u-crnoj-gori-zbog-tragedije-u-bosni-i-hercegovini\/","title":{"rendered":"Sjutra Dan \u017ealosti u Crnoj Gori zbog tragedije u Bosni i Hercegovini"},"content":{"rendered":"<p><\/p>\n\n\n\n<p>&#8220;Na dan \u017ealosti, u skladu sa Zakonom o dr\u017eavnim simbolima i Danu dr\u017eavnosti, zastave \u0107e biti spu\u0161tene na pola koplja na svim zgradama dr\u017eavnih organa i zgradama organa lokalne samouprave i javnih ustanova. U skladu sa Odlukom, na dan \u017ealosti na javnim mjestima ne\u0107e se odr\u017eavati programi javnog, kulturnog i zabavnog karaktera, a u ugostiteljskim objektima ne\u0107e se emitovati muzika&#8221;, istakli su iz Vlade.<\/p>\n\n\n\n<p>Elektronski i drugi mediji du\u017eni su svoje programske sadr\u017eaje prilagoditi obilje\u017eavanju dana \u017ealosti.<\/p>\n\n\n\n<p>&#8220;Predsjednik i \u010dlanovi Vlade Crne Gore izra\u017eavaju duboko sau\u010de\u0161\u0107e porodicama stradalih, gradona\u010delniku Tuzle Zijadu Lugavi\u0107u i sugra\u0111anima, te predsjednici Vije\u0107a ministara Borjani Kri\u0161to i svim gra\u0111anima Bosne i Hercegovine&#8221;, zaklju\u010duju.<\/p>","protected":false},"excerpt":{"rendered":"<p>Povodom stradanja gra\u0111ana i gra\u0111anki koji su tragi\u010dno izgubili \u017eivote u Bosni i Hercegovini, Vlada Crne Gore je na telefonskoj sjednici, a na osnovu pribavljenih saglasnosti ve\u0107ine \u010dlanova, donijela Odluku da \u010detvrtak, 6. novembar 2025. godine proglasi za dan \u017ealosti, navodi se u saop\u0161tenju.\u00a0<\/p>","protected":false},"author":1,"featured_media":910108,"comment_status":"open","ping_status":"open","sticky":false,"template":"","format":"standard","meta":{"_acf_changed":false,"footnotes":""},"categories":[2],"tags":[6833,855],"naslovna":[],"class_list":["post-962196","post","type-post","status-publish","format-standard","has-post-thumbnail","hentry","category-drustvo","tag-dan-zalosti","tag-vlada-cg"],"acf":[],"yoast_head":"<!-- This site is optimized with the Yoast SEO plugin v27.4 - https:\/\/yoast.com\/product\/yoast-seo-wordpress\/ -->\n<title>Sjutra Dan \u017ealosti u Crnoj Gori zbog tragedije u Bosni i Hercegovini - dmcsrb.com<\/title>\n<meta name=\"robots\" content=\"index, follow, max-snippet:-1, max-image-preview:large, max-video-preview:-1\" \/>\n<link rel=\"canonical\" href=\"https:\/\/dmcsrb.com\/en\/drustvo\/sjutra-dan-zalosti-u-crnoj-gori-zbog-tragedije-u-bosni-i-hercegovini\/\" \/>\n<meta property=\"og:locale\" content=\"en_GB\" \/>\n<meta property=\"og:type\" content=\"article\" \/>\n<meta property=\"og:title\" content=\"Sjutra Dan \u017ealosti u Crnoj Gori zbog tragedije u Bosni i Hercegovini - dmcsrb.com\" \/>\n<meta property=\"og:description\" content=\"Povodom stradanja gra\u0111ana i gra\u0111anki koji su tragi\u010dno izgubili \u017eivote u Bosni i Hercegovini, Vlada Crne Gore je na telefonskoj sjednici, a na osnovu pribavljenih saglasnosti ve\u0107ine \u010dlanova, donijela Odluku da \u010detvrtak, 6. novembar 2025. godine proglasi za dan \u017ealosti, navodi se u saop\u0161tenju.\u00a0\" \/>\n<meta property=\"og:url\" content=\"https:\/\/dmcsrb.com\/en\/drustvo\/sjutra-dan-zalosti-u-crnoj-gori-zbog-tragedije-u-bosni-i-hercegovini\/\" \/>\n<meta property=\"og:site_name\" content=\"dmcsrb.com\" \/>\n<meta property=\"article:published_time\" content=\"2025-11-05T19:27:03+00:00\" \/>\n<meta property=\"og:image\" content=\"https:\/\/dmcsrb.com\/wp-content\/uploads\/2026\/01\/vlada.jpg\" \/>\n\t<meta property=\"og:image:width\" content=\"1657\" \/>\n\t<meta property=\"og:image:height\" content=\"933\" \/>\n\t<meta property=\"og:image:type\" content=\"image\/jpeg\" \/>\n<meta name=\"author\" content=\"dmcsrbija.com@gmail.com\" \/>\n<meta name=\"twitter:card\" content=\"summary_large_image\" \/>\n<meta name=\"twitter:label1\" content=\"Written by\" \/>\n\t<meta name=\"twitter:data1\" content=\"dmcsrbija.com@gmail.com\" \/>\n\t<meta name=\"twitter:label2\" content=\"Estimated reading time\" \/>\n\t<meta name=\"twitter:data2\" content=\"1 minute\" \/>\n<script type=\"application\/ld+json\" class=\"yoast-schema-graph\">{\"@context\":\"https:\\\/\\\/schema.org\",\"@graph\":[{\"@type\":\"Article\",\"@id\":\"https:\\\/\\\/dmcsrb.com\\\/en\\\/drustvo\\\/sjutra-dan-zalosti-u-crnoj-gori-zbog-tragedije-u-bosni-i-hercegovini\\\/#article\",\"isPartOf\":{\"@id\":\"https:\\\/\\\/dmcsrb.com\\\/en\\\/drustvo\\\/sjutra-dan-zalosti-u-crnoj-gori-zbog-tragedije-u-bosni-i-hercegovini\\\/\"},\"author\":{\"name\":\"dmcsrbija.com@gmail.com\",\"@id\":\"https:\\\/\\\/dmcsrb.com\\\/#\\\/schema\\\/person\\\/5c39170f12db1b8b457732d0b5c854e2\"},\"headline\":\"Sjutra Dan \u017ealosti u Crnoj Gori zbog tragedije u Bosni i Hercegovini\",\"datePublished\":\"2025-11-05T19:27:03+00:00\",\"mainEntityOfPage\":{\"@id\":\"https:\\\/\\\/dmcsrb.com\\\/en\\\/drustvo\\\/sjutra-dan-zalosti-u-crnoj-gori-zbog-tragedije-u-bosni-i-hercegovini\\\/\"},\"wordCount\":139,\"commentCount\":0,\"image\":{\"@id\":\"https:\\\/\\\/dmcsrb.com\\\/en\\\/drustvo\\\/sjutra-dan-zalosti-u-crnoj-gori-zbog-tragedije-u-bosni-i-hercegovini\\\/#primaryimage\"},\"thumbnailUrl\":\"https:\\\/\\\/dmcsrb.com\\\/wp-content\\\/uploads\\\/2026\\\/01\\\/vlada.jpg\",\"keywords\":[\"dan \u017ealosti\",\"Vlada CG\"],\"articleSection\":[\"Dru\u0161tvo\"],\"inLanguage\":\"en-GB\",\"potentialAction\":[{\"@type\":\"CommentAction\",\"name\":\"Comment\",\"target\":[\"https:\\\/\\\/dmcsrb.com\\\/en\\\/drustvo\\\/sjutra-dan-zalosti-u-crnoj-gori-zbog-tragedije-u-bosni-i-hercegovini\\\/#respond\"]}]},{\"@type\":\"WebPage\",\"@id\":\"https:\\\/\\\/dmcsrb.com\\\/en\\\/drustvo\\\/sjutra-dan-zalosti-u-crnoj-gori-zbog-tragedije-u-bosni-i-hercegovini\\\/\",\"url\":\"https:\\\/\\\/dmcsrb.com\\\/en\\\/drustvo\\\/sjutra-dan-zalosti-u-crnoj-gori-zbog-tragedije-u-bosni-i-hercegovini\\\/\",\"name\":\"Sjutra Dan \u017ealosti u Crnoj Gori zbog tragedije u Bosni i Hercegovini - dmcsrb.com\",\"isPartOf\":{\"@id\":\"https:\\\/\\\/dmcsrb.com\\\/#website\"},\"primaryImageOfPage\":{\"@id\":\"https:\\\/\\\/dmcsrb.com\\\/en\\\/drustvo\\\/sjutra-dan-zalosti-u-crnoj-gori-zbog-tragedije-u-bosni-i-hercegovini\\\/#primaryimage\"},\"image\":{\"@id\":\"https:\\\/\\\/dmcsrb.com\\\/en\\\/drustvo\\\/sjutra-dan-zalosti-u-crnoj-gori-zbog-tragedije-u-bosni-i-hercegovini\\\/#primaryimage\"},\"thumbnailUrl\":\"https:\\\/\\\/dmcsrb.com\\\/wp-content\\\/uploads\\\/2026\\\/01\\\/vlada.jpg\",\"datePublished\":\"2025-11-05T19:27:03+00:00\",\"author\":{\"@id\":\"https:\\\/\\\/dmcsrb.com\\\/#\\\/schema\\\/person\\\/5c39170f12db1b8b457732d0b5c854e2\"},\"breadcrumb\":{\"@id\":\"https:\\\/\\\/dmcsrb.com\\\/en\\\/drustvo\\\/sjutra-dan-zalosti-u-crnoj-gori-zbog-tragedije-u-bosni-i-hercegovini\\\/#breadcrumb\"},\"inLanguage\":\"en-GB\",\"potentialAction\":[{\"@type\":\"ReadAction\",\"target\":[\"https:\\\/\\\/dmcsrb.com\\\/en\\\/drustvo\\\/sjutra-dan-zalosti-u-crnoj-gori-zbog-tragedije-u-bosni-i-hercegovini\\\/\"]}]},{\"@type\":\"ImageObject\",\"inLanguage\":\"en-GB\",\"@id\":\"https:\\\/\\\/dmcsrb.com\\\/en\\\/drustvo\\\/sjutra-dan-zalosti-u-crnoj-gori-zbog-tragedije-u-bosni-i-hercegovini\\\/#primaryimage\",\"url\":\"https:\\\/\\\/dmcsrb.com\\\/wp-content\\\/uploads\\\/2026\\\/01\\\/vlada.jpg\",\"contentUrl\":\"https:\\\/\\\/dmcsrb.com\\\/wp-content\\\/uploads\\\/2026\\\/01\\\/vlada.jpg\",\"width\":1657,\"height\":933},{\"@type\":\"BreadcrumbList\",\"@id\":\"https:\\\/\\\/dmcsrb.com\\\/en\\\/drustvo\\\/sjutra-dan-zalosti-u-crnoj-gori-zbog-tragedije-u-bosni-i-hercegovini\\\/#breadcrumb\",\"itemListElement\":[{\"@type\":\"ListItem\",\"position\":1,\"name\":\"Home\",\"item\":\"https:\\\/\\\/dmcsrb.com\\\/\"},{\"@type\":\"ListItem\",\"position\":2,\"name\":\"Sjutra Dan \u017ealosti u Crnoj Gori zbog tragedije u Bosni i Hercegovini\"}]},{\"@type\":\"WebSite\",\"@id\":\"https:\\\/\\\/dmcsrb.com\\\/#website\",\"url\":\"https:\\\/\\\/dmcsrb.com\\\/\",\"name\":\"dmcsrb.com\",\"description\":\"\",\"potentialAction\":[{\"@type\":\"SearchAction\",\"target\":{\"@type\":\"EntryPoint\",\"urlTemplate\":\"https:\\\/\\\/dmcsrb.com\\\/?s={search_term_string}\"},\"query-input\":{\"@type\":\"PropertyValueSpecification\",\"valueRequired\":true,\"valueName\":\"search_term_string\"}}],\"inLanguage\":\"en-GB\"},{\"@type\":\"Person\",\"@id\":\"https:\\\/\\\/dmcsrb.com\\\/#\\\/schema\\\/person\\\/5c39170f12db1b8b457732d0b5c854e2\",\"name\":\"dmcsrbija.com@gmail.com\",\"image\":{\"@type\":\"ImageObject\",\"inLanguage\":\"en-GB\",\"@id\":\"https:\\\/\\\/secure.gravatar.com\\\/avatar\\\/68592660ad6347fad0fb587f8d5d8f1a7b44961362f56e4f2cd524feb87e9069?s=96&d=mm&r=g\",\"url\":\"https:\\\/\\\/secure.gravatar.com\\\/avatar\\\/68592660ad6347fad0fb587f8d5d8f1a7b44961362f56e4f2cd524feb87e9069?s=96&d=mm&r=g\",\"contentUrl\":\"https:\\\/\\\/secure.gravatar.com\\\/avatar\\\/68592660ad6347fad0fb587f8d5d8f1a7b44961362f56e4f2cd524feb87e9069?s=96&d=mm&r=g\",\"caption\":\"dmcsrbija.com@gmail.com\"},\"sameAs\":[\"https:\\\/\\\/dmcsrb.com\"],\"url\":\"https:\\\/\\\/dmcsrb.com\\\/en\\\/author\\\/dmcsrbija-comgmail-com\\\/\"}]}<\/script>\n<!-- \/ Yoast SEO plugin. -->","yoast_head_json":{"title":"Sjutra Dan \u017ealosti u Crnoj Gori zbog tragedije u Bosni i Hercegovini - dmcsrb.com","robots":{"index":"index","follow":"follow","max-snippet":"max-snippet:-1","max-image-preview":"max-image-preview:large","max-video-preview":"max-video-preview:-1"},"canonical":"https:\/\/dmcsrb.com\/en\/drustvo\/sjutra-dan-zalosti-u-crnoj-gori-zbog-tragedije-u-bosni-i-hercegovini\/","og_locale":"en_GB","og_type":"article","og_title":"Sjutra Dan \u017ealosti u Crnoj Gori zbog tragedije u Bosni i Hercegovini - dmcsrb.com","og_description":"Povodom stradanja gra\u0111ana i gra\u0111anki koji su tragi\u010dno izgubili \u017eivote u Bosni i Hercegovini, Vlada Crne Gore je na telefonskoj sjednici, a na osnovu pribavljenih saglasnosti ve\u0107ine \u010dlanova, donijela Odluku da \u010detvrtak, 6. novembar 2025. godine proglasi za dan \u017ealosti, navodi se u saop\u0161tenju.\u00a0","og_url":"https:\/\/dmcsrb.com\/en\/drustvo\/sjutra-dan-zalosti-u-crnoj-gori-zbog-tragedije-u-bosni-i-hercegovini\/","og_site_name":"dmcsrb.com","article_published_time":"2025-11-05T19:27:03+00:00","og_image":[{"width":1657,"height":933,"url":"https:\/\/dmcsrb.com\/wp-content\/uploads\/2026\/01\/vlada.jpg","type":"image\/jpeg"}],"author":"dmcsrbija.com@gmail.com","twitter_card":"summary_large_image","twitter_misc":{"Written by":"dmcsrbija.com@gmail.com","Estimated reading time":"1 minute"},"schema":{"@context":"https:\/\/schema.org","@graph":[{"@type":"Article","@id":"https:\/\/dmcsrb.com\/en\/drustvo\/sjutra-dan-zalosti-u-crnoj-gori-zbog-tragedije-u-bosni-i-hercegovini\/#article","isPartOf":{"@id":"https:\/\/dmcsrb.com\/en\/drustvo\/sjutra-dan-zalosti-u-crnoj-gori-zbog-tragedije-u-bosni-i-hercegovini\/"},"author":{"name":"dmcsrbija.com@gmail.com","@id":"https:\/\/dmcsrb.com\/#\/schema\/person\/5c39170f12db1b8b457732d0b5c854e2"},"headline":"Sjutra Dan \u017ealosti u Crnoj Gori zbog tragedije u Bosni i Hercegovini","datePublished":"2025-11-05T19:27:03+00:00","mainEntityOfPage":{"@id":"https:\/\/dmcsrb.com\/en\/drustvo\/sjutra-dan-zalosti-u-crnoj-gori-zbog-tragedije-u-bosni-i-hercegovini\/"},"wordCount":139,"commentCount":0,"image":{"@id":"https:\/\/dmcsrb.com\/en\/drustvo\/sjutra-dan-zalosti-u-crnoj-gori-zbog-tragedije-u-bosni-i-hercegovini\/#primaryimage"},"thumbnailUrl":"https:\/\/dmcsrb.com\/wp-content\/uploads\/2026\/01\/vlada.jpg","keywords":["dan \u017ealosti","Vlada CG"],"articleSection":["Dru\u0161tvo"],"inLanguage":"en-GB","potentialAction":[{"@type":"CommentAction","name":"Comment","target":["https:\/\/dmcsrb.com\/en\/drustvo\/sjutra-dan-zalosti-u-crnoj-gori-zbog-tragedije-u-bosni-i-hercegovini\/#respond"]}]},{"@type":"WebPage","@id":"https:\/\/dmcsrb.com\/en\/drustvo\/sjutra-dan-zalosti-u-crnoj-gori-zbog-tragedije-u-bosni-i-hercegovini\/","url":"https:\/\/dmcsrb.com\/en\/drustvo\/sjutra-dan-zalosti-u-crnoj-gori-zbog-tragedije-u-bosni-i-hercegovini\/","name":"Sjutra Dan \u017ealosti u Crnoj Gori zbog tragedije u Bosni i Hercegovini - dmcsrb.com","isPartOf":{"@id":"https:\/\/dmcsrb.com\/#website"},"primaryImageOfPage":{"@id":"https:\/\/dmcsrb.com\/en\/drustvo\/sjutra-dan-zalosti-u-crnoj-gori-zbog-tragedije-u-bosni-i-hercegovini\/#primaryimage"},"image":{"@id":"https:\/\/dmcsrb.com\/en\/drustvo\/sjutra-dan-zalosti-u-crnoj-gori-zbog-tragedije-u-bosni-i-hercegovini\/#primaryimage"},"thumbnailUrl":"https:\/\/dmcsrb.com\/wp-content\/uploads\/2026\/01\/vlada.jpg","datePublished":"2025-11-05T19:27:03+00:00","author":{"@id":"https:\/\/dmcsrb.com\/#\/schema\/person\/5c39170f12db1b8b457732d0b5c854e2"},"breadcrumb":{"@id":"https:\/\/dmcsrb.com\/en\/drustvo\/sjutra-dan-zalosti-u-crnoj-gori-zbog-tragedije-u-bosni-i-hercegovini\/#breadcrumb"},"inLanguage":"en-GB","potentialAction":[{"@type":"ReadAction","target":["https:\/\/dmcsrb.com\/en\/drustvo\/sjutra-dan-zalosti-u-crnoj-gori-zbog-tragedije-u-bosni-i-hercegovini\/"]}]},{"@type":"ImageObject","inLanguage":"en-GB","@id":"https:\/\/dmcsrb.com\/en\/drustvo\/sjutra-dan-zalosti-u-crnoj-gori-zbog-tragedije-u-bosni-i-hercegovini\/#primaryimage","url":"https:\/\/dmcsrb.com\/wp-content\/uploads\/2026\/01\/vlada.jpg","contentUrl":"https:\/\/dmcsrb.com\/wp-content\/uploads\/2026\/01\/vlada.jpg","width":1657,"height":933},{"@type":"BreadcrumbList","@id":"https:\/\/dmcsrb.com\/en\/drustvo\/sjutra-dan-zalosti-u-crnoj-gori-zbog-tragedije-u-bosni-i-hercegovini\/#breadcrumb","itemListElement":[{"@type":"ListItem","position":1,"name":"Home","item":"https:\/\/dmcsrb.com\/"},{"@type":"ListItem","position":2,"name":"Sjutra Dan \u017ealosti u Crnoj Gori zbog tragedije u Bosni i Hercegovini"}]},{"@type":"WebSite","@id":"https:\/\/dmcsrb.com\/#website","url":"https:\/\/dmcsrb.com\/","name":"dmcsrb.com","description":"","potentialAction":[{"@type":"SearchAction","target":{"@type":"EntryPoint","urlTemplate":"https:\/\/dmcsrb.com\/?s={search_term_string}"},"query-input":{"@type":"PropertyValueSpecification","valueRequired":true,"valueName":"search_term_string"}}],"inLanguage":"en-GB"},{"@type":"Person","@id":"https:\/\/dmcsrb.com\/#\/schema\/person\/5c39170f12db1b8b457732d0b5c854e2","name":"dmcsrbija.com@gmail.com","image":{"@type":"ImageObject","inLanguage":"en-GB","@id":"https:\/\/secure.gravatar.com\/avatar\/68592660ad6347fad0fb587f8d5d8f1a7b44961362f56e4f2cd524feb87e9069?s=96&d=mm&r=g","url":"https:\/\/secure.gravatar.com\/avatar\/68592660ad6347fad0fb587f8d5d8f1a7b44961362f56e4f2cd524feb87e9069?s=96&d=mm&r=g","contentUrl":"https:\/\/secure.gravatar.com\/avatar\/68592660ad6347fad0fb587f8d5d8f1a7b44961362f56e4f2cd524feb87e9069?s=96&d=mm&r=g","caption":"dmcsrbija.com@gmail.com"},"sameAs":["https:\/\/dmcsrb.com"],"url":"https:\/\/dmcsrb.com\/en\/author\/dmcsrbija-comgmail-com\/"}]}},"_links":{"self":[{"href":"https:\/\/dmcsrb.com\/en\/wp-json\/wp\/v2\/posts\/962196","targetHints":{"allow":["GET"]}}],"collection":[{"href":"https:\/\/dmcsrb.com\/en\/wp-json\/wp\/v2\/posts"}],"about":[{"href":"https:\/\/dmcsrb.com\/en\/wp-json\/wp\/v2\/types\/post"}],"author":[{"embeddable":true,"href":"https:\/\/dmcsrb.com\/en\/wp-json\/wp\/v2\/users\/1"}],"replies":[{"embeddable":true,"href":"https:\/\/dmcsrb.com\/en\/wp-json\/wp\/v2\/comments?post=962196"}],"version-history":[{"count":0,"href":"https:\/\/dmcsrb.com\/en\/wp-json\/wp\/v2\/posts\/962196\/revisions"}],"wp:featuredmedia":[{"embeddable":true,"href":"https:\/\/dmcsrb.com\/en\/wp-json\/wp\/v2\/media\/910108"}],"wp:attachment":[{"href":"https:\/\/dmcsrb.com\/en\/wp-json\/wp\/v2\/media?parent=962196"}],"wp:term":[{"taxonomy":"category","embeddable":true,"href":"https:\/\/dmcsrb.com\/en\/wp-json\/wp\/v2\/categories?post=962196"},{"taxonomy":"post_tag","embeddable":true,"href":"https:\/\/dmcsrb.com\/en\/wp-json\/wp\/v2\/tags?post=962196"},{"taxonomy":"naslovna","embeddable":true,"href":"https:\/\/dmcsrb.com\/en\/wp-json\/wp\/v2\/naslovna?post=962196"}],"curies":[{"name":"wp","href":"https:\/\/api.w.org\/{rel}","templated":true}]}}