{"id":962182,"date":"2025-11-05T20:15:00","date_gmt":"2025-11-05T19:15:00","guid":{"rendered":"https:\/\/dmcsrb.com\/uncategorized\/primorac-izgubio-od-radnickog\/"},"modified":"2025-11-05T20:15:00","modified_gmt":"2025-11-05T19:15:00","slug":"primorac-izgubio-od-radnickog","status":"publish","type":"post","link":"https:\/\/dmcsrb.com\/en\/sport\/primorac-izgubio-od-radnickog\/","title":{"rendered":"Primorac izgubio od Radni\u010dkog"},"content":{"rendered":"<p>Kotoranima je ovo drugi poraz u Premijer ligi (prvi do\u017eivjeli od \u0160apca), \u010detvrti u sezoni, ra\u010dunaju\u0107i i Ligu \u0161ampiona. <\/p>\n\n\n\n<p>Zanimljivo da je ovo bio sedmi okr\u0161aj dvije ekipe i Primorac jo\u0161 uvijek ne zna za pobjedu. <\/p>\n\n\n\n<p>Primorac je parirao samo u prvom kvartalu, kada je dva puta izjedna\u010dio (1:1 i 2:2). Gost je dobio uvodni period 3:2, a onda je na veliki odmor oti\u0161ao sa plus tri, nakon \u0161to crnogorski viceprvak nije uspio da pogodio u drugoj dionici. <\/p>\n\n\n\n<p>Kotorani su bili vi\u0161e od 15 minuta bez pogotka, \u0161to je rival iskoristio i odlijepio se na 8:3.<\/p>\n\n\n\n<p>U nastavku je razlika Kragujeva\u010dana samo rasla do maksimalnih i kona\u010dnih plus \u0161est. <\/p>\n\n\n\n<p>Najefikasniji kod pobjednika bio je Strahinja Ra\u0161ovi\u0107 sa \u010detiri gola. <\/p>\n\n\n\n<p>Na drugoj strani prednja\u010dio je Marko Mri\u0107 sa pet pogodaka. Po jednom su se u strijelce upisali i Bal\u0161a Vu\u010dkovi\u0107\u00a0i\u00a0Nikola Brki\u0107.<\/p>\n\n\n\n<p>U narednom kolu, 15. novembra Primorac o\u010dekuje boke\u0161ki derbi protiv Jadrana u Herceg Novom, dok \u0107e tri dana ranije gostovati Ferencvaro\u0161u u elitnom takmi\u010denju. <\/p>","protected":false},"excerpt":{"rendered":"<p>Vaterpolisti Primorca pora\u017eeni su od kragujeva\u010dkog Radni\u010dkog u Kotoru (13:7) u utakmici petog kola regionalne Premijer lige.<\/p>","protected":false},"author":1,"featured_media":962183,"comment_status":"open","ping_status":"open","sticky":false,"template":"","format":"standard","meta":{"_acf_changed":false,"footnotes":""},"categories":[148],"tags":[7784,10813,189],"naslovna":[],"class_list":["post-962182","post","type-post","status-publish","format-standard","has-post-thumbnail","hentry","category-sport","tag-regionalna-premijer-liga","tag-vk-radnicki-kragujevac","tag-vpk-primorac"],"acf":[],"yoast_head":"<!-- This site is optimized with the Yoast SEO plugin v27.4 - https:\/\/yoast.com\/product\/yoast-seo-wordpress\/ -->\n<title>Primorac izgubio od Radni\u010dkog - dmcsrb.com<\/title>\n<meta name=\"robots\" content=\"index, follow, max-snippet:-1, max-image-preview:large, max-video-preview:-1\" \/>\n<link rel=\"canonical\" href=\"https:\/\/dmcsrb.com\/en\/sport\/primorac-izgubio-od-radnickog\/\" \/>\n<meta property=\"og:locale\" content=\"en_GB\" \/>\n<meta property=\"og:type\" content=\"article\" \/>\n<meta property=\"og:title\" content=\"Primorac izgubio od Radni\u010dkog - dmcsrb.com\" \/>\n<meta property=\"og:description\" content=\"Vaterpolisti Primorca pora\u017eeni su od kragujeva\u010dkog Radni\u010dkog u Kotoru (13:7) u utakmici petog kola regionalne Premijer lige.\" \/>\n<meta property=\"og:url\" content=\"https:\/\/dmcsrb.com\/en\/sport\/primorac-izgubio-od-radnickog\/\" \/>\n<meta property=\"og:site_name\" content=\"dmcsrb.com\" \/>\n<meta property=\"article:published_time\" content=\"2025-11-05T19:15:00+00:00\" \/>\n<meta property=\"og:image\" content=\"https:\/\/dmcsrb.com\/wp-content\/uploads\/2026\/01\/Primorac-Marko-Mrsic-VPK-Primorac.webp\" \/>\n\t<meta property=\"og:image:width\" content=\"1280\" \/>\n\t<meta property=\"og:image:height\" content=\"853\" \/>\n\t<meta property=\"og:image:type\" content=\"image\/webp\" \/>\n<meta name=\"author\" content=\"dmcsrbija.com@gmail.com\" \/>\n<meta name=\"twitter:card\" content=\"summary_large_image\" \/>\n<meta name=\"twitter:label1\" content=\"Written by\" \/>\n\t<meta name=\"twitter:data1\" content=\"dmcsrbija.com@gmail.com\" \/>\n\t<meta name=\"twitter:label2\" content=\"Estimated reading time\" \/>\n\t<meta name=\"twitter:data2\" content=\"1 minute\" \/>\n<script type=\"application\/ld+json\" class=\"yoast-schema-graph\">{\"@context\":\"https:\\\/\\\/schema.org\",\"@graph\":[{\"@type\":\"Article\",\"@id\":\"https:\\\/\\\/dmcsrb.com\\\/sport\\\/primorac-izgubio-od-radnickog\\\/#article\",\"isPartOf\":{\"@id\":\"https:\\\/\\\/dmcsrb.com\\\/sport\\\/primorac-izgubio-od-radnickog\\\/\"},\"author\":{\"name\":\"dmcsrbija.com@gmail.com\",\"@id\":\"https:\\\/\\\/dmcsrb.com\\\/#\\\/schema\\\/person\\\/5c39170f12db1b8b457732d0b5c854e2\"},\"headline\":\"Primorac izgubio od Radni\u010dkog\",\"datePublished\":\"2025-11-05T19:15:00+00:00\",\"mainEntityOfPage\":{\"@id\":\"https:\\\/\\\/dmcsrb.com\\\/sport\\\/primorac-izgubio-od-radnickog\\\/\"},\"wordCount\":182,\"commentCount\":0,\"image\":{\"@id\":\"https:\\\/\\\/dmcsrb.com\\\/sport\\\/primorac-izgubio-od-radnickog\\\/#primaryimage\"},\"thumbnailUrl\":\"https:\\\/\\\/dmcsrb.com\\\/wp-content\\\/uploads\\\/2026\\\/01\\\/Primorac-Marko-Mrsic-VPK-Primorac.webp\",\"keywords\":[\"Regionalna Premijer liga\",\"VK Radni\u010dki Kragujevac\",\"VPK Primorac\"],\"articleSection\":[\"Sport\"],\"inLanguage\":\"en-GB\",\"potentialAction\":[{\"@type\":\"CommentAction\",\"name\":\"Comment\",\"target\":[\"https:\\\/\\\/dmcsrb.com\\\/sport\\\/primorac-izgubio-od-radnickog\\\/#respond\"]}]},{\"@type\":\"WebPage\",\"@id\":\"https:\\\/\\\/dmcsrb.com\\\/sport\\\/primorac-izgubio-od-radnickog\\\/\",\"url\":\"https:\\\/\\\/dmcsrb.com\\\/sport\\\/primorac-izgubio-od-radnickog\\\/\",\"name\":\"Primorac izgubio od Radni\u010dkog - dmcsrb.com\",\"isPartOf\":{\"@id\":\"https:\\\/\\\/dmcsrb.com\\\/#website\"},\"primaryImageOfPage\":{\"@id\":\"https:\\\/\\\/dmcsrb.com\\\/sport\\\/primorac-izgubio-od-radnickog\\\/#primaryimage\"},\"image\":{\"@id\":\"https:\\\/\\\/dmcsrb.com\\\/sport\\\/primorac-izgubio-od-radnickog\\\/#primaryimage\"},\"thumbnailUrl\":\"https:\\\/\\\/dmcsrb.com\\\/wp-content\\\/uploads\\\/2026\\\/01\\\/Primorac-Marko-Mrsic-VPK-Primorac.webp\",\"datePublished\":\"2025-11-05T19:15:00+00:00\",\"author\":{\"@id\":\"https:\\\/\\\/dmcsrb.com\\\/#\\\/schema\\\/person\\\/5c39170f12db1b8b457732d0b5c854e2\"},\"breadcrumb\":{\"@id\":\"https:\\\/\\\/dmcsrb.com\\\/sport\\\/primorac-izgubio-od-radnickog\\\/#breadcrumb\"},\"inLanguage\":\"en-GB\",\"potentialAction\":[{\"@type\":\"ReadAction\",\"target\":[\"https:\\\/\\\/dmcsrb.com\\\/sport\\\/primorac-izgubio-od-radnickog\\\/\"]}]},{\"@type\":\"ImageObject\",\"inLanguage\":\"en-GB\",\"@id\":\"https:\\\/\\\/dmcsrb.com\\\/sport\\\/primorac-izgubio-od-radnickog\\\/#primaryimage\",\"url\":\"https:\\\/\\\/dmcsrb.com\\\/wp-content\\\/uploads\\\/2026\\\/01\\\/Primorac-Marko-Mrsic-VPK-Primorac.webp\",\"contentUrl\":\"https:\\\/\\\/dmcsrb.com\\\/wp-content\\\/uploads\\\/2026\\\/01\\\/Primorac-Marko-Mrsic-VPK-Primorac.webp\",\"width\":1280,\"height\":853},{\"@type\":\"BreadcrumbList\",\"@id\":\"https:\\\/\\\/dmcsrb.com\\\/sport\\\/primorac-izgubio-od-radnickog\\\/#breadcrumb\",\"itemListElement\":[{\"@type\":\"ListItem\",\"position\":1,\"name\":\"Home\",\"item\":\"https:\\\/\\\/dmcsrb.com\\\/\"},{\"@type\":\"ListItem\",\"position\":2,\"name\":\"Primorac izgubio od Radni\u010dkog\"}]},{\"@type\":\"WebSite\",\"@id\":\"https:\\\/\\\/dmcsrb.com\\\/#website\",\"url\":\"https:\\\/\\\/dmcsrb.com\\\/\",\"name\":\"dmcsrb.com\",\"description\":\"\",\"potentialAction\":[{\"@type\":\"SearchAction\",\"target\":{\"@type\":\"EntryPoint\",\"urlTemplate\":\"https:\\\/\\\/dmcsrb.com\\\/?s={search_term_string}\"},\"query-input\":{\"@type\":\"PropertyValueSpecification\",\"valueRequired\":true,\"valueName\":\"search_term_string\"}}],\"inLanguage\":\"en-GB\"},{\"@type\":\"Person\",\"@id\":\"https:\\\/\\\/dmcsrb.com\\\/#\\\/schema\\\/person\\\/5c39170f12db1b8b457732d0b5c854e2\",\"name\":\"dmcsrbija.com@gmail.com\",\"image\":{\"@type\":\"ImageObject\",\"inLanguage\":\"en-GB\",\"@id\":\"https:\\\/\\\/secure.gravatar.com\\\/avatar\\\/68592660ad6347fad0fb587f8d5d8f1a7b44961362f56e4f2cd524feb87e9069?s=96&d=mm&r=g\",\"url\":\"https:\\\/\\\/secure.gravatar.com\\\/avatar\\\/68592660ad6347fad0fb587f8d5d8f1a7b44961362f56e4f2cd524feb87e9069?s=96&d=mm&r=g\",\"contentUrl\":\"https:\\\/\\\/secure.gravatar.com\\\/avatar\\\/68592660ad6347fad0fb587f8d5d8f1a7b44961362f56e4f2cd524feb87e9069?s=96&d=mm&r=g\",\"caption\":\"dmcsrbija.com@gmail.com\"},\"sameAs\":[\"https:\\\/\\\/dmcsrb.com\"],\"url\":\"https:\\\/\\\/dmcsrb.com\\\/en\\\/author\\\/dmcsrbija-comgmail-com\\\/\"}]}<\/script>\n<!-- \/ Yoast SEO plugin. -->","yoast_head_json":{"title":"Primorac izgubio od Radni\u010dkog - dmcsrb.com","robots":{"index":"index","follow":"follow","max-snippet":"max-snippet:-1","max-image-preview":"max-image-preview:large","max-video-preview":"max-video-preview:-1"},"canonical":"https:\/\/dmcsrb.com\/en\/sport\/primorac-izgubio-od-radnickog\/","og_locale":"en_GB","og_type":"article","og_title":"Primorac izgubio od Radni\u010dkog - dmcsrb.com","og_description":"Vaterpolisti Primorca pora\u017eeni su od kragujeva\u010dkog Radni\u010dkog u Kotoru (13:7) u utakmici petog kola regionalne Premijer lige.","og_url":"https:\/\/dmcsrb.com\/en\/sport\/primorac-izgubio-od-radnickog\/","og_site_name":"dmcsrb.com","article_published_time":"2025-11-05T19:15:00+00:00","og_image":[{"width":1280,"height":853,"url":"https:\/\/dmcsrb.com\/wp-content\/uploads\/2026\/01\/Primorac-Marko-Mrsic-VPK-Primorac.webp","type":"image\/webp"}],"author":"dmcsrbija.com@gmail.com","twitter_card":"summary_large_image","twitter_misc":{"Written by":"dmcsrbija.com@gmail.com","Estimated reading time":"1 minute"},"schema":{"@context":"https:\/\/schema.org","@graph":[{"@type":"Article","@id":"https:\/\/dmcsrb.com\/sport\/primorac-izgubio-od-radnickog\/#article","isPartOf":{"@id":"https:\/\/dmcsrb.com\/sport\/primorac-izgubio-od-radnickog\/"},"author":{"name":"dmcsrbija.com@gmail.com","@id":"https:\/\/dmcsrb.com\/#\/schema\/person\/5c39170f12db1b8b457732d0b5c854e2"},"headline":"Primorac izgubio od Radni\u010dkog","datePublished":"2025-11-05T19:15:00+00:00","mainEntityOfPage":{"@id":"https:\/\/dmcsrb.com\/sport\/primorac-izgubio-od-radnickog\/"},"wordCount":182,"commentCount":0,"image":{"@id":"https:\/\/dmcsrb.com\/sport\/primorac-izgubio-od-radnickog\/#primaryimage"},"thumbnailUrl":"https:\/\/dmcsrb.com\/wp-content\/uploads\/2026\/01\/Primorac-Marko-Mrsic-VPK-Primorac.webp","keywords":["Regionalna Premijer liga","VK Radni\u010dki Kragujevac","VPK Primorac"],"articleSection":["Sport"],"inLanguage":"en-GB","potentialAction":[{"@type":"CommentAction","name":"Comment","target":["https:\/\/dmcsrb.com\/sport\/primorac-izgubio-od-radnickog\/#respond"]}]},{"@type":"WebPage","@id":"https:\/\/dmcsrb.com\/sport\/primorac-izgubio-od-radnickog\/","url":"https:\/\/dmcsrb.com\/sport\/primorac-izgubio-od-radnickog\/","name":"Primorac izgubio od Radni\u010dkog - dmcsrb.com","isPartOf":{"@id":"https:\/\/dmcsrb.com\/#website"},"primaryImageOfPage":{"@id":"https:\/\/dmcsrb.com\/sport\/primorac-izgubio-od-radnickog\/#primaryimage"},"image":{"@id":"https:\/\/dmcsrb.com\/sport\/primorac-izgubio-od-radnickog\/#primaryimage"},"thumbnailUrl":"https:\/\/dmcsrb.com\/wp-content\/uploads\/2026\/01\/Primorac-Marko-Mrsic-VPK-Primorac.webp","datePublished":"2025-11-05T19:15:00+00:00","author":{"@id":"https:\/\/dmcsrb.com\/#\/schema\/person\/5c39170f12db1b8b457732d0b5c854e2"},"breadcrumb":{"@id":"https:\/\/dmcsrb.com\/sport\/primorac-izgubio-od-radnickog\/#breadcrumb"},"inLanguage":"en-GB","potentialAction":[{"@type":"ReadAction","target":["https:\/\/dmcsrb.com\/sport\/primorac-izgubio-od-radnickog\/"]}]},{"@type":"ImageObject","inLanguage":"en-GB","@id":"https:\/\/dmcsrb.com\/sport\/primorac-izgubio-od-radnickog\/#primaryimage","url":"https:\/\/dmcsrb.com\/wp-content\/uploads\/2026\/01\/Primorac-Marko-Mrsic-VPK-Primorac.webp","contentUrl":"https:\/\/dmcsrb.com\/wp-content\/uploads\/2026\/01\/Primorac-Marko-Mrsic-VPK-Primorac.webp","width":1280,"height":853},{"@type":"BreadcrumbList","@id":"https:\/\/dmcsrb.com\/sport\/primorac-izgubio-od-radnickog\/#breadcrumb","itemListElement":[{"@type":"ListItem","position":1,"name":"Home","item":"https:\/\/dmcsrb.com\/"},{"@type":"ListItem","position":2,"name":"Primorac izgubio od Radni\u010dkog"}]},{"@type":"WebSite","@id":"https:\/\/dmcsrb.com\/#website","url":"https:\/\/dmcsrb.com\/","name":"dmcsrb.com","description":"","potentialAction":[{"@type":"SearchAction","target":{"@type":"EntryPoint","urlTemplate":"https:\/\/dmcsrb.com\/?s={search_term_string}"},"query-input":{"@type":"PropertyValueSpecification","valueRequired":true,"valueName":"search_term_string"}}],"inLanguage":"en-GB"},{"@type":"Person","@id":"https:\/\/dmcsrb.com\/#\/schema\/person\/5c39170f12db1b8b457732d0b5c854e2","name":"dmcsrbija.com@gmail.com","image":{"@type":"ImageObject","inLanguage":"en-GB","@id":"https:\/\/secure.gravatar.com\/avatar\/68592660ad6347fad0fb587f8d5d8f1a7b44961362f56e4f2cd524feb87e9069?s=96&d=mm&r=g","url":"https:\/\/secure.gravatar.com\/avatar\/68592660ad6347fad0fb587f8d5d8f1a7b44961362f56e4f2cd524feb87e9069?s=96&d=mm&r=g","contentUrl":"https:\/\/secure.gravatar.com\/avatar\/68592660ad6347fad0fb587f8d5d8f1a7b44961362f56e4f2cd524feb87e9069?s=96&d=mm&r=g","caption":"dmcsrbija.com@gmail.com"},"sameAs":["https:\/\/dmcsrb.com"],"url":"https:\/\/dmcsrb.com\/en\/author\/dmcsrbija-comgmail-com\/"}]}},"_links":{"self":[{"href":"https:\/\/dmcsrb.com\/en\/wp-json\/wp\/v2\/posts\/962182","targetHints":{"allow":["GET"]}}],"collection":[{"href":"https:\/\/dmcsrb.com\/en\/wp-json\/wp\/v2\/posts"}],"about":[{"href":"https:\/\/dmcsrb.com\/en\/wp-json\/wp\/v2\/types\/post"}],"author":[{"embeddable":true,"href":"https:\/\/dmcsrb.com\/en\/wp-json\/wp\/v2\/users\/1"}],"replies":[{"embeddable":true,"href":"https:\/\/dmcsrb.com\/en\/wp-json\/wp\/v2\/comments?post=962182"}],"version-history":[{"count":0,"href":"https:\/\/dmcsrb.com\/en\/wp-json\/wp\/v2\/posts\/962182\/revisions"}],"wp:featuredmedia":[{"embeddable":true,"href":"https:\/\/dmcsrb.com\/en\/wp-json\/wp\/v2\/media\/962183"}],"wp:attachment":[{"href":"https:\/\/dmcsrb.com\/en\/wp-json\/wp\/v2\/media?parent=962182"}],"wp:term":[{"taxonomy":"category","embeddable":true,"href":"https:\/\/dmcsrb.com\/en\/wp-json\/wp\/v2\/categories?post=962182"},{"taxonomy":"post_tag","embeddable":true,"href":"https:\/\/dmcsrb.com\/en\/wp-json\/wp\/v2\/tags?post=962182"},{"taxonomy":"naslovna","embeddable":true,"href":"https:\/\/dmcsrb.com\/en\/wp-json\/wp\/v2\/naslovna?post=962182"}],"curies":[{"name":"wp","href":"https:\/\/api.w.org\/{rel}","templated":true}]}}