{"id":962181,"date":"2025-11-05T19:44:00","date_gmt":"2025-11-05T18:44:00","guid":{"rendered":"https:\/\/dmcsrb.com\/uncategorized\/priznanje-ek-za-vrijedan-rad-i-kvalitetne-i-odrzive-reforme\/"},"modified":"2025-11-05T19:44:00","modified_gmt":"2025-11-05T18:44:00","slug":"priznanje-ek-za-vrijedan-rad-i-kvalitetne-i-odrzive-reforme","status":"publish","type":"post","link":"https:\/\/dmcsrb.com\/en\/drustvo\/priznanje-ek-za-vrijedan-rad-i-kvalitetne-i-odrzive-reforme\/","title":{"rendered":"&#8220;Priznanje EK za vrijedan rad i kvalitetne i odr\u017eive reforme&#8221;"},"content":{"rendered":"<p><\/p>\n\n\n\n<p>\u201cOve godine Crna Gora je zabilje\u017eila svoj do sada najbolji rezultat u Poglavlju 26 -Obrazovanje i kultura. Otkada Evropska komisija primjenjuje dvostruki sistem ocjenjivanja, koji uklju\u010duje stepen spremnosti i ocjenu napretka, Crna Gora u kontinuitetu bilje\u017ei dobar nivo spremnosti za \u010dlanstvo\u201d, navodi se u saop\u0161tenju.<\/p>\n\n\n\n<p>Kako su kazali, uzuzetan rezultat ove godine predstavlja dobar napredak u odnosu na pro\u0161logodi\u0161nje preporuke, \u0161to je u dosada\u0161njem procesu integracija zabilje\u017eeno samo jednom (2018.g). Drugim rije\u010dima, dodaju, ovo pokazuje da su reforme koje sprovodimo u obrazovanju kvalitetne, odr\u017eive i da ih gra\u0111ani mogu osjetiti. One su u skladu sa evropskim standardima i u kona\u010dnom, doprinose evropskom putu na\u0161e dr\u017eave.<\/p>\n\n\n\n<p>Dodatno, navode, me\u0111u deset zemalja kandidata za \u010dlanstvo u EU, Crna Gora ima najbolji rezultat u PP26 po oba nivoa ocjenjivanja.<\/p>\n\n\n\n<p>\u201cPosebno je pohvaljeno usvajanje Strategije reforme obrazovanja 2025-2035 sa Akcionim planom 2025-2026, kao i set zakona usvojenih od strane Skup\u0161tine. U izvje\u0161taju se isti\u010de i pove\u0107anje izdvajanja za obrazovanje u 2024, kao i osam puta ve\u0107a sredstva za stru\u010dno usavr\u0161avanje nastavnika u odnosu na 2023. Zabilje\u017een je rast upisa djece u pred\u0161kolske ustanove, koji je dostigao 79,6%, dok je prosjek EU 94,6%. Crna Gora je aktivno u\u010destvovala u me\u0111unarodnim testiranjima TALIS 2024 i PISA 2025, te je iskazala interesovanje za u\u010de\u0161\u0107e u budu\u0107im ciklusima PIRLS 2026, TIMSS 2027 i ICILS 2028\u201d, dodali su.<\/p>\n\n\n\n<p>Prema njihovim rije\u010dima, reforme su uklju\u010divale i digitalizaciju obrazovanja, uspostavljanje vi\u0161e od stotinu EdTech laboratorija, te aktivno u\u010de\u0161\u0107e u programu ERASMUS+ i Evropskom prostoru obrazovanja. Posebna pa\u017enja posve\u0107ena je dostignu\u0107ima u oblastima kulture, mladih i sporta.<\/p>\n\n\n\n<p>\u201cKada je u pitanju Poglavlje 25, Crna Gora i dalje ima dobar stepen spremnosti za \u010dlanstvo, \u0161to uz odre\u0111eni napredak u odnosu na preporuke iz 2024.g, zna\u010di da je objektivno najnaprednija od deset zemalja kandidata u ovoj oblasti. Konstatovano je da je usvojen S3 Plan implementacije za 2025.g, koji predstavlja most izme\u0111u dva strate\u0161ka ciklusa. Istaknuta su izdvajanja MPNI za finansiranje nacionalnih nau\u010dnoistra\u017eiva\u010dkih projekata, kao i istra\u017eiva\u010dkih grantova za podsticanje izvrsnosti, ali da su potrebni napori u cilju daljeg pove\u0107anja ulaganja u istra\u017eivanje i razvoj. U pozitivnom tonu istaknute realizovane aktivnosti Fonda za inovacije, NTP CG i IPC Tehnopolis u prethodnih godinu dana\u201d, pi\u0161e dalje u saop\u0161tenju.<\/p>\n\n\n\n<p>Kako su naveli, podcrtano da je na Evropskoj tabeli uspje\u0161nosti u inovacijama Crna Gora inovator u nastajanju, sa 45,3% prosjeka EU. Pohvaljeni dosada\u0161nji rezultati u\u010de\u0161\u0107a u programu Horizont Evropa, koji pokazuju da su institucije iz CG povukle 4.83 miliona eura.<\/p>\n\n\n\n<p>\u201cKao i do sada, Ministarstvo prosvjete, nauke i inovacija \u0107e se dr\u017eati jasnih smjernica i preporuka iz Izvje\u0161taja EK. Izvje\u0161taj nam je od koristi za dalje unapre\u0111enje sistema obrazovanja, istra\u017eivanja i inovacija, a u cilju benefita za sve gra\u0111ane. Rezultati koje smo postigli u prethodne dvije godine daju stvarne koristi na\u0161im gra\u0111anima i pokazuju da je Crna Gora na pravom putu ka \u010dlanstvu u Evropskoj uniji\u201d, zaklju\u010dili su.<\/p>","protected":false},"excerpt":{"rendered":"<p>Evropska komisija je 4. novembra usvojila Paket pro\u0161irenja za 2025. godinu, kojim se procjenjuje napredak deset zemalja kandidata ka \u010dlanstvu u Evropskoj uniji, saop\u0161teno je iz Ministarstva prosvjete, nauke i inovacija.<\/p>","protected":false},"author":1,"featured_media":953939,"comment_status":"open","ping_status":"open","sticky":false,"template":"","format":"standard","meta":{"_acf_changed":false,"footnotes":""},"categories":[2],"tags":[95,823,52],"naslovna":[],"class_list":["post-962181","post","type-post","status-publish","format-standard","has-post-thumbnail","hentry","category-drustvo","tag-crna-gora","tag-ek","tag-mpni"],"acf":[],"yoast_head":"<!-- This site is optimized with the Yoast SEO plugin v27.0 - https:\/\/yoast.com\/product\/yoast-seo-wordpress\/ -->\n<title>&quot;Priznanje EK za vrijedan rad i kvalitetne i odr\u017eive reforme&quot; - dmcsrb.com<\/title>\n<meta name=\"robots\" content=\"index, follow, max-snippet:-1, max-image-preview:large, max-video-preview:-1\" \/>\n<link rel=\"canonical\" href=\"https:\/\/dmcsrb.com\/en\/drustvo\/priznanje-ek-za-vrijedan-rad-i-kvalitetne-i-odrzive-reforme\/\" \/>\n<meta property=\"og:locale\" content=\"en_GB\" \/>\n<meta property=\"og:type\" content=\"article\" \/>\n<meta property=\"og:title\" content=\"&quot;Priznanje EK za vrijedan rad i kvalitetne i odr\u017eive reforme&quot; - dmcsrb.com\" \/>\n<meta property=\"og:description\" content=\"Evropska komisija je 4. novembra usvojila Paket pro\u0161irenja za 2025. godinu, kojim se procjenjuje napredak deset zemalja kandidata ka \u010dlanstvu u Evropskoj uniji, saop\u0161teno je iz Ministarstva prosvjete, nauke i inovacija.\" \/>\n<meta property=\"og:url\" content=\"https:\/\/dmcsrb.com\/en\/drustvo\/priznanje-ek-za-vrijedan-rad-i-kvalitetne-i-odrzive-reforme\/\" \/>\n<meta property=\"og:site_name\" content=\"dmcsrb.com\" \/>\n<meta property=\"article:published_time\" content=\"2025-11-05T18:44:00+00:00\" \/>\n<meta property=\"og:image\" content=\"https:\/\/dmcsrb.com\/wp-content\/uploads\/2026\/01\/5459736_5331621-5250435ministarstvoprosvjetels-ls_ls.webp\" \/>\n\t<meta property=\"og:image:width\" content=\"1000\" \/>\n\t<meta property=\"og:image:height\" content=\"666\" \/>\n\t<meta property=\"og:image:type\" content=\"image\/jpeg\" \/>\n<meta name=\"author\" content=\"dmcsrbija.com@gmail.com\" \/>\n<meta name=\"twitter:card\" content=\"summary_large_image\" \/>\n<meta name=\"twitter:label1\" content=\"Written by\" \/>\n\t<meta name=\"twitter:data1\" content=\"dmcsrbija.com@gmail.com\" \/>\n\t<meta name=\"twitter:label2\" content=\"Estimated reading time\" \/>\n\t<meta name=\"twitter:data2\" content=\"3 minutes\" \/>\n<script type=\"application\/ld+json\" class=\"yoast-schema-graph\">{\"@context\":\"https:\/\/schema.org\",\"@graph\":[{\"@type\":\"Article\",\"@id\":\"https:\/\/dmcsrb.com\/drustvo\/priznanje-ek-za-vrijedan-rad-i-kvalitetne-i-odrzive-reforme\/#article\",\"isPartOf\":{\"@id\":\"https:\/\/dmcsrb.com\/drustvo\/priznanje-ek-za-vrijedan-rad-i-kvalitetne-i-odrzive-reforme\/\"},\"author\":{\"name\":\"dmcsrbija.com@gmail.com\",\"@id\":\"https:\/\/dmcsrb.com\/#\/schema\/person\/5c39170f12db1b8b457732d0b5c854e2\"},\"headline\":\"&#8220;Priznanje EK za vrijedan rad i kvalitetne i odr\u017eive reforme&#8221;\",\"datePublished\":\"2025-11-05T18:44:00+00:00\",\"mainEntityOfPage\":{\"@id\":\"https:\/\/dmcsrb.com\/drustvo\/priznanje-ek-za-vrijedan-rad-i-kvalitetne-i-odrzive-reforme\/\"},\"wordCount\":531,\"commentCount\":0,\"image\":{\"@id\":\"https:\/\/dmcsrb.com\/drustvo\/priznanje-ek-za-vrijedan-rad-i-kvalitetne-i-odrzive-reforme\/#primaryimage\"},\"thumbnailUrl\":\"https:\/\/dmcsrb.com\/wp-content\/uploads\/2026\/01\/5459736_5331621-5250435ministarstvoprosvjetels-ls_ls.webp\",\"keywords\":[\"Crna Gora\",\"EK\",\"MPNI\"],\"articleSection\":[\"Dru\u0161tvo\"],\"inLanguage\":\"en-GB\",\"potentialAction\":[{\"@type\":\"CommentAction\",\"name\":\"Comment\",\"target\":[\"https:\/\/dmcsrb.com\/drustvo\/priznanje-ek-za-vrijedan-rad-i-kvalitetne-i-odrzive-reforme\/#respond\"]}]},{\"@type\":\"WebPage\",\"@id\":\"https:\/\/dmcsrb.com\/drustvo\/priznanje-ek-za-vrijedan-rad-i-kvalitetne-i-odrzive-reforme\/\",\"url\":\"https:\/\/dmcsrb.com\/drustvo\/priznanje-ek-za-vrijedan-rad-i-kvalitetne-i-odrzive-reforme\/\",\"name\":\"\\\"Priznanje EK za vrijedan rad i kvalitetne i odr\u017eive reforme\\\" - dmcsrb.com\",\"isPartOf\":{\"@id\":\"https:\/\/dmcsrb.com\/#website\"},\"primaryImageOfPage\":{\"@id\":\"https:\/\/dmcsrb.com\/drustvo\/priznanje-ek-za-vrijedan-rad-i-kvalitetne-i-odrzive-reforme\/#primaryimage\"},\"image\":{\"@id\":\"https:\/\/dmcsrb.com\/drustvo\/priznanje-ek-za-vrijedan-rad-i-kvalitetne-i-odrzive-reforme\/#primaryimage\"},\"thumbnailUrl\":\"https:\/\/dmcsrb.com\/wp-content\/uploads\/2026\/01\/5459736_5331621-5250435ministarstvoprosvjetels-ls_ls.webp\",\"datePublished\":\"2025-11-05T18:44:00+00:00\",\"author\":{\"@id\":\"https:\/\/dmcsrb.com\/#\/schema\/person\/5c39170f12db1b8b457732d0b5c854e2\"},\"breadcrumb\":{\"@id\":\"https:\/\/dmcsrb.com\/drustvo\/priznanje-ek-za-vrijedan-rad-i-kvalitetne-i-odrzive-reforme\/#breadcrumb\"},\"inLanguage\":\"en-GB\",\"potentialAction\":[{\"@type\":\"ReadAction\",\"target\":[\"https:\/\/dmcsrb.com\/drustvo\/priznanje-ek-za-vrijedan-rad-i-kvalitetne-i-odrzive-reforme\/\"]}]},{\"@type\":\"ImageObject\",\"inLanguage\":\"en-GB\",\"@id\":\"https:\/\/dmcsrb.com\/drustvo\/priznanje-ek-za-vrijedan-rad-i-kvalitetne-i-odrzive-reforme\/#primaryimage\",\"url\":\"https:\/\/dmcsrb.com\/wp-content\/uploads\/2026\/01\/5459736_5331621-5250435ministarstvoprosvjetels-ls_ls.webp\",\"contentUrl\":\"https:\/\/dmcsrb.com\/wp-content\/uploads\/2026\/01\/5459736_5331621-5250435ministarstvoprosvjetels-ls_ls.webp\",\"width\":1000,\"height\":666},{\"@type\":\"BreadcrumbList\",\"@id\":\"https:\/\/dmcsrb.com\/drustvo\/priznanje-ek-za-vrijedan-rad-i-kvalitetne-i-odrzive-reforme\/#breadcrumb\",\"itemListElement\":[{\"@type\":\"ListItem\",\"position\":1,\"name\":\"Home\",\"item\":\"https:\/\/dmcsrb.com\/\"},{\"@type\":\"ListItem\",\"position\":2,\"name\":\"&#8220;Priznanje EK za vrijedan rad i kvalitetne i odr\u017eive reforme&#8221;\"}]},{\"@type\":\"WebSite\",\"@id\":\"https:\/\/dmcsrb.com\/#website\",\"url\":\"https:\/\/dmcsrb.com\/\",\"name\":\"dmcsrb.com\",\"description\":\"\",\"potentialAction\":[{\"@type\":\"SearchAction\",\"target\":{\"@type\":\"EntryPoint\",\"urlTemplate\":\"https:\/\/dmcsrb.com\/?s={search_term_string}\"},\"query-input\":{\"@type\":\"PropertyValueSpecification\",\"valueRequired\":true,\"valueName\":\"search_term_string\"}}],\"inLanguage\":\"en-GB\"},{\"@type\":\"Person\",\"@id\":\"https:\/\/dmcsrb.com\/#\/schema\/person\/5c39170f12db1b8b457732d0b5c854e2\",\"name\":\"dmcsrbija.com@gmail.com\",\"image\":{\"@type\":\"ImageObject\",\"inLanguage\":\"en-GB\",\"@id\":\"https:\/\/dmcsrb.com\/#\/schema\/person\/image\/\",\"url\":\"https:\/\/secure.gravatar.com\/avatar\/68592660ad6347fad0fb587f8d5d8f1a7b44961362f56e4f2cd524feb87e9069?s=96&d=mm&r=g\",\"contentUrl\":\"https:\/\/secure.gravatar.com\/avatar\/68592660ad6347fad0fb587f8d5d8f1a7b44961362f56e4f2cd524feb87e9069?s=96&d=mm&r=g\",\"caption\":\"dmcsrbija.com@gmail.com\"},\"sameAs\":[\"https:\/\/dmcsrb.com\"],\"url\":\"https:\/\/dmcsrb.com\/en\/author\/dmcsrbija-comgmail-com\/\"}]}<\/script>\n<!-- \/ Yoast SEO plugin. -->","yoast_head_json":{"title":"\"Priznanje EK za vrijedan rad i kvalitetne i odr\u017eive reforme\" - dmcsrb.com","robots":{"index":"index","follow":"follow","max-snippet":"max-snippet:-1","max-image-preview":"max-image-preview:large","max-video-preview":"max-video-preview:-1"},"canonical":"https:\/\/dmcsrb.com\/en\/drustvo\/priznanje-ek-za-vrijedan-rad-i-kvalitetne-i-odrzive-reforme\/","og_locale":"en_GB","og_type":"article","og_title":"\"Priznanje EK za vrijedan rad i kvalitetne i odr\u017eive reforme\" - dmcsrb.com","og_description":"Evropska komisija je 4. novembra usvojila Paket pro\u0161irenja za 2025. godinu, kojim se procjenjuje napredak deset zemalja kandidata ka \u010dlanstvu u Evropskoj uniji, saop\u0161teno je iz Ministarstva prosvjete, nauke i inovacija.","og_url":"https:\/\/dmcsrb.com\/en\/drustvo\/priznanje-ek-za-vrijedan-rad-i-kvalitetne-i-odrzive-reforme\/","og_site_name":"dmcsrb.com","article_published_time":"2025-11-05T18:44:00+00:00","og_image":[{"width":1000,"height":666,"url":"https:\/\/dmcsrb.com\/wp-content\/uploads\/2026\/01\/5459736_5331621-5250435ministarstvoprosvjetels-ls_ls.webp","type":"image\/jpeg"}],"author":"dmcsrbija.com@gmail.com","twitter_card":"summary_large_image","twitter_misc":{"Written by":"dmcsrbija.com@gmail.com","Estimated reading time":"3 minutes"},"schema":{"@context":"https:\/\/schema.org","@graph":[{"@type":"Article","@id":"https:\/\/dmcsrb.com\/drustvo\/priznanje-ek-za-vrijedan-rad-i-kvalitetne-i-odrzive-reforme\/#article","isPartOf":{"@id":"https:\/\/dmcsrb.com\/drustvo\/priznanje-ek-za-vrijedan-rad-i-kvalitetne-i-odrzive-reforme\/"},"author":{"name":"dmcsrbija.com@gmail.com","@id":"https:\/\/dmcsrb.com\/#\/schema\/person\/5c39170f12db1b8b457732d0b5c854e2"},"headline":"&#8220;Priznanje EK za vrijedan rad i kvalitetne i odr\u017eive reforme&#8221;","datePublished":"2025-11-05T18:44:00+00:00","mainEntityOfPage":{"@id":"https:\/\/dmcsrb.com\/drustvo\/priznanje-ek-za-vrijedan-rad-i-kvalitetne-i-odrzive-reforme\/"},"wordCount":531,"commentCount":0,"image":{"@id":"https:\/\/dmcsrb.com\/drustvo\/priznanje-ek-za-vrijedan-rad-i-kvalitetne-i-odrzive-reforme\/#primaryimage"},"thumbnailUrl":"https:\/\/dmcsrb.com\/wp-content\/uploads\/2026\/01\/5459736_5331621-5250435ministarstvoprosvjetels-ls_ls.webp","keywords":["Crna Gora","EK","MPNI"],"articleSection":["Dru\u0161tvo"],"inLanguage":"en-GB","potentialAction":[{"@type":"CommentAction","name":"Comment","target":["https:\/\/dmcsrb.com\/drustvo\/priznanje-ek-za-vrijedan-rad-i-kvalitetne-i-odrzive-reforme\/#respond"]}]},{"@type":"WebPage","@id":"https:\/\/dmcsrb.com\/drustvo\/priznanje-ek-za-vrijedan-rad-i-kvalitetne-i-odrzive-reforme\/","url":"https:\/\/dmcsrb.com\/drustvo\/priznanje-ek-za-vrijedan-rad-i-kvalitetne-i-odrzive-reforme\/","name":"\"Priznanje EK za vrijedan rad i kvalitetne i odr\u017eive reforme\" - dmcsrb.com","isPartOf":{"@id":"https:\/\/dmcsrb.com\/#website"},"primaryImageOfPage":{"@id":"https:\/\/dmcsrb.com\/drustvo\/priznanje-ek-za-vrijedan-rad-i-kvalitetne-i-odrzive-reforme\/#primaryimage"},"image":{"@id":"https:\/\/dmcsrb.com\/drustvo\/priznanje-ek-za-vrijedan-rad-i-kvalitetne-i-odrzive-reforme\/#primaryimage"},"thumbnailUrl":"https:\/\/dmcsrb.com\/wp-content\/uploads\/2026\/01\/5459736_5331621-5250435ministarstvoprosvjetels-ls_ls.webp","datePublished":"2025-11-05T18:44:00+00:00","author":{"@id":"https:\/\/dmcsrb.com\/#\/schema\/person\/5c39170f12db1b8b457732d0b5c854e2"},"breadcrumb":{"@id":"https:\/\/dmcsrb.com\/drustvo\/priznanje-ek-za-vrijedan-rad-i-kvalitetne-i-odrzive-reforme\/#breadcrumb"},"inLanguage":"en-GB","potentialAction":[{"@type":"ReadAction","target":["https:\/\/dmcsrb.com\/drustvo\/priznanje-ek-za-vrijedan-rad-i-kvalitetne-i-odrzive-reforme\/"]}]},{"@type":"ImageObject","inLanguage":"en-GB","@id":"https:\/\/dmcsrb.com\/drustvo\/priznanje-ek-za-vrijedan-rad-i-kvalitetne-i-odrzive-reforme\/#primaryimage","url":"https:\/\/dmcsrb.com\/wp-content\/uploads\/2026\/01\/5459736_5331621-5250435ministarstvoprosvjetels-ls_ls.webp","contentUrl":"https:\/\/dmcsrb.com\/wp-content\/uploads\/2026\/01\/5459736_5331621-5250435ministarstvoprosvjetels-ls_ls.webp","width":1000,"height":666},{"@type":"BreadcrumbList","@id":"https:\/\/dmcsrb.com\/drustvo\/priznanje-ek-za-vrijedan-rad-i-kvalitetne-i-odrzive-reforme\/#breadcrumb","itemListElement":[{"@type":"ListItem","position":1,"name":"Home","item":"https:\/\/dmcsrb.com\/"},{"@type":"ListItem","position":2,"name":"&#8220;Priznanje EK za vrijedan rad i kvalitetne i odr\u017eive reforme&#8221;"}]},{"@type":"WebSite","@id":"https:\/\/dmcsrb.com\/#website","url":"https:\/\/dmcsrb.com\/","name":"dmcsrb.com","description":"","potentialAction":[{"@type":"SearchAction","target":{"@type":"EntryPoint","urlTemplate":"https:\/\/dmcsrb.com\/?s={search_term_string}"},"query-input":{"@type":"PropertyValueSpecification","valueRequired":true,"valueName":"search_term_string"}}],"inLanguage":"en-GB"},{"@type":"Person","@id":"https:\/\/dmcsrb.com\/#\/schema\/person\/5c39170f12db1b8b457732d0b5c854e2","name":"dmcsrbija.com@gmail.com","image":{"@type":"ImageObject","inLanguage":"en-GB","@id":"https:\/\/dmcsrb.com\/#\/schema\/person\/image\/","url":"https:\/\/secure.gravatar.com\/avatar\/68592660ad6347fad0fb587f8d5d8f1a7b44961362f56e4f2cd524feb87e9069?s=96&d=mm&r=g","contentUrl":"https:\/\/secure.gravatar.com\/avatar\/68592660ad6347fad0fb587f8d5d8f1a7b44961362f56e4f2cd524feb87e9069?s=96&d=mm&r=g","caption":"dmcsrbija.com@gmail.com"},"sameAs":["https:\/\/dmcsrb.com"],"url":"https:\/\/dmcsrb.com\/en\/author\/dmcsrbija-comgmail-com\/"}]}},"_links":{"self":[{"href":"https:\/\/dmcsrb.com\/en\/wp-json\/wp\/v2\/posts\/962181","targetHints":{"allow":["GET"]}}],"collection":[{"href":"https:\/\/dmcsrb.com\/en\/wp-json\/wp\/v2\/posts"}],"about":[{"href":"https:\/\/dmcsrb.com\/en\/wp-json\/wp\/v2\/types\/post"}],"author":[{"embeddable":true,"href":"https:\/\/dmcsrb.com\/en\/wp-json\/wp\/v2\/users\/1"}],"replies":[{"embeddable":true,"href":"https:\/\/dmcsrb.com\/en\/wp-json\/wp\/v2\/comments?post=962181"}],"version-history":[{"count":0,"href":"https:\/\/dmcsrb.com\/en\/wp-json\/wp\/v2\/posts\/962181\/revisions"}],"wp:featuredmedia":[{"embeddable":true,"href":"https:\/\/dmcsrb.com\/en\/wp-json\/wp\/v2\/media\/953939"}],"wp:attachment":[{"href":"https:\/\/dmcsrb.com\/en\/wp-json\/wp\/v2\/media?parent=962181"}],"wp:term":[{"taxonomy":"category","embeddable":true,"href":"https:\/\/dmcsrb.com\/en\/wp-json\/wp\/v2\/categories?post=962181"},{"taxonomy":"post_tag","embeddable":true,"href":"https:\/\/dmcsrb.com\/en\/wp-json\/wp\/v2\/tags?post=962181"},{"taxonomy":"naslovna","embeddable":true,"href":"https:\/\/dmcsrb.com\/en\/wp-json\/wp\/v2\/naslovna?post=962181"}],"curies":[{"name":"wp","href":"https:\/\/api.w.org\/{rel}","templated":true}]}}