{"id":962160,"date":"2025-11-05T17:35:00","date_gmt":"2025-11-05T16:35:00","guid":{"rendered":"https:\/\/dmcsrb.com\/uncategorized\/popovic-oko-70-odsto-objekata-kulturne-bastine-devastirano-razoreno-i-opustoseno-dps-svoju-vlast-koristio-da-ih-razara-i-sistematski-unistava\/"},"modified":"2025-11-05T17:35:00","modified_gmt":"2025-11-05T16:35:00","slug":"popovic-oko-70-odsto-objekata-kulturne-bastine-devastirano-razoreno-i-opustoseno-dps-svoju-vlast-koristio-da-ih-razara-i-sistematski-unistava","status":"publish","type":"post","link":"https:\/\/dmcsrb.com\/en\/politika\/popovic-oko-70-odsto-objekata-kulturne-bastine-devastirano-razoreno-i-opustoseno-dps-svoju-vlast-koristio-da-ih-razara-i-sistematski-unistava\/","title":{"rendered":"Popovi\u0107: Oko 70 odsto objekata kulturne ba\u0161tine devastirano, razoreno i opusto\u0161eno; DPS svoju vlast koristio da ih razara i sistematski uni\u0161tava"},"content":{"rendered":"<p><\/p>\n\n\n\n<p>&#8221;Pa, iako smo mi od svojih predaka naslijedili ovo bogatstvo, DPS je svoju vlast koristio da ga razara i sistematski uni\u0161tava&#8221;, kazala je Popovi\u0107.<\/p>\n\n\n\n<p>Oko 70% objekata kulturne ba\u0161tine devastirano je, razoreno, opusto\u0161eno. Skoro 2000 objekata, svjedoka na\u0161e pro\u0161losti, tradicije i kulture prepu\u0161teno propadanju i zaboravu, navela je Popovi\u0107.<\/p>\n\n\n\n<p>&#8221;Neke su, poput sakralnih objekata, zloupotrebljavali za skrnavljenje onog najvrijednijeg \u0161to imamo &#8211; mira i sloge. Umjesto za\u0161tite, koristili su ih da zavade narod, da stvore podjele i da na tim podjelama odr\u017ee vlast&#8221;, istakla je Popovi\u0107.<\/p>\n\n\n\n<p>Koristili su ih za politi\u010dke interese, da omalova\u017ee, podmetnu, prevare. I kad god se poku\u0161alo komunicirati, odgovor je bio \u0107utanje. \u0106utanje koje je politi\u010dki sra\u010dunato. \u0106utanje kao potpis jedne partije i politike koja je, u ime sopstvene mo\u0107i, bila spremna da nas ostavi bez sje\u0107anja na sebe same, poru\u010dila je Popovi\u0107.<\/p>\n\n\n\n<p>&#8221;Jo\u0161 sredinom 2000-ih, a naro\u010dito tokom 2010-ih, UNESCO je upozoravao da Crna Gora dopu\u0161ta nekontrolisanu gradnju u podru\u010djima pod svjetskom za\u0161titom. Tada je predlagan moratorijum na gradnju \u2013 ekstremna mjera za malu dr\u017eavu&#8221;, navela je Popovi\u0107.<\/p>\n\n\n\n<p>Sve to, dodaje Popovi\u0107, se de\u0161avalo dok je DPS potpuno kontrolisao Vladu i institucije za\u0161tite kulturne ba\u0161tine. Znali su. I nastavili su da dozvoljavaju devastaciju.\u00a0<\/p>\n\n\n\n<p>Ne samo da su nastavili, isti\u010de Popovi\u0107, nego su smanjivali kadrovske kapacitete Uprave za za\u0161titu kulturnih dobara, planski i organizovano, kako bi odgovorili naletu investitora.\u00a0<\/p>\n\n\n\n<p>Pa hajde da ovaj put pomenemo i Ulcinj, kome je upis tvr\u0111ave u UNESCO bio doveden u pitanje 2016. i 2019, zbog monstruoznih objekata u Starom gradu i tada planiranih liftove uz zidine tvr\u0111ave. Dok su za to vrijeme ministri kulture iz DPS-a tro\u0161ili cijeli jedan bud\u017eet UNESCO komisije za putovanje na samo jednu destinaciju, navodi Popovi\u0107.<\/p>\n\n\n\n<p>&#8221;Kad pominjemo monstruozne objekte, valja se prisjetiti i hotela \u201cPodgorica\u201d, upisanog kao nepokretno kulturno dobro, a pretvorenog u monstrum od solitera, bez po\u0161tovanja arhitektonskog i kulturnog konteksta grada&#8221;, istakla je Popovi\u0107.<\/p>\n\n\n\n<p>Valja se prisjetiti i zapu\u0161tenih muzeja i muzejskih zbirki, neadekvatno vo\u0111ene restauracije, konzervacije i za\u0161tite cjelokupne kulturne ba\u0161tine. Kao \u0161to se valja prisjetiti u desetina hiljada datih suprugama tada\u0161njih ministara kulture za nepostoje\u0107e kulturne projekte, poru\u010dila je Popovi\u0107.<\/p>\n\n\n\n<p>DPS je morao \u010duvati ba\u0161tinu, a birao je da je uni\u0161ti, kazala je Popovi\u0107.<\/p>\n\n\n\n<p>&#8221;Narod to pamti, a istorija to ne\u0107e oprostiti&#8221;, poru\u010dila je Popovi\u0107.<\/p>\n\n\n\n<p>I danas je stiglo je vrijeme obnove i o\u010duvanja. Ne samo materijalne i nematerijalne, pokretne i nepokretne kulturne ba\u0161tine, navela je Popovi\u0107.\u00a0<\/p>\n\n\n\n<p>&#8221;Obnavljamo smisao kulture i tradicije i dostojanstvo naroda. A najbolji pokazatelj te obnove jeste prepoznati rad ministarke kulture, Tamare Vujovi\u0107, koji i sa evropskih adresa dobija najvi\u0161e ocjene&#8221;, zaklju\u010duje Popovi\u0107.<\/p>","protected":false},"excerpt":{"rendered":"<p>Crna Gora je prava riznica kulturnog naslje\u0111a. Na svakom koraku vidimo tragove na\u0161ih predaka i ono \u0161to svjedo\u010di o postojanju, vjeri, stvarala\u0161tvu i identitetu ovog naroda, saop\u0161tila je potpredsjednica Demokratske Crne Gore i potpredsjednica Skup\u0161tine Crne Gore Zdenka Popovi\u0107.<\/p>","protected":false},"author":1,"featured_media":962161,"comment_status":"open","ping_status":"open","sticky":false,"template":"","format":"standard","meta":{"_acf_changed":false,"footnotes":""},"categories":[12],"tags":[6902,63,13720,13721,13722,13723,13724,2078],"naslovna":[],"class_list":["post-962160","post","type-post","status-publish","format-standard","has-post-thumbnail","hentry","category-politika","tag-devastacija","tag-dps","tag-koriscenje-vlasti","tag-objekti-kulturne-bastine","tag-opustosenost","tag-razaranje","tag-sistematsko-unistavanje","tag-zdenka-popovic"],"acf":[],"yoast_head":"<!-- This site is optimized with the Yoast SEO plugin v27.4 - https:\/\/yoast.com\/product\/yoast-seo-wordpress\/ -->\n<title>Popovi\u0107: Oko 70 odsto objekata kulturne ba\u0161tine devastirano, razoreno i opusto\u0161eno; DPS svoju vlast koristio da ih razara i sistematski uni\u0161tava - dmcsrb.com<\/title>\n<meta name=\"robots\" content=\"index, follow, max-snippet:-1, max-image-preview:large, max-video-preview:-1\" \/>\n<link rel=\"canonical\" href=\"https:\/\/dmcsrb.com\/en\/politika\/popovic-oko-70-odsto-objekata-kulturne-bastine-devastirano-razoreno-i-opustoseno-dps-svoju-vlast-koristio-da-ih-razara-i-sistematski-unistava\/\" \/>\n<meta property=\"og:locale\" content=\"en_GB\" \/>\n<meta property=\"og:type\" content=\"article\" \/>\n<meta property=\"og:title\" content=\"Popovi\u0107: Oko 70 odsto objekata kulturne ba\u0161tine devastirano, razoreno i opusto\u0161eno; DPS svoju vlast koristio da ih razara i sistematski uni\u0161tava - dmcsrb.com\" \/>\n<meta property=\"og:description\" content=\"Crna Gora je prava riznica kulturnog naslje\u0111a. Na svakom koraku vidimo tragove na\u0161ih predaka i ono \u0161to svjedo\u010di o postojanju, vjeri, stvarala\u0161tvu i identitetu ovog naroda, saop\u0161tila je potpredsjednica Demokratske Crne Gore i potpredsjednica Skup\u0161tine Crne Gore Zdenka Popovi\u0107.\" \/>\n<meta property=\"og:url\" content=\"https:\/\/dmcsrb.com\/en\/politika\/popovic-oko-70-odsto-objekata-kulturne-bastine-devastirano-razoreno-i-opustoseno-dps-svoju-vlast-koristio-da-ih-razara-i-sistematski-unistava\/\" \/>\n<meta property=\"og:site_name\" content=\"dmcsrb.com\" \/>\n<meta property=\"article:published_time\" content=\"2025-11-05T16:35:00+00:00\" \/>\n<meta property=\"og:image\" content=\"https:\/\/dmcsrb.com\/wp-content\/uploads\/2026\/01\/IMG_4927.webp\" \/>\n\t<meta property=\"og:image:width\" content=\"625\" \/>\n\t<meta property=\"og:image:height\" content=\"416\" \/>\n\t<meta property=\"og:image:type\" content=\"image\/jpeg\" \/>\n<meta name=\"author\" content=\"dmcsrbija.com@gmail.com\" \/>\n<meta name=\"twitter:card\" content=\"summary_large_image\" \/>\n<meta name=\"twitter:label1\" content=\"Written by\" \/>\n\t<meta name=\"twitter:data1\" content=\"dmcsrbija.com@gmail.com\" \/>\n\t<meta name=\"twitter:label2\" content=\"Estimated reading time\" \/>\n\t<meta name=\"twitter:data2\" content=\"2 minutes\" \/>\n<script type=\"application\/ld+json\" class=\"yoast-schema-graph\">{\"@context\":\"https:\\\/\\\/schema.org\",\"@graph\":[{\"@type\":\"Article\",\"@id\":\"https:\\\/\\\/dmcsrb.com\\\/politika\\\/popovic-oko-70-odsto-objekata-kulturne-bastine-devastirano-razoreno-i-opustoseno-dps-svoju-vlast-koristio-da-ih-razara-i-sistematski-unistava\\\/#article\",\"isPartOf\":{\"@id\":\"https:\\\/\\\/dmcsrb.com\\\/politika\\\/popovic-oko-70-odsto-objekata-kulturne-bastine-devastirano-razoreno-i-opustoseno-dps-svoju-vlast-koristio-da-ih-razara-i-sistematski-unistava\\\/\"},\"author\":{\"name\":\"dmcsrbija.com@gmail.com\",\"@id\":\"https:\\\/\\\/dmcsrb.com\\\/#\\\/schema\\\/person\\\/5c39170f12db1b8b457732d0b5c854e2\"},\"headline\":\"Popovi\u0107: Oko 70 odsto objekata kulturne ba\u0161tine devastirano, razoreno i opusto\u0161eno; DPS svoju vlast koristio da ih razara i sistematski uni\u0161tava\",\"datePublished\":\"2025-11-05T16:35:00+00:00\",\"mainEntityOfPage\":{\"@id\":\"https:\\\/\\\/dmcsrb.com\\\/politika\\\/popovic-oko-70-odsto-objekata-kulturne-bastine-devastirano-razoreno-i-opustoseno-dps-svoju-vlast-koristio-da-ih-razara-i-sistematski-unistava\\\/\"},\"wordCount\":490,\"commentCount\":0,\"image\":{\"@id\":\"https:\\\/\\\/dmcsrb.com\\\/politika\\\/popovic-oko-70-odsto-objekata-kulturne-bastine-devastirano-razoreno-i-opustoseno-dps-svoju-vlast-koristio-da-ih-razara-i-sistematski-unistava\\\/#primaryimage\"},\"thumbnailUrl\":\"https:\\\/\\\/dmcsrb.com\\\/wp-content\\\/uploads\\\/2026\\\/01\\\/IMG_4927.webp\",\"keywords\":[\"devastacija\",\"DPS\",\"Kori\u0161\u0107enje vlasti\",\"Objekti kulturne ba\u0161tine\",\"Opusto\u0161enost\",\"Razaranje\",\"Sistematsko uni\u0161tavanje\",\"Zdenka Popovi\u0107\"],\"articleSection\":[\"Politika\"],\"inLanguage\":\"en-GB\",\"potentialAction\":[{\"@type\":\"CommentAction\",\"name\":\"Comment\",\"target\":[\"https:\\\/\\\/dmcsrb.com\\\/politika\\\/popovic-oko-70-odsto-objekata-kulturne-bastine-devastirano-razoreno-i-opustoseno-dps-svoju-vlast-koristio-da-ih-razara-i-sistematski-unistava\\\/#respond\"]}]},{\"@type\":\"WebPage\",\"@id\":\"https:\\\/\\\/dmcsrb.com\\\/politika\\\/popovic-oko-70-odsto-objekata-kulturne-bastine-devastirano-razoreno-i-opustoseno-dps-svoju-vlast-koristio-da-ih-razara-i-sistematski-unistava\\\/\",\"url\":\"https:\\\/\\\/dmcsrb.com\\\/politika\\\/popovic-oko-70-odsto-objekata-kulturne-bastine-devastirano-razoreno-i-opustoseno-dps-svoju-vlast-koristio-da-ih-razara-i-sistematski-unistava\\\/\",\"name\":\"Popovi\u0107: Oko 70 odsto objekata kulturne ba\u0161tine devastirano, razoreno i opusto\u0161eno; DPS svoju vlast koristio da ih razara i sistematski uni\u0161tava - dmcsrb.com\",\"isPartOf\":{\"@id\":\"https:\\\/\\\/dmcsrb.com\\\/#website\"},\"primaryImageOfPage\":{\"@id\":\"https:\\\/\\\/dmcsrb.com\\\/politika\\\/popovic-oko-70-odsto-objekata-kulturne-bastine-devastirano-razoreno-i-opustoseno-dps-svoju-vlast-koristio-da-ih-razara-i-sistematski-unistava\\\/#primaryimage\"},\"image\":{\"@id\":\"https:\\\/\\\/dmcsrb.com\\\/politika\\\/popovic-oko-70-odsto-objekata-kulturne-bastine-devastirano-razoreno-i-opustoseno-dps-svoju-vlast-koristio-da-ih-razara-i-sistematski-unistava\\\/#primaryimage\"},\"thumbnailUrl\":\"https:\\\/\\\/dmcsrb.com\\\/wp-content\\\/uploads\\\/2026\\\/01\\\/IMG_4927.webp\",\"datePublished\":\"2025-11-05T16:35:00+00:00\",\"author\":{\"@id\":\"https:\\\/\\\/dmcsrb.com\\\/#\\\/schema\\\/person\\\/5c39170f12db1b8b457732d0b5c854e2\"},\"breadcrumb\":{\"@id\":\"https:\\\/\\\/dmcsrb.com\\\/politika\\\/popovic-oko-70-odsto-objekata-kulturne-bastine-devastirano-razoreno-i-opustoseno-dps-svoju-vlast-koristio-da-ih-razara-i-sistematski-unistava\\\/#breadcrumb\"},\"inLanguage\":\"en-GB\",\"potentialAction\":[{\"@type\":\"ReadAction\",\"target\":[\"https:\\\/\\\/dmcsrb.com\\\/politika\\\/popovic-oko-70-odsto-objekata-kulturne-bastine-devastirano-razoreno-i-opustoseno-dps-svoju-vlast-koristio-da-ih-razara-i-sistematski-unistava\\\/\"]}]},{\"@type\":\"ImageObject\",\"inLanguage\":\"en-GB\",\"@id\":\"https:\\\/\\\/dmcsrb.com\\\/politika\\\/popovic-oko-70-odsto-objekata-kulturne-bastine-devastirano-razoreno-i-opustoseno-dps-svoju-vlast-koristio-da-ih-razara-i-sistematski-unistava\\\/#primaryimage\",\"url\":\"https:\\\/\\\/dmcsrb.com\\\/wp-content\\\/uploads\\\/2026\\\/01\\\/IMG_4927.webp\",\"contentUrl\":\"https:\\\/\\\/dmcsrb.com\\\/wp-content\\\/uploads\\\/2026\\\/01\\\/IMG_4927.webp\",\"width\":625,\"height\":416},{\"@type\":\"BreadcrumbList\",\"@id\":\"https:\\\/\\\/dmcsrb.com\\\/politika\\\/popovic-oko-70-odsto-objekata-kulturne-bastine-devastirano-razoreno-i-opustoseno-dps-svoju-vlast-koristio-da-ih-razara-i-sistematski-unistava\\\/#breadcrumb\",\"itemListElement\":[{\"@type\":\"ListItem\",\"position\":1,\"name\":\"Home\",\"item\":\"https:\\\/\\\/dmcsrb.com\\\/\"},{\"@type\":\"ListItem\",\"position\":2,\"name\":\"Popovi\u0107: Oko 70 odsto objekata kulturne ba\u0161tine devastirano, razoreno i opusto\u0161eno; DPS svoju vlast koristio da ih razara i sistematski uni\u0161tava\"}]},{\"@type\":\"WebSite\",\"@id\":\"https:\\\/\\\/dmcsrb.com\\\/#website\",\"url\":\"https:\\\/\\\/dmcsrb.com\\\/\",\"name\":\"dmcsrb.com\",\"description\":\"\",\"potentialAction\":[{\"@type\":\"SearchAction\",\"target\":{\"@type\":\"EntryPoint\",\"urlTemplate\":\"https:\\\/\\\/dmcsrb.com\\\/?s={search_term_string}\"},\"query-input\":{\"@type\":\"PropertyValueSpecification\",\"valueRequired\":true,\"valueName\":\"search_term_string\"}}],\"inLanguage\":\"en-GB\"},{\"@type\":\"Person\",\"@id\":\"https:\\\/\\\/dmcsrb.com\\\/#\\\/schema\\\/person\\\/5c39170f12db1b8b457732d0b5c854e2\",\"name\":\"dmcsrbija.com@gmail.com\",\"image\":{\"@type\":\"ImageObject\",\"inLanguage\":\"en-GB\",\"@id\":\"https:\\\/\\\/secure.gravatar.com\\\/avatar\\\/68592660ad6347fad0fb587f8d5d8f1a7b44961362f56e4f2cd524feb87e9069?s=96&d=mm&r=g\",\"url\":\"https:\\\/\\\/secure.gravatar.com\\\/avatar\\\/68592660ad6347fad0fb587f8d5d8f1a7b44961362f56e4f2cd524feb87e9069?s=96&d=mm&r=g\",\"contentUrl\":\"https:\\\/\\\/secure.gravatar.com\\\/avatar\\\/68592660ad6347fad0fb587f8d5d8f1a7b44961362f56e4f2cd524feb87e9069?s=96&d=mm&r=g\",\"caption\":\"dmcsrbija.com@gmail.com\"},\"sameAs\":[\"https:\\\/\\\/dmcsrb.com\"],\"url\":\"https:\\\/\\\/dmcsrb.com\\\/en\\\/author\\\/dmcsrbija-comgmail-com\\\/\"}]}<\/script>\n<!-- \/ Yoast SEO plugin. -->","yoast_head_json":{"title":"Popovi\u0107: Oko 70 odsto objekata kulturne ba\u0161tine devastirano, razoreno i opusto\u0161eno; DPS svoju vlast koristio da ih razara i sistematski uni\u0161tava - dmcsrb.com","robots":{"index":"index","follow":"follow","max-snippet":"max-snippet:-1","max-image-preview":"max-image-preview:large","max-video-preview":"max-video-preview:-1"},"canonical":"https:\/\/dmcsrb.com\/en\/politika\/popovic-oko-70-odsto-objekata-kulturne-bastine-devastirano-razoreno-i-opustoseno-dps-svoju-vlast-koristio-da-ih-razara-i-sistematski-unistava\/","og_locale":"en_GB","og_type":"article","og_title":"Popovi\u0107: Oko 70 odsto objekata kulturne ba\u0161tine devastirano, razoreno i opusto\u0161eno; DPS svoju vlast koristio da ih razara i sistematski uni\u0161tava - dmcsrb.com","og_description":"Crna Gora je prava riznica kulturnog naslje\u0111a. Na svakom koraku vidimo tragove na\u0161ih predaka i ono \u0161to svjedo\u010di o postojanju, vjeri, stvarala\u0161tvu i identitetu ovog naroda, saop\u0161tila je potpredsjednica Demokratske Crne Gore i potpredsjednica Skup\u0161tine Crne Gore Zdenka Popovi\u0107.","og_url":"https:\/\/dmcsrb.com\/en\/politika\/popovic-oko-70-odsto-objekata-kulturne-bastine-devastirano-razoreno-i-opustoseno-dps-svoju-vlast-koristio-da-ih-razara-i-sistematski-unistava\/","og_site_name":"dmcsrb.com","article_published_time":"2025-11-05T16:35:00+00:00","og_image":[{"width":625,"height":416,"url":"https:\/\/dmcsrb.com\/wp-content\/uploads\/2026\/01\/IMG_4927.webp","type":"image\/jpeg"}],"author":"dmcsrbija.com@gmail.com","twitter_card":"summary_large_image","twitter_misc":{"Written by":"dmcsrbija.com@gmail.com","Estimated reading time":"2 minutes"},"schema":{"@context":"https:\/\/schema.org","@graph":[{"@type":"Article","@id":"https:\/\/dmcsrb.com\/politika\/popovic-oko-70-odsto-objekata-kulturne-bastine-devastirano-razoreno-i-opustoseno-dps-svoju-vlast-koristio-da-ih-razara-i-sistematski-unistava\/#article","isPartOf":{"@id":"https:\/\/dmcsrb.com\/politika\/popovic-oko-70-odsto-objekata-kulturne-bastine-devastirano-razoreno-i-opustoseno-dps-svoju-vlast-koristio-da-ih-razara-i-sistematski-unistava\/"},"author":{"name":"dmcsrbija.com@gmail.com","@id":"https:\/\/dmcsrb.com\/#\/schema\/person\/5c39170f12db1b8b457732d0b5c854e2"},"headline":"Popovi\u0107: Oko 70 odsto objekata kulturne ba\u0161tine devastirano, razoreno i opusto\u0161eno; DPS svoju vlast koristio da ih razara i sistematski uni\u0161tava","datePublished":"2025-11-05T16:35:00+00:00","mainEntityOfPage":{"@id":"https:\/\/dmcsrb.com\/politika\/popovic-oko-70-odsto-objekata-kulturne-bastine-devastirano-razoreno-i-opustoseno-dps-svoju-vlast-koristio-da-ih-razara-i-sistematski-unistava\/"},"wordCount":490,"commentCount":0,"image":{"@id":"https:\/\/dmcsrb.com\/politika\/popovic-oko-70-odsto-objekata-kulturne-bastine-devastirano-razoreno-i-opustoseno-dps-svoju-vlast-koristio-da-ih-razara-i-sistematski-unistava\/#primaryimage"},"thumbnailUrl":"https:\/\/dmcsrb.com\/wp-content\/uploads\/2026\/01\/IMG_4927.webp","keywords":["devastacija","DPS","Kori\u0161\u0107enje vlasti","Objekti kulturne ba\u0161tine","Opusto\u0161enost","Razaranje","Sistematsko uni\u0161tavanje","Zdenka Popovi\u0107"],"articleSection":["Politika"],"inLanguage":"en-GB","potentialAction":[{"@type":"CommentAction","name":"Comment","target":["https:\/\/dmcsrb.com\/politika\/popovic-oko-70-odsto-objekata-kulturne-bastine-devastirano-razoreno-i-opustoseno-dps-svoju-vlast-koristio-da-ih-razara-i-sistematski-unistava\/#respond"]}]},{"@type":"WebPage","@id":"https:\/\/dmcsrb.com\/politika\/popovic-oko-70-odsto-objekata-kulturne-bastine-devastirano-razoreno-i-opustoseno-dps-svoju-vlast-koristio-da-ih-razara-i-sistematski-unistava\/","url":"https:\/\/dmcsrb.com\/politika\/popovic-oko-70-odsto-objekata-kulturne-bastine-devastirano-razoreno-i-opustoseno-dps-svoju-vlast-koristio-da-ih-razara-i-sistematski-unistava\/","name":"Popovi\u0107: Oko 70 odsto objekata kulturne ba\u0161tine devastirano, razoreno i opusto\u0161eno; DPS svoju vlast koristio da ih razara i sistematski uni\u0161tava - dmcsrb.com","isPartOf":{"@id":"https:\/\/dmcsrb.com\/#website"},"primaryImageOfPage":{"@id":"https:\/\/dmcsrb.com\/politika\/popovic-oko-70-odsto-objekata-kulturne-bastine-devastirano-razoreno-i-opustoseno-dps-svoju-vlast-koristio-da-ih-razara-i-sistematski-unistava\/#primaryimage"},"image":{"@id":"https:\/\/dmcsrb.com\/politika\/popovic-oko-70-odsto-objekata-kulturne-bastine-devastirano-razoreno-i-opustoseno-dps-svoju-vlast-koristio-da-ih-razara-i-sistematski-unistava\/#primaryimage"},"thumbnailUrl":"https:\/\/dmcsrb.com\/wp-content\/uploads\/2026\/01\/IMG_4927.webp","datePublished":"2025-11-05T16:35:00+00:00","author":{"@id":"https:\/\/dmcsrb.com\/#\/schema\/person\/5c39170f12db1b8b457732d0b5c854e2"},"breadcrumb":{"@id":"https:\/\/dmcsrb.com\/politika\/popovic-oko-70-odsto-objekata-kulturne-bastine-devastirano-razoreno-i-opustoseno-dps-svoju-vlast-koristio-da-ih-razara-i-sistematski-unistava\/#breadcrumb"},"inLanguage":"en-GB","potentialAction":[{"@type":"ReadAction","target":["https:\/\/dmcsrb.com\/politika\/popovic-oko-70-odsto-objekata-kulturne-bastine-devastirano-razoreno-i-opustoseno-dps-svoju-vlast-koristio-da-ih-razara-i-sistematski-unistava\/"]}]},{"@type":"ImageObject","inLanguage":"en-GB","@id":"https:\/\/dmcsrb.com\/politika\/popovic-oko-70-odsto-objekata-kulturne-bastine-devastirano-razoreno-i-opustoseno-dps-svoju-vlast-koristio-da-ih-razara-i-sistematski-unistava\/#primaryimage","url":"https:\/\/dmcsrb.com\/wp-content\/uploads\/2026\/01\/IMG_4927.webp","contentUrl":"https:\/\/dmcsrb.com\/wp-content\/uploads\/2026\/01\/IMG_4927.webp","width":625,"height":416},{"@type":"BreadcrumbList","@id":"https:\/\/dmcsrb.com\/politika\/popovic-oko-70-odsto-objekata-kulturne-bastine-devastirano-razoreno-i-opustoseno-dps-svoju-vlast-koristio-da-ih-razara-i-sistematski-unistava\/#breadcrumb","itemListElement":[{"@type":"ListItem","position":1,"name":"Home","item":"https:\/\/dmcsrb.com\/"},{"@type":"ListItem","position":2,"name":"Popovi\u0107: Oko 70 odsto objekata kulturne ba\u0161tine devastirano, razoreno i opusto\u0161eno; DPS svoju vlast koristio da ih razara i sistematski uni\u0161tava"}]},{"@type":"WebSite","@id":"https:\/\/dmcsrb.com\/#website","url":"https:\/\/dmcsrb.com\/","name":"dmcsrb.com","description":"","potentialAction":[{"@type":"SearchAction","target":{"@type":"EntryPoint","urlTemplate":"https:\/\/dmcsrb.com\/?s={search_term_string}"},"query-input":{"@type":"PropertyValueSpecification","valueRequired":true,"valueName":"search_term_string"}}],"inLanguage":"en-GB"},{"@type":"Person","@id":"https:\/\/dmcsrb.com\/#\/schema\/person\/5c39170f12db1b8b457732d0b5c854e2","name":"dmcsrbija.com@gmail.com","image":{"@type":"ImageObject","inLanguage":"en-GB","@id":"https:\/\/secure.gravatar.com\/avatar\/68592660ad6347fad0fb587f8d5d8f1a7b44961362f56e4f2cd524feb87e9069?s=96&d=mm&r=g","url":"https:\/\/secure.gravatar.com\/avatar\/68592660ad6347fad0fb587f8d5d8f1a7b44961362f56e4f2cd524feb87e9069?s=96&d=mm&r=g","contentUrl":"https:\/\/secure.gravatar.com\/avatar\/68592660ad6347fad0fb587f8d5d8f1a7b44961362f56e4f2cd524feb87e9069?s=96&d=mm&r=g","caption":"dmcsrbija.com@gmail.com"},"sameAs":["https:\/\/dmcsrb.com"],"url":"https:\/\/dmcsrb.com\/en\/author\/dmcsrbija-comgmail-com\/"}]}},"_links":{"self":[{"href":"https:\/\/dmcsrb.com\/en\/wp-json\/wp\/v2\/posts\/962160","targetHints":{"allow":["GET"]}}],"collection":[{"href":"https:\/\/dmcsrb.com\/en\/wp-json\/wp\/v2\/posts"}],"about":[{"href":"https:\/\/dmcsrb.com\/en\/wp-json\/wp\/v2\/types\/post"}],"author":[{"embeddable":true,"href":"https:\/\/dmcsrb.com\/en\/wp-json\/wp\/v2\/users\/1"}],"replies":[{"embeddable":true,"href":"https:\/\/dmcsrb.com\/en\/wp-json\/wp\/v2\/comments?post=962160"}],"version-history":[{"count":0,"href":"https:\/\/dmcsrb.com\/en\/wp-json\/wp\/v2\/posts\/962160\/revisions"}],"wp:featuredmedia":[{"embeddable":true,"href":"https:\/\/dmcsrb.com\/en\/wp-json\/wp\/v2\/media\/962161"}],"wp:attachment":[{"href":"https:\/\/dmcsrb.com\/en\/wp-json\/wp\/v2\/media?parent=962160"}],"wp:term":[{"taxonomy":"category","embeddable":true,"href":"https:\/\/dmcsrb.com\/en\/wp-json\/wp\/v2\/categories?post=962160"},{"taxonomy":"post_tag","embeddable":true,"href":"https:\/\/dmcsrb.com\/en\/wp-json\/wp\/v2\/tags?post=962160"},{"taxonomy":"naslovna","embeddable":true,"href":"https:\/\/dmcsrb.com\/en\/wp-json\/wp\/v2\/naslovna?post=962160"}],"curies":[{"name":"wp","href":"https:\/\/api.w.org\/{rel}","templated":true}]}}