{"id":962150,"date":"2025-11-05T16:50:00","date_gmt":"2025-11-05T15:50:00","guid":{"rendered":"https:\/\/dmcsrb.com\/uncategorized\/drakic-sa-bousquetom-evropska-podrska-za-brzi-napredak-crne-gore\/"},"modified":"2025-11-05T16:50:00","modified_gmt":"2025-11-05T15:50:00","slug":"drakic-sa-bousquetom-evropska-podrska-za-brzi-napredak-crne-gore","status":"publish","type":"post","link":"https:\/\/dmcsrb.com\/en\/ekonomija\/drakic-sa-bousquetom-evropska-podrska-za-brzi-napredak-crne-gore\/","title":{"rendered":"Draki\u0107 sa Bousquetom: Evropska podr\u0161ka za br\u017ei napredak Crne Gore"},"content":{"rendered":"<p><\/p>\n\n\n\n<p>Sastanak je bio prilika za razmjenu mi\u0161ljenja o klju\u010dnim izazovima sa kojima se suo\u010dava poslovna zajednica u procesu pristupanja Evropskoj uniji, mogu\u0107nostima koje ovaj proces donosi, te ja\u010danju odnosa izme\u0111u EU i zemalja kandidata.<\/p>\n\n\n\n<p>\u201cPrivredna komora Crne Gore, kao najstarija nacionalna poslovna asocijacija, sna\u017eno podr\u017eava \u010dlanstvo Crne Gore u Evropskoj uniji i dosljedno radi na pripremi na\u0161ih kompanija za uslove jedinstvenog evropskog tr\u017ei\u0161ta. Znamo da proces pristupanja EU nije samo politi\u010dki ve\u0107 i&nbsp; ekonomski proces, koji zahtijeva aktivno u\u010de\u0161\u0107e privatnog sektora, jer bez konkurentne privrede nema ni uspje\u0161ne integracije, a bez dobro pripremljenih preduze\u0107a, nema uspjeha nacionalne ekonomije\u201d, navela je u svom obra\u0107anju predsjednica Privredne komore dr Nina Draki\u0107 i dodala: \u201cNa\u0161e mjesto u procesu evropske integracije ogleda se kroz rad radnih grupa za vo\u0111enje pregovora za pristupanje Crne Gore Evropskoj uniji. U tom poslu, doprinosimo uskla\u0111ivanju doma\u0107ih propisa sa evropskom pravnom tekovinom, istovremeno vode\u0107i ra\u010duna o o\u010duvanju povoljnog poslovnog ambijenta i ja\u010danju konkurentnosti crnogorske privrede\u201d.<\/p>\n\n\n\n<p>Ukazala je da pored pozitivnih aspekata i trendova postoje i realni izazovi s kojima se suo\u010dava privreda u Crnoj Gori, kao \u0161to su dekarbonizacija i digitalna tranzicija zbog ograni\u010denih finansijskih i ljudskih resursa, nedostatak kvalifikovane radne snage, nedostatak investicija, neformalna ekonomija.<\/p>\n\n\n\n<p>\u201cSve ove pojave u zna\u010dajnoj mjeri umanjuju sposobnost na\u0161e ekonomije da ostvari vi\u0161e stope ekonomskog rasta. Me\u0111utim, zastoj i zati\u0161je otvara mogu\u0107nost da se u vremenu koje je pred nama i koje vidimo kao zavr\u0161nu fazu evropskog integracionog procesa, uz pomo\u0107 evropskih partnera, fondova, regionalnih i \u0161irih inicijativa, ali i posredstvom same evropske vlade \u2013 ostvari brzi napredak kroz podsticanje i realizaciju investicija prvenstveno u oblastima infrastrukture, interkonekcija, energetike i poljoprivrede\u201d,naglasila je predsjednica Draki\u0107 i ukazala na ulogu privrednih komora:<\/p>\n\n\n\n<p>\u201cPrivredne komore predstavljaju klju\u010dni most izme\u0111u dr\u017eave i privrede. Komora Crne Gore ve\u0107 godinama organizuje tematske dijaloge sa Vladom, lokalnim samoupravama i me\u0111unarodnim partnerima, pru\u017eaju\u0107i platformu za razmjenu informacija i definisanje zajedni\u010dkih rje\u0161enja. Ovakvim sastancima osigurava se da politike budu zasnovane na realnim podacima i iskustvima privrede, o\u010ditanim kroz prizmu evopskih praksi \u2013 \u0161to je preduslov za uspje\u0161nu implementaciju unutra\u0161njih reformi, i stvaranje sposobnosti za vanjsku ekonomsku politiku. U tom procesu, privredne komore imaju dvostruku ulogu \u2013 da budu promoteri vrijednosti i evropskih standarda me\u0111u preduze\u0107ima, ali i partneri Evropske komisije u sprovo\u0111enju politika koje donose konkretne koristi privredi i gra\u0111anima\u201d, zaklju\u010dila je Draki\u0107 i poru\u010dila da Privredna komora ostaje posve\u0107en i pouzdan partner evropskim institucijama i biznis zajednici u stvaranju zajedni\u010dke, konkurentne i odr\u017eive evropske privrede.<\/p>\n\n\n\n<p>Draki\u0107, tokom boravka u Briselu, u\u010d\u0323estvovala je u radu godi\u0161nje skup\u0161tine Asocijacije privrednih komora Evrope \u2013 Eurochambres, na kojoj je za predsjednika ponovno izabran\u00a0Vladim\u00edr Dlouh\u00fd. \u00a0\u00a0<\/p>","protected":false},"excerpt":{"rendered":"<p>Dan nakon \u0161to je Evropska komisija usvojila Paket pro\u0161irenja za 2025. godinu, predstavnici privrednih komora i kompanija iz zemalja kandidata koje u\u010destvuju u sedmom izdanju Evropskog parlamenta preduze\u0107a, imali su priliku da sa Mathieuom Bousquetom, direktorom za koordinaciju, strategiju i investicije u Generalnom direktoratu Evropske komisije za pro\u0161irenje i isto\u010dno susjedstvo (DG ENEST), razgovaraju o glavnim nalazima izvje\u0161taja po zemljama, saop\u0161teno je iz Privredne komore Crne Gore.<\/p>","protected":false},"author":1,"featured_media":962151,"comment_status":"open","ping_status":"open","sticky":false,"template":"","format":"standard","meta":{"_acf_changed":false,"footnotes":""},"categories":[27],"tags":[13712,95,13713,13714,4630],"naslovna":[],"class_list":["post-962150","post","type-post","status-publish","format-standard","has-post-thumbnail","hentry","category-ekonomija","tag-brzi-napredak","tag-crna-gora","tag-evropska-spodrska","tag-mathieu-bousquet","tag-nina-drakic"],"acf":[],"yoast_head":"<!-- This site is optimized with the Yoast SEO plugin v27.4 - https:\/\/yoast.com\/product\/yoast-seo-wordpress\/ -->\n<title>Draki\u0107 sa Bousquetom: Evropska podr\u0161ka za br\u017ei napredak Crne Gore - dmcsrb.com<\/title>\n<meta name=\"robots\" content=\"index, follow, max-snippet:-1, max-image-preview:large, max-video-preview:-1\" \/>\n<link rel=\"canonical\" href=\"https:\/\/dmcsrb.com\/en\/ekonomija\/drakic-sa-bousquetom-evropska-podrska-za-brzi-napredak-crne-gore\/\" \/>\n<meta property=\"og:locale\" content=\"en_GB\" \/>\n<meta property=\"og:type\" content=\"article\" \/>\n<meta property=\"og:title\" content=\"Draki\u0107 sa Bousquetom: Evropska podr\u0161ka za br\u017ei napredak Crne Gore - dmcsrb.com\" \/>\n<meta property=\"og:description\" content=\"Dan nakon \u0161to je Evropska komisija usvojila Paket pro\u0161irenja za 2025. godinu, predstavnici privrednih komora i kompanija iz zemalja kandidata koje u\u010destvuju u sedmom izdanju Evropskog parlamenta preduze\u0107a, imali su priliku da sa Mathieuom Bousquetom, direktorom za koordinaciju, strategiju i investicije u Generalnom direktoratu Evropske komisije za pro\u0161irenje i isto\u010dno susjedstvo (DG ENEST), razgovaraju o glavnim nalazima izvje\u0161taja po zemljama, saop\u0161teno je iz Privredne komore Crne Gore.\" \/>\n<meta property=\"og:url\" content=\"https:\/\/dmcsrb.com\/en\/ekonomija\/drakic-sa-bousquetom-evropska-podrska-za-brzi-napredak-crne-gore\/\" \/>\n<meta property=\"og:site_name\" content=\"dmcsrb.com\" \/>\n<meta property=\"article:published_time\" content=\"2025-11-05T15:50:00+00:00\" \/>\n<meta property=\"og:image\" content=\"https:\/\/dmcsrb.com\/wp-content\/uploads\/2026\/01\/ND-1.webp\" \/>\n\t<meta property=\"og:image:width\" content=\"1600\" \/>\n\t<meta property=\"og:image:height\" content=\"1200\" \/>\n\t<meta property=\"og:image:type\" content=\"image\/jpeg\" \/>\n<meta name=\"author\" content=\"dmcsrbija.com@gmail.com\" \/>\n<meta name=\"twitter:card\" content=\"summary_large_image\" \/>\n<meta name=\"twitter:label1\" content=\"Written by\" \/>\n\t<meta name=\"twitter:data1\" content=\"dmcsrbija.com@gmail.com\" \/>\n\t<meta name=\"twitter:label2\" content=\"Estimated reading time\" \/>\n\t<meta name=\"twitter:data2\" content=\"2 minutes\" \/>\n<script type=\"application\/ld+json\" class=\"yoast-schema-graph\">{\"@context\":\"https:\\\/\\\/schema.org\",\"@graph\":[{\"@type\":\"Article\",\"@id\":\"https:\\\/\\\/dmcsrb.com\\\/ekonomija\\\/drakic-sa-bousquetom-evropska-podrska-za-brzi-napredak-crne-gore\\\/#article\",\"isPartOf\":{\"@id\":\"https:\\\/\\\/dmcsrb.com\\\/ekonomija\\\/drakic-sa-bousquetom-evropska-podrska-za-brzi-napredak-crne-gore\\\/\"},\"author\":{\"name\":\"dmcsrbija.com@gmail.com\",\"@id\":\"https:\\\/\\\/dmcsrb.com\\\/#\\\/schema\\\/person\\\/5c39170f12db1b8b457732d0b5c854e2\"},\"headline\":\"Draki\u0107 sa Bousquetom: Evropska podr\u0161ka za br\u017ei napredak Crne Gore\",\"datePublished\":\"2025-11-05T15:50:00+00:00\",\"mainEntityOfPage\":{\"@id\":\"https:\\\/\\\/dmcsrb.com\\\/ekonomija\\\/drakic-sa-bousquetom-evropska-podrska-za-brzi-napredak-crne-gore\\\/\"},\"wordCount\":498,\"commentCount\":0,\"image\":{\"@id\":\"https:\\\/\\\/dmcsrb.com\\\/ekonomija\\\/drakic-sa-bousquetom-evropska-podrska-za-brzi-napredak-crne-gore\\\/#primaryimage\"},\"thumbnailUrl\":\"https:\\\/\\\/dmcsrb.com\\\/wp-content\\\/uploads\\\/2026\\\/01\\\/ND-1.webp\",\"keywords\":[\"br\u017ei napredak\",\"Crna Gora\",\"Evropska \u0161podr\u0161ka\",\"Mathieu Bousquet\",\"Nina Draki\u0107\"],\"articleSection\":[\"Ekonomija\"],\"inLanguage\":\"en-GB\",\"potentialAction\":[{\"@type\":\"CommentAction\",\"name\":\"Comment\",\"target\":[\"https:\\\/\\\/dmcsrb.com\\\/ekonomija\\\/drakic-sa-bousquetom-evropska-podrska-za-brzi-napredak-crne-gore\\\/#respond\"]}]},{\"@type\":\"WebPage\",\"@id\":\"https:\\\/\\\/dmcsrb.com\\\/ekonomija\\\/drakic-sa-bousquetom-evropska-podrska-za-brzi-napredak-crne-gore\\\/\",\"url\":\"https:\\\/\\\/dmcsrb.com\\\/ekonomija\\\/drakic-sa-bousquetom-evropska-podrska-za-brzi-napredak-crne-gore\\\/\",\"name\":\"Draki\u0107 sa Bousquetom: Evropska podr\u0161ka za br\u017ei napredak Crne Gore - dmcsrb.com\",\"isPartOf\":{\"@id\":\"https:\\\/\\\/dmcsrb.com\\\/#website\"},\"primaryImageOfPage\":{\"@id\":\"https:\\\/\\\/dmcsrb.com\\\/ekonomija\\\/drakic-sa-bousquetom-evropska-podrska-za-brzi-napredak-crne-gore\\\/#primaryimage\"},\"image\":{\"@id\":\"https:\\\/\\\/dmcsrb.com\\\/ekonomija\\\/drakic-sa-bousquetom-evropska-podrska-za-brzi-napredak-crne-gore\\\/#primaryimage\"},\"thumbnailUrl\":\"https:\\\/\\\/dmcsrb.com\\\/wp-content\\\/uploads\\\/2026\\\/01\\\/ND-1.webp\",\"datePublished\":\"2025-11-05T15:50:00+00:00\",\"author\":{\"@id\":\"https:\\\/\\\/dmcsrb.com\\\/#\\\/schema\\\/person\\\/5c39170f12db1b8b457732d0b5c854e2\"},\"breadcrumb\":{\"@id\":\"https:\\\/\\\/dmcsrb.com\\\/ekonomija\\\/drakic-sa-bousquetom-evropska-podrska-za-brzi-napredak-crne-gore\\\/#breadcrumb\"},\"inLanguage\":\"en-GB\",\"potentialAction\":[{\"@type\":\"ReadAction\",\"target\":[\"https:\\\/\\\/dmcsrb.com\\\/ekonomija\\\/drakic-sa-bousquetom-evropska-podrska-za-brzi-napredak-crne-gore\\\/\"]}]},{\"@type\":\"ImageObject\",\"inLanguage\":\"en-GB\",\"@id\":\"https:\\\/\\\/dmcsrb.com\\\/ekonomija\\\/drakic-sa-bousquetom-evropska-podrska-za-brzi-napredak-crne-gore\\\/#primaryimage\",\"url\":\"https:\\\/\\\/dmcsrb.com\\\/wp-content\\\/uploads\\\/2026\\\/01\\\/ND-1.webp\",\"contentUrl\":\"https:\\\/\\\/dmcsrb.com\\\/wp-content\\\/uploads\\\/2026\\\/01\\\/ND-1.webp\",\"width\":1600,\"height\":1200},{\"@type\":\"BreadcrumbList\",\"@id\":\"https:\\\/\\\/dmcsrb.com\\\/ekonomija\\\/drakic-sa-bousquetom-evropska-podrska-za-brzi-napredak-crne-gore\\\/#breadcrumb\",\"itemListElement\":[{\"@type\":\"ListItem\",\"position\":1,\"name\":\"Home\",\"item\":\"https:\\\/\\\/dmcsrb.com\\\/\"},{\"@type\":\"ListItem\",\"position\":2,\"name\":\"Draki\u0107 sa Bousquetom: Evropska podr\u0161ka za br\u017ei napredak Crne Gore\"}]},{\"@type\":\"WebSite\",\"@id\":\"https:\\\/\\\/dmcsrb.com\\\/#website\",\"url\":\"https:\\\/\\\/dmcsrb.com\\\/\",\"name\":\"dmcsrb.com\",\"description\":\"\",\"potentialAction\":[{\"@type\":\"SearchAction\",\"target\":{\"@type\":\"EntryPoint\",\"urlTemplate\":\"https:\\\/\\\/dmcsrb.com\\\/?s={search_term_string}\"},\"query-input\":{\"@type\":\"PropertyValueSpecification\",\"valueRequired\":true,\"valueName\":\"search_term_string\"}}],\"inLanguage\":\"en-GB\"},{\"@type\":\"Person\",\"@id\":\"https:\\\/\\\/dmcsrb.com\\\/#\\\/schema\\\/person\\\/5c39170f12db1b8b457732d0b5c854e2\",\"name\":\"dmcsrbija.com@gmail.com\",\"image\":{\"@type\":\"ImageObject\",\"inLanguage\":\"en-GB\",\"@id\":\"https:\\\/\\\/secure.gravatar.com\\\/avatar\\\/68592660ad6347fad0fb587f8d5d8f1a7b44961362f56e4f2cd524feb87e9069?s=96&d=mm&r=g\",\"url\":\"https:\\\/\\\/secure.gravatar.com\\\/avatar\\\/68592660ad6347fad0fb587f8d5d8f1a7b44961362f56e4f2cd524feb87e9069?s=96&d=mm&r=g\",\"contentUrl\":\"https:\\\/\\\/secure.gravatar.com\\\/avatar\\\/68592660ad6347fad0fb587f8d5d8f1a7b44961362f56e4f2cd524feb87e9069?s=96&d=mm&r=g\",\"caption\":\"dmcsrbija.com@gmail.com\"},\"sameAs\":[\"https:\\\/\\\/dmcsrb.com\"],\"url\":\"https:\\\/\\\/dmcsrb.com\\\/en\\\/author\\\/dmcsrbija-comgmail-com\\\/\"}]}<\/script>\n<!-- \/ Yoast SEO plugin. -->","yoast_head_json":{"title":"Draki\u0107 sa Bousquetom: Evropska podr\u0161ka za br\u017ei napredak Crne Gore - dmcsrb.com","robots":{"index":"index","follow":"follow","max-snippet":"max-snippet:-1","max-image-preview":"max-image-preview:large","max-video-preview":"max-video-preview:-1"},"canonical":"https:\/\/dmcsrb.com\/en\/ekonomija\/drakic-sa-bousquetom-evropska-podrska-za-brzi-napredak-crne-gore\/","og_locale":"en_GB","og_type":"article","og_title":"Draki\u0107 sa Bousquetom: Evropska podr\u0161ka za br\u017ei napredak Crne Gore - dmcsrb.com","og_description":"Dan nakon \u0161to je Evropska komisija usvojila Paket pro\u0161irenja za 2025. godinu, predstavnici privrednih komora i kompanija iz zemalja kandidata koje u\u010destvuju u sedmom izdanju Evropskog parlamenta preduze\u0107a, imali su priliku da sa Mathieuom Bousquetom, direktorom za koordinaciju, strategiju i investicije u Generalnom direktoratu Evropske komisije za pro\u0161irenje i isto\u010dno susjedstvo (DG ENEST), razgovaraju o glavnim nalazima izvje\u0161taja po zemljama, saop\u0161teno je iz Privredne komore Crne Gore.","og_url":"https:\/\/dmcsrb.com\/en\/ekonomija\/drakic-sa-bousquetom-evropska-podrska-za-brzi-napredak-crne-gore\/","og_site_name":"dmcsrb.com","article_published_time":"2025-11-05T15:50:00+00:00","og_image":[{"width":1600,"height":1200,"url":"https:\/\/dmcsrb.com\/wp-content\/uploads\/2026\/01\/ND-1.webp","type":"image\/jpeg"}],"author":"dmcsrbija.com@gmail.com","twitter_card":"summary_large_image","twitter_misc":{"Written by":"dmcsrbija.com@gmail.com","Estimated reading time":"2 minutes"},"schema":{"@context":"https:\/\/schema.org","@graph":[{"@type":"Article","@id":"https:\/\/dmcsrb.com\/ekonomija\/drakic-sa-bousquetom-evropska-podrska-za-brzi-napredak-crne-gore\/#article","isPartOf":{"@id":"https:\/\/dmcsrb.com\/ekonomija\/drakic-sa-bousquetom-evropska-podrska-za-brzi-napredak-crne-gore\/"},"author":{"name":"dmcsrbija.com@gmail.com","@id":"https:\/\/dmcsrb.com\/#\/schema\/person\/5c39170f12db1b8b457732d0b5c854e2"},"headline":"Draki\u0107 sa Bousquetom: Evropska podr\u0161ka za br\u017ei napredak Crne Gore","datePublished":"2025-11-05T15:50:00+00:00","mainEntityOfPage":{"@id":"https:\/\/dmcsrb.com\/ekonomija\/drakic-sa-bousquetom-evropska-podrska-za-brzi-napredak-crne-gore\/"},"wordCount":498,"commentCount":0,"image":{"@id":"https:\/\/dmcsrb.com\/ekonomija\/drakic-sa-bousquetom-evropska-podrska-za-brzi-napredak-crne-gore\/#primaryimage"},"thumbnailUrl":"https:\/\/dmcsrb.com\/wp-content\/uploads\/2026\/01\/ND-1.webp","keywords":["br\u017ei napredak","Crna Gora","Evropska \u0161podr\u0161ka","Mathieu Bousquet","Nina Draki\u0107"],"articleSection":["Ekonomija"],"inLanguage":"en-GB","potentialAction":[{"@type":"CommentAction","name":"Comment","target":["https:\/\/dmcsrb.com\/ekonomija\/drakic-sa-bousquetom-evropska-podrska-za-brzi-napredak-crne-gore\/#respond"]}]},{"@type":"WebPage","@id":"https:\/\/dmcsrb.com\/ekonomija\/drakic-sa-bousquetom-evropska-podrska-za-brzi-napredak-crne-gore\/","url":"https:\/\/dmcsrb.com\/ekonomija\/drakic-sa-bousquetom-evropska-podrska-za-brzi-napredak-crne-gore\/","name":"Draki\u0107 sa Bousquetom: Evropska podr\u0161ka za br\u017ei napredak Crne Gore - dmcsrb.com","isPartOf":{"@id":"https:\/\/dmcsrb.com\/#website"},"primaryImageOfPage":{"@id":"https:\/\/dmcsrb.com\/ekonomija\/drakic-sa-bousquetom-evropska-podrska-za-brzi-napredak-crne-gore\/#primaryimage"},"image":{"@id":"https:\/\/dmcsrb.com\/ekonomija\/drakic-sa-bousquetom-evropska-podrska-za-brzi-napredak-crne-gore\/#primaryimage"},"thumbnailUrl":"https:\/\/dmcsrb.com\/wp-content\/uploads\/2026\/01\/ND-1.webp","datePublished":"2025-11-05T15:50:00+00:00","author":{"@id":"https:\/\/dmcsrb.com\/#\/schema\/person\/5c39170f12db1b8b457732d0b5c854e2"},"breadcrumb":{"@id":"https:\/\/dmcsrb.com\/ekonomija\/drakic-sa-bousquetom-evropska-podrska-za-brzi-napredak-crne-gore\/#breadcrumb"},"inLanguage":"en-GB","potentialAction":[{"@type":"ReadAction","target":["https:\/\/dmcsrb.com\/ekonomija\/drakic-sa-bousquetom-evropska-podrska-za-brzi-napredak-crne-gore\/"]}]},{"@type":"ImageObject","inLanguage":"en-GB","@id":"https:\/\/dmcsrb.com\/ekonomija\/drakic-sa-bousquetom-evropska-podrska-za-brzi-napredak-crne-gore\/#primaryimage","url":"https:\/\/dmcsrb.com\/wp-content\/uploads\/2026\/01\/ND-1.webp","contentUrl":"https:\/\/dmcsrb.com\/wp-content\/uploads\/2026\/01\/ND-1.webp","width":1600,"height":1200},{"@type":"BreadcrumbList","@id":"https:\/\/dmcsrb.com\/ekonomija\/drakic-sa-bousquetom-evropska-podrska-za-brzi-napredak-crne-gore\/#breadcrumb","itemListElement":[{"@type":"ListItem","position":1,"name":"Home","item":"https:\/\/dmcsrb.com\/"},{"@type":"ListItem","position":2,"name":"Draki\u0107 sa Bousquetom: Evropska podr\u0161ka za br\u017ei napredak Crne Gore"}]},{"@type":"WebSite","@id":"https:\/\/dmcsrb.com\/#website","url":"https:\/\/dmcsrb.com\/","name":"dmcsrb.com","description":"","potentialAction":[{"@type":"SearchAction","target":{"@type":"EntryPoint","urlTemplate":"https:\/\/dmcsrb.com\/?s={search_term_string}"},"query-input":{"@type":"PropertyValueSpecification","valueRequired":true,"valueName":"search_term_string"}}],"inLanguage":"en-GB"},{"@type":"Person","@id":"https:\/\/dmcsrb.com\/#\/schema\/person\/5c39170f12db1b8b457732d0b5c854e2","name":"dmcsrbija.com@gmail.com","image":{"@type":"ImageObject","inLanguage":"en-GB","@id":"https:\/\/secure.gravatar.com\/avatar\/68592660ad6347fad0fb587f8d5d8f1a7b44961362f56e4f2cd524feb87e9069?s=96&d=mm&r=g","url":"https:\/\/secure.gravatar.com\/avatar\/68592660ad6347fad0fb587f8d5d8f1a7b44961362f56e4f2cd524feb87e9069?s=96&d=mm&r=g","contentUrl":"https:\/\/secure.gravatar.com\/avatar\/68592660ad6347fad0fb587f8d5d8f1a7b44961362f56e4f2cd524feb87e9069?s=96&d=mm&r=g","caption":"dmcsrbija.com@gmail.com"},"sameAs":["https:\/\/dmcsrb.com"],"url":"https:\/\/dmcsrb.com\/en\/author\/dmcsrbija-comgmail-com\/"}]}},"_links":{"self":[{"href":"https:\/\/dmcsrb.com\/en\/wp-json\/wp\/v2\/posts\/962150","targetHints":{"allow":["GET"]}}],"collection":[{"href":"https:\/\/dmcsrb.com\/en\/wp-json\/wp\/v2\/posts"}],"about":[{"href":"https:\/\/dmcsrb.com\/en\/wp-json\/wp\/v2\/types\/post"}],"author":[{"embeddable":true,"href":"https:\/\/dmcsrb.com\/en\/wp-json\/wp\/v2\/users\/1"}],"replies":[{"embeddable":true,"href":"https:\/\/dmcsrb.com\/en\/wp-json\/wp\/v2\/comments?post=962150"}],"version-history":[{"count":0,"href":"https:\/\/dmcsrb.com\/en\/wp-json\/wp\/v2\/posts\/962150\/revisions"}],"wp:featuredmedia":[{"embeddable":true,"href":"https:\/\/dmcsrb.com\/en\/wp-json\/wp\/v2\/media\/962151"}],"wp:attachment":[{"href":"https:\/\/dmcsrb.com\/en\/wp-json\/wp\/v2\/media?parent=962150"}],"wp:term":[{"taxonomy":"category","embeddable":true,"href":"https:\/\/dmcsrb.com\/en\/wp-json\/wp\/v2\/categories?post=962150"},{"taxonomy":"post_tag","embeddable":true,"href":"https:\/\/dmcsrb.com\/en\/wp-json\/wp\/v2\/tags?post=962150"},{"taxonomy":"naslovna","embeddable":true,"href":"https:\/\/dmcsrb.com\/en\/wp-json\/wp\/v2\/naslovna?post=962150"}],"curies":[{"name":"wp","href":"https:\/\/api.w.org\/{rel}","templated":true}]}}