{"id":962148,"date":"2025-11-06T06:29:00","date_gmt":"2025-11-06T05:29:00","guid":{"rendered":"https:\/\/dmcsrb.com\/uncategorized\/video-vukicevic-evropska-komisija-u-izvjestaju-prepoznala-vaznost-omladinskih-klubova-u-aktivnostima-kluba-ucestvovalo-preko-2-500-mladih\/"},"modified":"2025-11-06T06:29:00","modified_gmt":"2025-11-06T05:29:00","slug":"video-vukicevic-evropska-komisija-u-izvjestaju-prepoznala-vaznost-omladinskih-klubova-u-aktivnostima-kluba-ucestvovalo-preko-2-500-mladih","status":"publish","type":"post","link":"https:\/\/dmcsrb.com\/en\/drustvo\/video-vukicevic-evropska-komisija-u-izvjestaju-prepoznala-vaznost-omladinskih-klubova-u-aktivnostima-kluba-ucestvovalo-preko-2-500-mladih\/","title":{"rendered":"(VIDEO) Vuki\u0107evi\u0107: Evropska komisija u izvje\u0161taju prepoznala va\u017enost omladinskih klubova, u aktivnostima kluba u\u010destvovalo preko 2.500 mladih"},"content":{"rendered":"<p><\/p>\n\n\n\n<p>U Crnoj Gori, pod okriljem Miniastarstva sporta i mladih, trenutno funkcioni\u0161e 11 omladinskih klubova i centara \u2013 predstavnici mladih isti\u010du da je u narednom periodu potrebno raditi na ja\u010danju podr\u0161ke od strane krovne institucije, u skladu sa evropskim preporukama.<\/p>\n\n\n\n<p><strong><br><\/strong>&#8220;Preporuke Evropske komisije ogledaju se u \u010dinjenici da Ministarstvo sporta i mladih treba da nastavi da sprovodi strategiju za mlade, obezbijedi adekvatno finansiranje i kontrolu aktivnosti predvi\u0111enih strategijom za mlade, dok omladinski klubovi treba da imaju proaktivniju ulogu kada je u pitanju sprovo\u0111enej konkretnih aktivmnosti, a sve u skladu sa strategijom za mlade, koja va\u0107i do 2027. godine&#8221;, istakao je predsjednik Mre\u017ee za omladinski aktivizam David Vuki\u0107evi\u0107.<\/p>\n\n\n\n<p>Vuki\u0107evi\u0107 isti\u010de odli\u010dan primjer saradnje nadle\u017ene Kancelarije za mlade Glavnog grada i Mre\u017ee za omladinski aktivizam u vo\u0111enju omladinskog kluba Glavnog grada. Ta saradnja traje ve\u0107 tri godine i daje sve vi\u0161e rezultata.<\/p>\n\n\n\n<p>&#8220;Kada govorimo o podr\u0161ci maldim ljudima, tako smo u februaru 2025. godine otvorili omladinski klub \u201eZona mladih\u201c. U aktivnostima kluba, od februra do oktobra, u\u010destvovalo je preko 2500 mladih, \u0161to govori o impozantnoj brojci, imaju\u0107i u vidu participaciju mladih, kako u aktivnostima za ja\u010danje mladih ljudi, tako i aktivnostima koje se ti\u010du odnosa kreiranja javnih politika i dono\u0161enja odluka&#8221;, zaklju\u010duje Vuki\u0107evi\u0107.<\/p>\n\n\n\n<p>U narednom periodu, najavljuje Vuki\u0107evi\u0107, radi\u0107e se na podsticanju mehanizama podr\u0161ke mladima od strane nadle\u017enih, prevashodno u dijelu finansiranja, sa ciljem \u0161to ve\u0107e participacije mladih u dono\u0161enju odluka.<\/p>\n\n\n\n<figure class=\"wp-block-embed is-type-video is-provider-youtube wp-block-embed-youtube wp-embed-aspect-16-9 wp-has-aspect-ratio\"><div class=\"wp-block-embed__wrapper\">\n<iframe loading=\"lazy\" title=\"EK u izvje\u0161taju prepoznala va\u017enost omladinskih klubova,u aktivnostima  u\u010destvovalo preko 2500 mladih\" width=\"500\" height=\"281\" src=\"https:\/\/www.youtube.com\/embed\/X7UdGdhPHo8?feature=oembed\" frameborder=\"0\" allow=\"accelerometer; autoplay; clipboard-write; encrypted-media; gyroscope; picture-in-picture; web-share\" referrerpolicy=\"strict-origin-when-cross-origin\" allowfullscreen><\/iframe>\n<\/div><\/figure>","protected":false},"excerpt":{"rendered":"<p>Evropska komisija je u ovogodi\u0161njem izvje\u0161taju prepoznala va\u017enost omladinskih klubova i centara u svrhu podr\u0161ke mladima, te ja\u010danja omladinske participacije. U pitanju je, kako se navodi, primjer dobre prakse u podsticanju mladih na aktivnije uklju\u010divanje u procese dono\u0161enja odluka.<\/p>","protected":false},"author":1,"featured_media":962149,"comment_status":"open","ping_status":"open","sticky":false,"template":"","format":"standard","meta":{"_acf_changed":false,"footnotes":""},"categories":[2],"tags":[12236,823,13711],"naslovna":[],"class_list":["post-962148","post","type-post","status-publish","format-standard","has-post-thumbnail","hentry","category-drustvo","tag-david-vukicevic","tag-ek","tag-mreza-za-omladinski-aktivizam"],"acf":[],"yoast_head":"<!-- This site is optimized with the Yoast SEO plugin v27.4 - https:\/\/yoast.com\/product\/yoast-seo-wordpress\/ -->\n<title>(VIDEO) Vuki\u0107evi\u0107: Evropska komisija u izvje\u0161taju prepoznala va\u017enost omladinskih klubova, u aktivnostima kluba u\u010destvovalo preko 2.500 mladih - dmcsrb.com<\/title>\n<meta name=\"robots\" content=\"index, follow, max-snippet:-1, max-image-preview:large, max-video-preview:-1\" \/>\n<link rel=\"canonical\" href=\"https:\/\/dmcsrb.com\/en\/drustvo\/video-vukicevic-evropska-komisija-u-izvjestaju-prepoznala-vaznost-omladinskih-klubova-u-aktivnostima-kluba-ucestvovalo-preko-2-500-mladih\/\" \/>\n<meta property=\"og:locale\" content=\"en_GB\" \/>\n<meta property=\"og:type\" content=\"article\" \/>\n<meta property=\"og:title\" content=\"(VIDEO) Vuki\u0107evi\u0107: Evropska komisija u izvje\u0161taju prepoznala va\u017enost omladinskih klubova, u aktivnostima kluba u\u010destvovalo preko 2.500 mladih - dmcsrb.com\" \/>\n<meta property=\"og:description\" content=\"Evropska komisija je u ovogodi\u0161njem izvje\u0161taju prepoznala va\u017enost omladinskih klubova i centara u svrhu podr\u0161ke mladima, te ja\u010danja omladinske participacije. U pitanju je, kako se navodi, primjer dobre prakse u podsticanju mladih na aktivnije uklju\u010divanje u procese dono\u0161enja odluka.\" \/>\n<meta property=\"og:url\" content=\"https:\/\/dmcsrb.com\/en\/drustvo\/video-vukicevic-evropska-komisija-u-izvjestaju-prepoznala-vaznost-omladinskih-klubova-u-aktivnostima-kluba-ucestvovalo-preko-2-500-mladih\/\" \/>\n<meta property=\"og:site_name\" content=\"dmcsrb.com\" \/>\n<meta property=\"article:published_time\" content=\"2025-11-06T05:29:00+00:00\" \/>\n<meta property=\"og:image\" content=\"https:\/\/dmcsrb.com\/wp-content\/uploads\/2026\/01\/Capture-19-5.webp\" \/>\n\t<meta property=\"og:image:width\" content=\"1726\" \/>\n\t<meta property=\"og:image:height\" content=\"812\" \/>\n\t<meta property=\"og:image:type\" content=\"image\/jpeg\" \/>\n<meta name=\"author\" content=\"dmcsrbija.com@gmail.com\" \/>\n<meta name=\"twitter:card\" content=\"summary_large_image\" \/>\n<meta name=\"twitter:label1\" content=\"Written by\" \/>\n\t<meta name=\"twitter:data1\" content=\"dmcsrbija.com@gmail.com\" \/>\n\t<meta name=\"twitter:label2\" content=\"Estimated reading time\" \/>\n\t<meta name=\"twitter:data2\" content=\"1 minute\" \/>\n<script type=\"application\/ld+json\" class=\"yoast-schema-graph\">{\"@context\":\"https:\\\/\\\/schema.org\",\"@graph\":[{\"@type\":\"Article\",\"@id\":\"https:\\\/\\\/dmcsrb.com\\\/drustvo\\\/video-vukicevic-evropska-komisija-u-izvjestaju-prepoznala-vaznost-omladinskih-klubova-u-aktivnostima-kluba-ucestvovalo-preko-2-500-mladih\\\/#article\",\"isPartOf\":{\"@id\":\"https:\\\/\\\/dmcsrb.com\\\/drustvo\\\/video-vukicevic-evropska-komisija-u-izvjestaju-prepoznala-vaznost-omladinskih-klubova-u-aktivnostima-kluba-ucestvovalo-preko-2-500-mladih\\\/\"},\"author\":{\"name\":\"dmcsrbija.com@gmail.com\",\"@id\":\"https:\\\/\\\/dmcsrb.com\\\/#\\\/schema\\\/person\\\/5c39170f12db1b8b457732d0b5c854e2\"},\"headline\":\"(VIDEO) Vuki\u0107evi\u0107: Evropska komisija u izvje\u0161taju prepoznala va\u017enost omladinskih klubova, u aktivnostima kluba u\u010destvovalo preko 2.500 mladih\",\"datePublished\":\"2025-11-06T05:29:00+00:00\",\"mainEntityOfPage\":{\"@id\":\"https:\\\/\\\/dmcsrb.com\\\/drustvo\\\/video-vukicevic-evropska-komisija-u-izvjestaju-prepoznala-vaznost-omladinskih-klubova-u-aktivnostima-kluba-ucestvovalo-preko-2-500-mladih\\\/\"},\"wordCount\":278,\"commentCount\":0,\"image\":{\"@id\":\"https:\\\/\\\/dmcsrb.com\\\/drustvo\\\/video-vukicevic-evropska-komisija-u-izvjestaju-prepoznala-vaznost-omladinskih-klubova-u-aktivnostima-kluba-ucestvovalo-preko-2-500-mladih\\\/#primaryimage\"},\"thumbnailUrl\":\"https:\\\/\\\/dmcsrb.com\\\/wp-content\\\/uploads\\\/2026\\\/01\\\/Capture-19-5.webp\",\"keywords\":[\"David Vuki\u0107evi\u0107\",\"EK\",\"Mre\u017ea za omladinski aktivizam\"],\"articleSection\":[\"Dru\u0161tvo\"],\"inLanguage\":\"en-GB\",\"potentialAction\":[{\"@type\":\"CommentAction\",\"name\":\"Comment\",\"target\":[\"https:\\\/\\\/dmcsrb.com\\\/drustvo\\\/video-vukicevic-evropska-komisija-u-izvjestaju-prepoznala-vaznost-omladinskih-klubova-u-aktivnostima-kluba-ucestvovalo-preko-2-500-mladih\\\/#respond\"]}]},{\"@type\":\"WebPage\",\"@id\":\"https:\\\/\\\/dmcsrb.com\\\/drustvo\\\/video-vukicevic-evropska-komisija-u-izvjestaju-prepoznala-vaznost-omladinskih-klubova-u-aktivnostima-kluba-ucestvovalo-preko-2-500-mladih\\\/\",\"url\":\"https:\\\/\\\/dmcsrb.com\\\/drustvo\\\/video-vukicevic-evropska-komisija-u-izvjestaju-prepoznala-vaznost-omladinskih-klubova-u-aktivnostima-kluba-ucestvovalo-preko-2-500-mladih\\\/\",\"name\":\"(VIDEO) Vuki\u0107evi\u0107: Evropska komisija u izvje\u0161taju prepoznala va\u017enost omladinskih klubova, u aktivnostima kluba u\u010destvovalo preko 2.500 mladih - dmcsrb.com\",\"isPartOf\":{\"@id\":\"https:\\\/\\\/dmcsrb.com\\\/#website\"},\"primaryImageOfPage\":{\"@id\":\"https:\\\/\\\/dmcsrb.com\\\/drustvo\\\/video-vukicevic-evropska-komisija-u-izvjestaju-prepoznala-vaznost-omladinskih-klubova-u-aktivnostima-kluba-ucestvovalo-preko-2-500-mladih\\\/#primaryimage\"},\"image\":{\"@id\":\"https:\\\/\\\/dmcsrb.com\\\/drustvo\\\/video-vukicevic-evropska-komisija-u-izvjestaju-prepoznala-vaznost-omladinskih-klubova-u-aktivnostima-kluba-ucestvovalo-preko-2-500-mladih\\\/#primaryimage\"},\"thumbnailUrl\":\"https:\\\/\\\/dmcsrb.com\\\/wp-content\\\/uploads\\\/2026\\\/01\\\/Capture-19-5.webp\",\"datePublished\":\"2025-11-06T05:29:00+00:00\",\"author\":{\"@id\":\"https:\\\/\\\/dmcsrb.com\\\/#\\\/schema\\\/person\\\/5c39170f12db1b8b457732d0b5c854e2\"},\"breadcrumb\":{\"@id\":\"https:\\\/\\\/dmcsrb.com\\\/drustvo\\\/video-vukicevic-evropska-komisija-u-izvjestaju-prepoznala-vaznost-omladinskih-klubova-u-aktivnostima-kluba-ucestvovalo-preko-2-500-mladih\\\/#breadcrumb\"},\"inLanguage\":\"en-GB\",\"potentialAction\":[{\"@type\":\"ReadAction\",\"target\":[\"https:\\\/\\\/dmcsrb.com\\\/drustvo\\\/video-vukicevic-evropska-komisija-u-izvjestaju-prepoznala-vaznost-omladinskih-klubova-u-aktivnostima-kluba-ucestvovalo-preko-2-500-mladih\\\/\"]}]},{\"@type\":\"ImageObject\",\"inLanguage\":\"en-GB\",\"@id\":\"https:\\\/\\\/dmcsrb.com\\\/drustvo\\\/video-vukicevic-evropska-komisija-u-izvjestaju-prepoznala-vaznost-omladinskih-klubova-u-aktivnostima-kluba-ucestvovalo-preko-2-500-mladih\\\/#primaryimage\",\"url\":\"https:\\\/\\\/dmcsrb.com\\\/wp-content\\\/uploads\\\/2026\\\/01\\\/Capture-19-5.webp\",\"contentUrl\":\"https:\\\/\\\/dmcsrb.com\\\/wp-content\\\/uploads\\\/2026\\\/01\\\/Capture-19-5.webp\",\"width\":1726,\"height\":812},{\"@type\":\"BreadcrumbList\",\"@id\":\"https:\\\/\\\/dmcsrb.com\\\/drustvo\\\/video-vukicevic-evropska-komisija-u-izvjestaju-prepoznala-vaznost-omladinskih-klubova-u-aktivnostima-kluba-ucestvovalo-preko-2-500-mladih\\\/#breadcrumb\",\"itemListElement\":[{\"@type\":\"ListItem\",\"position\":1,\"name\":\"Home\",\"item\":\"https:\\\/\\\/dmcsrb.com\\\/\"},{\"@type\":\"ListItem\",\"position\":2,\"name\":\"(VIDEO) Vuki\u0107evi\u0107: Evropska komisija u izvje\u0161taju prepoznala va\u017enost omladinskih klubova, u aktivnostima kluba u\u010destvovalo preko 2.500 mladih\"}]},{\"@type\":\"WebSite\",\"@id\":\"https:\\\/\\\/dmcsrb.com\\\/#website\",\"url\":\"https:\\\/\\\/dmcsrb.com\\\/\",\"name\":\"dmcsrb.com\",\"description\":\"\",\"potentialAction\":[{\"@type\":\"SearchAction\",\"target\":{\"@type\":\"EntryPoint\",\"urlTemplate\":\"https:\\\/\\\/dmcsrb.com\\\/?s={search_term_string}\"},\"query-input\":{\"@type\":\"PropertyValueSpecification\",\"valueRequired\":true,\"valueName\":\"search_term_string\"}}],\"inLanguage\":\"en-GB\"},{\"@type\":\"Person\",\"@id\":\"https:\\\/\\\/dmcsrb.com\\\/#\\\/schema\\\/person\\\/5c39170f12db1b8b457732d0b5c854e2\",\"name\":\"dmcsrbija.com@gmail.com\",\"image\":{\"@type\":\"ImageObject\",\"inLanguage\":\"en-GB\",\"@id\":\"https:\\\/\\\/secure.gravatar.com\\\/avatar\\\/68592660ad6347fad0fb587f8d5d8f1a7b44961362f56e4f2cd524feb87e9069?s=96&d=mm&r=g\",\"url\":\"https:\\\/\\\/secure.gravatar.com\\\/avatar\\\/68592660ad6347fad0fb587f8d5d8f1a7b44961362f56e4f2cd524feb87e9069?s=96&d=mm&r=g\",\"contentUrl\":\"https:\\\/\\\/secure.gravatar.com\\\/avatar\\\/68592660ad6347fad0fb587f8d5d8f1a7b44961362f56e4f2cd524feb87e9069?s=96&d=mm&r=g\",\"caption\":\"dmcsrbija.com@gmail.com\"},\"sameAs\":[\"https:\\\/\\\/dmcsrb.com\"],\"url\":\"https:\\\/\\\/dmcsrb.com\\\/en\\\/author\\\/dmcsrbija-comgmail-com\\\/\"}]}<\/script>\n<!-- \/ Yoast SEO plugin. -->","yoast_head_json":{"title":"(VIDEO) Vuki\u0107evi\u0107: Evropska komisija u izvje\u0161taju prepoznala va\u017enost omladinskih klubova, u aktivnostima kluba u\u010destvovalo preko 2.500 mladih - dmcsrb.com","robots":{"index":"index","follow":"follow","max-snippet":"max-snippet:-1","max-image-preview":"max-image-preview:large","max-video-preview":"max-video-preview:-1"},"canonical":"https:\/\/dmcsrb.com\/en\/drustvo\/video-vukicevic-evropska-komisija-u-izvjestaju-prepoznala-vaznost-omladinskih-klubova-u-aktivnostima-kluba-ucestvovalo-preko-2-500-mladih\/","og_locale":"en_GB","og_type":"article","og_title":"(VIDEO) Vuki\u0107evi\u0107: Evropska komisija u izvje\u0161taju prepoznala va\u017enost omladinskih klubova, u aktivnostima kluba u\u010destvovalo preko 2.500 mladih - dmcsrb.com","og_description":"Evropska komisija je u ovogodi\u0161njem izvje\u0161taju prepoznala va\u017enost omladinskih klubova i centara u svrhu podr\u0161ke mladima, te ja\u010danja omladinske participacije. U pitanju je, kako se navodi, primjer dobre prakse u podsticanju mladih na aktivnije uklju\u010divanje u procese dono\u0161enja odluka.","og_url":"https:\/\/dmcsrb.com\/en\/drustvo\/video-vukicevic-evropska-komisija-u-izvjestaju-prepoznala-vaznost-omladinskih-klubova-u-aktivnostima-kluba-ucestvovalo-preko-2-500-mladih\/","og_site_name":"dmcsrb.com","article_published_time":"2025-11-06T05:29:00+00:00","og_image":[{"width":1726,"height":812,"url":"https:\/\/dmcsrb.com\/wp-content\/uploads\/2026\/01\/Capture-19-5.webp","type":"image\/jpeg"}],"author":"dmcsrbija.com@gmail.com","twitter_card":"summary_large_image","twitter_misc":{"Written by":"dmcsrbija.com@gmail.com","Estimated reading time":"1 minute"},"schema":{"@context":"https:\/\/schema.org","@graph":[{"@type":"Article","@id":"https:\/\/dmcsrb.com\/drustvo\/video-vukicevic-evropska-komisija-u-izvjestaju-prepoznala-vaznost-omladinskih-klubova-u-aktivnostima-kluba-ucestvovalo-preko-2-500-mladih\/#article","isPartOf":{"@id":"https:\/\/dmcsrb.com\/drustvo\/video-vukicevic-evropska-komisija-u-izvjestaju-prepoznala-vaznost-omladinskih-klubova-u-aktivnostima-kluba-ucestvovalo-preko-2-500-mladih\/"},"author":{"name":"dmcsrbija.com@gmail.com","@id":"https:\/\/dmcsrb.com\/#\/schema\/person\/5c39170f12db1b8b457732d0b5c854e2"},"headline":"(VIDEO) Vuki\u0107evi\u0107: Evropska komisija u izvje\u0161taju prepoznala va\u017enost omladinskih klubova, u aktivnostima kluba u\u010destvovalo preko 2.500 mladih","datePublished":"2025-11-06T05:29:00+00:00","mainEntityOfPage":{"@id":"https:\/\/dmcsrb.com\/drustvo\/video-vukicevic-evropska-komisija-u-izvjestaju-prepoznala-vaznost-omladinskih-klubova-u-aktivnostima-kluba-ucestvovalo-preko-2-500-mladih\/"},"wordCount":278,"commentCount":0,"image":{"@id":"https:\/\/dmcsrb.com\/drustvo\/video-vukicevic-evropska-komisija-u-izvjestaju-prepoznala-vaznost-omladinskih-klubova-u-aktivnostima-kluba-ucestvovalo-preko-2-500-mladih\/#primaryimage"},"thumbnailUrl":"https:\/\/dmcsrb.com\/wp-content\/uploads\/2026\/01\/Capture-19-5.webp","keywords":["David Vuki\u0107evi\u0107","EK","Mre\u017ea za omladinski aktivizam"],"articleSection":["Dru\u0161tvo"],"inLanguage":"en-GB","potentialAction":[{"@type":"CommentAction","name":"Comment","target":["https:\/\/dmcsrb.com\/drustvo\/video-vukicevic-evropska-komisija-u-izvjestaju-prepoznala-vaznost-omladinskih-klubova-u-aktivnostima-kluba-ucestvovalo-preko-2-500-mladih\/#respond"]}]},{"@type":"WebPage","@id":"https:\/\/dmcsrb.com\/drustvo\/video-vukicevic-evropska-komisija-u-izvjestaju-prepoznala-vaznost-omladinskih-klubova-u-aktivnostima-kluba-ucestvovalo-preko-2-500-mladih\/","url":"https:\/\/dmcsrb.com\/drustvo\/video-vukicevic-evropska-komisija-u-izvjestaju-prepoznala-vaznost-omladinskih-klubova-u-aktivnostima-kluba-ucestvovalo-preko-2-500-mladih\/","name":"(VIDEO) Vuki\u0107evi\u0107: Evropska komisija u izvje\u0161taju prepoznala va\u017enost omladinskih klubova, u aktivnostima kluba u\u010destvovalo preko 2.500 mladih - dmcsrb.com","isPartOf":{"@id":"https:\/\/dmcsrb.com\/#website"},"primaryImageOfPage":{"@id":"https:\/\/dmcsrb.com\/drustvo\/video-vukicevic-evropska-komisija-u-izvjestaju-prepoznala-vaznost-omladinskih-klubova-u-aktivnostima-kluba-ucestvovalo-preko-2-500-mladih\/#primaryimage"},"image":{"@id":"https:\/\/dmcsrb.com\/drustvo\/video-vukicevic-evropska-komisija-u-izvjestaju-prepoznala-vaznost-omladinskih-klubova-u-aktivnostima-kluba-ucestvovalo-preko-2-500-mladih\/#primaryimage"},"thumbnailUrl":"https:\/\/dmcsrb.com\/wp-content\/uploads\/2026\/01\/Capture-19-5.webp","datePublished":"2025-11-06T05:29:00+00:00","author":{"@id":"https:\/\/dmcsrb.com\/#\/schema\/person\/5c39170f12db1b8b457732d0b5c854e2"},"breadcrumb":{"@id":"https:\/\/dmcsrb.com\/drustvo\/video-vukicevic-evropska-komisija-u-izvjestaju-prepoznala-vaznost-omladinskih-klubova-u-aktivnostima-kluba-ucestvovalo-preko-2-500-mladih\/#breadcrumb"},"inLanguage":"en-GB","potentialAction":[{"@type":"ReadAction","target":["https:\/\/dmcsrb.com\/drustvo\/video-vukicevic-evropska-komisija-u-izvjestaju-prepoznala-vaznost-omladinskih-klubova-u-aktivnostima-kluba-ucestvovalo-preko-2-500-mladih\/"]}]},{"@type":"ImageObject","inLanguage":"en-GB","@id":"https:\/\/dmcsrb.com\/drustvo\/video-vukicevic-evropska-komisija-u-izvjestaju-prepoznala-vaznost-omladinskih-klubova-u-aktivnostima-kluba-ucestvovalo-preko-2-500-mladih\/#primaryimage","url":"https:\/\/dmcsrb.com\/wp-content\/uploads\/2026\/01\/Capture-19-5.webp","contentUrl":"https:\/\/dmcsrb.com\/wp-content\/uploads\/2026\/01\/Capture-19-5.webp","width":1726,"height":812},{"@type":"BreadcrumbList","@id":"https:\/\/dmcsrb.com\/drustvo\/video-vukicevic-evropska-komisija-u-izvjestaju-prepoznala-vaznost-omladinskih-klubova-u-aktivnostima-kluba-ucestvovalo-preko-2-500-mladih\/#breadcrumb","itemListElement":[{"@type":"ListItem","position":1,"name":"Home","item":"https:\/\/dmcsrb.com\/"},{"@type":"ListItem","position":2,"name":"(VIDEO) Vuki\u0107evi\u0107: Evropska komisija u izvje\u0161taju prepoznala va\u017enost omladinskih klubova, u aktivnostima kluba u\u010destvovalo preko 2.500 mladih"}]},{"@type":"WebSite","@id":"https:\/\/dmcsrb.com\/#website","url":"https:\/\/dmcsrb.com\/","name":"dmcsrb.com","description":"","potentialAction":[{"@type":"SearchAction","target":{"@type":"EntryPoint","urlTemplate":"https:\/\/dmcsrb.com\/?s={search_term_string}"},"query-input":{"@type":"PropertyValueSpecification","valueRequired":true,"valueName":"search_term_string"}}],"inLanguage":"en-GB"},{"@type":"Person","@id":"https:\/\/dmcsrb.com\/#\/schema\/person\/5c39170f12db1b8b457732d0b5c854e2","name":"dmcsrbija.com@gmail.com","image":{"@type":"ImageObject","inLanguage":"en-GB","@id":"https:\/\/secure.gravatar.com\/avatar\/68592660ad6347fad0fb587f8d5d8f1a7b44961362f56e4f2cd524feb87e9069?s=96&d=mm&r=g","url":"https:\/\/secure.gravatar.com\/avatar\/68592660ad6347fad0fb587f8d5d8f1a7b44961362f56e4f2cd524feb87e9069?s=96&d=mm&r=g","contentUrl":"https:\/\/secure.gravatar.com\/avatar\/68592660ad6347fad0fb587f8d5d8f1a7b44961362f56e4f2cd524feb87e9069?s=96&d=mm&r=g","caption":"dmcsrbija.com@gmail.com"},"sameAs":["https:\/\/dmcsrb.com"],"url":"https:\/\/dmcsrb.com\/en\/author\/dmcsrbija-comgmail-com\/"}]}},"_links":{"self":[{"href":"https:\/\/dmcsrb.com\/en\/wp-json\/wp\/v2\/posts\/962148","targetHints":{"allow":["GET"]}}],"collection":[{"href":"https:\/\/dmcsrb.com\/en\/wp-json\/wp\/v2\/posts"}],"about":[{"href":"https:\/\/dmcsrb.com\/en\/wp-json\/wp\/v2\/types\/post"}],"author":[{"embeddable":true,"href":"https:\/\/dmcsrb.com\/en\/wp-json\/wp\/v2\/users\/1"}],"replies":[{"embeddable":true,"href":"https:\/\/dmcsrb.com\/en\/wp-json\/wp\/v2\/comments?post=962148"}],"version-history":[{"count":0,"href":"https:\/\/dmcsrb.com\/en\/wp-json\/wp\/v2\/posts\/962148\/revisions"}],"wp:featuredmedia":[{"embeddable":true,"href":"https:\/\/dmcsrb.com\/en\/wp-json\/wp\/v2\/media\/962149"}],"wp:attachment":[{"href":"https:\/\/dmcsrb.com\/en\/wp-json\/wp\/v2\/media?parent=962148"}],"wp:term":[{"taxonomy":"category","embeddable":true,"href":"https:\/\/dmcsrb.com\/en\/wp-json\/wp\/v2\/categories?post=962148"},{"taxonomy":"post_tag","embeddable":true,"href":"https:\/\/dmcsrb.com\/en\/wp-json\/wp\/v2\/tags?post=962148"},{"taxonomy":"naslovna","embeddable":true,"href":"https:\/\/dmcsrb.com\/en\/wp-json\/wp\/v2\/naslovna?post=962148"}],"curies":[{"name":"wp","href":"https:\/\/api.w.org\/{rel}","templated":true}]}}