{"id":962119,"date":"2025-11-05T14:45:20","date_gmt":"2025-11-05T13:45:20","guid":{"rendered":"https:\/\/dmcsrb.com\/uncategorized\/sudjenje-medenici-i-grupi-sdt-navelo-da-odbija-da-postupi-po-naredbi-suda-vezano-za-sky\/"},"modified":"2025-11-05T14:45:20","modified_gmt":"2025-11-05T13:45:20","slug":"sudjenje-medenici-i-grupi-sdt-navelo-da-odbija-da-postupi-po-naredbi-suda-vezano-za-sky","status":"publish","type":"post","link":"https:\/\/dmcsrb.com\/en\/hronika\/sudjenje-medenici-i-grupi-sdt-navelo-da-odbija-da-postupi-po-naredbi-suda-vezano-za-sky\/","title":{"rendered":"Su\u0111enje Medenici i grupi: SDT navelo da odbija da postupi po naredbi suda vezano za &#8220;SKY&#8221;"},"content":{"rendered":"<p><\/p>\n\n\n\n<p>Na dana\u0161njem ro\u010di\u0161tu sud je po\u010deo da sprovodi SKY koji egzistira kao dokaz a koji je predlo\u017een od strane Specijalnog dr\u017eavnog tu\u017eila\u0161tva.<\/p>\n\n\n\n<p>Nakon \u0161to su advokati iz redova odbrane iznijeli brojne primjedbe na pomenuti dokaz, ukazali su i da SDT nije navelo ko komunicira, ko od optu\u017eenih navodno koristi pinove komunikacije koja je danas sproveden kao dokaz. Istakli su da ne mogu da se izjasne na dokaz jer ne znaju ko od optu\u017eenih navodno \u0161alje poruke.<\/p>\n\n\n\n<p>Advokati su ukazali da su danas prikazani skrin\u0161otovi i kopije i da ne znaju ko je izvornik prikazanog materinala.<\/p>\n\n\n\n<p>Sud je zatim naredio predstavnicima SDT-a Vukasu Radonji\u0107u i Jovanu Vukoti\u0107u da uz pinove dostavi u ovim dokazima i kome od optu\u017eenih koji pin pripisuje. Tu\u017eioci su kazali da to odbijaju&nbsp;<\/p>\n\n\n\n<p>&#8211; Sud nala\u017ee da SDT precizira ko su osumnji\u010dena lica koja su korisnici ovih pinova koji su dostavljeni kao dokazni materijal &#8211; naredila je sudija Kova\u010devi\u0107.<\/p>\n\n\n\n<p>&#8211; Ja ne\u0107u da postupim po naredbi suda jer se sve to nalazi i pi\u0161e u optu\u017enici &#8211; kazao je tu\u017eilac Radonji\u0107.<\/p>\n\n\n\n<p>Tu\u017eilac Vukoti\u0107&nbsp;je dodao da je saglasan sa kolegom.<\/p>\n\n\n\n<p>&#8211; To \u0161to kolege nisu \u010ditale optu\u017enicu ili se prave da toga nema to govori o njihovom odnosu prema poslu. Ne vidim potrebu da SDT pi\u0161e ne\u0161to u aktu \u0161to je ve\u0107 napisano u optu\u017enim aktu a koja optu\u017enica je potvr\u0111ena. Na va\u0161 zahtjev, zahtjev suda, smo dostavili izdvojenu komunikaciju i sad se kolege \u010dude -istakao je Radonji\u0107.<\/p>\n\n\n\n<p>Tu\u017eioci su vi\u0161e puta naglasili da nema dileme ko stoji iza pinova u SKY komunikaciji i da ovo vodi odugovla\u010denju postupka i da sve pi\u0161e u optu\u017enici koja je potvr\u0111ena.<\/p>\n\n\n\n<p>&#8211; Ako tu\u017eilac ka\u017ee da ne\u0107e da postupi po nalogu suda, mislim da bi sud trebao GST da obavijesti o tome &#8211; naglasio je advokat Milo\u0161 Vuksanovi\u0107.<\/p>\n\n\n\n<p>Sudija Vesna Kova\u010devi\u0107 je kazala da \u0107e zbog ovakvog pona\u0161anja tu\u017eilaca obavijestiti Glavnog specijalnog tu\u017eioca i da oni odugovla\u010de postupak.<\/p>\n\n\n\n<p>&#8211; Uz maksimalno uva\u017eavanje suda ovakvi zahtjevi vide ka odugovla\u010denju &#8211; kazao je tu\u017eilac Vukoti\u0107.<\/p>\n\n\n\n<p>Zatim je tu\u017eilac Radonji\u0107 sudu iz optu\u017enice pro\u010ditao neke pinove i uz njih imena nekih od optu\u017eenih koji su ih navodno koristili.<\/p>\n\n\n\n<p>Advokati iz redova odbrane su negodovali i istakli da slu\u017ebena zabilje\u0161ka ne mo\u017ee biti radnja identifikacije i da je to i sud danas potvrdio. Naveli su da tu\u017eila\u0161tvo nije saop\u0161tilo da su ta imena odredili na osnovu slu\u017ebenih zabilje\u0161ki i da je sporno to na koji na\u010din je SDT do\u0161lo do identifikacije korisnika SKY-a.<\/p>\n\n\n\n<p>Advokat Miroje Jovanovi\u0107 je dodao da tu\u017eilac Radonji\u0107 nije pro\u010ditao danas ime njegovog branjenika kao korisnika jednog od pina&nbsp;i pitao da li ga ima ili nema. Na to je tu\u017eilac Vukoti\u0107 kazao &#8221; bi\u0107e&#8221; i najavio dopunu dokaza u vidu dodatne &#8220;SKY&#8221; komunikacije.<\/p>\n\n\n\n<p>Na to su advokati reagovali, nakon \u010dega je sud dao rok SDT od tri dana da dostavi te nove dokaze.<\/p>\n\n\n\n<p>Podsje\u0107amo, osim Vesne i Milo\u0161a Medenice, na optu\u017eeni\u010dkoj klupi su i Marjan Bevenja, Goran Jovanovi\u0107, bra\u0107a Bojan i Marko Popovi\u0107, Vasilije Petrovi\u0107, Luka Bako\u010d, policijski slu\u017ebenik Darko Lalovi\u0107, Vojin Perunovi\u0107, Milorad Medenica, Marko Vu\u010dini\u0107, Petar Milutinovi\u0107, Ivana Kova\u010devi\u0107, Radomir Rai\u010devi\u0107, Stevo Karaniki\u0107 i Milica Vlahovi\u0107 Milosavljevi\u0107, kojoj se sudi u odvojenom postupku. Optu\u017enicom je obuhva\u0107ena i Bako\u010deva firma &#8220;Kopad kompani&#8221; iz Nik\u0161i\u0107a.<\/p>\n\n\n\n<p>Oni se terete za krivi\u010dna djela stvaranje kriminalne organizacije, produ\u017eeno krivi\u010dno djelo krijum\u010darenje, produ\u017eeno krivi\u010dno djelo davanje mita, primanje mita, protivzakoniti uticaj i navo\u0111enje na protivzakoniti uticaj, zloupotreba slu\u017ebenog polo\u017eaja, neovla\u0161\u0107ena proizvodnja, dr\u017eanje i stavljanje u promet opojnih droga, omogu\u0107avanje u\u017eivanja opojnih droga, nedozvoljeno dr\u017eanje oru\u017eja i eksplozivnih materija, te\u0161ka tjelesna povreda i spre\u010davanje dokazivanja.<\/p>","protected":false},"excerpt":{"rendered":"<p>Pred podgori\u010dkim Vi\u0161im sudom danas je nastavljeno su\u0111enje u postupku koji se vodi protiv Milo\u0161a Medenice, Vesne Medenice i grupe.<\/p>","protected":false},"author":1,"featured_media":962120,"comment_status":"open","ping_status":"open","sticky":false,"template":"","format":"standard","meta":{"_acf_changed":false,"footnotes":""},"categories":[17],"tags":[13689,13690,779,11031,1221],"naslovna":[],"class_list":["post-962119","post","type-post","status-publish","format-standard","has-post-thumbnail","hentry","category-hronika","tag-milos-medenica-i-grupa","tag-odbijanje-da-se-postupi-po-nredbi-suda","tag-sdt","tag-sky","tag-sudjenje"],"acf":[],"yoast_head":"<!-- This site is optimized with the Yoast SEO plugin v27.4 - https:\/\/yoast.com\/product\/yoast-seo-wordpress\/ -->\n<title>Su\u0111enje Medenici i grupi: SDT navelo da odbija da postupi po naredbi suda vezano za &quot;SKY&quot; - dmcsrb.com<\/title>\n<meta name=\"robots\" content=\"index, follow, max-snippet:-1, max-image-preview:large, max-video-preview:-1\" \/>\n<link rel=\"canonical\" href=\"https:\/\/dmcsrb.com\/en\/hronika\/sudjenje-medenici-i-grupi-sdt-navelo-da-odbija-da-postupi-po-naredbi-suda-vezano-za-sky\/\" \/>\n<meta property=\"og:locale\" content=\"en_GB\" \/>\n<meta property=\"og:type\" content=\"article\" \/>\n<meta property=\"og:title\" content=\"Su\u0111enje Medenici i grupi: SDT navelo da odbija da postupi po naredbi suda vezano za &quot;SKY&quot; - dmcsrb.com\" \/>\n<meta property=\"og:description\" content=\"Pred podgori\u010dkim Vi\u0161im sudom danas je nastavljeno su\u0111enje u postupku koji se vodi protiv Milo\u0161a Medenice, Vesne Medenice i grupe.\" \/>\n<meta property=\"og:url\" content=\"https:\/\/dmcsrb.com\/en\/hronika\/sudjenje-medenici-i-grupi-sdt-navelo-da-odbija-da-postupi-po-naredbi-suda-vezano-za-sky\/\" \/>\n<meta property=\"og:site_name\" content=\"dmcsrb.com\" \/>\n<meta property=\"article:published_time\" content=\"2025-11-05T13:45:20+00:00\" \/>\n<meta property=\"og:image\" content=\"https:\/\/dmcsrb.com\/wp-content\/uploads\/2026\/01\/medenica-rtcg.webp\" \/>\n\t<meta property=\"og:image:width\" content=\"900\" \/>\n\t<meta property=\"og:image:height\" content=\"506\" \/>\n\t<meta property=\"og:image:type\" content=\"image\/jpeg\" \/>\n<meta name=\"author\" content=\"dmcsrbija.com@gmail.com\" \/>\n<meta name=\"twitter:card\" content=\"summary_large_image\" \/>\n<meta name=\"twitter:label1\" content=\"Written by\" \/>\n\t<meta name=\"twitter:data1\" content=\"dmcsrbija.com@gmail.com\" \/>\n\t<meta name=\"twitter:label2\" content=\"Estimated reading time\" \/>\n\t<meta name=\"twitter:data2\" content=\"3 minutes\" \/>\n<script type=\"application\/ld+json\" class=\"yoast-schema-graph\">{\"@context\":\"https:\\\/\\\/schema.org\",\"@graph\":[{\"@type\":\"Article\",\"@id\":\"https:\\\/\\\/dmcsrb.com\\\/en\\\/hronika\\\/sudjenje-medenici-i-grupi-sdt-navelo-da-odbija-da-postupi-po-naredbi-suda-vezano-za-sky\\\/#article\",\"isPartOf\":{\"@id\":\"https:\\\/\\\/dmcsrb.com\\\/en\\\/hronika\\\/sudjenje-medenici-i-grupi-sdt-navelo-da-odbija-da-postupi-po-naredbi-suda-vezano-za-sky\\\/\"},\"author\":{\"name\":\"dmcsrbija.com@gmail.com\",\"@id\":\"https:\\\/\\\/dmcsrb.com\\\/#\\\/schema\\\/person\\\/5c39170f12db1b8b457732d0b5c854e2\"},\"headline\":\"Su\u0111enje Medenici i grupi: SDT navelo da odbija da postupi po naredbi suda vezano za &#8220;SKY&#8221;\",\"datePublished\":\"2025-11-05T13:45:20+00:00\",\"mainEntityOfPage\":{\"@id\":\"https:\\\/\\\/dmcsrb.com\\\/en\\\/hronika\\\/sudjenje-medenici-i-grupi-sdt-navelo-da-odbija-da-postupi-po-naredbi-suda-vezano-za-sky\\\/\"},\"wordCount\":704,\"commentCount\":0,\"image\":{\"@id\":\"https:\\\/\\\/dmcsrb.com\\\/en\\\/hronika\\\/sudjenje-medenici-i-grupi-sdt-navelo-da-odbija-da-postupi-po-naredbi-suda-vezano-za-sky\\\/#primaryimage\"},\"thumbnailUrl\":\"https:\\\/\\\/dmcsrb.com\\\/wp-content\\\/uploads\\\/2026\\\/01\\\/medenica-rtcg.webp\",\"keywords\":[\"Milo\u0161 Medenica i grupa\",\"Odbijanje da se postupi po nredbi suda\",\"SDT\",\"SKY\",\"su\u0111enje\"],\"articleSection\":[\"Hronika\"],\"inLanguage\":\"en-GB\",\"potentialAction\":[{\"@type\":\"CommentAction\",\"name\":\"Comment\",\"target\":[\"https:\\\/\\\/dmcsrb.com\\\/en\\\/hronika\\\/sudjenje-medenici-i-grupi-sdt-navelo-da-odbija-da-postupi-po-naredbi-suda-vezano-za-sky\\\/#respond\"]}]},{\"@type\":\"WebPage\",\"@id\":\"https:\\\/\\\/dmcsrb.com\\\/en\\\/hronika\\\/sudjenje-medenici-i-grupi-sdt-navelo-da-odbija-da-postupi-po-naredbi-suda-vezano-za-sky\\\/\",\"url\":\"https:\\\/\\\/dmcsrb.com\\\/en\\\/hronika\\\/sudjenje-medenici-i-grupi-sdt-navelo-da-odbija-da-postupi-po-naredbi-suda-vezano-za-sky\\\/\",\"name\":\"Su\u0111enje Medenici i grupi: SDT navelo da odbija da postupi po naredbi suda vezano za \\\"SKY\\\" - dmcsrb.com\",\"isPartOf\":{\"@id\":\"https:\\\/\\\/dmcsrb.com\\\/#website\"},\"primaryImageOfPage\":{\"@id\":\"https:\\\/\\\/dmcsrb.com\\\/en\\\/hronika\\\/sudjenje-medenici-i-grupi-sdt-navelo-da-odbija-da-postupi-po-naredbi-suda-vezano-za-sky\\\/#primaryimage\"},\"image\":{\"@id\":\"https:\\\/\\\/dmcsrb.com\\\/en\\\/hronika\\\/sudjenje-medenici-i-grupi-sdt-navelo-da-odbija-da-postupi-po-naredbi-suda-vezano-za-sky\\\/#primaryimage\"},\"thumbnailUrl\":\"https:\\\/\\\/dmcsrb.com\\\/wp-content\\\/uploads\\\/2026\\\/01\\\/medenica-rtcg.webp\",\"datePublished\":\"2025-11-05T13:45:20+00:00\",\"author\":{\"@id\":\"https:\\\/\\\/dmcsrb.com\\\/#\\\/schema\\\/person\\\/5c39170f12db1b8b457732d0b5c854e2\"},\"breadcrumb\":{\"@id\":\"https:\\\/\\\/dmcsrb.com\\\/en\\\/hronika\\\/sudjenje-medenici-i-grupi-sdt-navelo-da-odbija-da-postupi-po-naredbi-suda-vezano-za-sky\\\/#breadcrumb\"},\"inLanguage\":\"en-GB\",\"potentialAction\":[{\"@type\":\"ReadAction\",\"target\":[\"https:\\\/\\\/dmcsrb.com\\\/en\\\/hronika\\\/sudjenje-medenici-i-grupi-sdt-navelo-da-odbija-da-postupi-po-naredbi-suda-vezano-za-sky\\\/\"]}]},{\"@type\":\"ImageObject\",\"inLanguage\":\"en-GB\",\"@id\":\"https:\\\/\\\/dmcsrb.com\\\/en\\\/hronika\\\/sudjenje-medenici-i-grupi-sdt-navelo-da-odbija-da-postupi-po-naredbi-suda-vezano-za-sky\\\/#primaryimage\",\"url\":\"https:\\\/\\\/dmcsrb.com\\\/wp-content\\\/uploads\\\/2026\\\/01\\\/medenica-rtcg.webp\",\"contentUrl\":\"https:\\\/\\\/dmcsrb.com\\\/wp-content\\\/uploads\\\/2026\\\/01\\\/medenica-rtcg.webp\",\"width\":900,\"height\":506},{\"@type\":\"BreadcrumbList\",\"@id\":\"https:\\\/\\\/dmcsrb.com\\\/en\\\/hronika\\\/sudjenje-medenici-i-grupi-sdt-navelo-da-odbija-da-postupi-po-naredbi-suda-vezano-za-sky\\\/#breadcrumb\",\"itemListElement\":[{\"@type\":\"ListItem\",\"position\":1,\"name\":\"Home\",\"item\":\"https:\\\/\\\/dmcsrb.com\\\/\"},{\"@type\":\"ListItem\",\"position\":2,\"name\":\"Su\u0111enje Medenici i grupi: SDT navelo da odbija da postupi po naredbi suda vezano za &#8220;SKY&#8221;\"}]},{\"@type\":\"WebSite\",\"@id\":\"https:\\\/\\\/dmcsrb.com\\\/#website\",\"url\":\"https:\\\/\\\/dmcsrb.com\\\/\",\"name\":\"dmcsrb.com\",\"description\":\"\",\"potentialAction\":[{\"@type\":\"SearchAction\",\"target\":{\"@type\":\"EntryPoint\",\"urlTemplate\":\"https:\\\/\\\/dmcsrb.com\\\/?s={search_term_string}\"},\"query-input\":{\"@type\":\"PropertyValueSpecification\",\"valueRequired\":true,\"valueName\":\"search_term_string\"}}],\"inLanguage\":\"en-GB\"},{\"@type\":\"Person\",\"@id\":\"https:\\\/\\\/dmcsrb.com\\\/#\\\/schema\\\/person\\\/5c39170f12db1b8b457732d0b5c854e2\",\"name\":\"dmcsrbija.com@gmail.com\",\"image\":{\"@type\":\"ImageObject\",\"inLanguage\":\"en-GB\",\"@id\":\"https:\\\/\\\/secure.gravatar.com\\\/avatar\\\/68592660ad6347fad0fb587f8d5d8f1a7b44961362f56e4f2cd524feb87e9069?s=96&d=mm&r=g\",\"url\":\"https:\\\/\\\/secure.gravatar.com\\\/avatar\\\/68592660ad6347fad0fb587f8d5d8f1a7b44961362f56e4f2cd524feb87e9069?s=96&d=mm&r=g\",\"contentUrl\":\"https:\\\/\\\/secure.gravatar.com\\\/avatar\\\/68592660ad6347fad0fb587f8d5d8f1a7b44961362f56e4f2cd524feb87e9069?s=96&d=mm&r=g\",\"caption\":\"dmcsrbija.com@gmail.com\"},\"sameAs\":[\"https:\\\/\\\/dmcsrb.com\"],\"url\":\"https:\\\/\\\/dmcsrb.com\\\/en\\\/author\\\/dmcsrbija-comgmail-com\\\/\"}]}<\/script>\n<!-- \/ Yoast SEO plugin. -->","yoast_head_json":{"title":"Su\u0111enje Medenici i grupi: SDT navelo da odbija da postupi po naredbi suda vezano za \"SKY\" - dmcsrb.com","robots":{"index":"index","follow":"follow","max-snippet":"max-snippet:-1","max-image-preview":"max-image-preview:large","max-video-preview":"max-video-preview:-1"},"canonical":"https:\/\/dmcsrb.com\/en\/hronika\/sudjenje-medenici-i-grupi-sdt-navelo-da-odbija-da-postupi-po-naredbi-suda-vezano-za-sky\/","og_locale":"en_GB","og_type":"article","og_title":"Su\u0111enje Medenici i grupi: SDT navelo da odbija da postupi po naredbi suda vezano za \"SKY\" - dmcsrb.com","og_description":"Pred podgori\u010dkim Vi\u0161im sudom danas je nastavljeno su\u0111enje u postupku koji se vodi protiv Milo\u0161a Medenice, Vesne Medenice i grupe.","og_url":"https:\/\/dmcsrb.com\/en\/hronika\/sudjenje-medenici-i-grupi-sdt-navelo-da-odbija-da-postupi-po-naredbi-suda-vezano-za-sky\/","og_site_name":"dmcsrb.com","article_published_time":"2025-11-05T13:45:20+00:00","og_image":[{"width":900,"height":506,"url":"https:\/\/dmcsrb.com\/wp-content\/uploads\/2026\/01\/medenica-rtcg.webp","type":"image\/jpeg"}],"author":"dmcsrbija.com@gmail.com","twitter_card":"summary_large_image","twitter_misc":{"Written by":"dmcsrbija.com@gmail.com","Estimated reading time":"3 minutes"},"schema":{"@context":"https:\/\/schema.org","@graph":[{"@type":"Article","@id":"https:\/\/dmcsrb.com\/en\/hronika\/sudjenje-medenici-i-grupi-sdt-navelo-da-odbija-da-postupi-po-naredbi-suda-vezano-za-sky\/#article","isPartOf":{"@id":"https:\/\/dmcsrb.com\/en\/hronika\/sudjenje-medenici-i-grupi-sdt-navelo-da-odbija-da-postupi-po-naredbi-suda-vezano-za-sky\/"},"author":{"name":"dmcsrbija.com@gmail.com","@id":"https:\/\/dmcsrb.com\/#\/schema\/person\/5c39170f12db1b8b457732d0b5c854e2"},"headline":"Su\u0111enje Medenici i grupi: SDT navelo da odbija da postupi po naredbi suda vezano za &#8220;SKY&#8221;","datePublished":"2025-11-05T13:45:20+00:00","mainEntityOfPage":{"@id":"https:\/\/dmcsrb.com\/en\/hronika\/sudjenje-medenici-i-grupi-sdt-navelo-da-odbija-da-postupi-po-naredbi-suda-vezano-za-sky\/"},"wordCount":704,"commentCount":0,"image":{"@id":"https:\/\/dmcsrb.com\/en\/hronika\/sudjenje-medenici-i-grupi-sdt-navelo-da-odbija-da-postupi-po-naredbi-suda-vezano-za-sky\/#primaryimage"},"thumbnailUrl":"https:\/\/dmcsrb.com\/wp-content\/uploads\/2026\/01\/medenica-rtcg.webp","keywords":["Milo\u0161 Medenica i grupa","Odbijanje da se postupi po nredbi suda","SDT","SKY","su\u0111enje"],"articleSection":["Hronika"],"inLanguage":"en-GB","potentialAction":[{"@type":"CommentAction","name":"Comment","target":["https:\/\/dmcsrb.com\/en\/hronika\/sudjenje-medenici-i-grupi-sdt-navelo-da-odbija-da-postupi-po-naredbi-suda-vezano-za-sky\/#respond"]}]},{"@type":"WebPage","@id":"https:\/\/dmcsrb.com\/en\/hronika\/sudjenje-medenici-i-grupi-sdt-navelo-da-odbija-da-postupi-po-naredbi-suda-vezano-za-sky\/","url":"https:\/\/dmcsrb.com\/en\/hronika\/sudjenje-medenici-i-grupi-sdt-navelo-da-odbija-da-postupi-po-naredbi-suda-vezano-za-sky\/","name":"Su\u0111enje Medenici i grupi: SDT navelo da odbija da postupi po naredbi suda vezano za \"SKY\" - dmcsrb.com","isPartOf":{"@id":"https:\/\/dmcsrb.com\/#website"},"primaryImageOfPage":{"@id":"https:\/\/dmcsrb.com\/en\/hronika\/sudjenje-medenici-i-grupi-sdt-navelo-da-odbija-da-postupi-po-naredbi-suda-vezano-za-sky\/#primaryimage"},"image":{"@id":"https:\/\/dmcsrb.com\/en\/hronika\/sudjenje-medenici-i-grupi-sdt-navelo-da-odbija-da-postupi-po-naredbi-suda-vezano-za-sky\/#primaryimage"},"thumbnailUrl":"https:\/\/dmcsrb.com\/wp-content\/uploads\/2026\/01\/medenica-rtcg.webp","datePublished":"2025-11-05T13:45:20+00:00","author":{"@id":"https:\/\/dmcsrb.com\/#\/schema\/person\/5c39170f12db1b8b457732d0b5c854e2"},"breadcrumb":{"@id":"https:\/\/dmcsrb.com\/en\/hronika\/sudjenje-medenici-i-grupi-sdt-navelo-da-odbija-da-postupi-po-naredbi-suda-vezano-za-sky\/#breadcrumb"},"inLanguage":"en-GB","potentialAction":[{"@type":"ReadAction","target":["https:\/\/dmcsrb.com\/en\/hronika\/sudjenje-medenici-i-grupi-sdt-navelo-da-odbija-da-postupi-po-naredbi-suda-vezano-za-sky\/"]}]},{"@type":"ImageObject","inLanguage":"en-GB","@id":"https:\/\/dmcsrb.com\/en\/hronika\/sudjenje-medenici-i-grupi-sdt-navelo-da-odbija-da-postupi-po-naredbi-suda-vezano-za-sky\/#primaryimage","url":"https:\/\/dmcsrb.com\/wp-content\/uploads\/2026\/01\/medenica-rtcg.webp","contentUrl":"https:\/\/dmcsrb.com\/wp-content\/uploads\/2026\/01\/medenica-rtcg.webp","width":900,"height":506},{"@type":"BreadcrumbList","@id":"https:\/\/dmcsrb.com\/en\/hronika\/sudjenje-medenici-i-grupi-sdt-navelo-da-odbija-da-postupi-po-naredbi-suda-vezano-za-sky\/#breadcrumb","itemListElement":[{"@type":"ListItem","position":1,"name":"Home","item":"https:\/\/dmcsrb.com\/"},{"@type":"ListItem","position":2,"name":"Su\u0111enje Medenici i grupi: SDT navelo da odbija da postupi po naredbi suda vezano za &#8220;SKY&#8221;"}]},{"@type":"WebSite","@id":"https:\/\/dmcsrb.com\/#website","url":"https:\/\/dmcsrb.com\/","name":"dmcsrb.com","description":"","potentialAction":[{"@type":"SearchAction","target":{"@type":"EntryPoint","urlTemplate":"https:\/\/dmcsrb.com\/?s={search_term_string}"},"query-input":{"@type":"PropertyValueSpecification","valueRequired":true,"valueName":"search_term_string"}}],"inLanguage":"en-GB"},{"@type":"Person","@id":"https:\/\/dmcsrb.com\/#\/schema\/person\/5c39170f12db1b8b457732d0b5c854e2","name":"dmcsrbija.com@gmail.com","image":{"@type":"ImageObject","inLanguage":"en-GB","@id":"https:\/\/secure.gravatar.com\/avatar\/68592660ad6347fad0fb587f8d5d8f1a7b44961362f56e4f2cd524feb87e9069?s=96&d=mm&r=g","url":"https:\/\/secure.gravatar.com\/avatar\/68592660ad6347fad0fb587f8d5d8f1a7b44961362f56e4f2cd524feb87e9069?s=96&d=mm&r=g","contentUrl":"https:\/\/secure.gravatar.com\/avatar\/68592660ad6347fad0fb587f8d5d8f1a7b44961362f56e4f2cd524feb87e9069?s=96&d=mm&r=g","caption":"dmcsrbija.com@gmail.com"},"sameAs":["https:\/\/dmcsrb.com"],"url":"https:\/\/dmcsrb.com\/en\/author\/dmcsrbija-comgmail-com\/"}]}},"_links":{"self":[{"href":"https:\/\/dmcsrb.com\/en\/wp-json\/wp\/v2\/posts\/962119","targetHints":{"allow":["GET"]}}],"collection":[{"href":"https:\/\/dmcsrb.com\/en\/wp-json\/wp\/v2\/posts"}],"about":[{"href":"https:\/\/dmcsrb.com\/en\/wp-json\/wp\/v2\/types\/post"}],"author":[{"embeddable":true,"href":"https:\/\/dmcsrb.com\/en\/wp-json\/wp\/v2\/users\/1"}],"replies":[{"embeddable":true,"href":"https:\/\/dmcsrb.com\/en\/wp-json\/wp\/v2\/comments?post=962119"}],"version-history":[{"count":0,"href":"https:\/\/dmcsrb.com\/en\/wp-json\/wp\/v2\/posts\/962119\/revisions"}],"wp:featuredmedia":[{"embeddable":true,"href":"https:\/\/dmcsrb.com\/en\/wp-json\/wp\/v2\/media\/962120"}],"wp:attachment":[{"href":"https:\/\/dmcsrb.com\/en\/wp-json\/wp\/v2\/media?parent=962119"}],"wp:term":[{"taxonomy":"category","embeddable":true,"href":"https:\/\/dmcsrb.com\/en\/wp-json\/wp\/v2\/categories?post=962119"},{"taxonomy":"post_tag","embeddable":true,"href":"https:\/\/dmcsrb.com\/en\/wp-json\/wp\/v2\/tags?post=962119"},{"taxonomy":"naslovna","embeddable":true,"href":"https:\/\/dmcsrb.com\/en\/wp-json\/wp\/v2\/naslovna?post=962119"}],"curies":[{"name":"wp","href":"https:\/\/api.w.org\/{rel}","templated":true}]}}