{"id":962117,"date":"2025-11-05T14:54:00","date_gmt":"2025-11-05T13:54:00","guid":{"rendered":"https:\/\/dmcsrb.com\/uncategorized\/suljevic-crna-gora-je-zemlja-potencijala-ideja-i-prilika\/"},"modified":"2025-11-05T14:54:00","modified_gmt":"2025-11-05T13:54:00","slug":"suljevic-crna-gora-je-zemlja-potencijala-ideja-i-prilika","status":"publish","type":"post","link":"https:\/\/dmcsrb.com\/en\/ekonomija\/suljevic-crna-gora-je-zemlja-potencijala-ideja-i-prilika\/","title":{"rendered":"Suljevi\u0107: Crna Gora je zemlja potencijala, ideja i prilika"},"content":{"rendered":"<p><br>Na panelu o ulozi dr\u017eava u stvaranju odr\u017eivih ekonomskih programa, ministar je predstavio Crnu Goru kao stabilnu i atraktivnu destinaciju za investitore, sa liberalnim ekonomskim okvirom i konkurentnim poreskim sistemom.<br><br>\u201cCrna Gora je zemlja potencijala, ideja i prilika. Prepoznati smo kao jedna od najatraktivnijih investicionih destinacija na Mediteranu. Na\u0161a vizija, na kojoj predano radimo, jeste moderna evropska ekonomija zasnovana na znanju, inovacijama, odr\u017eivom rastu i punom iskori\u0161\u0107enju prirodnog potencijala Crne Gore\u201d, naglasio je ministar <strong>Suljevi\u0107.<\/strong><\/p>\n\n\n\n<p>Ministar <strong>Suljevi\u0107<\/strong> je istakao i to da je Crna Gora najnapredniji kandidat za EU u regionu, sa planom da zavr\u0161i sva pregovara\u010dka poglavlja do kraja 2026. godine i postane \u010dlanica Unije do 2028. godine.<br><br>Poseban akcenat ministar je stavio na ravnomjeran regionalni razvoj dr\u017eave, podr\u0161ku malim i srednjim preduze\u0107ima, ulaganja u lokalne zajednice i razvoj zelenih i digitalnih tehnologija. Istakao je uvjerenje da \u0107e ovaj pristup donijeti novi zamah privredi i pokazati puni potencijal Crne Gore.<\/p>","protected":false},"excerpt":{"rendered":"<p>Ministar regionalno-investicionog razvoja i saradnje sa nevladinim oprganizacijama Ernad Suljevi\u0107, u\u010destvovao je na 19. Global Citizenship Conference u Londonu (3\u20134. novembar 2025), jednom od najva\u017enijih svjetskih doga\u0111aja o investicijama, globalnom gra\u0111anstvu i ekonomskom razvoju.<\/p>","protected":false},"author":1,"featured_media":962118,"comment_status":"open","ping_status":"open","sticky":false,"template":"","format":"standard","meta":{"_acf_changed":false,"footnotes":""},"categories":[27],"tags":[15973,13688],"naslovna":[],"class_list":["post-962117","post","type-post","status-publish","format-standard","has-post-thumbnail","hentry","category-ekonomija","tag-ernad-suljevic","tag-ministarstvo-regionalno-investicionog-razvoja"],"acf":[],"yoast_head":"<!-- This site is optimized with the Yoast SEO plugin v27.4 - https:\/\/yoast.com\/product\/yoast-seo-wordpress\/ -->\n<title>Suljevi\u0107: Crna Gora je zemlja potencijala, ideja i prilika - dmcsrb.com<\/title>\n<meta name=\"robots\" content=\"index, follow, max-snippet:-1, max-image-preview:large, max-video-preview:-1\" \/>\n<link rel=\"canonical\" href=\"https:\/\/dmcsrb.com\/en\/ekonomija\/suljevic-crna-gora-je-zemlja-potencijala-ideja-i-prilika\/\" \/>\n<meta property=\"og:locale\" content=\"en_GB\" \/>\n<meta property=\"og:type\" content=\"article\" \/>\n<meta property=\"og:title\" content=\"Suljevi\u0107: Crna Gora je zemlja potencijala, ideja i prilika - dmcsrb.com\" \/>\n<meta property=\"og:description\" content=\"Ministar regionalno-investicionog razvoja i saradnje sa nevladinim oprganizacijama Ernad Suljevi\u0107, u\u010destvovao je na 19. Global Citizenship Conference u Londonu (3\u20134. novembar 2025), jednom od najva\u017enijih svjetskih doga\u0111aja o investicijama, globalnom gra\u0111anstvu i ekonomskom razvoju.\" \/>\n<meta property=\"og:url\" content=\"https:\/\/dmcsrb.com\/en\/ekonomija\/suljevic-crna-gora-je-zemlja-potencijala-ideja-i-prilika\/\" \/>\n<meta property=\"og:site_name\" content=\"dmcsrb.com\" \/>\n<meta property=\"article:published_time\" content=\"2025-11-05T13:54:00+00:00\" \/>\n<meta property=\"og:image\" content=\"https:\/\/dmcsrb.com\/wp-content\/uploads\/2026\/01\/IMG_8500-scaled-1.webp\" \/>\n\t<meta property=\"og:image:width\" content=\"2560\" \/>\n\t<meta property=\"og:image:height\" content=\"1920\" \/>\n\t<meta property=\"og:image:type\" content=\"image\/jpeg\" \/>\n<meta name=\"author\" content=\"dmcsrbija.com@gmail.com\" \/>\n<meta name=\"twitter:card\" content=\"summary_large_image\" \/>\n<meta name=\"twitter:label1\" content=\"Written by\" \/>\n\t<meta name=\"twitter:data1\" content=\"dmcsrbija.com@gmail.com\" \/>\n\t<meta name=\"twitter:label2\" content=\"Estimated reading time\" \/>\n\t<meta name=\"twitter:data2\" content=\"1 minute\" \/>\n<script type=\"application\/ld+json\" class=\"yoast-schema-graph\">{\"@context\":\"https:\\\/\\\/schema.org\",\"@graph\":[{\"@type\":\"Article\",\"@id\":\"https:\\\/\\\/dmcsrb.com\\\/ekonomija\\\/suljevic-crna-gora-je-zemlja-potencijala-ideja-i-prilika\\\/#article\",\"isPartOf\":{\"@id\":\"https:\\\/\\\/dmcsrb.com\\\/ekonomija\\\/suljevic-crna-gora-je-zemlja-potencijala-ideja-i-prilika\\\/\"},\"author\":{\"name\":\"dmcsrbija.com@gmail.com\",\"@id\":\"https:\\\/\\\/dmcsrb.com\\\/#\\\/schema\\\/person\\\/5c39170f12db1b8b457732d0b5c854e2\"},\"headline\":\"Suljevi\u0107: Crna Gora je zemlja potencijala, ideja i prilika\",\"datePublished\":\"2025-11-05T13:54:00+00:00\",\"mainEntityOfPage\":{\"@id\":\"https:\\\/\\\/dmcsrb.com\\\/ekonomija\\\/suljevic-crna-gora-je-zemlja-potencijala-ideja-i-prilika\\\/\"},\"wordCount\":168,\"commentCount\":0,\"image\":{\"@id\":\"https:\\\/\\\/dmcsrb.com\\\/ekonomija\\\/suljevic-crna-gora-je-zemlja-potencijala-ideja-i-prilika\\\/#primaryimage\"},\"thumbnailUrl\":\"https:\\\/\\\/dmcsrb.com\\\/wp-content\\\/uploads\\\/2026\\\/01\\\/IMG_8500-scaled-1.webp\",\"keywords\":[\"Ernad Suljevi\u0107\",\"Ministarstvo regionalno-investicionog razvoja\"],\"articleSection\":[\"Ekonomija\"],\"inLanguage\":\"en-GB\",\"potentialAction\":[{\"@type\":\"CommentAction\",\"name\":\"Comment\",\"target\":[\"https:\\\/\\\/dmcsrb.com\\\/ekonomija\\\/suljevic-crna-gora-je-zemlja-potencijala-ideja-i-prilika\\\/#respond\"]}]},{\"@type\":\"WebPage\",\"@id\":\"https:\\\/\\\/dmcsrb.com\\\/ekonomija\\\/suljevic-crna-gora-je-zemlja-potencijala-ideja-i-prilika\\\/\",\"url\":\"https:\\\/\\\/dmcsrb.com\\\/ekonomija\\\/suljevic-crna-gora-je-zemlja-potencijala-ideja-i-prilika\\\/\",\"name\":\"Suljevi\u0107: Crna Gora je zemlja potencijala, ideja i prilika - dmcsrb.com\",\"isPartOf\":{\"@id\":\"https:\\\/\\\/dmcsrb.com\\\/#website\"},\"primaryImageOfPage\":{\"@id\":\"https:\\\/\\\/dmcsrb.com\\\/ekonomija\\\/suljevic-crna-gora-je-zemlja-potencijala-ideja-i-prilika\\\/#primaryimage\"},\"image\":{\"@id\":\"https:\\\/\\\/dmcsrb.com\\\/ekonomija\\\/suljevic-crna-gora-je-zemlja-potencijala-ideja-i-prilika\\\/#primaryimage\"},\"thumbnailUrl\":\"https:\\\/\\\/dmcsrb.com\\\/wp-content\\\/uploads\\\/2026\\\/01\\\/IMG_8500-scaled-1.webp\",\"datePublished\":\"2025-11-05T13:54:00+00:00\",\"author\":{\"@id\":\"https:\\\/\\\/dmcsrb.com\\\/#\\\/schema\\\/person\\\/5c39170f12db1b8b457732d0b5c854e2\"},\"breadcrumb\":{\"@id\":\"https:\\\/\\\/dmcsrb.com\\\/ekonomija\\\/suljevic-crna-gora-je-zemlja-potencijala-ideja-i-prilika\\\/#breadcrumb\"},\"inLanguage\":\"en-GB\",\"potentialAction\":[{\"@type\":\"ReadAction\",\"target\":[\"https:\\\/\\\/dmcsrb.com\\\/ekonomija\\\/suljevic-crna-gora-je-zemlja-potencijala-ideja-i-prilika\\\/\"]}]},{\"@type\":\"ImageObject\",\"inLanguage\":\"en-GB\",\"@id\":\"https:\\\/\\\/dmcsrb.com\\\/ekonomija\\\/suljevic-crna-gora-je-zemlja-potencijala-ideja-i-prilika\\\/#primaryimage\",\"url\":\"https:\\\/\\\/dmcsrb.com\\\/wp-content\\\/uploads\\\/2026\\\/01\\\/IMG_8500-scaled-1.webp\",\"contentUrl\":\"https:\\\/\\\/dmcsrb.com\\\/wp-content\\\/uploads\\\/2026\\\/01\\\/IMG_8500-scaled-1.webp\",\"width\":2560,\"height\":1920},{\"@type\":\"BreadcrumbList\",\"@id\":\"https:\\\/\\\/dmcsrb.com\\\/ekonomija\\\/suljevic-crna-gora-je-zemlja-potencijala-ideja-i-prilika\\\/#breadcrumb\",\"itemListElement\":[{\"@type\":\"ListItem\",\"position\":1,\"name\":\"Home\",\"item\":\"https:\\\/\\\/dmcsrb.com\\\/\"},{\"@type\":\"ListItem\",\"position\":2,\"name\":\"Suljevi\u0107: Crna Gora je zemlja potencijala, ideja i prilika\"}]},{\"@type\":\"WebSite\",\"@id\":\"https:\\\/\\\/dmcsrb.com\\\/#website\",\"url\":\"https:\\\/\\\/dmcsrb.com\\\/\",\"name\":\"dmcsrb.com\",\"description\":\"\",\"potentialAction\":[{\"@type\":\"SearchAction\",\"target\":{\"@type\":\"EntryPoint\",\"urlTemplate\":\"https:\\\/\\\/dmcsrb.com\\\/?s={search_term_string}\"},\"query-input\":{\"@type\":\"PropertyValueSpecification\",\"valueRequired\":true,\"valueName\":\"search_term_string\"}}],\"inLanguage\":\"en-GB\"},{\"@type\":\"Person\",\"@id\":\"https:\\\/\\\/dmcsrb.com\\\/#\\\/schema\\\/person\\\/5c39170f12db1b8b457732d0b5c854e2\",\"name\":\"dmcsrbija.com@gmail.com\",\"image\":{\"@type\":\"ImageObject\",\"inLanguage\":\"en-GB\",\"@id\":\"https:\\\/\\\/secure.gravatar.com\\\/avatar\\\/68592660ad6347fad0fb587f8d5d8f1a7b44961362f56e4f2cd524feb87e9069?s=96&d=mm&r=g\",\"url\":\"https:\\\/\\\/secure.gravatar.com\\\/avatar\\\/68592660ad6347fad0fb587f8d5d8f1a7b44961362f56e4f2cd524feb87e9069?s=96&d=mm&r=g\",\"contentUrl\":\"https:\\\/\\\/secure.gravatar.com\\\/avatar\\\/68592660ad6347fad0fb587f8d5d8f1a7b44961362f56e4f2cd524feb87e9069?s=96&d=mm&r=g\",\"caption\":\"dmcsrbija.com@gmail.com\"},\"sameAs\":[\"https:\\\/\\\/dmcsrb.com\"],\"url\":\"https:\\\/\\\/dmcsrb.com\\\/en\\\/author\\\/dmcsrbija-comgmail-com\\\/\"}]}<\/script>\n<!-- \/ Yoast SEO plugin. -->","yoast_head_json":{"title":"Suljevi\u0107: Crna Gora je zemlja potencijala, ideja i prilika - dmcsrb.com","robots":{"index":"index","follow":"follow","max-snippet":"max-snippet:-1","max-image-preview":"max-image-preview:large","max-video-preview":"max-video-preview:-1"},"canonical":"https:\/\/dmcsrb.com\/en\/ekonomija\/suljevic-crna-gora-je-zemlja-potencijala-ideja-i-prilika\/","og_locale":"en_GB","og_type":"article","og_title":"Suljevi\u0107: Crna Gora je zemlja potencijala, ideja i prilika - dmcsrb.com","og_description":"Ministar regionalno-investicionog razvoja i saradnje sa nevladinim oprganizacijama Ernad Suljevi\u0107, u\u010destvovao je na 19. Global Citizenship Conference u Londonu (3\u20134. novembar 2025), jednom od najva\u017enijih svjetskih doga\u0111aja o investicijama, globalnom gra\u0111anstvu i ekonomskom razvoju.","og_url":"https:\/\/dmcsrb.com\/en\/ekonomija\/suljevic-crna-gora-je-zemlja-potencijala-ideja-i-prilika\/","og_site_name":"dmcsrb.com","article_published_time":"2025-11-05T13:54:00+00:00","og_image":[{"width":2560,"height":1920,"url":"https:\/\/dmcsrb.com\/wp-content\/uploads\/2026\/01\/IMG_8500-scaled-1.webp","type":"image\/jpeg"}],"author":"dmcsrbija.com@gmail.com","twitter_card":"summary_large_image","twitter_misc":{"Written by":"dmcsrbija.com@gmail.com","Estimated reading time":"1 minute"},"schema":{"@context":"https:\/\/schema.org","@graph":[{"@type":"Article","@id":"https:\/\/dmcsrb.com\/ekonomija\/suljevic-crna-gora-je-zemlja-potencijala-ideja-i-prilika\/#article","isPartOf":{"@id":"https:\/\/dmcsrb.com\/ekonomija\/suljevic-crna-gora-je-zemlja-potencijala-ideja-i-prilika\/"},"author":{"name":"dmcsrbija.com@gmail.com","@id":"https:\/\/dmcsrb.com\/#\/schema\/person\/5c39170f12db1b8b457732d0b5c854e2"},"headline":"Suljevi\u0107: Crna Gora je zemlja potencijala, ideja i prilika","datePublished":"2025-11-05T13:54:00+00:00","mainEntityOfPage":{"@id":"https:\/\/dmcsrb.com\/ekonomija\/suljevic-crna-gora-je-zemlja-potencijala-ideja-i-prilika\/"},"wordCount":168,"commentCount":0,"image":{"@id":"https:\/\/dmcsrb.com\/ekonomija\/suljevic-crna-gora-je-zemlja-potencijala-ideja-i-prilika\/#primaryimage"},"thumbnailUrl":"https:\/\/dmcsrb.com\/wp-content\/uploads\/2026\/01\/IMG_8500-scaled-1.webp","keywords":["Ernad Suljevi\u0107","Ministarstvo regionalno-investicionog razvoja"],"articleSection":["Ekonomija"],"inLanguage":"en-GB","potentialAction":[{"@type":"CommentAction","name":"Comment","target":["https:\/\/dmcsrb.com\/ekonomija\/suljevic-crna-gora-je-zemlja-potencijala-ideja-i-prilika\/#respond"]}]},{"@type":"WebPage","@id":"https:\/\/dmcsrb.com\/ekonomija\/suljevic-crna-gora-je-zemlja-potencijala-ideja-i-prilika\/","url":"https:\/\/dmcsrb.com\/ekonomija\/suljevic-crna-gora-je-zemlja-potencijala-ideja-i-prilika\/","name":"Suljevi\u0107: Crna Gora je zemlja potencijala, ideja i prilika - dmcsrb.com","isPartOf":{"@id":"https:\/\/dmcsrb.com\/#website"},"primaryImageOfPage":{"@id":"https:\/\/dmcsrb.com\/ekonomija\/suljevic-crna-gora-je-zemlja-potencijala-ideja-i-prilika\/#primaryimage"},"image":{"@id":"https:\/\/dmcsrb.com\/ekonomija\/suljevic-crna-gora-je-zemlja-potencijala-ideja-i-prilika\/#primaryimage"},"thumbnailUrl":"https:\/\/dmcsrb.com\/wp-content\/uploads\/2026\/01\/IMG_8500-scaled-1.webp","datePublished":"2025-11-05T13:54:00+00:00","author":{"@id":"https:\/\/dmcsrb.com\/#\/schema\/person\/5c39170f12db1b8b457732d0b5c854e2"},"breadcrumb":{"@id":"https:\/\/dmcsrb.com\/ekonomija\/suljevic-crna-gora-je-zemlja-potencijala-ideja-i-prilika\/#breadcrumb"},"inLanguage":"en-GB","potentialAction":[{"@type":"ReadAction","target":["https:\/\/dmcsrb.com\/ekonomija\/suljevic-crna-gora-je-zemlja-potencijala-ideja-i-prilika\/"]}]},{"@type":"ImageObject","inLanguage":"en-GB","@id":"https:\/\/dmcsrb.com\/ekonomija\/suljevic-crna-gora-je-zemlja-potencijala-ideja-i-prilika\/#primaryimage","url":"https:\/\/dmcsrb.com\/wp-content\/uploads\/2026\/01\/IMG_8500-scaled-1.webp","contentUrl":"https:\/\/dmcsrb.com\/wp-content\/uploads\/2026\/01\/IMG_8500-scaled-1.webp","width":2560,"height":1920},{"@type":"BreadcrumbList","@id":"https:\/\/dmcsrb.com\/ekonomija\/suljevic-crna-gora-je-zemlja-potencijala-ideja-i-prilika\/#breadcrumb","itemListElement":[{"@type":"ListItem","position":1,"name":"Home","item":"https:\/\/dmcsrb.com\/"},{"@type":"ListItem","position":2,"name":"Suljevi\u0107: Crna Gora je zemlja potencijala, ideja i prilika"}]},{"@type":"WebSite","@id":"https:\/\/dmcsrb.com\/#website","url":"https:\/\/dmcsrb.com\/","name":"dmcsrb.com","description":"","potentialAction":[{"@type":"SearchAction","target":{"@type":"EntryPoint","urlTemplate":"https:\/\/dmcsrb.com\/?s={search_term_string}"},"query-input":{"@type":"PropertyValueSpecification","valueRequired":true,"valueName":"search_term_string"}}],"inLanguage":"en-GB"},{"@type":"Person","@id":"https:\/\/dmcsrb.com\/#\/schema\/person\/5c39170f12db1b8b457732d0b5c854e2","name":"dmcsrbija.com@gmail.com","image":{"@type":"ImageObject","inLanguage":"en-GB","@id":"https:\/\/secure.gravatar.com\/avatar\/68592660ad6347fad0fb587f8d5d8f1a7b44961362f56e4f2cd524feb87e9069?s=96&d=mm&r=g","url":"https:\/\/secure.gravatar.com\/avatar\/68592660ad6347fad0fb587f8d5d8f1a7b44961362f56e4f2cd524feb87e9069?s=96&d=mm&r=g","contentUrl":"https:\/\/secure.gravatar.com\/avatar\/68592660ad6347fad0fb587f8d5d8f1a7b44961362f56e4f2cd524feb87e9069?s=96&d=mm&r=g","caption":"dmcsrbija.com@gmail.com"},"sameAs":["https:\/\/dmcsrb.com"],"url":"https:\/\/dmcsrb.com\/en\/author\/dmcsrbija-comgmail-com\/"}]}},"_links":{"self":[{"href":"https:\/\/dmcsrb.com\/en\/wp-json\/wp\/v2\/posts\/962117","targetHints":{"allow":["GET"]}}],"collection":[{"href":"https:\/\/dmcsrb.com\/en\/wp-json\/wp\/v2\/posts"}],"about":[{"href":"https:\/\/dmcsrb.com\/en\/wp-json\/wp\/v2\/types\/post"}],"author":[{"embeddable":true,"href":"https:\/\/dmcsrb.com\/en\/wp-json\/wp\/v2\/users\/1"}],"replies":[{"embeddable":true,"href":"https:\/\/dmcsrb.com\/en\/wp-json\/wp\/v2\/comments?post=962117"}],"version-history":[{"count":0,"href":"https:\/\/dmcsrb.com\/en\/wp-json\/wp\/v2\/posts\/962117\/revisions"}],"wp:featuredmedia":[{"embeddable":true,"href":"https:\/\/dmcsrb.com\/en\/wp-json\/wp\/v2\/media\/962118"}],"wp:attachment":[{"href":"https:\/\/dmcsrb.com\/en\/wp-json\/wp\/v2\/media?parent=962117"}],"wp:term":[{"taxonomy":"category","embeddable":true,"href":"https:\/\/dmcsrb.com\/en\/wp-json\/wp\/v2\/categories?post=962117"},{"taxonomy":"post_tag","embeddable":true,"href":"https:\/\/dmcsrb.com\/en\/wp-json\/wp\/v2\/tags?post=962117"},{"taxonomy":"naslovna","embeddable":true,"href":"https:\/\/dmcsrb.com\/en\/wp-json\/wp\/v2\/naslovna?post=962117"}],"curies":[{"name":"wp","href":"https:\/\/api.w.org\/{rel}","templated":true}]}}