{"id":962114,"date":"2025-11-05T15:36:00","date_gmt":"2025-11-05T14:36:00","guid":{"rendered":"https:\/\/dmcsrb.com\/uncategorized\/albanski-forum-trazi-garantovanu-zastupljenost-albanaca-u-skupstini-crne-gore\/"},"modified":"2025-11-05T15:36:00","modified_gmt":"2025-11-05T14:36:00","slug":"albanski-forum-trazi-garantovanu-zastupljenost-albanaca-u-skupstini-crne-gore","status":"publish","type":"post","link":"https:\/\/dmcsrb.com\/en\/politika\/albanski-forum-trazi-garantovanu-zastupljenost-albanaca-u-skupstini-crne-gore\/","title":{"rendered":"Albanski forum tra\u017ei garantovanu zastupljenost Albanaca u Skup\u0161tini Crne Gore"},"content":{"rendered":"<p><br><\/p>\n\n\n\n<p>U pismu, koje je u ime Albanskog foruma uputio njihov predsjednik Nik \u0110eljo\u0161aj, isti\u010de se da Albanci u Crnoj Gori predstavljaju autohtonu i jedinu neslovensku nacionalnu i jezi\u010dku manjinu koja ve\u0107 vjekovima doprinosi razvoju i identitetu na\u0161e dr\u017eave. Uprkos tome, kako dodnjihova politi\u010dka zastupljenost i dalje zavisi od povla\u0161\u0107enog izbornog praga i fragmentacije glasova, bez ikakvih ustavnih ili zakonskih garancija. Takvo rje\u0161enje nije u skladu sa evropskim standardima i predstavlja trajni izvor politi\u010dke nestabilnosti.<\/p>\n\n\n\n<p>\u201eTakvo rje\u0161enje nije u skladu sa evropskim standardima i predstavlja trajni izvor politi\u010dke nestabilnosti\u201c, navodi \u0110eljo\u0161aj.<\/p>\n\n\n\n<p>On podsje\u0107a na evropsku praksu, isti\u010du\u0107i da u Sloveniji italijanska i ma\u0111arska manjina, koje zajedno \u010dine manje od 0,5 odsto stanovni\u0161tva, imaju po jednog garantovanog poslanika i pravo veta na zakone koji se ti\u010du njihovih prava. Sli\u010dno, u Hrvatskoj srpska manjina ima tri garantovana mandata, dok ostale manjine zajedno imaju jo\u0161 pet.<\/p>\n\n\n\n<p>\u201cAlbanci u Crnoj Gori \u010dine oko 5 odsto stanovni\u0161tva \u2013 deset puta vi\u0161e od italijanske i ma\u0111arske manjine u Sloveniji zajedno \u2013 a ipak nemaju garantovana poslani\u010dka mjesta\u201c, navodi u pismu, uz ocjenu da takva situacija ne odra\u017eava ni demografsku ni istorijsku te\u017einu albanske zajednice, niti evropske standarde kojima Crna Gora te\u017ei.<\/p>\n\n\n\n<p>Albanski forum ujedno predla\u017ee da se kroz izmjene izbornog zakonodavstva uvedu, najmanje \u010detiri garantovana poslani\u010dka mandata za albansku manjinu, kroz model korektivnih mandata, kao i pravo veta ve\u0107ine albanskih poslanika na zakone i akte koji neposredno ure\u0111uju prava i slobode manjina.<\/p>\n\n\n\n<p>\u201eOvo nije pitanje privilegija, ve\u0107 evropskih standarda. Garantovana zastupljenost i za\u0161titni mehanizmi klju\u010dni su za ja\u010danje povjerenja manjinskih zajednica u institucije, o\u010duvanje multietni\u010dkog karaktera Crne Gore i potvrdu spremnosti na\u0161e dr\u017eave da u praksi sprovodi evropske vrijednosti i preporuke\u201c, poru\u010duje se u pismu.<\/p>\n\n\n\n<p>U pismu se dodaje da Albanci u Crnoj Gori zaslu\u017euju politi\u010dku sigurnost jednaku, pa \u010dak i ja\u010du od one koju u\u017eivaju Italijani i Ma\u0111ari u Sloveniji, odnosno Srbi i druge manjine u Hrvatskoj.<\/p>\n\n\n\n<p>Na kraju, Albanski forum poziva Odbor za sveobuhvatnu izbornu reformu Skup\u0161tine Crne Gore da uva\u017ei ovaj zahtjev i kroz izmjene zakona osigura pravednu i adekvatnu zastupljenost albanskog naroda.<\/p>\n\n\n\n<p>\u201eSamo Crna Gora u kojoj su svi narodi i zajednice sigurno i ravnopravno zastupljeni mo\u017ee biti stabilna \u010dlanica Evropske unije\u201c, zaklju\u010duje se u pismu.<\/p>\n\n\n\n<p><\/p>","protected":false},"excerpt":{"rendered":"<p>Albanski forum uputio je pismo svim ambasadorima 27 dr\u017eava \u010dlanica Evropske unije, Delegaciji Evropske unije u Crnoj Gori, kao i ambasadorima partnerskih zemalja \u2013 Sjedinjenih Ameri\u010dkih Dr\u017eava, Ujedinjenog Kraljevstva, Albanije i Republike Kosovo, povodom obezbje\u0111ivanja adekvatne i stabilne politi\u010dke zastupljenosti manjinskih naroda, a posebno albanske zajednice.<\/p>","protected":false},"author":1,"featured_media":912406,"comment_status":"open","ping_status":"open","sticky":false,"template":"","format":"standard","meta":{"_acf_changed":false,"footnotes":""},"categories":[12],"tags":[13682,1275],"naslovna":[],"class_list":["post-962114","post","type-post","status-publish","format-standard","has-post-thumbnail","hentry","category-politika","tag-albanski-forum","tag-nik-djeljosaj"],"acf":[],"yoast_head":"<!-- This site is optimized with the Yoast SEO plugin v27.4 - https:\/\/yoast.com\/product\/yoast-seo-wordpress\/ -->\n<title>Albanski forum tra\u017ei garantovanu zastupljenost Albanaca u Skup\u0161tini Crne Gore - dmcsrb.com<\/title>\n<meta name=\"robots\" content=\"index, follow, max-snippet:-1, max-image-preview:large, max-video-preview:-1\" \/>\n<link rel=\"canonical\" href=\"https:\/\/dmcsrb.com\/en\/politika\/albanski-forum-trazi-garantovanu-zastupljenost-albanaca-u-skupstini-crne-gore\/\" \/>\n<meta property=\"og:locale\" content=\"en_GB\" \/>\n<meta property=\"og:type\" content=\"article\" \/>\n<meta property=\"og:title\" content=\"Albanski forum tra\u017ei garantovanu zastupljenost Albanaca u Skup\u0161tini Crne Gore - dmcsrb.com\" \/>\n<meta property=\"og:description\" content=\"Albanski forum uputio je pismo svim ambasadorima 27 dr\u017eava \u010dlanica Evropske unije, Delegaciji Evropske unije u Crnoj Gori, kao i ambasadorima partnerskih zemalja \u2013 Sjedinjenih Ameri\u010dkih Dr\u017eava, Ujedinjenog Kraljevstva, Albanije i Republike Kosovo, povodom obezbje\u0111ivanja adekvatne i stabilne politi\u010dke zastupljenosti manjinskih naroda, a posebno albanske zajednice.\" \/>\n<meta property=\"og:url\" content=\"https:\/\/dmcsrb.com\/en\/politika\/albanski-forum-trazi-garantovanu-zastupljenost-albanaca-u-skupstini-crne-gore\/\" \/>\n<meta property=\"og:site_name\" content=\"dmcsrb.com\" \/>\n<meta property=\"article:published_time\" content=\"2025-11-05T14:36:00+00:00\" \/>\n<meta property=\"og:image\" content=\"https:\/\/dmcsrb.com\/wp-content\/uploads\/2026\/01\/IMG-20250429-WA0001_598x900.jpg\" \/>\n\t<meta property=\"og:image:width\" content=\"899\" \/>\n\t<meta property=\"og:image:height\" content=\"598\" \/>\n\t<meta property=\"og:image:type\" content=\"image\/jpeg\" \/>\n<meta name=\"author\" content=\"dmcsrbija.com@gmail.com\" \/>\n<meta name=\"twitter:card\" content=\"summary_large_image\" \/>\n<meta name=\"twitter:label1\" content=\"Written by\" \/>\n\t<meta name=\"twitter:data1\" content=\"dmcsrbija.com@gmail.com\" \/>\n\t<meta name=\"twitter:label2\" content=\"Estimated reading time\" \/>\n\t<meta name=\"twitter:data2\" content=\"2 minutes\" \/>\n<script type=\"application\/ld+json\" class=\"yoast-schema-graph\">{\"@context\":\"https:\\\/\\\/schema.org\",\"@graph\":[{\"@type\":\"Article\",\"@id\":\"https:\\\/\\\/dmcsrb.com\\\/en\\\/politika\\\/albanski-forum-trazi-garantovanu-zastupljenost-albanaca-u-skupstini-crne-gore\\\/#article\",\"isPartOf\":{\"@id\":\"https:\\\/\\\/dmcsrb.com\\\/en\\\/politika\\\/albanski-forum-trazi-garantovanu-zastupljenost-albanaca-u-skupstini-crne-gore\\\/\"},\"author\":{\"name\":\"dmcsrbija.com@gmail.com\",\"@id\":\"https:\\\/\\\/dmcsrb.com\\\/#\\\/schema\\\/person\\\/5c39170f12db1b8b457732d0b5c854e2\"},\"headline\":\"Albanski forum tra\u017ei garantovanu zastupljenost Albanaca u Skup\u0161tini Crne Gore\",\"datePublished\":\"2025-11-05T14:36:00+00:00\",\"mainEntityOfPage\":{\"@id\":\"https:\\\/\\\/dmcsrb.com\\\/en\\\/politika\\\/albanski-forum-trazi-garantovanu-zastupljenost-albanaca-u-skupstini-crne-gore\\\/\"},\"wordCount\":418,\"commentCount\":0,\"image\":{\"@id\":\"https:\\\/\\\/dmcsrb.com\\\/en\\\/politika\\\/albanski-forum-trazi-garantovanu-zastupljenost-albanaca-u-skupstini-crne-gore\\\/#primaryimage\"},\"thumbnailUrl\":\"https:\\\/\\\/dmcsrb.com\\\/wp-content\\\/uploads\\\/2026\\\/01\\\/IMG-20250429-WA0001_598x900.jpg\",\"keywords\":[\"Albanski forum\",\"Nik \u0110eljo\u0161aj\"],\"articleSection\":[\"Politika\"],\"inLanguage\":\"en-GB\",\"potentialAction\":[{\"@type\":\"CommentAction\",\"name\":\"Comment\",\"target\":[\"https:\\\/\\\/dmcsrb.com\\\/en\\\/politika\\\/albanski-forum-trazi-garantovanu-zastupljenost-albanaca-u-skupstini-crne-gore\\\/#respond\"]}]},{\"@type\":\"WebPage\",\"@id\":\"https:\\\/\\\/dmcsrb.com\\\/en\\\/politika\\\/albanski-forum-trazi-garantovanu-zastupljenost-albanaca-u-skupstini-crne-gore\\\/\",\"url\":\"https:\\\/\\\/dmcsrb.com\\\/en\\\/politika\\\/albanski-forum-trazi-garantovanu-zastupljenost-albanaca-u-skupstini-crne-gore\\\/\",\"name\":\"Albanski forum tra\u017ei garantovanu zastupljenost Albanaca u Skup\u0161tini Crne Gore - dmcsrb.com\",\"isPartOf\":{\"@id\":\"https:\\\/\\\/dmcsrb.com\\\/#website\"},\"primaryImageOfPage\":{\"@id\":\"https:\\\/\\\/dmcsrb.com\\\/en\\\/politika\\\/albanski-forum-trazi-garantovanu-zastupljenost-albanaca-u-skupstini-crne-gore\\\/#primaryimage\"},\"image\":{\"@id\":\"https:\\\/\\\/dmcsrb.com\\\/en\\\/politika\\\/albanski-forum-trazi-garantovanu-zastupljenost-albanaca-u-skupstini-crne-gore\\\/#primaryimage\"},\"thumbnailUrl\":\"https:\\\/\\\/dmcsrb.com\\\/wp-content\\\/uploads\\\/2026\\\/01\\\/IMG-20250429-WA0001_598x900.jpg\",\"datePublished\":\"2025-11-05T14:36:00+00:00\",\"author\":{\"@id\":\"https:\\\/\\\/dmcsrb.com\\\/#\\\/schema\\\/person\\\/5c39170f12db1b8b457732d0b5c854e2\"},\"breadcrumb\":{\"@id\":\"https:\\\/\\\/dmcsrb.com\\\/en\\\/politika\\\/albanski-forum-trazi-garantovanu-zastupljenost-albanaca-u-skupstini-crne-gore\\\/#breadcrumb\"},\"inLanguage\":\"en-GB\",\"potentialAction\":[{\"@type\":\"ReadAction\",\"target\":[\"https:\\\/\\\/dmcsrb.com\\\/en\\\/politika\\\/albanski-forum-trazi-garantovanu-zastupljenost-albanaca-u-skupstini-crne-gore\\\/\"]}]},{\"@type\":\"ImageObject\",\"inLanguage\":\"en-GB\",\"@id\":\"https:\\\/\\\/dmcsrb.com\\\/en\\\/politika\\\/albanski-forum-trazi-garantovanu-zastupljenost-albanaca-u-skupstini-crne-gore\\\/#primaryimage\",\"url\":\"https:\\\/\\\/dmcsrb.com\\\/wp-content\\\/uploads\\\/2026\\\/01\\\/IMG-20250429-WA0001_598x900.jpg\",\"contentUrl\":\"https:\\\/\\\/dmcsrb.com\\\/wp-content\\\/uploads\\\/2026\\\/01\\\/IMG-20250429-WA0001_598x900.jpg\",\"width\":899,\"height\":598},{\"@type\":\"BreadcrumbList\",\"@id\":\"https:\\\/\\\/dmcsrb.com\\\/en\\\/politika\\\/albanski-forum-trazi-garantovanu-zastupljenost-albanaca-u-skupstini-crne-gore\\\/#breadcrumb\",\"itemListElement\":[{\"@type\":\"ListItem\",\"position\":1,\"name\":\"Home\",\"item\":\"https:\\\/\\\/dmcsrb.com\\\/\"},{\"@type\":\"ListItem\",\"position\":2,\"name\":\"Albanski forum tra\u017ei garantovanu zastupljenost Albanaca u Skup\u0161tini Crne Gore\"}]},{\"@type\":\"WebSite\",\"@id\":\"https:\\\/\\\/dmcsrb.com\\\/#website\",\"url\":\"https:\\\/\\\/dmcsrb.com\\\/\",\"name\":\"dmcsrb.com\",\"description\":\"\",\"potentialAction\":[{\"@type\":\"SearchAction\",\"target\":{\"@type\":\"EntryPoint\",\"urlTemplate\":\"https:\\\/\\\/dmcsrb.com\\\/?s={search_term_string}\"},\"query-input\":{\"@type\":\"PropertyValueSpecification\",\"valueRequired\":true,\"valueName\":\"search_term_string\"}}],\"inLanguage\":\"en-GB\"},{\"@type\":\"Person\",\"@id\":\"https:\\\/\\\/dmcsrb.com\\\/#\\\/schema\\\/person\\\/5c39170f12db1b8b457732d0b5c854e2\",\"name\":\"dmcsrbija.com@gmail.com\",\"image\":{\"@type\":\"ImageObject\",\"inLanguage\":\"en-GB\",\"@id\":\"https:\\\/\\\/secure.gravatar.com\\\/avatar\\\/68592660ad6347fad0fb587f8d5d8f1a7b44961362f56e4f2cd524feb87e9069?s=96&d=mm&r=g\",\"url\":\"https:\\\/\\\/secure.gravatar.com\\\/avatar\\\/68592660ad6347fad0fb587f8d5d8f1a7b44961362f56e4f2cd524feb87e9069?s=96&d=mm&r=g\",\"contentUrl\":\"https:\\\/\\\/secure.gravatar.com\\\/avatar\\\/68592660ad6347fad0fb587f8d5d8f1a7b44961362f56e4f2cd524feb87e9069?s=96&d=mm&r=g\",\"caption\":\"dmcsrbija.com@gmail.com\"},\"sameAs\":[\"https:\\\/\\\/dmcsrb.com\"],\"url\":\"https:\\\/\\\/dmcsrb.com\\\/en\\\/author\\\/dmcsrbija-comgmail-com\\\/\"}]}<\/script>\n<!-- \/ Yoast SEO plugin. -->","yoast_head_json":{"title":"Albanski forum tra\u017ei garantovanu zastupljenost Albanaca u Skup\u0161tini Crne Gore - dmcsrb.com","robots":{"index":"index","follow":"follow","max-snippet":"max-snippet:-1","max-image-preview":"max-image-preview:large","max-video-preview":"max-video-preview:-1"},"canonical":"https:\/\/dmcsrb.com\/en\/politika\/albanski-forum-trazi-garantovanu-zastupljenost-albanaca-u-skupstini-crne-gore\/","og_locale":"en_GB","og_type":"article","og_title":"Albanski forum tra\u017ei garantovanu zastupljenost Albanaca u Skup\u0161tini Crne Gore - dmcsrb.com","og_description":"Albanski forum uputio je pismo svim ambasadorima 27 dr\u017eava \u010dlanica Evropske unije, Delegaciji Evropske unije u Crnoj Gori, kao i ambasadorima partnerskih zemalja \u2013 Sjedinjenih Ameri\u010dkih Dr\u017eava, Ujedinjenog Kraljevstva, Albanije i Republike Kosovo, povodom obezbje\u0111ivanja adekvatne i stabilne politi\u010dke zastupljenosti manjinskih naroda, a posebno albanske zajednice.","og_url":"https:\/\/dmcsrb.com\/en\/politika\/albanski-forum-trazi-garantovanu-zastupljenost-albanaca-u-skupstini-crne-gore\/","og_site_name":"dmcsrb.com","article_published_time":"2025-11-05T14:36:00+00:00","og_image":[{"width":899,"height":598,"url":"https:\/\/dmcsrb.com\/wp-content\/uploads\/2026\/01\/IMG-20250429-WA0001_598x900.jpg","type":"image\/jpeg"}],"author":"dmcsrbija.com@gmail.com","twitter_card":"summary_large_image","twitter_misc":{"Written by":"dmcsrbija.com@gmail.com","Estimated reading time":"2 minutes"},"schema":{"@context":"https:\/\/schema.org","@graph":[{"@type":"Article","@id":"https:\/\/dmcsrb.com\/en\/politika\/albanski-forum-trazi-garantovanu-zastupljenost-albanaca-u-skupstini-crne-gore\/#article","isPartOf":{"@id":"https:\/\/dmcsrb.com\/en\/politika\/albanski-forum-trazi-garantovanu-zastupljenost-albanaca-u-skupstini-crne-gore\/"},"author":{"name":"dmcsrbija.com@gmail.com","@id":"https:\/\/dmcsrb.com\/#\/schema\/person\/5c39170f12db1b8b457732d0b5c854e2"},"headline":"Albanski forum tra\u017ei garantovanu zastupljenost Albanaca u Skup\u0161tini Crne Gore","datePublished":"2025-11-05T14:36:00+00:00","mainEntityOfPage":{"@id":"https:\/\/dmcsrb.com\/en\/politika\/albanski-forum-trazi-garantovanu-zastupljenost-albanaca-u-skupstini-crne-gore\/"},"wordCount":418,"commentCount":0,"image":{"@id":"https:\/\/dmcsrb.com\/en\/politika\/albanski-forum-trazi-garantovanu-zastupljenost-albanaca-u-skupstini-crne-gore\/#primaryimage"},"thumbnailUrl":"https:\/\/dmcsrb.com\/wp-content\/uploads\/2026\/01\/IMG-20250429-WA0001_598x900.jpg","keywords":["Albanski forum","Nik \u0110eljo\u0161aj"],"articleSection":["Politika"],"inLanguage":"en-GB","potentialAction":[{"@type":"CommentAction","name":"Comment","target":["https:\/\/dmcsrb.com\/en\/politika\/albanski-forum-trazi-garantovanu-zastupljenost-albanaca-u-skupstini-crne-gore\/#respond"]}]},{"@type":"WebPage","@id":"https:\/\/dmcsrb.com\/en\/politika\/albanski-forum-trazi-garantovanu-zastupljenost-albanaca-u-skupstini-crne-gore\/","url":"https:\/\/dmcsrb.com\/en\/politika\/albanski-forum-trazi-garantovanu-zastupljenost-albanaca-u-skupstini-crne-gore\/","name":"Albanski forum tra\u017ei garantovanu zastupljenost Albanaca u Skup\u0161tini Crne Gore - dmcsrb.com","isPartOf":{"@id":"https:\/\/dmcsrb.com\/#website"},"primaryImageOfPage":{"@id":"https:\/\/dmcsrb.com\/en\/politika\/albanski-forum-trazi-garantovanu-zastupljenost-albanaca-u-skupstini-crne-gore\/#primaryimage"},"image":{"@id":"https:\/\/dmcsrb.com\/en\/politika\/albanski-forum-trazi-garantovanu-zastupljenost-albanaca-u-skupstini-crne-gore\/#primaryimage"},"thumbnailUrl":"https:\/\/dmcsrb.com\/wp-content\/uploads\/2026\/01\/IMG-20250429-WA0001_598x900.jpg","datePublished":"2025-11-05T14:36:00+00:00","author":{"@id":"https:\/\/dmcsrb.com\/#\/schema\/person\/5c39170f12db1b8b457732d0b5c854e2"},"breadcrumb":{"@id":"https:\/\/dmcsrb.com\/en\/politika\/albanski-forum-trazi-garantovanu-zastupljenost-albanaca-u-skupstini-crne-gore\/#breadcrumb"},"inLanguage":"en-GB","potentialAction":[{"@type":"ReadAction","target":["https:\/\/dmcsrb.com\/en\/politika\/albanski-forum-trazi-garantovanu-zastupljenost-albanaca-u-skupstini-crne-gore\/"]}]},{"@type":"ImageObject","inLanguage":"en-GB","@id":"https:\/\/dmcsrb.com\/en\/politika\/albanski-forum-trazi-garantovanu-zastupljenost-albanaca-u-skupstini-crne-gore\/#primaryimage","url":"https:\/\/dmcsrb.com\/wp-content\/uploads\/2026\/01\/IMG-20250429-WA0001_598x900.jpg","contentUrl":"https:\/\/dmcsrb.com\/wp-content\/uploads\/2026\/01\/IMG-20250429-WA0001_598x900.jpg","width":899,"height":598},{"@type":"BreadcrumbList","@id":"https:\/\/dmcsrb.com\/en\/politika\/albanski-forum-trazi-garantovanu-zastupljenost-albanaca-u-skupstini-crne-gore\/#breadcrumb","itemListElement":[{"@type":"ListItem","position":1,"name":"Home","item":"https:\/\/dmcsrb.com\/"},{"@type":"ListItem","position":2,"name":"Albanski forum tra\u017ei garantovanu zastupljenost Albanaca u Skup\u0161tini Crne Gore"}]},{"@type":"WebSite","@id":"https:\/\/dmcsrb.com\/#website","url":"https:\/\/dmcsrb.com\/","name":"dmcsrb.com","description":"","potentialAction":[{"@type":"SearchAction","target":{"@type":"EntryPoint","urlTemplate":"https:\/\/dmcsrb.com\/?s={search_term_string}"},"query-input":{"@type":"PropertyValueSpecification","valueRequired":true,"valueName":"search_term_string"}}],"inLanguage":"en-GB"},{"@type":"Person","@id":"https:\/\/dmcsrb.com\/#\/schema\/person\/5c39170f12db1b8b457732d0b5c854e2","name":"dmcsrbija.com@gmail.com","image":{"@type":"ImageObject","inLanguage":"en-GB","@id":"https:\/\/secure.gravatar.com\/avatar\/68592660ad6347fad0fb587f8d5d8f1a7b44961362f56e4f2cd524feb87e9069?s=96&d=mm&r=g","url":"https:\/\/secure.gravatar.com\/avatar\/68592660ad6347fad0fb587f8d5d8f1a7b44961362f56e4f2cd524feb87e9069?s=96&d=mm&r=g","contentUrl":"https:\/\/secure.gravatar.com\/avatar\/68592660ad6347fad0fb587f8d5d8f1a7b44961362f56e4f2cd524feb87e9069?s=96&d=mm&r=g","caption":"dmcsrbija.com@gmail.com"},"sameAs":["https:\/\/dmcsrb.com"],"url":"https:\/\/dmcsrb.com\/en\/author\/dmcsrbija-comgmail-com\/"}]}},"_links":{"self":[{"href":"https:\/\/dmcsrb.com\/en\/wp-json\/wp\/v2\/posts\/962114","targetHints":{"allow":["GET"]}}],"collection":[{"href":"https:\/\/dmcsrb.com\/en\/wp-json\/wp\/v2\/posts"}],"about":[{"href":"https:\/\/dmcsrb.com\/en\/wp-json\/wp\/v2\/types\/post"}],"author":[{"embeddable":true,"href":"https:\/\/dmcsrb.com\/en\/wp-json\/wp\/v2\/users\/1"}],"replies":[{"embeddable":true,"href":"https:\/\/dmcsrb.com\/en\/wp-json\/wp\/v2\/comments?post=962114"}],"version-history":[{"count":0,"href":"https:\/\/dmcsrb.com\/en\/wp-json\/wp\/v2\/posts\/962114\/revisions"}],"wp:featuredmedia":[{"embeddable":true,"href":"https:\/\/dmcsrb.com\/en\/wp-json\/wp\/v2\/media\/912406"}],"wp:attachment":[{"href":"https:\/\/dmcsrb.com\/en\/wp-json\/wp\/v2\/media?parent=962114"}],"wp:term":[{"taxonomy":"category","embeddable":true,"href":"https:\/\/dmcsrb.com\/en\/wp-json\/wp\/v2\/categories?post=962114"},{"taxonomy":"post_tag","embeddable":true,"href":"https:\/\/dmcsrb.com\/en\/wp-json\/wp\/v2\/tags?post=962114"},{"taxonomy":"naslovna","embeddable":true,"href":"https:\/\/dmcsrb.com\/en\/wp-json\/wp\/v2\/naslovna?post=962114"}],"curies":[{"name":"wp","href":"https:\/\/api.w.org\/{rel}","templated":true}]}}