{"id":962076,"date":"2025-11-05T13:23:00","date_gmt":"2025-11-05T12:23:00","guid":{"rendered":"https:\/\/dmcsrb.com\/uncategorized\/sehovic-izvjestaj-ek-potvrdjuje-formalan-napredak-ali-i-sustinsko-nazadovanje\/"},"modified":"2025-11-05T13:23:00","modified_gmt":"2025-11-05T12:23:00","slug":"sehovic-izvjestaj-ek-potvrdjuje-formalan-napredak-ali-i-sustinsko-nazadovanje","status":"publish","type":"post","link":"https:\/\/dmcsrb.com\/en\/politika\/sehovic-izvjestaj-ek-potvrdjuje-formalan-napredak-ali-i-sustinsko-nazadovanje\/","title":{"rendered":"\u0160ehovi\u0107: Izvje\u0161taj EK potvr\u0111uje formalan napredak, ali i su\u0161tinsko nazadovanje"},"content":{"rendered":"<p><\/p>\n\n\n\n<p>\u201cNajnoviji Izvje\u0161taj Evropske komisije o Crnoj Gori potvr\u0111uje ono \u0161to smo i ranije isticali, da u Crnoj Gori postoji formalni napredak u pregovara\u010dkom procesu, koji je prije svega rezultat profesionalnog rada dr\u017eavne administracije, a ne politi\u010dke volje vlasti. Jo\u0161 je, me\u0111utim, o\u010diglednije vrijednosno i politi\u010dko nazadovanje\u201d, isti\u010de \u0160ehovi\u0107.<\/p>\n\n\n\n<p>Taj napredak je, kako je kazao, ostvaren uprkos brojnim klipovima u to\u010dkovima koje u evropski proces uporno ubacuje ve\u0107i dio vladaju\u0107e ve\u0107ine, predvo\u0111en&nbsp;<strong>Andrijom Mandi\u0107em<\/strong>, koji ba\u0161tini vrijednosti suprotne od onih na kojima po\u010diva Evropska unija.<\/p>\n\n\n\n<p>\u201cSada je potpuno jasno da Crna Gora formalno kora\u010da ka Evropskoj uniji, ali su\u0161tinski ne samo da stagnira, nego u mnogim segmentima i nazaduje. Otuda i nova, do sada najjasnija upozorenja iz Brisela i izjava komesarke&nbsp;<strong>Marte Kos<\/strong>&nbsp;o mogu\u0107nosti uvo\u0111enja prelaznog perioda za nove \u010dlanice, pa \u010dak i njihovog privremenog isklju\u010denja iz Unije ukoliko postanu remetila\u010dki faktor\u201d, naglasio je.<\/p>\n\n\n\n<p>Prema njegovim rije\u010dima, takve poruke ne dolaze slu\u010dajno.<\/p>\n\n\n\n<p>\u201cOne su direktna refleksija sve ve\u0107e zabrinutosti da bi Crna Gora, ako nastavi putem na kojem je sada, mogla postati novi trojanski konj unutar EU, poput dana\u0161nje Ma\u0111arske\u201d, dodao je.<\/p>\n\n\n\n<p>Ukazuje da Evropska unija ne \u017eeli vi\u0161e retrogradne re\u017eime pod svojim krovom, niti one koji se samo deklarativno pozivaju na evropske principe, a u praksi promovi\u0161u proruske narative, relativizuju ratne zlo\u010dine, negiraju genocid u Srebrenici, rehabilituju fa\u0161isti\u010dke saradnike i podgrijavaju nacionalne i vjerske podjele.<\/p>\n\n\n\n<p>\u201cNe \u017eeli Unija one koji pod pla\u0161tom evropskih integracija otkrivaju spomenike ratnim zlo\u010dincima poput Pavla \u0110uri\u0161i\u0107a i time poni\u017eavaju i istorijsku istinu i moralnu savjest Crne Gore. Ne \u017eeli one koji u 21. vijeku zatvaraju o\u010di pred ksenofobnim porukama usmjerenim prema \u010ditavim etni\u010dkim zajednicama, poput one \u201eubij Tur\u010dina\u201c, niti one koji uru\u0161avaju odnose sa evropskim partnerima do mjere da pojedine dr\u017eave \u010dlanice njihove najvi\u0161e funkcionere progla\u0161avaju nepo\u017eeljnima\u201d, tvrdi \u0160ehovi\u0107.<\/p>\n\n\n\n<p>Zato, mi\u0161ljenja je on, ne \u010dudi \u0161to se po prvi put u evropskoj retorici pojavljuju termini poput \u010dlanstva bez prava glasa i ograni\u010denog pristupa institucijama EU, niti \u0161to se po\u010dinje licitirati i rokom koji se odnosi na 2030. godinu za pristup novih \u010dlanica.<\/p>\n\n\n\n<p>\u201cTo nije puka birokratska formulacija, ve\u0107 politi\u010dko upozorenje da se u Uniju ne\u0107e ulaziti sa autoritarnim refleksima i la\u017enim proevropskim maskama.&nbsp;Kada se tome doda \u010dinjenica da vlast u du\u017ee od godinu opstruira izbor sudija Ustavnog suda, mjesecima izbor Savjeta Agencije za elektronske komunikacije, gotovo dvije godine izbor viceguvernera i \u010dlanova Savjeta Centralne banke i gotovo godinu dana izbor \u010dlanova Fiskalnog savjeta, kao i da nije po\u0161tovala mi\u0161ljenje Venecijanske komisije u slu\u010daju nezakonitog penzionisanja sutkinje Ustavnog suda, onda je jasno za\u0161to Brisel \u0161alje poruke koje se ranije nijesu mogle \u010duti sa te adrese\u201d, poru\u010dio je.<\/p>\n\n\n\n<p>U tom kontekstu, umjesto da, kako je dodao, vlast eufori\u010dno slavi ovaj izvje\u0161taj i javnost zasipa samohvalama, bilo bi odgovornije da se ozbiljno zamisli nad njegovim stvarnim sadr\u017eajem i porukama koje su povodom njegove prezentacije saop\u0161tene.<\/p>\n\n\n\n<p>\u201cJer, izme\u0111u redova tog dokumenta nalaze se upozorenja da Crna Gora, ako nastavi ovim putem, mo\u017ee formalno sti\u0107i do evropskih vrata, ali \u0107e su\u0161tinski ostati van njih.&nbsp;Evropska unija je jasno poru\u010dila da ne \u017eeli nove trojanske konje u svojim redovima. Crna Gora zato mora odlu\u010diti da li \u017eeli biti dio evropske porodice naroda po vrijednostima, a ne samo po geografiji, ili \u0107e ostati primjer zemlje koja je propustila istorijsku \u0161ansu jer su je vodili oni koji Evropu vide kao paravan za potpuno suprotne interese\u201d, ukazuje \u0160ehovi\u0107.<\/p>\n\n\n\n<p>Prema njegovim rije\u010dima, zato je danas va\u017enije nego ikad da se si\u0111e sa tog proruskog trojanskog konja i da se u periodu pred nama okupi sve \u0161to je u Crnoj Gori istinski evropsko i gra\u0111ansko.<\/p>\n\n\n\n<p>\u201cPodsje\u0107anja radi, upravo su \u010dlanice Evropskog saveza, tada okupljene u Savezu reformskih snaga, bile utemeljiva\u010di evropske ideje u Crnoj Gori, u vrijeme kada je ta ideja bila u ubjedljivoj manjini, a danas predstavlja ubjedljivu ve\u0107inu u na\u0161em dru\u0161tvu. Na tim temeljima, Evropski savez i danas ostaje nosilac autenti\u010dne evropske misije Crne Gore, one koja nipo\u0161to ne pristaje na imitaciju, ve\u0107 istrajno brani ideju evropske, gra\u0111anske, pristojne i dostojanstvene Crne Gore\u201d, zaklju\u010dio je \u0160ehovi\u0107.<\/p>","protected":false},"excerpt":{"rendered":"<p>Izvje\u0161taj EK potvr\u0111uje formalan napredak, ali i su\u0161tinsko nazadovanje, zato EU prvi put pominje \u010dlanstvo bez prava glasa i upozorava na trojanske konje, saop\u0161tio je predsjednik SD-a i jedan od lidera Evropskog saveza\u00a0Damir \u0160ehovi\u0107.<\/p>","protected":false},"author":1,"featured_media":913719,"comment_status":"open","ping_status":"open","sticky":false,"template":"","format":"standard","meta":{"_acf_changed":false,"footnotes":""},"categories":[12],"tags":[13509,13655,13656],"naslovna":[],"class_list":["post-962076","post","type-post","status-publish","format-standard","has-post-thumbnail","hentry","category-politika","tag-izvjestaj-ek","tag-sehovic","tag-sehovicsd"],"acf":[],"yoast_head":"<!-- This site is optimized with the Yoast SEO plugin v27.4 - https:\/\/yoast.com\/product\/yoast-seo-wordpress\/ -->\n<title>\u0160ehovi\u0107: Izvje\u0161taj EK potvr\u0111uje formalan napredak, ali i su\u0161tinsko nazadovanje - dmcsrb.com<\/title>\n<meta name=\"robots\" content=\"index, follow, max-snippet:-1, max-image-preview:large, max-video-preview:-1\" \/>\n<link rel=\"canonical\" href=\"https:\/\/dmcsrb.com\/en\/politika\/sehovic-izvjestaj-ek-potvrdjuje-formalan-napredak-ali-i-sustinsko-nazadovanje\/\" \/>\n<meta property=\"og:locale\" content=\"en_GB\" \/>\n<meta property=\"og:type\" content=\"article\" \/>\n<meta property=\"og:title\" content=\"\u0160ehovi\u0107: Izvje\u0161taj EK potvr\u0111uje formalan napredak, ali i su\u0161tinsko nazadovanje - dmcsrb.com\" \/>\n<meta property=\"og:description\" content=\"Izvje\u0161taj EK potvr\u0111uje formalan napredak, ali i su\u0161tinsko nazadovanje, zato EU prvi put pominje \u010dlanstvo bez prava glasa i upozorava na trojanske konje, saop\u0161tio je predsjednik SD-a i jedan od lidera Evropskog saveza\u00a0Damir \u0160ehovi\u0107.\" \/>\n<meta property=\"og:url\" content=\"https:\/\/dmcsrb.com\/en\/politika\/sehovic-izvjestaj-ek-potvrdjuje-formalan-napredak-ali-i-sustinsko-nazadovanje\/\" \/>\n<meta property=\"og:site_name\" content=\"dmcsrb.com\" \/>\n<meta property=\"article:published_time\" content=\"2025-11-05T12:23:00+00:00\" \/>\n<meta property=\"og:image\" content=\"https:\/\/dmcsrb.com\/wp-content\/uploads\/2026\/01\/Damir-Sehovic-scaled-1.jpg\" \/>\n\t<meta property=\"og:image:width\" content=\"2474\" \/>\n\t<meta property=\"og:image:height\" content=\"2560\" \/>\n\t<meta property=\"og:image:type\" content=\"image\/jpeg\" \/>\n<meta name=\"author\" content=\"dmcsrbija.com@gmail.com\" \/>\n<meta name=\"twitter:card\" content=\"summary_large_image\" \/>\n<meta name=\"twitter:label1\" content=\"Written by\" \/>\n\t<meta name=\"twitter:data1\" content=\"dmcsrbija.com@gmail.com\" \/>\n\t<meta name=\"twitter:label2\" content=\"Estimated reading time\" \/>\n\t<meta name=\"twitter:data2\" content=\"4 minutes\" \/>\n<script type=\"application\/ld+json\" class=\"yoast-schema-graph\">{\"@context\":\"https:\\\/\\\/schema.org\",\"@graph\":[{\"@type\":\"Article\",\"@id\":\"https:\\\/\\\/dmcsrb.com\\\/politika\\\/sehovic-izvjestaj-ek-potvrdjuje-formalan-napredak-ali-i-sustinsko-nazadovanje\\\/#article\",\"isPartOf\":{\"@id\":\"https:\\\/\\\/dmcsrb.com\\\/politika\\\/sehovic-izvjestaj-ek-potvrdjuje-formalan-napredak-ali-i-sustinsko-nazadovanje\\\/\"},\"author\":{\"name\":\"dmcsrbija.com@gmail.com\",\"@id\":\"https:\\\/\\\/dmcsrb.com\\\/#\\\/schema\\\/person\\\/5c39170f12db1b8b457732d0b5c854e2\"},\"headline\":\"\u0160ehovi\u0107: Izvje\u0161taj EK potvr\u0111uje formalan napredak, ali i su\u0161tinsko nazadovanje\",\"datePublished\":\"2025-11-05T12:23:00+00:00\",\"mainEntityOfPage\":{\"@id\":\"https:\\\/\\\/dmcsrb.com\\\/politika\\\/sehovic-izvjestaj-ek-potvrdjuje-formalan-napredak-ali-i-sustinsko-nazadovanje\\\/\"},\"wordCount\":762,\"commentCount\":0,\"image\":{\"@id\":\"https:\\\/\\\/dmcsrb.com\\\/politika\\\/sehovic-izvjestaj-ek-potvrdjuje-formalan-napredak-ali-i-sustinsko-nazadovanje\\\/#primaryimage\"},\"thumbnailUrl\":\"https:\\\/\\\/dmcsrb.com\\\/wp-content\\\/uploads\\\/2026\\\/01\\\/Damir-Sehovic-scaled-1.jpg\",\"keywords\":[\"iZVJE\u0160TAJ ek\",\"\u0161ehovi\u0107\",\"\u0161ehovi\u0107sd\"],\"articleSection\":[\"Politika\"],\"inLanguage\":\"en-GB\",\"potentialAction\":[{\"@type\":\"CommentAction\",\"name\":\"Comment\",\"target\":[\"https:\\\/\\\/dmcsrb.com\\\/politika\\\/sehovic-izvjestaj-ek-potvrdjuje-formalan-napredak-ali-i-sustinsko-nazadovanje\\\/#respond\"]}]},{\"@type\":\"WebPage\",\"@id\":\"https:\\\/\\\/dmcsrb.com\\\/politika\\\/sehovic-izvjestaj-ek-potvrdjuje-formalan-napredak-ali-i-sustinsko-nazadovanje\\\/\",\"url\":\"https:\\\/\\\/dmcsrb.com\\\/politika\\\/sehovic-izvjestaj-ek-potvrdjuje-formalan-napredak-ali-i-sustinsko-nazadovanje\\\/\",\"name\":\"\u0160ehovi\u0107: Izvje\u0161taj EK potvr\u0111uje formalan napredak, ali i su\u0161tinsko nazadovanje - dmcsrb.com\",\"isPartOf\":{\"@id\":\"https:\\\/\\\/dmcsrb.com\\\/#website\"},\"primaryImageOfPage\":{\"@id\":\"https:\\\/\\\/dmcsrb.com\\\/politika\\\/sehovic-izvjestaj-ek-potvrdjuje-formalan-napredak-ali-i-sustinsko-nazadovanje\\\/#primaryimage\"},\"image\":{\"@id\":\"https:\\\/\\\/dmcsrb.com\\\/politika\\\/sehovic-izvjestaj-ek-potvrdjuje-formalan-napredak-ali-i-sustinsko-nazadovanje\\\/#primaryimage\"},\"thumbnailUrl\":\"https:\\\/\\\/dmcsrb.com\\\/wp-content\\\/uploads\\\/2026\\\/01\\\/Damir-Sehovic-scaled-1.jpg\",\"datePublished\":\"2025-11-05T12:23:00+00:00\",\"author\":{\"@id\":\"https:\\\/\\\/dmcsrb.com\\\/#\\\/schema\\\/person\\\/5c39170f12db1b8b457732d0b5c854e2\"},\"breadcrumb\":{\"@id\":\"https:\\\/\\\/dmcsrb.com\\\/politika\\\/sehovic-izvjestaj-ek-potvrdjuje-formalan-napredak-ali-i-sustinsko-nazadovanje\\\/#breadcrumb\"},\"inLanguage\":\"en-GB\",\"potentialAction\":[{\"@type\":\"ReadAction\",\"target\":[\"https:\\\/\\\/dmcsrb.com\\\/politika\\\/sehovic-izvjestaj-ek-potvrdjuje-formalan-napredak-ali-i-sustinsko-nazadovanje\\\/\"]}]},{\"@type\":\"ImageObject\",\"inLanguage\":\"en-GB\",\"@id\":\"https:\\\/\\\/dmcsrb.com\\\/politika\\\/sehovic-izvjestaj-ek-potvrdjuje-formalan-napredak-ali-i-sustinsko-nazadovanje\\\/#primaryimage\",\"url\":\"https:\\\/\\\/dmcsrb.com\\\/wp-content\\\/uploads\\\/2026\\\/01\\\/Damir-Sehovic-scaled-1.jpg\",\"contentUrl\":\"https:\\\/\\\/dmcsrb.com\\\/wp-content\\\/uploads\\\/2026\\\/01\\\/Damir-Sehovic-scaled-1.jpg\",\"width\":2474,\"height\":2560},{\"@type\":\"BreadcrumbList\",\"@id\":\"https:\\\/\\\/dmcsrb.com\\\/politika\\\/sehovic-izvjestaj-ek-potvrdjuje-formalan-napredak-ali-i-sustinsko-nazadovanje\\\/#breadcrumb\",\"itemListElement\":[{\"@type\":\"ListItem\",\"position\":1,\"name\":\"Home\",\"item\":\"https:\\\/\\\/dmcsrb.com\\\/\"},{\"@type\":\"ListItem\",\"position\":2,\"name\":\"\u0160ehovi\u0107: Izvje\u0161taj EK potvr\u0111uje formalan napredak, ali i su\u0161tinsko nazadovanje\"}]},{\"@type\":\"WebSite\",\"@id\":\"https:\\\/\\\/dmcsrb.com\\\/#website\",\"url\":\"https:\\\/\\\/dmcsrb.com\\\/\",\"name\":\"dmcsrb.com\",\"description\":\"\",\"potentialAction\":[{\"@type\":\"SearchAction\",\"target\":{\"@type\":\"EntryPoint\",\"urlTemplate\":\"https:\\\/\\\/dmcsrb.com\\\/?s={search_term_string}\"},\"query-input\":{\"@type\":\"PropertyValueSpecification\",\"valueRequired\":true,\"valueName\":\"search_term_string\"}}],\"inLanguage\":\"en-GB\"},{\"@type\":\"Person\",\"@id\":\"https:\\\/\\\/dmcsrb.com\\\/#\\\/schema\\\/person\\\/5c39170f12db1b8b457732d0b5c854e2\",\"name\":\"dmcsrbija.com@gmail.com\",\"image\":{\"@type\":\"ImageObject\",\"inLanguage\":\"en-GB\",\"@id\":\"https:\\\/\\\/secure.gravatar.com\\\/avatar\\\/68592660ad6347fad0fb587f8d5d8f1a7b44961362f56e4f2cd524feb87e9069?s=96&d=mm&r=g\",\"url\":\"https:\\\/\\\/secure.gravatar.com\\\/avatar\\\/68592660ad6347fad0fb587f8d5d8f1a7b44961362f56e4f2cd524feb87e9069?s=96&d=mm&r=g\",\"contentUrl\":\"https:\\\/\\\/secure.gravatar.com\\\/avatar\\\/68592660ad6347fad0fb587f8d5d8f1a7b44961362f56e4f2cd524feb87e9069?s=96&d=mm&r=g\",\"caption\":\"dmcsrbija.com@gmail.com\"},\"sameAs\":[\"https:\\\/\\\/dmcsrb.com\"],\"url\":\"https:\\\/\\\/dmcsrb.com\\\/en\\\/author\\\/dmcsrbija-comgmail-com\\\/\"}]}<\/script>\n<!-- \/ Yoast SEO plugin. -->","yoast_head_json":{"title":"\u0160ehovi\u0107: Izvje\u0161taj EK potvr\u0111uje formalan napredak, ali i su\u0161tinsko nazadovanje - dmcsrb.com","robots":{"index":"index","follow":"follow","max-snippet":"max-snippet:-1","max-image-preview":"max-image-preview:large","max-video-preview":"max-video-preview:-1"},"canonical":"https:\/\/dmcsrb.com\/en\/politika\/sehovic-izvjestaj-ek-potvrdjuje-formalan-napredak-ali-i-sustinsko-nazadovanje\/","og_locale":"en_GB","og_type":"article","og_title":"\u0160ehovi\u0107: Izvje\u0161taj EK potvr\u0111uje formalan napredak, ali i su\u0161tinsko nazadovanje - dmcsrb.com","og_description":"Izvje\u0161taj EK potvr\u0111uje formalan napredak, ali i su\u0161tinsko nazadovanje, zato EU prvi put pominje \u010dlanstvo bez prava glasa i upozorava na trojanske konje, saop\u0161tio je predsjednik SD-a i jedan od lidera Evropskog saveza\u00a0Damir \u0160ehovi\u0107.","og_url":"https:\/\/dmcsrb.com\/en\/politika\/sehovic-izvjestaj-ek-potvrdjuje-formalan-napredak-ali-i-sustinsko-nazadovanje\/","og_site_name":"dmcsrb.com","article_published_time":"2025-11-05T12:23:00+00:00","og_image":[{"width":2474,"height":2560,"url":"https:\/\/dmcsrb.com\/wp-content\/uploads\/2026\/01\/Damir-Sehovic-scaled-1.jpg","type":"image\/jpeg"}],"author":"dmcsrbija.com@gmail.com","twitter_card":"summary_large_image","twitter_misc":{"Written by":"dmcsrbija.com@gmail.com","Estimated reading time":"4 minutes"},"schema":{"@context":"https:\/\/schema.org","@graph":[{"@type":"Article","@id":"https:\/\/dmcsrb.com\/politika\/sehovic-izvjestaj-ek-potvrdjuje-formalan-napredak-ali-i-sustinsko-nazadovanje\/#article","isPartOf":{"@id":"https:\/\/dmcsrb.com\/politika\/sehovic-izvjestaj-ek-potvrdjuje-formalan-napredak-ali-i-sustinsko-nazadovanje\/"},"author":{"name":"dmcsrbija.com@gmail.com","@id":"https:\/\/dmcsrb.com\/#\/schema\/person\/5c39170f12db1b8b457732d0b5c854e2"},"headline":"\u0160ehovi\u0107: Izvje\u0161taj EK potvr\u0111uje formalan napredak, ali i su\u0161tinsko nazadovanje","datePublished":"2025-11-05T12:23:00+00:00","mainEntityOfPage":{"@id":"https:\/\/dmcsrb.com\/politika\/sehovic-izvjestaj-ek-potvrdjuje-formalan-napredak-ali-i-sustinsko-nazadovanje\/"},"wordCount":762,"commentCount":0,"image":{"@id":"https:\/\/dmcsrb.com\/politika\/sehovic-izvjestaj-ek-potvrdjuje-formalan-napredak-ali-i-sustinsko-nazadovanje\/#primaryimage"},"thumbnailUrl":"https:\/\/dmcsrb.com\/wp-content\/uploads\/2026\/01\/Damir-Sehovic-scaled-1.jpg","keywords":["iZVJE\u0160TAJ ek","\u0161ehovi\u0107","\u0161ehovi\u0107sd"],"articleSection":["Politika"],"inLanguage":"en-GB","potentialAction":[{"@type":"CommentAction","name":"Comment","target":["https:\/\/dmcsrb.com\/politika\/sehovic-izvjestaj-ek-potvrdjuje-formalan-napredak-ali-i-sustinsko-nazadovanje\/#respond"]}]},{"@type":"WebPage","@id":"https:\/\/dmcsrb.com\/politika\/sehovic-izvjestaj-ek-potvrdjuje-formalan-napredak-ali-i-sustinsko-nazadovanje\/","url":"https:\/\/dmcsrb.com\/politika\/sehovic-izvjestaj-ek-potvrdjuje-formalan-napredak-ali-i-sustinsko-nazadovanje\/","name":"\u0160ehovi\u0107: Izvje\u0161taj EK potvr\u0111uje formalan napredak, ali i su\u0161tinsko nazadovanje - dmcsrb.com","isPartOf":{"@id":"https:\/\/dmcsrb.com\/#website"},"primaryImageOfPage":{"@id":"https:\/\/dmcsrb.com\/politika\/sehovic-izvjestaj-ek-potvrdjuje-formalan-napredak-ali-i-sustinsko-nazadovanje\/#primaryimage"},"image":{"@id":"https:\/\/dmcsrb.com\/politika\/sehovic-izvjestaj-ek-potvrdjuje-formalan-napredak-ali-i-sustinsko-nazadovanje\/#primaryimage"},"thumbnailUrl":"https:\/\/dmcsrb.com\/wp-content\/uploads\/2026\/01\/Damir-Sehovic-scaled-1.jpg","datePublished":"2025-11-05T12:23:00+00:00","author":{"@id":"https:\/\/dmcsrb.com\/#\/schema\/person\/5c39170f12db1b8b457732d0b5c854e2"},"breadcrumb":{"@id":"https:\/\/dmcsrb.com\/politika\/sehovic-izvjestaj-ek-potvrdjuje-formalan-napredak-ali-i-sustinsko-nazadovanje\/#breadcrumb"},"inLanguage":"en-GB","potentialAction":[{"@type":"ReadAction","target":["https:\/\/dmcsrb.com\/politika\/sehovic-izvjestaj-ek-potvrdjuje-formalan-napredak-ali-i-sustinsko-nazadovanje\/"]}]},{"@type":"ImageObject","inLanguage":"en-GB","@id":"https:\/\/dmcsrb.com\/politika\/sehovic-izvjestaj-ek-potvrdjuje-formalan-napredak-ali-i-sustinsko-nazadovanje\/#primaryimage","url":"https:\/\/dmcsrb.com\/wp-content\/uploads\/2026\/01\/Damir-Sehovic-scaled-1.jpg","contentUrl":"https:\/\/dmcsrb.com\/wp-content\/uploads\/2026\/01\/Damir-Sehovic-scaled-1.jpg","width":2474,"height":2560},{"@type":"BreadcrumbList","@id":"https:\/\/dmcsrb.com\/politika\/sehovic-izvjestaj-ek-potvrdjuje-formalan-napredak-ali-i-sustinsko-nazadovanje\/#breadcrumb","itemListElement":[{"@type":"ListItem","position":1,"name":"Home","item":"https:\/\/dmcsrb.com\/"},{"@type":"ListItem","position":2,"name":"\u0160ehovi\u0107: Izvje\u0161taj EK potvr\u0111uje formalan napredak, ali i su\u0161tinsko nazadovanje"}]},{"@type":"WebSite","@id":"https:\/\/dmcsrb.com\/#website","url":"https:\/\/dmcsrb.com\/","name":"dmcsrb.com","description":"","potentialAction":[{"@type":"SearchAction","target":{"@type":"EntryPoint","urlTemplate":"https:\/\/dmcsrb.com\/?s={search_term_string}"},"query-input":{"@type":"PropertyValueSpecification","valueRequired":true,"valueName":"search_term_string"}}],"inLanguage":"en-GB"},{"@type":"Person","@id":"https:\/\/dmcsrb.com\/#\/schema\/person\/5c39170f12db1b8b457732d0b5c854e2","name":"dmcsrbija.com@gmail.com","image":{"@type":"ImageObject","inLanguage":"en-GB","@id":"https:\/\/secure.gravatar.com\/avatar\/68592660ad6347fad0fb587f8d5d8f1a7b44961362f56e4f2cd524feb87e9069?s=96&d=mm&r=g","url":"https:\/\/secure.gravatar.com\/avatar\/68592660ad6347fad0fb587f8d5d8f1a7b44961362f56e4f2cd524feb87e9069?s=96&d=mm&r=g","contentUrl":"https:\/\/secure.gravatar.com\/avatar\/68592660ad6347fad0fb587f8d5d8f1a7b44961362f56e4f2cd524feb87e9069?s=96&d=mm&r=g","caption":"dmcsrbija.com@gmail.com"},"sameAs":["https:\/\/dmcsrb.com"],"url":"https:\/\/dmcsrb.com\/en\/author\/dmcsrbija-comgmail-com\/"}]}},"_links":{"self":[{"href":"https:\/\/dmcsrb.com\/en\/wp-json\/wp\/v2\/posts\/962076","targetHints":{"allow":["GET"]}}],"collection":[{"href":"https:\/\/dmcsrb.com\/en\/wp-json\/wp\/v2\/posts"}],"about":[{"href":"https:\/\/dmcsrb.com\/en\/wp-json\/wp\/v2\/types\/post"}],"author":[{"embeddable":true,"href":"https:\/\/dmcsrb.com\/en\/wp-json\/wp\/v2\/users\/1"}],"replies":[{"embeddable":true,"href":"https:\/\/dmcsrb.com\/en\/wp-json\/wp\/v2\/comments?post=962076"}],"version-history":[{"count":0,"href":"https:\/\/dmcsrb.com\/en\/wp-json\/wp\/v2\/posts\/962076\/revisions"}],"wp:featuredmedia":[{"embeddable":true,"href":"https:\/\/dmcsrb.com\/en\/wp-json\/wp\/v2\/media\/913719"}],"wp:attachment":[{"href":"https:\/\/dmcsrb.com\/en\/wp-json\/wp\/v2\/media?parent=962076"}],"wp:term":[{"taxonomy":"category","embeddable":true,"href":"https:\/\/dmcsrb.com\/en\/wp-json\/wp\/v2\/categories?post=962076"},{"taxonomy":"post_tag","embeddable":true,"href":"https:\/\/dmcsrb.com\/en\/wp-json\/wp\/v2\/tags?post=962076"},{"taxonomy":"naslovna","embeddable":true,"href":"https:\/\/dmcsrb.com\/en\/wp-json\/wp\/v2\/naslovna?post=962076"}],"curies":[{"name":"wp","href":"https:\/\/api.w.org\/{rel}","templated":true}]}}