{"id":962038,"date":"2025-11-05T09:36:22","date_gmt":"2025-11-05T08:36:22","guid":{"rendered":"https:\/\/dmcsrb.com\/uncategorized\/inicijativa-nasa-buljarica-pokrenula-peticiju-protive-se-prodaji-zemlje-stranim-korporacijama\/"},"modified":"2025-11-05T09:36:22","modified_gmt":"2025-11-05T08:36:22","slug":"inicijativa-nasa-buljarica-pokrenula-peticiju-protive-se-prodaji-zemlje-stranim-korporacijama","status":"publish","type":"post","link":"https:\/\/dmcsrb.com\/en\/drustvo\/inicijativa-nasa-buljarica-pokrenula-peticiju-protive-se-prodaji-zemlje-stranim-korporacijama\/","title":{"rendered":"Inicijativa Na\u0161a Buljarica pokrenula peticiju, protive se prodaji zemlje stranim korporacijama"},"content":{"rendered":"<p><\/p>\n\n\n\n<p><\/p>\n\n\n\n<p><\/p>\n\n\n\n<p>Upozoravaju javnost na planove za prodaju ovog izuzetno vrijednog dijela crnogorske obale stranom investitoru Mohamedu Alabaru i njegovoj kompaniji Eagle Hills.<\/p>\n\n\n\n<p>&#8220;Bez znanja i saglasnosti zajednice, vode se tajni pregovori i netransparentni dogovori kojima se poku\u0161ava privatizovati naslje\u0111e predaka i Buljarica pretvoriti u ekskluzivni prostor za stranu elitu. Najve\u0107i strah mje\u0161tana izaziva novi Zakon o strate\u0161kim investicijama, koji bi uskoro mogao biti usvojen. Predlo\u017eene izmjene omogu\u0107ile bi investitorima da proglase velike povr\u0161ine &#8216;strate\u0161kim projektima&#8217;, \u010dime bi dr\u017eava mogla oduzimati privatnu zemlju &#8216;u strate\u0161ke svrhe&#8217;, zaobilaze\u0107i procedure za\u0161tite \u017eivotne sredine, kao i pravo lokalne zajednice i stru\u010dne javnosti da u\u010destvuju u odlu\u010divanju&#8221;, navode u saop\u0161tenju.<\/p>\n\n\n\n<p>Dodaju da su na okupljanjima i sastancima proteklih sedmica, brojni mje\u0161tani jasno poru\u010dili da<br>Buljarica nije na prodaju.<\/p>\n\n\n\n<p>&#8220;Na\u0161a zemlja, more i obala pripadaju ljudima koji ovdje \u017eive, a ne korporacijama koje jure profit. Mje\u0161tani izra\u017eavaju zabrinutost zbog \u010dinjenice da nekoliko pojedinaca, bez konsultacija sa zajednicom, vodi privatne sastanke sa investitorima i nastupa u medijima, \u0161ire\u0107i neta\u010dne tvrdnje da stanovnici Buljarice podr\u017eavaju projekat. Prema dostupnim informacijama, tim osobama nude se visoke cijene za njihove parcele kako bi investitor stekao upori\u0161te, dok bi se kasnije, kroz pomenuti zakon, mogla opravdati prisilna eksproprijacija ostalih vlasnika zemlji\u0161ta&#8221;, obja\u0161njavaju u saop\u0161tenju.<\/p>\n\n\n\n<p>U me\u0111uvremenu, kako isti\u010du, Op\u0161tina Budva nije pokazala spremnost na dijalog. Na prvom sastanku, mje\u0161tani koji su izrazili zabrinutost bili su ignorisani i ismijani, a eksproprijacija je pomenuta kao realna mogu\u0107nost. Takav pristup dodatno naru\u0161ava povjerenje gra\u0111ana i pokazuje nedostatak transparentnosti i odgovornosti lokalne vlasti.<\/p>\n\n\n\n<p><img decoding=\"async\" width=\"100%\" alt=\"\" src=\"https:\/\/rtcg.me\/upload\/\/media\/2025\/10\/5\/10\/21\/715\/2322127\/resize\/2322130\/NasaBuljarica_drone_2025-11-01_600x900\"><em>&nbsp;(Inicijativa &#8220;Na\u0161a Buljarica&#8221;)<\/em><\/p>\n\n\n\n<p>&#8220;Inicijativa Na\u0161a Buljarica zahtijeva javnu odgovornost, potpun pristup informacijama i za\u0161titu zemlje, prirode i naslje\u0111a Buljarice od \u0161pekulativnih i netransparentnih investicija. Pokrenuta je me\u0111unarodna peticija za za\u0161titu Buljarice i ve\u0107u transparentnost u odlu\u010divanju. Ovo nije otpor razvoju, ovo je poziv na pravednost, dostojanstvo i pravo da sami odlu\u010dujemo o svojoj budu\u0107nosti&#8221; poru\u010duju u inicijativi Na\u0161a Buljarica.<\/p>","protected":false},"excerpt":{"rendered":"<p>Mje\u0161tani Buljarice, okupljeni kroz gra\u0111ansku inicijativu Na\u0161a Buljarica, pokrenuli su me\u0111unarodnu peticiju za za\u0161titu Buljarice i ve\u0107u transparentnost u odlu\u010divanju, nakon \u0161to su po\u010deli, kako isti\u010du, tajni pregovori pojedinaca o prodaji zemlji\u0161ta kompaniji Eagle Hills, a dr\u017eava najavila zakon o strate\u0161kim projektima.<\/p>","protected":false},"author":1,"featured_media":962039,"comment_status":"open","ping_status":"open","sticky":false,"template":"","format":"standard","meta":{"_acf_changed":false,"footnotes":""},"categories":[2],"tags":[13003,13107,13643],"naslovna":[],"class_list":["post-962038","post","type-post","status-publish","format-standard","has-post-thumbnail","hentry","category-drustvo","tag-buljarica","tag-peticija","tag-portest"],"acf":[],"yoast_head":"<!-- This site is optimized with the Yoast SEO plugin v27.4 - https:\/\/yoast.com\/product\/yoast-seo-wordpress\/ -->\n<title>Inicijativa Na\u0161a Buljarica pokrenula peticiju, protive se prodaji zemlje stranim korporacijama - dmcsrb.com<\/title>\n<meta name=\"robots\" content=\"index, follow, max-snippet:-1, max-image-preview:large, max-video-preview:-1\" \/>\n<link rel=\"canonical\" href=\"https:\/\/dmcsrb.com\/en\/drustvo\/inicijativa-nasa-buljarica-pokrenula-peticiju-protive-se-prodaji-zemlje-stranim-korporacijama\/\" \/>\n<meta property=\"og:locale\" content=\"en_GB\" \/>\n<meta property=\"og:type\" content=\"article\" \/>\n<meta property=\"og:title\" content=\"Inicijativa Na\u0161a Buljarica pokrenula peticiju, protive se prodaji zemlje stranim korporacijama - dmcsrb.com\" \/>\n<meta property=\"og:description\" content=\"Mje\u0161tani Buljarice, okupljeni kroz gra\u0111ansku inicijativu Na\u0161a Buljarica, pokrenuli su me\u0111unarodnu peticiju za za\u0161titu Buljarice i ve\u0107u transparentnost u odlu\u010divanju, nakon \u0161to su po\u010deli, kako isti\u010du, tajni pregovori pojedinaca o prodaji zemlji\u0161ta kompaniji Eagle Hills, a dr\u017eava najavila zakon o strate\u0161kim projektima.\" \/>\n<meta property=\"og:url\" content=\"https:\/\/dmcsrb.com\/en\/drustvo\/inicijativa-nasa-buljarica-pokrenula-peticiju-protive-se-prodaji-zemlje-stranim-korporacijama\/\" \/>\n<meta property=\"og:site_name\" content=\"dmcsrb.com\" \/>\n<meta property=\"article:published_time\" content=\"2025-11-05T08:36:22+00:00\" \/>\n<meta property=\"og:image\" content=\"https:\/\/dmcsrb.com\/wp-content\/uploads\/2026\/01\/NasaBuljarica_mjestani_na_plazi_2025-11-01_600x900.webp\" \/>\n\t<meta property=\"og:image:width\" content=\"900\" \/>\n\t<meta property=\"og:image:height\" content=\"600\" \/>\n\t<meta property=\"og:image:type\" content=\"image\/png\" \/>\n<meta name=\"author\" content=\"dmcsrbija.com@gmail.com\" \/>\n<meta name=\"twitter:card\" content=\"summary_large_image\" \/>\n<meta name=\"twitter:label1\" content=\"Written by\" \/>\n\t<meta name=\"twitter:data1\" content=\"dmcsrbija.com@gmail.com\" \/>\n\t<meta name=\"twitter:label2\" content=\"Estimated reading time\" \/>\n\t<meta name=\"twitter:data2\" content=\"2 minutes\" \/>\n<script type=\"application\/ld+json\" class=\"yoast-schema-graph\">{\"@context\":\"https:\\\/\\\/schema.org\",\"@graph\":[{\"@type\":\"Article\",\"@id\":\"https:\\\/\\\/dmcsrb.com\\\/drustvo\\\/inicijativa-nasa-buljarica-pokrenula-peticiju-protive-se-prodaji-zemlje-stranim-korporacijama\\\/#article\",\"isPartOf\":{\"@id\":\"https:\\\/\\\/dmcsrb.com\\\/drustvo\\\/inicijativa-nasa-buljarica-pokrenula-peticiju-protive-se-prodaji-zemlje-stranim-korporacijama\\\/\"},\"author\":{\"name\":\"dmcsrbija.com@gmail.com\",\"@id\":\"https:\\\/\\\/dmcsrb.com\\\/#\\\/schema\\\/person\\\/5c39170f12db1b8b457732d0b5c854e2\"},\"headline\":\"Inicijativa Na\u0161a Buljarica pokrenula peticiju, protive se prodaji zemlje stranim korporacijama\",\"datePublished\":\"2025-11-05T08:36:22+00:00\",\"mainEntityOfPage\":{\"@id\":\"https:\\\/\\\/dmcsrb.com\\\/drustvo\\\/inicijativa-nasa-buljarica-pokrenula-peticiju-protive-se-prodaji-zemlje-stranim-korporacijama\\\/\"},\"wordCount\":365,\"commentCount\":0,\"image\":{\"@id\":\"https:\\\/\\\/dmcsrb.com\\\/drustvo\\\/inicijativa-nasa-buljarica-pokrenula-peticiju-protive-se-prodaji-zemlje-stranim-korporacijama\\\/#primaryimage\"},\"thumbnailUrl\":\"https:\\\/\\\/dmcsrb.com\\\/wp-content\\\/uploads\\\/2026\\\/01\\\/NasaBuljarica_mjestani_na_plazi_2025-11-01_600x900.webp\",\"keywords\":[\"buljarica\",\"peticija\",\"portest\"],\"articleSection\":[\"Dru\u0161tvo\"],\"inLanguage\":\"en-GB\",\"potentialAction\":[{\"@type\":\"CommentAction\",\"name\":\"Comment\",\"target\":[\"https:\\\/\\\/dmcsrb.com\\\/drustvo\\\/inicijativa-nasa-buljarica-pokrenula-peticiju-protive-se-prodaji-zemlje-stranim-korporacijama\\\/#respond\"]}]},{\"@type\":\"WebPage\",\"@id\":\"https:\\\/\\\/dmcsrb.com\\\/drustvo\\\/inicijativa-nasa-buljarica-pokrenula-peticiju-protive-se-prodaji-zemlje-stranim-korporacijama\\\/\",\"url\":\"https:\\\/\\\/dmcsrb.com\\\/drustvo\\\/inicijativa-nasa-buljarica-pokrenula-peticiju-protive-se-prodaji-zemlje-stranim-korporacijama\\\/\",\"name\":\"Inicijativa Na\u0161a Buljarica pokrenula peticiju, protive se prodaji zemlje stranim korporacijama - dmcsrb.com\",\"isPartOf\":{\"@id\":\"https:\\\/\\\/dmcsrb.com\\\/#website\"},\"primaryImageOfPage\":{\"@id\":\"https:\\\/\\\/dmcsrb.com\\\/drustvo\\\/inicijativa-nasa-buljarica-pokrenula-peticiju-protive-se-prodaji-zemlje-stranim-korporacijama\\\/#primaryimage\"},\"image\":{\"@id\":\"https:\\\/\\\/dmcsrb.com\\\/drustvo\\\/inicijativa-nasa-buljarica-pokrenula-peticiju-protive-se-prodaji-zemlje-stranim-korporacijama\\\/#primaryimage\"},\"thumbnailUrl\":\"https:\\\/\\\/dmcsrb.com\\\/wp-content\\\/uploads\\\/2026\\\/01\\\/NasaBuljarica_mjestani_na_plazi_2025-11-01_600x900.webp\",\"datePublished\":\"2025-11-05T08:36:22+00:00\",\"author\":{\"@id\":\"https:\\\/\\\/dmcsrb.com\\\/#\\\/schema\\\/person\\\/5c39170f12db1b8b457732d0b5c854e2\"},\"breadcrumb\":{\"@id\":\"https:\\\/\\\/dmcsrb.com\\\/drustvo\\\/inicijativa-nasa-buljarica-pokrenula-peticiju-protive-se-prodaji-zemlje-stranim-korporacijama\\\/#breadcrumb\"},\"inLanguage\":\"en-GB\",\"potentialAction\":[{\"@type\":\"ReadAction\",\"target\":[\"https:\\\/\\\/dmcsrb.com\\\/drustvo\\\/inicijativa-nasa-buljarica-pokrenula-peticiju-protive-se-prodaji-zemlje-stranim-korporacijama\\\/\"]}]},{\"@type\":\"ImageObject\",\"inLanguage\":\"en-GB\",\"@id\":\"https:\\\/\\\/dmcsrb.com\\\/drustvo\\\/inicijativa-nasa-buljarica-pokrenula-peticiju-protive-se-prodaji-zemlje-stranim-korporacijama\\\/#primaryimage\",\"url\":\"https:\\\/\\\/dmcsrb.com\\\/wp-content\\\/uploads\\\/2026\\\/01\\\/NasaBuljarica_mjestani_na_plazi_2025-11-01_600x900.webp\",\"contentUrl\":\"https:\\\/\\\/dmcsrb.com\\\/wp-content\\\/uploads\\\/2026\\\/01\\\/NasaBuljarica_mjestani_na_plazi_2025-11-01_600x900.webp\",\"width\":900,\"height\":600},{\"@type\":\"BreadcrumbList\",\"@id\":\"https:\\\/\\\/dmcsrb.com\\\/drustvo\\\/inicijativa-nasa-buljarica-pokrenula-peticiju-protive-se-prodaji-zemlje-stranim-korporacijama\\\/#breadcrumb\",\"itemListElement\":[{\"@type\":\"ListItem\",\"position\":1,\"name\":\"Home\",\"item\":\"https:\\\/\\\/dmcsrb.com\\\/\"},{\"@type\":\"ListItem\",\"position\":2,\"name\":\"Inicijativa Na\u0161a Buljarica pokrenula peticiju, protive se prodaji zemlje stranim korporacijama\"}]},{\"@type\":\"WebSite\",\"@id\":\"https:\\\/\\\/dmcsrb.com\\\/#website\",\"url\":\"https:\\\/\\\/dmcsrb.com\\\/\",\"name\":\"dmcsrb.com\",\"description\":\"\",\"potentialAction\":[{\"@type\":\"SearchAction\",\"target\":{\"@type\":\"EntryPoint\",\"urlTemplate\":\"https:\\\/\\\/dmcsrb.com\\\/?s={search_term_string}\"},\"query-input\":{\"@type\":\"PropertyValueSpecification\",\"valueRequired\":true,\"valueName\":\"search_term_string\"}}],\"inLanguage\":\"en-GB\"},{\"@type\":\"Person\",\"@id\":\"https:\\\/\\\/dmcsrb.com\\\/#\\\/schema\\\/person\\\/5c39170f12db1b8b457732d0b5c854e2\",\"name\":\"dmcsrbija.com@gmail.com\",\"image\":{\"@type\":\"ImageObject\",\"inLanguage\":\"en-GB\",\"@id\":\"https:\\\/\\\/secure.gravatar.com\\\/avatar\\\/68592660ad6347fad0fb587f8d5d8f1a7b44961362f56e4f2cd524feb87e9069?s=96&d=mm&r=g\",\"url\":\"https:\\\/\\\/secure.gravatar.com\\\/avatar\\\/68592660ad6347fad0fb587f8d5d8f1a7b44961362f56e4f2cd524feb87e9069?s=96&d=mm&r=g\",\"contentUrl\":\"https:\\\/\\\/secure.gravatar.com\\\/avatar\\\/68592660ad6347fad0fb587f8d5d8f1a7b44961362f56e4f2cd524feb87e9069?s=96&d=mm&r=g\",\"caption\":\"dmcsrbija.com@gmail.com\"},\"sameAs\":[\"https:\\\/\\\/dmcsrb.com\"],\"url\":\"https:\\\/\\\/dmcsrb.com\\\/en\\\/author\\\/dmcsrbija-comgmail-com\\\/\"}]}<\/script>\n<!-- \/ Yoast SEO plugin. -->","yoast_head_json":{"title":"Inicijativa Na\u0161a Buljarica pokrenula peticiju, protive se prodaji zemlje stranim korporacijama - dmcsrb.com","robots":{"index":"index","follow":"follow","max-snippet":"max-snippet:-1","max-image-preview":"max-image-preview:large","max-video-preview":"max-video-preview:-1"},"canonical":"https:\/\/dmcsrb.com\/en\/drustvo\/inicijativa-nasa-buljarica-pokrenula-peticiju-protive-se-prodaji-zemlje-stranim-korporacijama\/","og_locale":"en_GB","og_type":"article","og_title":"Inicijativa Na\u0161a Buljarica pokrenula peticiju, protive se prodaji zemlje stranim korporacijama - dmcsrb.com","og_description":"Mje\u0161tani Buljarice, okupljeni kroz gra\u0111ansku inicijativu Na\u0161a Buljarica, pokrenuli su me\u0111unarodnu peticiju za za\u0161titu Buljarice i ve\u0107u transparentnost u odlu\u010divanju, nakon \u0161to su po\u010deli, kako isti\u010du, tajni pregovori pojedinaca o prodaji zemlji\u0161ta kompaniji Eagle Hills, a dr\u017eava najavila zakon o strate\u0161kim projektima.","og_url":"https:\/\/dmcsrb.com\/en\/drustvo\/inicijativa-nasa-buljarica-pokrenula-peticiju-protive-se-prodaji-zemlje-stranim-korporacijama\/","og_site_name":"dmcsrb.com","article_published_time":"2025-11-05T08:36:22+00:00","og_image":[{"width":900,"height":600,"url":"https:\/\/dmcsrb.com\/wp-content\/uploads\/2026\/01\/NasaBuljarica_mjestani_na_plazi_2025-11-01_600x900.webp","type":"image\/png"}],"author":"dmcsrbija.com@gmail.com","twitter_card":"summary_large_image","twitter_misc":{"Written by":"dmcsrbija.com@gmail.com","Estimated reading time":"2 minutes"},"schema":{"@context":"https:\/\/schema.org","@graph":[{"@type":"Article","@id":"https:\/\/dmcsrb.com\/drustvo\/inicijativa-nasa-buljarica-pokrenula-peticiju-protive-se-prodaji-zemlje-stranim-korporacijama\/#article","isPartOf":{"@id":"https:\/\/dmcsrb.com\/drustvo\/inicijativa-nasa-buljarica-pokrenula-peticiju-protive-se-prodaji-zemlje-stranim-korporacijama\/"},"author":{"name":"dmcsrbija.com@gmail.com","@id":"https:\/\/dmcsrb.com\/#\/schema\/person\/5c39170f12db1b8b457732d0b5c854e2"},"headline":"Inicijativa Na\u0161a Buljarica pokrenula peticiju, protive se prodaji zemlje stranim korporacijama","datePublished":"2025-11-05T08:36:22+00:00","mainEntityOfPage":{"@id":"https:\/\/dmcsrb.com\/drustvo\/inicijativa-nasa-buljarica-pokrenula-peticiju-protive-se-prodaji-zemlje-stranim-korporacijama\/"},"wordCount":365,"commentCount":0,"image":{"@id":"https:\/\/dmcsrb.com\/drustvo\/inicijativa-nasa-buljarica-pokrenula-peticiju-protive-se-prodaji-zemlje-stranim-korporacijama\/#primaryimage"},"thumbnailUrl":"https:\/\/dmcsrb.com\/wp-content\/uploads\/2026\/01\/NasaBuljarica_mjestani_na_plazi_2025-11-01_600x900.webp","keywords":["buljarica","peticija","portest"],"articleSection":["Dru\u0161tvo"],"inLanguage":"en-GB","potentialAction":[{"@type":"CommentAction","name":"Comment","target":["https:\/\/dmcsrb.com\/drustvo\/inicijativa-nasa-buljarica-pokrenula-peticiju-protive-se-prodaji-zemlje-stranim-korporacijama\/#respond"]}]},{"@type":"WebPage","@id":"https:\/\/dmcsrb.com\/drustvo\/inicijativa-nasa-buljarica-pokrenula-peticiju-protive-se-prodaji-zemlje-stranim-korporacijama\/","url":"https:\/\/dmcsrb.com\/drustvo\/inicijativa-nasa-buljarica-pokrenula-peticiju-protive-se-prodaji-zemlje-stranim-korporacijama\/","name":"Inicijativa Na\u0161a Buljarica pokrenula peticiju, protive se prodaji zemlje stranim korporacijama - dmcsrb.com","isPartOf":{"@id":"https:\/\/dmcsrb.com\/#website"},"primaryImageOfPage":{"@id":"https:\/\/dmcsrb.com\/drustvo\/inicijativa-nasa-buljarica-pokrenula-peticiju-protive-se-prodaji-zemlje-stranim-korporacijama\/#primaryimage"},"image":{"@id":"https:\/\/dmcsrb.com\/drustvo\/inicijativa-nasa-buljarica-pokrenula-peticiju-protive-se-prodaji-zemlje-stranim-korporacijama\/#primaryimage"},"thumbnailUrl":"https:\/\/dmcsrb.com\/wp-content\/uploads\/2026\/01\/NasaBuljarica_mjestani_na_plazi_2025-11-01_600x900.webp","datePublished":"2025-11-05T08:36:22+00:00","author":{"@id":"https:\/\/dmcsrb.com\/#\/schema\/person\/5c39170f12db1b8b457732d0b5c854e2"},"breadcrumb":{"@id":"https:\/\/dmcsrb.com\/drustvo\/inicijativa-nasa-buljarica-pokrenula-peticiju-protive-se-prodaji-zemlje-stranim-korporacijama\/#breadcrumb"},"inLanguage":"en-GB","potentialAction":[{"@type":"ReadAction","target":["https:\/\/dmcsrb.com\/drustvo\/inicijativa-nasa-buljarica-pokrenula-peticiju-protive-se-prodaji-zemlje-stranim-korporacijama\/"]}]},{"@type":"ImageObject","inLanguage":"en-GB","@id":"https:\/\/dmcsrb.com\/drustvo\/inicijativa-nasa-buljarica-pokrenula-peticiju-protive-se-prodaji-zemlje-stranim-korporacijama\/#primaryimage","url":"https:\/\/dmcsrb.com\/wp-content\/uploads\/2026\/01\/NasaBuljarica_mjestani_na_plazi_2025-11-01_600x900.webp","contentUrl":"https:\/\/dmcsrb.com\/wp-content\/uploads\/2026\/01\/NasaBuljarica_mjestani_na_plazi_2025-11-01_600x900.webp","width":900,"height":600},{"@type":"BreadcrumbList","@id":"https:\/\/dmcsrb.com\/drustvo\/inicijativa-nasa-buljarica-pokrenula-peticiju-protive-se-prodaji-zemlje-stranim-korporacijama\/#breadcrumb","itemListElement":[{"@type":"ListItem","position":1,"name":"Home","item":"https:\/\/dmcsrb.com\/"},{"@type":"ListItem","position":2,"name":"Inicijativa Na\u0161a Buljarica pokrenula peticiju, protive se prodaji zemlje stranim korporacijama"}]},{"@type":"WebSite","@id":"https:\/\/dmcsrb.com\/#website","url":"https:\/\/dmcsrb.com\/","name":"dmcsrb.com","description":"","potentialAction":[{"@type":"SearchAction","target":{"@type":"EntryPoint","urlTemplate":"https:\/\/dmcsrb.com\/?s={search_term_string}"},"query-input":{"@type":"PropertyValueSpecification","valueRequired":true,"valueName":"search_term_string"}}],"inLanguage":"en-GB"},{"@type":"Person","@id":"https:\/\/dmcsrb.com\/#\/schema\/person\/5c39170f12db1b8b457732d0b5c854e2","name":"dmcsrbija.com@gmail.com","image":{"@type":"ImageObject","inLanguage":"en-GB","@id":"https:\/\/secure.gravatar.com\/avatar\/68592660ad6347fad0fb587f8d5d8f1a7b44961362f56e4f2cd524feb87e9069?s=96&d=mm&r=g","url":"https:\/\/secure.gravatar.com\/avatar\/68592660ad6347fad0fb587f8d5d8f1a7b44961362f56e4f2cd524feb87e9069?s=96&d=mm&r=g","contentUrl":"https:\/\/secure.gravatar.com\/avatar\/68592660ad6347fad0fb587f8d5d8f1a7b44961362f56e4f2cd524feb87e9069?s=96&d=mm&r=g","caption":"dmcsrbija.com@gmail.com"},"sameAs":["https:\/\/dmcsrb.com"],"url":"https:\/\/dmcsrb.com\/en\/author\/dmcsrbija-comgmail-com\/"}]}},"_links":{"self":[{"href":"https:\/\/dmcsrb.com\/en\/wp-json\/wp\/v2\/posts\/962038","targetHints":{"allow":["GET"]}}],"collection":[{"href":"https:\/\/dmcsrb.com\/en\/wp-json\/wp\/v2\/posts"}],"about":[{"href":"https:\/\/dmcsrb.com\/en\/wp-json\/wp\/v2\/types\/post"}],"author":[{"embeddable":true,"href":"https:\/\/dmcsrb.com\/en\/wp-json\/wp\/v2\/users\/1"}],"replies":[{"embeddable":true,"href":"https:\/\/dmcsrb.com\/en\/wp-json\/wp\/v2\/comments?post=962038"}],"version-history":[{"count":0,"href":"https:\/\/dmcsrb.com\/en\/wp-json\/wp\/v2\/posts\/962038\/revisions"}],"wp:featuredmedia":[{"embeddable":true,"href":"https:\/\/dmcsrb.com\/en\/wp-json\/wp\/v2\/media\/962039"}],"wp:attachment":[{"href":"https:\/\/dmcsrb.com\/en\/wp-json\/wp\/v2\/media?parent=962038"}],"wp:term":[{"taxonomy":"category","embeddable":true,"href":"https:\/\/dmcsrb.com\/en\/wp-json\/wp\/v2\/categories?post=962038"},{"taxonomy":"post_tag","embeddable":true,"href":"https:\/\/dmcsrb.com\/en\/wp-json\/wp\/v2\/tags?post=962038"},{"taxonomy":"naslovna","embeddable":true,"href":"https:\/\/dmcsrb.com\/en\/wp-json\/wp\/v2\/naslovna?post=962038"}],"curies":[{"name":"wp","href":"https:\/\/api.w.org\/{rel}","templated":true}]}}