{"id":962026,"date":"2025-11-05T09:57:00","date_gmt":"2025-11-05T08:57:00","guid":{"rendered":"https:\/\/dmcsrb.com\/uncategorized\/sindikalna-organizacija-rtcg-potpisan-i-proslijedjen-vladi-tekst-novog-kolektivnog-ugovora\/"},"modified":"2025-11-05T09:57:00","modified_gmt":"2025-11-05T08:57:00","slug":"sindikalna-organizacija-rtcg-potpisan-i-proslijedjen-vladi-tekst-novog-kolektivnog-ugovora","status":"publish","type":"post","link":"https:\/\/dmcsrb.com\/en\/drustvo\/sindikalna-organizacija-rtcg-potpisan-i-proslijedjen-vladi-tekst-novog-kolektivnog-ugovora\/","title":{"rendered":"Sindikalna organizacija RTCG: Potpisan i proslije\u0111en Vladi tekst novog Kolektivnog ugovora"},"content":{"rendered":"<p><\/p>\n\n\n\n<p><\/p>\n\n\n\n<p><strong>Saop\u0161tenje prenosimo integralno:&nbsp;<\/strong><\/p>\n\n\n\n<p>\u201cNakon vi\u0161emjese\u010dnih pregovora menad\u017ementa i dvije od tri sindikalne organizacije u RTCG, potpisan je i proslije\u0111en Vladi tekst novog Kolektivnog ugovora. Mjeseci te\u0161kih pregovora u kojima su ozbiljno \u0161ikanirane kolege iz Sindikata zaposlenih su napokon okon\u010dani.<\/p>\n\n\n\n<p>Dan uo\u010di predstavljanja izvje\u0161taja Evropske komisije.<\/p>\n\n\n\n<p>Po ustaljenoj praksi menad\u017ementa, koji brine o \u201cbenefitima\u201d zaposlenih, valja napraviti malo autoreklame i pozvati se u neku od informativnih emisija Nacionalnog Javnog emitera:<\/p>\n\n\n\n<p>\u201cSamo ozbiljnim i odgovornim pristupom dolazi se do rezultata koji mijenjaju stvarnost. Ne besmislenim kritikama, ne difamacijama i la\u017eima, ne praznoslovljem, ne rije\u010dima, ve\u0107 samo djelima.\u201d<\/p>\n\n\n\n<p>Iz citata se da zaklju\u010diti da nelegalni generalni direktor nema namjeru da ispo\u0161tuje Zakon na \u0161to, izme\u0111u ostalog, sugeri\u0161u u izvje\u0161taju EK.<\/p>\n\n\n\n<p>S obzirom na to da menad\u017ement RTCG nedoma\u0107inski tro\u0161i novac svih gra\u0111ana Crne Gore, u skladu sa Zakonom o slobodnom pristupu informacijama, tra\u017eimo od njih obja\u0161njenje u vezi otpremnina koje bi trebalo da budu definisane KU.<\/p>\n\n\n\n<p>\u2022\u2003Odrediti kolika je suma za otpremninu prilikom odlaska u penziju?<\/p>\n\n\n\n<p>\u2022\u2003Kolika je suma za zaposlene koji se odlu\u010de na sporazumni odlazak iz RTCG?<\/p>\n\n\n\n<p>\u2022\u2003Po kojoj se metodologiji, kao i za koje ljude utvr\u0111ivao iznos otpremnine?<\/p>\n\n\n\n<p>U saznanju smo da postoje slu\u010dajevi gdje su odre\u0111eni ljudi fiktivno i jednokratno prebacivani na radna mjesta, koja su potom ukidana, tako\u0111e u netransparentnoj proceduri. Na taj na\u010din su pojedinci ostali uskra\u0107eni za realnu sumu, dok su neki dobijali vi\u0161e nego im zakonski pripada.<\/p>\n\n\n\n<p>Ozbiljna institucija ne mo\u017ee da dozvoli takav nedefinisani i diskriminatorski tretman zaposlenih, kao i diskreciono odlu\u010divanje o novcu, posebno imaju\u0107i u vidu da o tome odlu\u010duju osobe koji nemaju legitimitet.<\/p>\n\n\n\n<p>Pitanje otpremnina je veoma zna\u010dajno i u kontekstu, o\u010digledno, nezakonite raspodjele stanova. Da li \u0107e osobe koje su u poslednje tri godine, bez ikakvog iskustva u medijima, prido\u0161le u RTCG, a koje su zbog svoje ,,efikasnosti\u201d dobile stanove tri put jeftinije od tr\u017ei\u0161ne vrijednosti (ju\u010de bila raspodjela rje\u0161enja) tako\u0111e biti nagra\u0111ene i prilikom uzimanja otpremnina.<\/p>\n\n\n\n<p>Oni bi, dakle, u Raoni\u0107evom mandatu profitirali vi\u0161e nego obi\u010dni i lojalni profesionalci iz RTCG za pola radnog vijeka.<\/p>\n\n\n\n<p>Ako je to dostojanstvo o kome Raoni\u0107 govori kada se samopozove u Jutarnji program, onda \u0107e se na\u0161 Sindikat protiv toga boriti svim institucionalnim sredstvima.<\/p>\n\n\n\n<p>Na\u0161a sindikalna organizacija postavlja krucijalna pitanja od va\u017enosti za javnost, a o\u010digledno je da nelegalni menad\u017ement nema namjeru da odgovori ni na jedno od njih.<\/p>\n\n\n\n<p>Iz tog razloga \u0107emo se obratiti institucijama u Dr\u017eavi koje \u0107e dokumentaciju dobaviti po slu\u017ebenoj du\u017enosti i u skladu sa Zakonom preduzeti odgovaraju\u0107e mjere\u201d.<\/p>","protected":false},"excerpt":{"rendered":"<p>Izvr\u0161ni odbor Sindikalne organizacije Javni radio-difuzni servis Radija i Televizije Crne Gore saop\u0161tio je da je potpisan i proslije\u0111en Vladi tekst novog Kolektivnog ugovora.<\/p>","protected":false},"author":1,"featured_media":962027,"comment_status":"open","ping_status":"open","sticky":false,"template":"","format":"standard","meta":{"_acf_changed":false,"footnotes":""},"categories":[2],"tags":[136,7699],"naslovna":[],"class_list":["post-962026","post","type-post","status-publish","format-standard","has-post-thumbnail","hentry","category-drustvo","tag-rtcg","tag-sidnikat"],"acf":[],"yoast_head":"<!-- This site is optimized with the Yoast SEO plugin v27.0 - https:\/\/yoast.com\/product\/yoast-seo-wordpress\/ -->\n<title>Sindikalna organizacija RTCG: Potpisan i proslije\u0111en Vladi tekst novog Kolektivnog ugovora - dmcsrb.com<\/title>\n<meta name=\"robots\" content=\"index, follow, max-snippet:-1, max-image-preview:large, max-video-preview:-1\" \/>\n<link rel=\"canonical\" href=\"https:\/\/dmcsrb.com\/en\/drustvo\/sindikalna-organizacija-rtcg-potpisan-i-proslijedjen-vladi-tekst-novog-kolektivnog-ugovora\/\" \/>\n<meta property=\"og:locale\" content=\"en_GB\" \/>\n<meta property=\"og:type\" content=\"article\" \/>\n<meta property=\"og:title\" content=\"Sindikalna organizacija RTCG: Potpisan i proslije\u0111en Vladi tekst novog Kolektivnog ugovora - dmcsrb.com\" \/>\n<meta property=\"og:description\" content=\"Izvr\u0161ni odbor Sindikalne organizacije Javni radio-difuzni servis Radija i Televizije Crne Gore saop\u0161tio je da je potpisan i proslije\u0111en Vladi tekst novog Kolektivnog ugovora.\" \/>\n<meta property=\"og:url\" content=\"https:\/\/dmcsrb.com\/en\/drustvo\/sindikalna-organizacija-rtcg-potpisan-i-proslijedjen-vladi-tekst-novog-kolektivnog-ugovora\/\" \/>\n<meta property=\"og:site_name\" content=\"dmcsrb.com\" \/>\n<meta property=\"article:published_time\" content=\"2025-11-05T08:57:00+00:00\" \/>\n<meta property=\"og:image\" content=\"https:\/\/dmcsrb.com\/wp-content\/uploads\/2026\/01\/rtcg-1-1.webp\" \/>\n\t<meta property=\"og:image:width\" content=\"756\" \/>\n\t<meta property=\"og:image:height\" content=\"385\" \/>\n\t<meta property=\"og:image:type\" content=\"image\/jpeg\" \/>\n<meta name=\"author\" content=\"dmcsrbija.com@gmail.com\" \/>\n<meta name=\"twitter:card\" content=\"summary_large_image\" \/>\n<meta name=\"twitter:label1\" content=\"Written by\" \/>\n\t<meta name=\"twitter:data1\" content=\"dmcsrbija.com@gmail.com\" \/>\n\t<meta name=\"twitter:label2\" content=\"Estimated reading time\" \/>\n\t<meta name=\"twitter:data2\" content=\"2 minutes\" \/>\n<script type=\"application\/ld+json\" class=\"yoast-schema-graph\">{\"@context\":\"https:\/\/schema.org\",\"@graph\":[{\"@type\":\"Article\",\"@id\":\"https:\/\/dmcsrb.com\/en\/drustvo\/sindikalna-organizacija-rtcg-potpisan-i-proslijedjen-vladi-tekst-novog-kolektivnog-ugovora\/#article\",\"isPartOf\":{\"@id\":\"https:\/\/dmcsrb.com\/en\/drustvo\/sindikalna-organizacija-rtcg-potpisan-i-proslijedjen-vladi-tekst-novog-kolektivnog-ugovora\/\"},\"author\":{\"name\":\"dmcsrbija.com@gmail.com\",\"@id\":\"https:\/\/dmcsrb.com\/#\/schema\/person\/5c39170f12db1b8b457732d0b5c854e2\"},\"headline\":\"Sindikalna organizacija RTCG: Potpisan i proslije\u0111en Vladi tekst novog Kolektivnog ugovora\",\"datePublished\":\"2025-11-05T08:57:00+00:00\",\"mainEntityOfPage\":{\"@id\":\"https:\/\/dmcsrb.com\/en\/drustvo\/sindikalna-organizacija-rtcg-potpisan-i-proslijedjen-vladi-tekst-novog-kolektivnog-ugovora\/\"},\"wordCount\":478,\"commentCount\":0,\"image\":{\"@id\":\"https:\/\/dmcsrb.com\/en\/drustvo\/sindikalna-organizacija-rtcg-potpisan-i-proslijedjen-vladi-tekst-novog-kolektivnog-ugovora\/#primaryimage\"},\"thumbnailUrl\":\"https:\/\/dmcsrb.com\/wp-content\/uploads\/2026\/01\/rtcg-1-1.webp\",\"keywords\":[\"RTCG\",\"sidnikat\"],\"articleSection\":[\"Dru\u0161tvo\"],\"inLanguage\":\"en-GB\",\"potentialAction\":[{\"@type\":\"CommentAction\",\"name\":\"Comment\",\"target\":[\"https:\/\/dmcsrb.com\/en\/drustvo\/sindikalna-organizacija-rtcg-potpisan-i-proslijedjen-vladi-tekst-novog-kolektivnog-ugovora\/#respond\"]}]},{\"@type\":\"WebPage\",\"@id\":\"https:\/\/dmcsrb.com\/en\/drustvo\/sindikalna-organizacija-rtcg-potpisan-i-proslijedjen-vladi-tekst-novog-kolektivnog-ugovora\/\",\"url\":\"https:\/\/dmcsrb.com\/en\/drustvo\/sindikalna-organizacija-rtcg-potpisan-i-proslijedjen-vladi-tekst-novog-kolektivnog-ugovora\/\",\"name\":\"Sindikalna organizacija RTCG: Potpisan i proslije\u0111en Vladi tekst novog Kolektivnog ugovora - dmcsrb.com\",\"isPartOf\":{\"@id\":\"https:\/\/dmcsrb.com\/#website\"},\"primaryImageOfPage\":{\"@id\":\"https:\/\/dmcsrb.com\/en\/drustvo\/sindikalna-organizacija-rtcg-potpisan-i-proslijedjen-vladi-tekst-novog-kolektivnog-ugovora\/#primaryimage\"},\"image\":{\"@id\":\"https:\/\/dmcsrb.com\/en\/drustvo\/sindikalna-organizacija-rtcg-potpisan-i-proslijedjen-vladi-tekst-novog-kolektivnog-ugovora\/#primaryimage\"},\"thumbnailUrl\":\"https:\/\/dmcsrb.com\/wp-content\/uploads\/2026\/01\/rtcg-1-1.webp\",\"datePublished\":\"2025-11-05T08:57:00+00:00\",\"author\":{\"@id\":\"https:\/\/dmcsrb.com\/#\/schema\/person\/5c39170f12db1b8b457732d0b5c854e2\"},\"breadcrumb\":{\"@id\":\"https:\/\/dmcsrb.com\/en\/drustvo\/sindikalna-organizacija-rtcg-potpisan-i-proslijedjen-vladi-tekst-novog-kolektivnog-ugovora\/#breadcrumb\"},\"inLanguage\":\"en-GB\",\"potentialAction\":[{\"@type\":\"ReadAction\",\"target\":[\"https:\/\/dmcsrb.com\/en\/drustvo\/sindikalna-organizacija-rtcg-potpisan-i-proslijedjen-vladi-tekst-novog-kolektivnog-ugovora\/\"]}]},{\"@type\":\"ImageObject\",\"inLanguage\":\"en-GB\",\"@id\":\"https:\/\/dmcsrb.com\/en\/drustvo\/sindikalna-organizacija-rtcg-potpisan-i-proslijedjen-vladi-tekst-novog-kolektivnog-ugovora\/#primaryimage\",\"url\":\"https:\/\/dmcsrb.com\/wp-content\/uploads\/2026\/01\/rtcg-1-1.webp\",\"contentUrl\":\"https:\/\/dmcsrb.com\/wp-content\/uploads\/2026\/01\/rtcg-1-1.webp\",\"width\":756,\"height\":385},{\"@type\":\"BreadcrumbList\",\"@id\":\"https:\/\/dmcsrb.com\/en\/drustvo\/sindikalna-organizacija-rtcg-potpisan-i-proslijedjen-vladi-tekst-novog-kolektivnog-ugovora\/#breadcrumb\",\"itemListElement\":[{\"@type\":\"ListItem\",\"position\":1,\"name\":\"Home\",\"item\":\"https:\/\/dmcsrb.com\/\"},{\"@type\":\"ListItem\",\"position\":2,\"name\":\"Sindikalna organizacija RTCG: Potpisan i proslije\u0111en Vladi tekst novog Kolektivnog ugovora\"}]},{\"@type\":\"WebSite\",\"@id\":\"https:\/\/dmcsrb.com\/#website\",\"url\":\"https:\/\/dmcsrb.com\/\",\"name\":\"dmcsrb.com\",\"description\":\"\",\"potentialAction\":[{\"@type\":\"SearchAction\",\"target\":{\"@type\":\"EntryPoint\",\"urlTemplate\":\"https:\/\/dmcsrb.com\/?s={search_term_string}\"},\"query-input\":{\"@type\":\"PropertyValueSpecification\",\"valueRequired\":true,\"valueName\":\"search_term_string\"}}],\"inLanguage\":\"en-GB\"},{\"@type\":\"Person\",\"@id\":\"https:\/\/dmcsrb.com\/#\/schema\/person\/5c39170f12db1b8b457732d0b5c854e2\",\"name\":\"dmcsrbija.com@gmail.com\",\"image\":{\"@type\":\"ImageObject\",\"inLanguage\":\"en-GB\",\"@id\":\"https:\/\/dmcsrb.com\/#\/schema\/person\/image\/\",\"url\":\"https:\/\/secure.gravatar.com\/avatar\/68592660ad6347fad0fb587f8d5d8f1a7b44961362f56e4f2cd524feb87e9069?s=96&d=mm&r=g\",\"contentUrl\":\"https:\/\/secure.gravatar.com\/avatar\/68592660ad6347fad0fb587f8d5d8f1a7b44961362f56e4f2cd524feb87e9069?s=96&d=mm&r=g\",\"caption\":\"dmcsrbija.com@gmail.com\"},\"sameAs\":[\"https:\/\/dmcsrb.com\"],\"url\":\"https:\/\/dmcsrb.com\/en\/author\/dmcsrbija-comgmail-com\/\"}]}<\/script>\n<!-- \/ Yoast SEO plugin. -->","yoast_head_json":{"title":"Sindikalna organizacija RTCG: Potpisan i proslije\u0111en Vladi tekst novog Kolektivnog ugovora - dmcsrb.com","robots":{"index":"index","follow":"follow","max-snippet":"max-snippet:-1","max-image-preview":"max-image-preview:large","max-video-preview":"max-video-preview:-1"},"canonical":"https:\/\/dmcsrb.com\/en\/drustvo\/sindikalna-organizacija-rtcg-potpisan-i-proslijedjen-vladi-tekst-novog-kolektivnog-ugovora\/","og_locale":"en_GB","og_type":"article","og_title":"Sindikalna organizacija RTCG: Potpisan i proslije\u0111en Vladi tekst novog Kolektivnog ugovora - dmcsrb.com","og_description":"Izvr\u0161ni odbor Sindikalne organizacije Javni radio-difuzni servis Radija i Televizije Crne Gore saop\u0161tio je da je potpisan i proslije\u0111en Vladi tekst novog Kolektivnog ugovora.","og_url":"https:\/\/dmcsrb.com\/en\/drustvo\/sindikalna-organizacija-rtcg-potpisan-i-proslijedjen-vladi-tekst-novog-kolektivnog-ugovora\/","og_site_name":"dmcsrb.com","article_published_time":"2025-11-05T08:57:00+00:00","og_image":[{"width":756,"height":385,"url":"https:\/\/dmcsrb.com\/wp-content\/uploads\/2026\/01\/rtcg-1-1.webp","type":"image\/jpeg"}],"author":"dmcsrbija.com@gmail.com","twitter_card":"summary_large_image","twitter_misc":{"Written by":"dmcsrbija.com@gmail.com","Estimated reading time":"2 minutes"},"schema":{"@context":"https:\/\/schema.org","@graph":[{"@type":"Article","@id":"https:\/\/dmcsrb.com\/en\/drustvo\/sindikalna-organizacija-rtcg-potpisan-i-proslijedjen-vladi-tekst-novog-kolektivnog-ugovora\/#article","isPartOf":{"@id":"https:\/\/dmcsrb.com\/en\/drustvo\/sindikalna-organizacija-rtcg-potpisan-i-proslijedjen-vladi-tekst-novog-kolektivnog-ugovora\/"},"author":{"name":"dmcsrbija.com@gmail.com","@id":"https:\/\/dmcsrb.com\/#\/schema\/person\/5c39170f12db1b8b457732d0b5c854e2"},"headline":"Sindikalna organizacija RTCG: Potpisan i proslije\u0111en Vladi tekst novog Kolektivnog ugovora","datePublished":"2025-11-05T08:57:00+00:00","mainEntityOfPage":{"@id":"https:\/\/dmcsrb.com\/en\/drustvo\/sindikalna-organizacija-rtcg-potpisan-i-proslijedjen-vladi-tekst-novog-kolektivnog-ugovora\/"},"wordCount":478,"commentCount":0,"image":{"@id":"https:\/\/dmcsrb.com\/en\/drustvo\/sindikalna-organizacija-rtcg-potpisan-i-proslijedjen-vladi-tekst-novog-kolektivnog-ugovora\/#primaryimage"},"thumbnailUrl":"https:\/\/dmcsrb.com\/wp-content\/uploads\/2026\/01\/rtcg-1-1.webp","keywords":["RTCG","sidnikat"],"articleSection":["Dru\u0161tvo"],"inLanguage":"en-GB","potentialAction":[{"@type":"CommentAction","name":"Comment","target":["https:\/\/dmcsrb.com\/en\/drustvo\/sindikalna-organizacija-rtcg-potpisan-i-proslijedjen-vladi-tekst-novog-kolektivnog-ugovora\/#respond"]}]},{"@type":"WebPage","@id":"https:\/\/dmcsrb.com\/en\/drustvo\/sindikalna-organizacija-rtcg-potpisan-i-proslijedjen-vladi-tekst-novog-kolektivnog-ugovora\/","url":"https:\/\/dmcsrb.com\/en\/drustvo\/sindikalna-organizacija-rtcg-potpisan-i-proslijedjen-vladi-tekst-novog-kolektivnog-ugovora\/","name":"Sindikalna organizacija RTCG: Potpisan i proslije\u0111en Vladi tekst novog Kolektivnog ugovora - dmcsrb.com","isPartOf":{"@id":"https:\/\/dmcsrb.com\/#website"},"primaryImageOfPage":{"@id":"https:\/\/dmcsrb.com\/en\/drustvo\/sindikalna-organizacija-rtcg-potpisan-i-proslijedjen-vladi-tekst-novog-kolektivnog-ugovora\/#primaryimage"},"image":{"@id":"https:\/\/dmcsrb.com\/en\/drustvo\/sindikalna-organizacija-rtcg-potpisan-i-proslijedjen-vladi-tekst-novog-kolektivnog-ugovora\/#primaryimage"},"thumbnailUrl":"https:\/\/dmcsrb.com\/wp-content\/uploads\/2026\/01\/rtcg-1-1.webp","datePublished":"2025-11-05T08:57:00+00:00","author":{"@id":"https:\/\/dmcsrb.com\/#\/schema\/person\/5c39170f12db1b8b457732d0b5c854e2"},"breadcrumb":{"@id":"https:\/\/dmcsrb.com\/en\/drustvo\/sindikalna-organizacija-rtcg-potpisan-i-proslijedjen-vladi-tekst-novog-kolektivnog-ugovora\/#breadcrumb"},"inLanguage":"en-GB","potentialAction":[{"@type":"ReadAction","target":["https:\/\/dmcsrb.com\/en\/drustvo\/sindikalna-organizacija-rtcg-potpisan-i-proslijedjen-vladi-tekst-novog-kolektivnog-ugovora\/"]}]},{"@type":"ImageObject","inLanguage":"en-GB","@id":"https:\/\/dmcsrb.com\/en\/drustvo\/sindikalna-organizacija-rtcg-potpisan-i-proslijedjen-vladi-tekst-novog-kolektivnog-ugovora\/#primaryimage","url":"https:\/\/dmcsrb.com\/wp-content\/uploads\/2026\/01\/rtcg-1-1.webp","contentUrl":"https:\/\/dmcsrb.com\/wp-content\/uploads\/2026\/01\/rtcg-1-1.webp","width":756,"height":385},{"@type":"BreadcrumbList","@id":"https:\/\/dmcsrb.com\/en\/drustvo\/sindikalna-organizacija-rtcg-potpisan-i-proslijedjen-vladi-tekst-novog-kolektivnog-ugovora\/#breadcrumb","itemListElement":[{"@type":"ListItem","position":1,"name":"Home","item":"https:\/\/dmcsrb.com\/"},{"@type":"ListItem","position":2,"name":"Sindikalna organizacija RTCG: Potpisan i proslije\u0111en Vladi tekst novog Kolektivnog ugovora"}]},{"@type":"WebSite","@id":"https:\/\/dmcsrb.com\/#website","url":"https:\/\/dmcsrb.com\/","name":"dmcsrb.com","description":"","potentialAction":[{"@type":"SearchAction","target":{"@type":"EntryPoint","urlTemplate":"https:\/\/dmcsrb.com\/?s={search_term_string}"},"query-input":{"@type":"PropertyValueSpecification","valueRequired":true,"valueName":"search_term_string"}}],"inLanguage":"en-GB"},{"@type":"Person","@id":"https:\/\/dmcsrb.com\/#\/schema\/person\/5c39170f12db1b8b457732d0b5c854e2","name":"dmcsrbija.com@gmail.com","image":{"@type":"ImageObject","inLanguage":"en-GB","@id":"https:\/\/dmcsrb.com\/#\/schema\/person\/image\/","url":"https:\/\/secure.gravatar.com\/avatar\/68592660ad6347fad0fb587f8d5d8f1a7b44961362f56e4f2cd524feb87e9069?s=96&d=mm&r=g","contentUrl":"https:\/\/secure.gravatar.com\/avatar\/68592660ad6347fad0fb587f8d5d8f1a7b44961362f56e4f2cd524feb87e9069?s=96&d=mm&r=g","caption":"dmcsrbija.com@gmail.com"},"sameAs":["https:\/\/dmcsrb.com"],"url":"https:\/\/dmcsrb.com\/en\/author\/dmcsrbija-comgmail-com\/"}]}},"_links":{"self":[{"href":"https:\/\/dmcsrb.com\/en\/wp-json\/wp\/v2\/posts\/962026","targetHints":{"allow":["GET"]}}],"collection":[{"href":"https:\/\/dmcsrb.com\/en\/wp-json\/wp\/v2\/posts"}],"about":[{"href":"https:\/\/dmcsrb.com\/en\/wp-json\/wp\/v2\/types\/post"}],"author":[{"embeddable":true,"href":"https:\/\/dmcsrb.com\/en\/wp-json\/wp\/v2\/users\/1"}],"replies":[{"embeddable":true,"href":"https:\/\/dmcsrb.com\/en\/wp-json\/wp\/v2\/comments?post=962026"}],"version-history":[{"count":0,"href":"https:\/\/dmcsrb.com\/en\/wp-json\/wp\/v2\/posts\/962026\/revisions"}],"wp:featuredmedia":[{"embeddable":true,"href":"https:\/\/dmcsrb.com\/en\/wp-json\/wp\/v2\/media\/962027"}],"wp:attachment":[{"href":"https:\/\/dmcsrb.com\/en\/wp-json\/wp\/v2\/media?parent=962026"}],"wp:term":[{"taxonomy":"category","embeddable":true,"href":"https:\/\/dmcsrb.com\/en\/wp-json\/wp\/v2\/categories?post=962026"},{"taxonomy":"post_tag","embeddable":true,"href":"https:\/\/dmcsrb.com\/en\/wp-json\/wp\/v2\/tags?post=962026"},{"taxonomy":"naslovna","embeddable":true,"href":"https:\/\/dmcsrb.com\/en\/wp-json\/wp\/v2\/naslovna?post=962026"}],"curies":[{"name":"wp","href":"https:\/\/api.w.org\/{rel}","templated":true}]}}