{"id":961950,"date":"2025-11-04T17:20:00","date_gmt":"2025-11-04T16:20:00","guid":{"rendered":"https:\/\/dmcsrb.com\/uncategorized\/mandic-sa-satlerom-izvjestaj-ek-potvrdjuje-da-je-nasa-zemlja-jos-jednom-prepoznata-kao-lider-evropskih-integracija-u-regionu\/"},"modified":"2025-11-04T17:20:00","modified_gmt":"2025-11-04T16:20:00","slug":"mandic-sa-satlerom-izvjestaj-ek-potvrdjuje-da-je-nasa-zemlja-jos-jednom-prepoznata-kao-lider-evropskih-integracija-u-regionu","status":"publish","type":"post","link":"https:\/\/dmcsrb.com\/en\/politika\/mandic-sa-satlerom-izvjestaj-ek-potvrdjuje-da-je-nasa-zemlja-jos-jednom-prepoznata-kao-lider-evropskih-integracija-u-regionu\/","title":{"rendered":"Mandi\u0107 sa Satlerom: Izvje\u0161taj EK potvr\u0111uje da je na\u0161a zemlja jo\u0161 jednom prepoznata kao lider evropskih integracija u regionu"},"content":{"rendered":"<p><\/p>\n\n\n\n<p>Predsjednik Mandi\u0107 poru\u010dio je da Izvje\u0161taj, koji je javno okarakterisan kao najbolji do sada, potvr\u0111uje da je Crna Gora jo\u0161 jednom prepoznata kao lider evropskih integracija u regionu.<\/p>\n\n\n\n<p>\u201cOva ocjena nije samo uspjeh institucija \u2013 to je priznanje svim gra\u0111anima koji vjeruju da je Crna Gora prva naredna \u010dlanica EU i da mo\u017ee sprovesti reforme koje mijenjaju dru\u0161tvo nabolje\u201d, poru\u010dio je Mandi\u0107.<\/p>\n\n\n\n<p>Posebno, ka\u017ee Mandi\u0107, ohrabruje najava izrade Ugovora o pristupanju Evropskoj uniji, \u0161to, kako dodaje, jasno pokazuje da je evropski put Crne Gore u\u0161ao u zavr\u0161nu fazu.<\/p>\n\n\n\n<p>\u201cUvjeren sam da, ako zadr\u017eimo ovakav tempo reformi i politi\u010dkog dijaloga, Crna Gora mo\u017ee postati punopravna \u010dlanica Evropske unije do 2028. godine. Kao Predsjednik Skup\u0161tine, \u017eelim da potvrdim punu posve\u0107enost Parlamenta evropskom putu \u2013 kroz zakonodavnu odgovornost, saradnju sa Vladom i konstruktivan dijalog izme\u0111u svih politi\u010dkih aktera\u201d, kazao je Mandi\u0107.<\/p>\n\n\n\n<p>Crna Gora, poru\u010duje \u0161ef Parlamenta, ide u Evropu uspravno i sa samopouzdanjem, svjesna svoje istorije, vrijednosti i odgovornosti.<\/p>\n\n\n\n<p>\u201cNa\u0161 cilj nije samo \u010dlanstvo u Uniji, ve\u0107 da postanemo dr\u017eava sre\u0107nih, slobodnih, uspje\u0161nih i ponosnih ljudi koji \u017eive evropske vrijednosti u svakodnevnom \u017eivotu\u201d, zaklju\u010dio je predsjednik Mandi\u0107.<\/p>","protected":false},"excerpt":{"rendered":"<p>Predsjednik Skup\u0161tine\u00a0Andrija Mandi\u0107\u00a0sastao se danas sa \u0161efom Delegacije Evropske unije u Crnoj Gori, NJ.E.\u00a0Johanom Satlerom, koji mu je uru\u010dio Izvje\u0161taj Evropske komisije o Crnoj Gori za 2025. godinu.<\/p>","protected":false},"author":1,"featured_media":961951,"comment_status":"open","ping_status":"open","sticky":false,"template":"","format":"standard","meta":{"_acf_changed":false,"footnotes":""},"categories":[12],"tags":[812,10,970],"naslovna":[],"class_list":["post-961950","post","type-post","status-publish","format-standard","has-post-thumbnail","hentry","category-politika","tag-andrija-mandic","tag-eu","tag-johan-satler"],"acf":[],"yoast_head":"<!-- This site is optimized with the Yoast SEO plugin v27.4 - https:\/\/yoast.com\/product\/yoast-seo-wordpress\/ -->\n<title>Mandi\u0107 sa Satlerom: Izvje\u0161taj EK potvr\u0111uje da je na\u0161a zemlja jo\u0161 jednom prepoznata kao lider evropskih integracija u regionu - dmcsrb.com<\/title>\n<meta name=\"robots\" content=\"index, follow, max-snippet:-1, max-image-preview:large, max-video-preview:-1\" \/>\n<link rel=\"canonical\" href=\"https:\/\/dmcsrb.com\/en\/politika\/mandic-sa-satlerom-izvjestaj-ek-potvrdjuje-da-je-nasa-zemlja-jos-jednom-prepoznata-kao-lider-evropskih-integracija-u-regionu\/\" \/>\n<meta property=\"og:locale\" content=\"en_GB\" \/>\n<meta property=\"og:type\" content=\"article\" \/>\n<meta property=\"og:title\" content=\"Mandi\u0107 sa Satlerom: Izvje\u0161taj EK potvr\u0111uje da je na\u0161a zemlja jo\u0161 jednom prepoznata kao lider evropskih integracija u regionu - dmcsrb.com\" \/>\n<meta property=\"og:description\" content=\"Predsjednik Skup\u0161tine\u00a0Andrija Mandi\u0107\u00a0sastao se danas sa \u0161efom Delegacije Evropske unije u Crnoj Gori, NJ.E.\u00a0Johanom Satlerom, koji mu je uru\u010dio Izvje\u0161taj Evropske komisije o Crnoj Gori za 2025. godinu.\" \/>\n<meta property=\"og:url\" content=\"https:\/\/dmcsrb.com\/en\/politika\/mandic-sa-satlerom-izvjestaj-ek-potvrdjuje-da-je-nasa-zemlja-jos-jednom-prepoznata-kao-lider-evropskih-integracija-u-regionu\/\" \/>\n<meta property=\"og:site_name\" content=\"dmcsrb.com\" \/>\n<meta property=\"article:published_time\" content=\"2025-11-04T16:20:00+00:00\" \/>\n<meta property=\"og:image\" content=\"https:\/\/dmcsrb.com\/wp-content\/uploads\/2026\/01\/DSC08956.webp\" \/>\n\t<meta property=\"og:image:width\" content=\"2048\" \/>\n\t<meta property=\"og:image:height\" content=\"1365\" \/>\n\t<meta property=\"og:image:type\" content=\"image\/jpeg\" \/>\n<meta name=\"author\" content=\"dmcsrbija.com@gmail.com\" \/>\n<meta name=\"twitter:card\" content=\"summary_large_image\" \/>\n<meta name=\"twitter:label1\" content=\"Written by\" \/>\n\t<meta name=\"twitter:data1\" content=\"dmcsrbija.com@gmail.com\" \/>\n\t<meta name=\"twitter:label2\" content=\"Estimated reading time\" \/>\n\t<meta name=\"twitter:data2\" content=\"1 minute\" \/>\n<script type=\"application\/ld+json\" class=\"yoast-schema-graph\">{\"@context\":\"https:\\\/\\\/schema.org\",\"@graph\":[{\"@type\":\"Article\",\"@id\":\"https:\\\/\\\/dmcsrb.com\\\/politika\\\/mandic-sa-satlerom-izvjestaj-ek-potvrdjuje-da-je-nasa-zemlja-jos-jednom-prepoznata-kao-lider-evropskih-integracija-u-regionu\\\/#article\",\"isPartOf\":{\"@id\":\"https:\\\/\\\/dmcsrb.com\\\/politika\\\/mandic-sa-satlerom-izvjestaj-ek-potvrdjuje-da-je-nasa-zemlja-jos-jednom-prepoznata-kao-lider-evropskih-integracija-u-regionu\\\/\"},\"author\":{\"name\":\"dmcsrbija.com@gmail.com\",\"@id\":\"https:\\\/\\\/dmcsrb.com\\\/#\\\/schema\\\/person\\\/5c39170f12db1b8b457732d0b5c854e2\"},\"headline\":\"Mandi\u0107 sa Satlerom: Izvje\u0161taj EK potvr\u0111uje da je na\u0161a zemlja jo\u0161 jednom prepoznata kao lider evropskih integracija u regionu\",\"datePublished\":\"2025-11-04T16:20:00+00:00\",\"mainEntityOfPage\":{\"@id\":\"https:\\\/\\\/dmcsrb.com\\\/politika\\\/mandic-sa-satlerom-izvjestaj-ek-potvrdjuje-da-je-nasa-zemlja-jos-jednom-prepoznata-kao-lider-evropskih-integracija-u-regionu\\\/\"},\"wordCount\":225,\"commentCount\":0,\"image\":{\"@id\":\"https:\\\/\\\/dmcsrb.com\\\/politika\\\/mandic-sa-satlerom-izvjestaj-ek-potvrdjuje-da-je-nasa-zemlja-jos-jednom-prepoznata-kao-lider-evropskih-integracija-u-regionu\\\/#primaryimage\"},\"thumbnailUrl\":\"https:\\\/\\\/dmcsrb.com\\\/wp-content\\\/uploads\\\/2026\\\/01\\\/DSC08956.webp\",\"keywords\":[\"andrija mandi\u0107\",\"EU\",\"Johan Satler\"],\"articleSection\":[\"Politika\"],\"inLanguage\":\"en-GB\",\"potentialAction\":[{\"@type\":\"CommentAction\",\"name\":\"Comment\",\"target\":[\"https:\\\/\\\/dmcsrb.com\\\/politika\\\/mandic-sa-satlerom-izvjestaj-ek-potvrdjuje-da-je-nasa-zemlja-jos-jednom-prepoznata-kao-lider-evropskih-integracija-u-regionu\\\/#respond\"]}]},{\"@type\":\"WebPage\",\"@id\":\"https:\\\/\\\/dmcsrb.com\\\/politika\\\/mandic-sa-satlerom-izvjestaj-ek-potvrdjuje-da-je-nasa-zemlja-jos-jednom-prepoznata-kao-lider-evropskih-integracija-u-regionu\\\/\",\"url\":\"https:\\\/\\\/dmcsrb.com\\\/politika\\\/mandic-sa-satlerom-izvjestaj-ek-potvrdjuje-da-je-nasa-zemlja-jos-jednom-prepoznata-kao-lider-evropskih-integracija-u-regionu\\\/\",\"name\":\"Mandi\u0107 sa Satlerom: Izvje\u0161taj EK potvr\u0111uje da je na\u0161a zemlja jo\u0161 jednom prepoznata kao lider evropskih integracija u regionu - dmcsrb.com\",\"isPartOf\":{\"@id\":\"https:\\\/\\\/dmcsrb.com\\\/#website\"},\"primaryImageOfPage\":{\"@id\":\"https:\\\/\\\/dmcsrb.com\\\/politika\\\/mandic-sa-satlerom-izvjestaj-ek-potvrdjuje-da-je-nasa-zemlja-jos-jednom-prepoznata-kao-lider-evropskih-integracija-u-regionu\\\/#primaryimage\"},\"image\":{\"@id\":\"https:\\\/\\\/dmcsrb.com\\\/politika\\\/mandic-sa-satlerom-izvjestaj-ek-potvrdjuje-da-je-nasa-zemlja-jos-jednom-prepoznata-kao-lider-evropskih-integracija-u-regionu\\\/#primaryimage\"},\"thumbnailUrl\":\"https:\\\/\\\/dmcsrb.com\\\/wp-content\\\/uploads\\\/2026\\\/01\\\/DSC08956.webp\",\"datePublished\":\"2025-11-04T16:20:00+00:00\",\"author\":{\"@id\":\"https:\\\/\\\/dmcsrb.com\\\/#\\\/schema\\\/person\\\/5c39170f12db1b8b457732d0b5c854e2\"},\"breadcrumb\":{\"@id\":\"https:\\\/\\\/dmcsrb.com\\\/politika\\\/mandic-sa-satlerom-izvjestaj-ek-potvrdjuje-da-je-nasa-zemlja-jos-jednom-prepoznata-kao-lider-evropskih-integracija-u-regionu\\\/#breadcrumb\"},\"inLanguage\":\"en-GB\",\"potentialAction\":[{\"@type\":\"ReadAction\",\"target\":[\"https:\\\/\\\/dmcsrb.com\\\/politika\\\/mandic-sa-satlerom-izvjestaj-ek-potvrdjuje-da-je-nasa-zemlja-jos-jednom-prepoznata-kao-lider-evropskih-integracija-u-regionu\\\/\"]}]},{\"@type\":\"ImageObject\",\"inLanguage\":\"en-GB\",\"@id\":\"https:\\\/\\\/dmcsrb.com\\\/politika\\\/mandic-sa-satlerom-izvjestaj-ek-potvrdjuje-da-je-nasa-zemlja-jos-jednom-prepoznata-kao-lider-evropskih-integracija-u-regionu\\\/#primaryimage\",\"url\":\"https:\\\/\\\/dmcsrb.com\\\/wp-content\\\/uploads\\\/2026\\\/01\\\/DSC08956.webp\",\"contentUrl\":\"https:\\\/\\\/dmcsrb.com\\\/wp-content\\\/uploads\\\/2026\\\/01\\\/DSC08956.webp\",\"width\":2048,\"height\":1365},{\"@type\":\"BreadcrumbList\",\"@id\":\"https:\\\/\\\/dmcsrb.com\\\/politika\\\/mandic-sa-satlerom-izvjestaj-ek-potvrdjuje-da-je-nasa-zemlja-jos-jednom-prepoznata-kao-lider-evropskih-integracija-u-regionu\\\/#breadcrumb\",\"itemListElement\":[{\"@type\":\"ListItem\",\"position\":1,\"name\":\"Home\",\"item\":\"https:\\\/\\\/dmcsrb.com\\\/\"},{\"@type\":\"ListItem\",\"position\":2,\"name\":\"Mandi\u0107 sa Satlerom: Izvje\u0161taj EK potvr\u0111uje da je na\u0161a zemlja jo\u0161 jednom prepoznata kao lider evropskih integracija u regionu\"}]},{\"@type\":\"WebSite\",\"@id\":\"https:\\\/\\\/dmcsrb.com\\\/#website\",\"url\":\"https:\\\/\\\/dmcsrb.com\\\/\",\"name\":\"dmcsrb.com\",\"description\":\"\",\"potentialAction\":[{\"@type\":\"SearchAction\",\"target\":{\"@type\":\"EntryPoint\",\"urlTemplate\":\"https:\\\/\\\/dmcsrb.com\\\/?s={search_term_string}\"},\"query-input\":{\"@type\":\"PropertyValueSpecification\",\"valueRequired\":true,\"valueName\":\"search_term_string\"}}],\"inLanguage\":\"en-GB\"},{\"@type\":\"Person\",\"@id\":\"https:\\\/\\\/dmcsrb.com\\\/#\\\/schema\\\/person\\\/5c39170f12db1b8b457732d0b5c854e2\",\"name\":\"dmcsrbija.com@gmail.com\",\"image\":{\"@type\":\"ImageObject\",\"inLanguage\":\"en-GB\",\"@id\":\"https:\\\/\\\/secure.gravatar.com\\\/avatar\\\/68592660ad6347fad0fb587f8d5d8f1a7b44961362f56e4f2cd524feb87e9069?s=96&d=mm&r=g\",\"url\":\"https:\\\/\\\/secure.gravatar.com\\\/avatar\\\/68592660ad6347fad0fb587f8d5d8f1a7b44961362f56e4f2cd524feb87e9069?s=96&d=mm&r=g\",\"contentUrl\":\"https:\\\/\\\/secure.gravatar.com\\\/avatar\\\/68592660ad6347fad0fb587f8d5d8f1a7b44961362f56e4f2cd524feb87e9069?s=96&d=mm&r=g\",\"caption\":\"dmcsrbija.com@gmail.com\"},\"sameAs\":[\"https:\\\/\\\/dmcsrb.com\"],\"url\":\"https:\\\/\\\/dmcsrb.com\\\/en\\\/author\\\/dmcsrbija-comgmail-com\\\/\"}]}<\/script>\n<!-- \/ Yoast SEO plugin. -->","yoast_head_json":{"title":"Mandi\u0107 sa Satlerom: Izvje\u0161taj EK potvr\u0111uje da je na\u0161a zemlja jo\u0161 jednom prepoznata kao lider evropskih integracija u regionu - dmcsrb.com","robots":{"index":"index","follow":"follow","max-snippet":"max-snippet:-1","max-image-preview":"max-image-preview:large","max-video-preview":"max-video-preview:-1"},"canonical":"https:\/\/dmcsrb.com\/en\/politika\/mandic-sa-satlerom-izvjestaj-ek-potvrdjuje-da-je-nasa-zemlja-jos-jednom-prepoznata-kao-lider-evropskih-integracija-u-regionu\/","og_locale":"en_GB","og_type":"article","og_title":"Mandi\u0107 sa Satlerom: Izvje\u0161taj EK potvr\u0111uje da je na\u0161a zemlja jo\u0161 jednom prepoznata kao lider evropskih integracija u regionu - dmcsrb.com","og_description":"Predsjednik Skup\u0161tine\u00a0Andrija Mandi\u0107\u00a0sastao se danas sa \u0161efom Delegacije Evropske unije u Crnoj Gori, NJ.E.\u00a0Johanom Satlerom, koji mu je uru\u010dio Izvje\u0161taj Evropske komisije o Crnoj Gori za 2025. godinu.","og_url":"https:\/\/dmcsrb.com\/en\/politika\/mandic-sa-satlerom-izvjestaj-ek-potvrdjuje-da-je-nasa-zemlja-jos-jednom-prepoznata-kao-lider-evropskih-integracija-u-regionu\/","og_site_name":"dmcsrb.com","article_published_time":"2025-11-04T16:20:00+00:00","og_image":[{"width":2048,"height":1365,"url":"https:\/\/dmcsrb.com\/wp-content\/uploads\/2026\/01\/DSC08956.webp","type":"image\/jpeg"}],"author":"dmcsrbija.com@gmail.com","twitter_card":"summary_large_image","twitter_misc":{"Written by":"dmcsrbija.com@gmail.com","Estimated reading time":"1 minute"},"schema":{"@context":"https:\/\/schema.org","@graph":[{"@type":"Article","@id":"https:\/\/dmcsrb.com\/politika\/mandic-sa-satlerom-izvjestaj-ek-potvrdjuje-da-je-nasa-zemlja-jos-jednom-prepoznata-kao-lider-evropskih-integracija-u-regionu\/#article","isPartOf":{"@id":"https:\/\/dmcsrb.com\/politika\/mandic-sa-satlerom-izvjestaj-ek-potvrdjuje-da-je-nasa-zemlja-jos-jednom-prepoznata-kao-lider-evropskih-integracija-u-regionu\/"},"author":{"name":"dmcsrbija.com@gmail.com","@id":"https:\/\/dmcsrb.com\/#\/schema\/person\/5c39170f12db1b8b457732d0b5c854e2"},"headline":"Mandi\u0107 sa Satlerom: Izvje\u0161taj EK potvr\u0111uje da je na\u0161a zemlja jo\u0161 jednom prepoznata kao lider evropskih integracija u regionu","datePublished":"2025-11-04T16:20:00+00:00","mainEntityOfPage":{"@id":"https:\/\/dmcsrb.com\/politika\/mandic-sa-satlerom-izvjestaj-ek-potvrdjuje-da-je-nasa-zemlja-jos-jednom-prepoznata-kao-lider-evropskih-integracija-u-regionu\/"},"wordCount":225,"commentCount":0,"image":{"@id":"https:\/\/dmcsrb.com\/politika\/mandic-sa-satlerom-izvjestaj-ek-potvrdjuje-da-je-nasa-zemlja-jos-jednom-prepoznata-kao-lider-evropskih-integracija-u-regionu\/#primaryimage"},"thumbnailUrl":"https:\/\/dmcsrb.com\/wp-content\/uploads\/2026\/01\/DSC08956.webp","keywords":["andrija mandi\u0107","EU","Johan Satler"],"articleSection":["Politika"],"inLanguage":"en-GB","potentialAction":[{"@type":"CommentAction","name":"Comment","target":["https:\/\/dmcsrb.com\/politika\/mandic-sa-satlerom-izvjestaj-ek-potvrdjuje-da-je-nasa-zemlja-jos-jednom-prepoznata-kao-lider-evropskih-integracija-u-regionu\/#respond"]}]},{"@type":"WebPage","@id":"https:\/\/dmcsrb.com\/politika\/mandic-sa-satlerom-izvjestaj-ek-potvrdjuje-da-je-nasa-zemlja-jos-jednom-prepoznata-kao-lider-evropskih-integracija-u-regionu\/","url":"https:\/\/dmcsrb.com\/politika\/mandic-sa-satlerom-izvjestaj-ek-potvrdjuje-da-je-nasa-zemlja-jos-jednom-prepoznata-kao-lider-evropskih-integracija-u-regionu\/","name":"Mandi\u0107 sa Satlerom: Izvje\u0161taj EK potvr\u0111uje da je na\u0161a zemlja jo\u0161 jednom prepoznata kao lider evropskih integracija u regionu - dmcsrb.com","isPartOf":{"@id":"https:\/\/dmcsrb.com\/#website"},"primaryImageOfPage":{"@id":"https:\/\/dmcsrb.com\/politika\/mandic-sa-satlerom-izvjestaj-ek-potvrdjuje-da-je-nasa-zemlja-jos-jednom-prepoznata-kao-lider-evropskih-integracija-u-regionu\/#primaryimage"},"image":{"@id":"https:\/\/dmcsrb.com\/politika\/mandic-sa-satlerom-izvjestaj-ek-potvrdjuje-da-je-nasa-zemlja-jos-jednom-prepoznata-kao-lider-evropskih-integracija-u-regionu\/#primaryimage"},"thumbnailUrl":"https:\/\/dmcsrb.com\/wp-content\/uploads\/2026\/01\/DSC08956.webp","datePublished":"2025-11-04T16:20:00+00:00","author":{"@id":"https:\/\/dmcsrb.com\/#\/schema\/person\/5c39170f12db1b8b457732d0b5c854e2"},"breadcrumb":{"@id":"https:\/\/dmcsrb.com\/politika\/mandic-sa-satlerom-izvjestaj-ek-potvrdjuje-da-je-nasa-zemlja-jos-jednom-prepoznata-kao-lider-evropskih-integracija-u-regionu\/#breadcrumb"},"inLanguage":"en-GB","potentialAction":[{"@type":"ReadAction","target":["https:\/\/dmcsrb.com\/politika\/mandic-sa-satlerom-izvjestaj-ek-potvrdjuje-da-je-nasa-zemlja-jos-jednom-prepoznata-kao-lider-evropskih-integracija-u-regionu\/"]}]},{"@type":"ImageObject","inLanguage":"en-GB","@id":"https:\/\/dmcsrb.com\/politika\/mandic-sa-satlerom-izvjestaj-ek-potvrdjuje-da-je-nasa-zemlja-jos-jednom-prepoznata-kao-lider-evropskih-integracija-u-regionu\/#primaryimage","url":"https:\/\/dmcsrb.com\/wp-content\/uploads\/2026\/01\/DSC08956.webp","contentUrl":"https:\/\/dmcsrb.com\/wp-content\/uploads\/2026\/01\/DSC08956.webp","width":2048,"height":1365},{"@type":"BreadcrumbList","@id":"https:\/\/dmcsrb.com\/politika\/mandic-sa-satlerom-izvjestaj-ek-potvrdjuje-da-je-nasa-zemlja-jos-jednom-prepoznata-kao-lider-evropskih-integracija-u-regionu\/#breadcrumb","itemListElement":[{"@type":"ListItem","position":1,"name":"Home","item":"https:\/\/dmcsrb.com\/"},{"@type":"ListItem","position":2,"name":"Mandi\u0107 sa Satlerom: Izvje\u0161taj EK potvr\u0111uje da je na\u0161a zemlja jo\u0161 jednom prepoznata kao lider evropskih integracija u regionu"}]},{"@type":"WebSite","@id":"https:\/\/dmcsrb.com\/#website","url":"https:\/\/dmcsrb.com\/","name":"dmcsrb.com","description":"","potentialAction":[{"@type":"SearchAction","target":{"@type":"EntryPoint","urlTemplate":"https:\/\/dmcsrb.com\/?s={search_term_string}"},"query-input":{"@type":"PropertyValueSpecification","valueRequired":true,"valueName":"search_term_string"}}],"inLanguage":"en-GB"},{"@type":"Person","@id":"https:\/\/dmcsrb.com\/#\/schema\/person\/5c39170f12db1b8b457732d0b5c854e2","name":"dmcsrbija.com@gmail.com","image":{"@type":"ImageObject","inLanguage":"en-GB","@id":"https:\/\/secure.gravatar.com\/avatar\/68592660ad6347fad0fb587f8d5d8f1a7b44961362f56e4f2cd524feb87e9069?s=96&d=mm&r=g","url":"https:\/\/secure.gravatar.com\/avatar\/68592660ad6347fad0fb587f8d5d8f1a7b44961362f56e4f2cd524feb87e9069?s=96&d=mm&r=g","contentUrl":"https:\/\/secure.gravatar.com\/avatar\/68592660ad6347fad0fb587f8d5d8f1a7b44961362f56e4f2cd524feb87e9069?s=96&d=mm&r=g","caption":"dmcsrbija.com@gmail.com"},"sameAs":["https:\/\/dmcsrb.com"],"url":"https:\/\/dmcsrb.com\/en\/author\/dmcsrbija-comgmail-com\/"}]}},"_links":{"self":[{"href":"https:\/\/dmcsrb.com\/en\/wp-json\/wp\/v2\/posts\/961950","targetHints":{"allow":["GET"]}}],"collection":[{"href":"https:\/\/dmcsrb.com\/en\/wp-json\/wp\/v2\/posts"}],"about":[{"href":"https:\/\/dmcsrb.com\/en\/wp-json\/wp\/v2\/types\/post"}],"author":[{"embeddable":true,"href":"https:\/\/dmcsrb.com\/en\/wp-json\/wp\/v2\/users\/1"}],"replies":[{"embeddable":true,"href":"https:\/\/dmcsrb.com\/en\/wp-json\/wp\/v2\/comments?post=961950"}],"version-history":[{"count":0,"href":"https:\/\/dmcsrb.com\/en\/wp-json\/wp\/v2\/posts\/961950\/revisions"}],"wp:featuredmedia":[{"embeddable":true,"href":"https:\/\/dmcsrb.com\/en\/wp-json\/wp\/v2\/media\/961951"}],"wp:attachment":[{"href":"https:\/\/dmcsrb.com\/en\/wp-json\/wp\/v2\/media?parent=961950"}],"wp:term":[{"taxonomy":"category","embeddable":true,"href":"https:\/\/dmcsrb.com\/en\/wp-json\/wp\/v2\/categories?post=961950"},{"taxonomy":"post_tag","embeddable":true,"href":"https:\/\/dmcsrb.com\/en\/wp-json\/wp\/v2\/tags?post=961950"},{"taxonomy":"naslovna","embeddable":true,"href":"https:\/\/dmcsrb.com\/en\/wp-json\/wp\/v2\/naslovna?post=961950"}],"curies":[{"name":"wp","href":"https:\/\/api.w.org\/{rel}","templated":true}]}}