{"id":961938,"date":"2025-11-04T19:56:00","date_gmt":"2025-11-04T18:56:00","guid":{"rendered":"https:\/\/dmcsrb.com\/uncategorized\/svedska-uvodi-zatvor-za-13-godisnjake\/"},"modified":"2025-11-04T19:56:00","modified_gmt":"2025-11-04T18:56:00","slug":"svedska-uvodi-zatvor-za-13-godisnjake","status":"publish","type":"post","link":"https:\/\/dmcsrb.com\/en\/svijet\/svedska-uvodi-zatvor-za-13-godisnjake\/","title":{"rendered":"\u0160vedska uvodi zatvor za 13-godi\u0161njake"},"content":{"rendered":"<p>Premijer \u0160vedske <strong>Ulf Kristersson<\/strong> najavio je u septembru planove po kojima bi se za najte\u017ea krivi\u010dna djela, uklju\u010duju\u0107i ubistvo i te\u0161ko izazivanje eksplozije, granica krivi\u010dne odgovornosti spustila s 15 na 13 godina, prenose tamo\u0161nji mediji.<\/p>\n\n\n\n<p>Reforma zakona odgovor je na porast smrtonosnog nasilja me\u0111u bandama. Policija tvrdi da kriminalne mre\u017ee za kori\u0161\u0107enje i prenos oru\u017eja sve \u010de\u0161\u0107e regrutuju djecu, jer mla\u0111i od 15 godina ne mogu biti krivi\u010dno gonjeni.<\/p>\n\n\n\n<p>Vlada u Stokholmu ranije je najavila osnivanje posebnih odjeljenja za pritvor u \u0161vedskim zatvorima za maloljetnike od 15 do 17 godina. Prema novom predlogu, plan se pro\u0161iruje i na jedinice za zatvaranje mladih u dobi od 13 do 14 godina. Prema Ministarstvu pravosu\u0111a \u0160vedske, maloljetni prestupnici mogli bi se po\u010deti slati u te pritvorske ustanove ve\u0107 sljede\u0107eg ljeta. Vlada tvrdi da \u0107e promjena zatvoriti pravnu rupu koju bande zloupotrebljavaju. Me\u0111utim, pravni stru\u010dnjaci, organizacije za prava djece i socijalni radnici upozoravaju da sni\u017eavanje granice ne\u0107e smanjiti kriminal te da mo\u017ee ugroziti proces rehabilitacije.<\/p>\n\n\n\n<p>Minimalna granica za krivi\u010dnu odgovornost u Europi znatno varira. Zemlje s granicom ispod 14 godina su Irska (od 10 godina, zavisno od prekr\u0161aja), Holandija  (od 12 godina), Belgija i Ma\u0111arska (od 12 godina,) te Francuska (od 13 godina, zovisno oa prekr\u0161aja). Najvi\u0161a granica je u Portugalu i Luksemburgu, gdje mladi postaju krivi\u010dno odgovorni tek s 16 godina. U Hrvatskoj je ta granica na 14 godina.<\/p>","protected":false},"excerpt":{"rendered":"<p>Nova reforma izaziva burne reakcije u Evropi<\/p>","protected":false},"author":1,"featured_media":961939,"comment_status":"open","ping_status":"open","sticky":false,"template":"","format":"standard","meta":{"_acf_changed":false,"footnotes":""},"categories":[144],"tags":[2479,7523,2823],"naslovna":[],"class_list":["post-961938","post","type-post","status-publish","format-standard","has-post-thumbnail","hentry","category-svijet","tag-kazne","tag-maloljetnici","tag-svedska-2"],"acf":[],"yoast_head":"<!-- This site is optimized with the Yoast SEO plugin v27.4 - https:\/\/yoast.com\/product\/yoast-seo-wordpress\/ -->\n<title>\u0160vedska uvodi zatvor za 13-godi\u0161njake - dmcsrb.com<\/title>\n<meta name=\"robots\" content=\"index, follow, max-snippet:-1, max-image-preview:large, max-video-preview:-1\" \/>\n<link rel=\"canonical\" href=\"https:\/\/dmcsrb.com\/en\/svijet\/svedska-uvodi-zatvor-za-13-godisnjake\/\" \/>\n<meta property=\"og:locale\" content=\"en_GB\" \/>\n<meta property=\"og:type\" content=\"article\" \/>\n<meta property=\"og:title\" content=\"\u0160vedska uvodi zatvor za 13-godi\u0161njake - dmcsrb.com\" \/>\n<meta property=\"og:description\" content=\"Nova reforma izaziva burne reakcije u Evropi\" \/>\n<meta property=\"og:url\" content=\"https:\/\/dmcsrb.com\/en\/svijet\/svedska-uvodi-zatvor-za-13-godisnjake\/\" \/>\n<meta property=\"og:site_name\" content=\"dmcsrb.com\" \/>\n<meta property=\"article:published_time\" content=\"2025-11-04T18:56:00+00:00\" \/>\n<meta property=\"og:image\" content=\"https:\/\/dmcsrb.com\/wp-content\/uploads\/2026\/01\/Policija-Svedska.webp\" \/>\n\t<meta property=\"og:image:width\" content=\"1280\" \/>\n\t<meta property=\"og:image:height\" content=\"670\" \/>\n\t<meta property=\"og:image:type\" content=\"image\/jpeg\" \/>\n<meta name=\"author\" content=\"dmcsrbija.com@gmail.com\" \/>\n<meta name=\"twitter:card\" content=\"summary_large_image\" \/>\n<meta name=\"twitter:label1\" content=\"Written by\" \/>\n\t<meta name=\"twitter:data1\" content=\"dmcsrbija.com@gmail.com\" \/>\n\t<meta name=\"twitter:label2\" content=\"Estimated reading time\" \/>\n\t<meta name=\"twitter:data2\" content=\"1 minute\" \/>\n<script type=\"application\/ld+json\" class=\"yoast-schema-graph\">{\"@context\":\"https:\\\/\\\/schema.org\",\"@graph\":[{\"@type\":\"Article\",\"@id\":\"https:\\\/\\\/dmcsrb.com\\\/en\\\/svijet\\\/svedska-uvodi-zatvor-za-13-godisnjake\\\/#article\",\"isPartOf\":{\"@id\":\"https:\\\/\\\/dmcsrb.com\\\/en\\\/svijet\\\/svedska-uvodi-zatvor-za-13-godisnjake\\\/\"},\"author\":{\"name\":\"dmcsrbija.com@gmail.com\",\"@id\":\"https:\\\/\\\/dmcsrb.com\\\/#\\\/schema\\\/person\\\/5c39170f12db1b8b457732d0b5c854e2\"},\"headline\":\"\u0160vedska uvodi zatvor za 13-godi\u0161njake\",\"datePublished\":\"2025-11-04T18:56:00+00:00\",\"mainEntityOfPage\":{\"@id\":\"https:\\\/\\\/dmcsrb.com\\\/en\\\/svijet\\\/svedska-uvodi-zatvor-za-13-godisnjake\\\/\"},\"wordCount\":247,\"commentCount\":0,\"image\":{\"@id\":\"https:\\\/\\\/dmcsrb.com\\\/en\\\/svijet\\\/svedska-uvodi-zatvor-za-13-godisnjake\\\/#primaryimage\"},\"thumbnailUrl\":\"https:\\\/\\\/dmcsrb.com\\\/wp-content\\\/uploads\\\/2026\\\/01\\\/Policija-Svedska.webp\",\"keywords\":[\"kazne\",\"Maloljetnici\",\"\u0160vedska\"],\"articleSection\":[\"Svijet\"],\"inLanguage\":\"en-GB\",\"potentialAction\":[{\"@type\":\"CommentAction\",\"name\":\"Comment\",\"target\":[\"https:\\\/\\\/dmcsrb.com\\\/en\\\/svijet\\\/svedska-uvodi-zatvor-za-13-godisnjake\\\/#respond\"]}]},{\"@type\":\"WebPage\",\"@id\":\"https:\\\/\\\/dmcsrb.com\\\/en\\\/svijet\\\/svedska-uvodi-zatvor-za-13-godisnjake\\\/\",\"url\":\"https:\\\/\\\/dmcsrb.com\\\/en\\\/svijet\\\/svedska-uvodi-zatvor-za-13-godisnjake\\\/\",\"name\":\"\u0160vedska uvodi zatvor za 13-godi\u0161njake - dmcsrb.com\",\"isPartOf\":{\"@id\":\"https:\\\/\\\/dmcsrb.com\\\/#website\"},\"primaryImageOfPage\":{\"@id\":\"https:\\\/\\\/dmcsrb.com\\\/en\\\/svijet\\\/svedska-uvodi-zatvor-za-13-godisnjake\\\/#primaryimage\"},\"image\":{\"@id\":\"https:\\\/\\\/dmcsrb.com\\\/en\\\/svijet\\\/svedska-uvodi-zatvor-za-13-godisnjake\\\/#primaryimage\"},\"thumbnailUrl\":\"https:\\\/\\\/dmcsrb.com\\\/wp-content\\\/uploads\\\/2026\\\/01\\\/Policija-Svedska.webp\",\"datePublished\":\"2025-11-04T18:56:00+00:00\",\"author\":{\"@id\":\"https:\\\/\\\/dmcsrb.com\\\/#\\\/schema\\\/person\\\/5c39170f12db1b8b457732d0b5c854e2\"},\"breadcrumb\":{\"@id\":\"https:\\\/\\\/dmcsrb.com\\\/en\\\/svijet\\\/svedska-uvodi-zatvor-za-13-godisnjake\\\/#breadcrumb\"},\"inLanguage\":\"en-GB\",\"potentialAction\":[{\"@type\":\"ReadAction\",\"target\":[\"https:\\\/\\\/dmcsrb.com\\\/en\\\/svijet\\\/svedska-uvodi-zatvor-za-13-godisnjake\\\/\"]}]},{\"@type\":\"ImageObject\",\"inLanguage\":\"en-GB\",\"@id\":\"https:\\\/\\\/dmcsrb.com\\\/en\\\/svijet\\\/svedska-uvodi-zatvor-za-13-godisnjake\\\/#primaryimage\",\"url\":\"https:\\\/\\\/dmcsrb.com\\\/wp-content\\\/uploads\\\/2026\\\/01\\\/Policija-Svedska.webp\",\"contentUrl\":\"https:\\\/\\\/dmcsrb.com\\\/wp-content\\\/uploads\\\/2026\\\/01\\\/Policija-Svedska.webp\",\"width\":1280,\"height\":670},{\"@type\":\"BreadcrumbList\",\"@id\":\"https:\\\/\\\/dmcsrb.com\\\/en\\\/svijet\\\/svedska-uvodi-zatvor-za-13-godisnjake\\\/#breadcrumb\",\"itemListElement\":[{\"@type\":\"ListItem\",\"position\":1,\"name\":\"Home\",\"item\":\"https:\\\/\\\/dmcsrb.com\\\/\"},{\"@type\":\"ListItem\",\"position\":2,\"name\":\"\u0160vedska uvodi zatvor za 13-godi\u0161njake\"}]},{\"@type\":\"WebSite\",\"@id\":\"https:\\\/\\\/dmcsrb.com\\\/#website\",\"url\":\"https:\\\/\\\/dmcsrb.com\\\/\",\"name\":\"dmcsrb.com\",\"description\":\"\",\"potentialAction\":[{\"@type\":\"SearchAction\",\"target\":{\"@type\":\"EntryPoint\",\"urlTemplate\":\"https:\\\/\\\/dmcsrb.com\\\/?s={search_term_string}\"},\"query-input\":{\"@type\":\"PropertyValueSpecification\",\"valueRequired\":true,\"valueName\":\"search_term_string\"}}],\"inLanguage\":\"en-GB\"},{\"@type\":\"Person\",\"@id\":\"https:\\\/\\\/dmcsrb.com\\\/#\\\/schema\\\/person\\\/5c39170f12db1b8b457732d0b5c854e2\",\"name\":\"dmcsrbija.com@gmail.com\",\"image\":{\"@type\":\"ImageObject\",\"inLanguage\":\"en-GB\",\"@id\":\"https:\\\/\\\/secure.gravatar.com\\\/avatar\\\/68592660ad6347fad0fb587f8d5d8f1a7b44961362f56e4f2cd524feb87e9069?s=96&d=mm&r=g\",\"url\":\"https:\\\/\\\/secure.gravatar.com\\\/avatar\\\/68592660ad6347fad0fb587f8d5d8f1a7b44961362f56e4f2cd524feb87e9069?s=96&d=mm&r=g\",\"contentUrl\":\"https:\\\/\\\/secure.gravatar.com\\\/avatar\\\/68592660ad6347fad0fb587f8d5d8f1a7b44961362f56e4f2cd524feb87e9069?s=96&d=mm&r=g\",\"caption\":\"dmcsrbija.com@gmail.com\"},\"sameAs\":[\"https:\\\/\\\/dmcsrb.com\"],\"url\":\"https:\\\/\\\/dmcsrb.com\\\/en\\\/author\\\/dmcsrbija-comgmail-com\\\/\"}]}<\/script>\n<!-- \/ Yoast SEO plugin. -->","yoast_head_json":{"title":"\u0160vedska uvodi zatvor za 13-godi\u0161njake - dmcsrb.com","robots":{"index":"index","follow":"follow","max-snippet":"max-snippet:-1","max-image-preview":"max-image-preview:large","max-video-preview":"max-video-preview:-1"},"canonical":"https:\/\/dmcsrb.com\/en\/svijet\/svedska-uvodi-zatvor-za-13-godisnjake\/","og_locale":"en_GB","og_type":"article","og_title":"\u0160vedska uvodi zatvor za 13-godi\u0161njake - dmcsrb.com","og_description":"Nova reforma izaziva burne reakcije u Evropi","og_url":"https:\/\/dmcsrb.com\/en\/svijet\/svedska-uvodi-zatvor-za-13-godisnjake\/","og_site_name":"dmcsrb.com","article_published_time":"2025-11-04T18:56:00+00:00","og_image":[{"width":1280,"height":670,"url":"https:\/\/dmcsrb.com\/wp-content\/uploads\/2026\/01\/Policija-Svedska.webp","type":"image\/jpeg"}],"author":"dmcsrbija.com@gmail.com","twitter_card":"summary_large_image","twitter_misc":{"Written by":"dmcsrbija.com@gmail.com","Estimated reading time":"1 minute"},"schema":{"@context":"https:\/\/schema.org","@graph":[{"@type":"Article","@id":"https:\/\/dmcsrb.com\/en\/svijet\/svedska-uvodi-zatvor-za-13-godisnjake\/#article","isPartOf":{"@id":"https:\/\/dmcsrb.com\/en\/svijet\/svedska-uvodi-zatvor-za-13-godisnjake\/"},"author":{"name":"dmcsrbija.com@gmail.com","@id":"https:\/\/dmcsrb.com\/#\/schema\/person\/5c39170f12db1b8b457732d0b5c854e2"},"headline":"\u0160vedska uvodi zatvor za 13-godi\u0161njake","datePublished":"2025-11-04T18:56:00+00:00","mainEntityOfPage":{"@id":"https:\/\/dmcsrb.com\/en\/svijet\/svedska-uvodi-zatvor-za-13-godisnjake\/"},"wordCount":247,"commentCount":0,"image":{"@id":"https:\/\/dmcsrb.com\/en\/svijet\/svedska-uvodi-zatvor-za-13-godisnjake\/#primaryimage"},"thumbnailUrl":"https:\/\/dmcsrb.com\/wp-content\/uploads\/2026\/01\/Policija-Svedska.webp","keywords":["kazne","Maloljetnici","\u0160vedska"],"articleSection":["Svijet"],"inLanguage":"en-GB","potentialAction":[{"@type":"CommentAction","name":"Comment","target":["https:\/\/dmcsrb.com\/en\/svijet\/svedska-uvodi-zatvor-za-13-godisnjake\/#respond"]}]},{"@type":"WebPage","@id":"https:\/\/dmcsrb.com\/en\/svijet\/svedska-uvodi-zatvor-za-13-godisnjake\/","url":"https:\/\/dmcsrb.com\/en\/svijet\/svedska-uvodi-zatvor-za-13-godisnjake\/","name":"\u0160vedska uvodi zatvor za 13-godi\u0161njake - dmcsrb.com","isPartOf":{"@id":"https:\/\/dmcsrb.com\/#website"},"primaryImageOfPage":{"@id":"https:\/\/dmcsrb.com\/en\/svijet\/svedska-uvodi-zatvor-za-13-godisnjake\/#primaryimage"},"image":{"@id":"https:\/\/dmcsrb.com\/en\/svijet\/svedska-uvodi-zatvor-za-13-godisnjake\/#primaryimage"},"thumbnailUrl":"https:\/\/dmcsrb.com\/wp-content\/uploads\/2026\/01\/Policija-Svedska.webp","datePublished":"2025-11-04T18:56:00+00:00","author":{"@id":"https:\/\/dmcsrb.com\/#\/schema\/person\/5c39170f12db1b8b457732d0b5c854e2"},"breadcrumb":{"@id":"https:\/\/dmcsrb.com\/en\/svijet\/svedska-uvodi-zatvor-za-13-godisnjake\/#breadcrumb"},"inLanguage":"en-GB","potentialAction":[{"@type":"ReadAction","target":["https:\/\/dmcsrb.com\/en\/svijet\/svedska-uvodi-zatvor-za-13-godisnjake\/"]}]},{"@type":"ImageObject","inLanguage":"en-GB","@id":"https:\/\/dmcsrb.com\/en\/svijet\/svedska-uvodi-zatvor-za-13-godisnjake\/#primaryimage","url":"https:\/\/dmcsrb.com\/wp-content\/uploads\/2026\/01\/Policija-Svedska.webp","contentUrl":"https:\/\/dmcsrb.com\/wp-content\/uploads\/2026\/01\/Policija-Svedska.webp","width":1280,"height":670},{"@type":"BreadcrumbList","@id":"https:\/\/dmcsrb.com\/en\/svijet\/svedska-uvodi-zatvor-za-13-godisnjake\/#breadcrumb","itemListElement":[{"@type":"ListItem","position":1,"name":"Home","item":"https:\/\/dmcsrb.com\/"},{"@type":"ListItem","position":2,"name":"\u0160vedska uvodi zatvor za 13-godi\u0161njake"}]},{"@type":"WebSite","@id":"https:\/\/dmcsrb.com\/#website","url":"https:\/\/dmcsrb.com\/","name":"dmcsrb.com","description":"","potentialAction":[{"@type":"SearchAction","target":{"@type":"EntryPoint","urlTemplate":"https:\/\/dmcsrb.com\/?s={search_term_string}"},"query-input":{"@type":"PropertyValueSpecification","valueRequired":true,"valueName":"search_term_string"}}],"inLanguage":"en-GB"},{"@type":"Person","@id":"https:\/\/dmcsrb.com\/#\/schema\/person\/5c39170f12db1b8b457732d0b5c854e2","name":"dmcsrbija.com@gmail.com","image":{"@type":"ImageObject","inLanguage":"en-GB","@id":"https:\/\/secure.gravatar.com\/avatar\/68592660ad6347fad0fb587f8d5d8f1a7b44961362f56e4f2cd524feb87e9069?s=96&d=mm&r=g","url":"https:\/\/secure.gravatar.com\/avatar\/68592660ad6347fad0fb587f8d5d8f1a7b44961362f56e4f2cd524feb87e9069?s=96&d=mm&r=g","contentUrl":"https:\/\/secure.gravatar.com\/avatar\/68592660ad6347fad0fb587f8d5d8f1a7b44961362f56e4f2cd524feb87e9069?s=96&d=mm&r=g","caption":"dmcsrbija.com@gmail.com"},"sameAs":["https:\/\/dmcsrb.com"],"url":"https:\/\/dmcsrb.com\/en\/author\/dmcsrbija-comgmail-com\/"}]}},"_links":{"self":[{"href":"https:\/\/dmcsrb.com\/en\/wp-json\/wp\/v2\/posts\/961938","targetHints":{"allow":["GET"]}}],"collection":[{"href":"https:\/\/dmcsrb.com\/en\/wp-json\/wp\/v2\/posts"}],"about":[{"href":"https:\/\/dmcsrb.com\/en\/wp-json\/wp\/v2\/types\/post"}],"author":[{"embeddable":true,"href":"https:\/\/dmcsrb.com\/en\/wp-json\/wp\/v2\/users\/1"}],"replies":[{"embeddable":true,"href":"https:\/\/dmcsrb.com\/en\/wp-json\/wp\/v2\/comments?post=961938"}],"version-history":[{"count":0,"href":"https:\/\/dmcsrb.com\/en\/wp-json\/wp\/v2\/posts\/961938\/revisions"}],"wp:featuredmedia":[{"embeddable":true,"href":"https:\/\/dmcsrb.com\/en\/wp-json\/wp\/v2\/media\/961939"}],"wp:attachment":[{"href":"https:\/\/dmcsrb.com\/en\/wp-json\/wp\/v2\/media?parent=961938"}],"wp:term":[{"taxonomy":"category","embeddable":true,"href":"https:\/\/dmcsrb.com\/en\/wp-json\/wp\/v2\/categories?post=961938"},{"taxonomy":"post_tag","embeddable":true,"href":"https:\/\/dmcsrb.com\/en\/wp-json\/wp\/v2\/tags?post=961938"},{"taxonomy":"naslovna","embeddable":true,"href":"https:\/\/dmcsrb.com\/en\/wp-json\/wp\/v2\/naslovna?post=961938"}],"curies":[{"name":"wp","href":"https:\/\/api.w.org\/{rel}","templated":true}]}}