{"id":961934,"date":"2025-11-04T16:12:21","date_gmt":"2025-11-04T15:12:21","guid":{"rendered":"https:\/\/dmcsrb.com\/uncategorized\/vukicevic-zeljeznica-ostaje-strateski-prioritet\/"},"modified":"2025-11-04T16:12:21","modified_gmt":"2025-11-04T15:12:21","slug":"vukicevic-zeljeznica-ostaje-strateski-prioritet","status":"publish","type":"post","link":"https:\/\/dmcsrb.com\/en\/ekonomija\/vukicevic-zeljeznica-ostaje-strateski-prioritet\/","title":{"rendered":"Vuki\u0107evi\u0107: \u017deljeznica ostaje strate\u0161ki prioritet"},"content":{"rendered":"<p><\/p>\n\n\n\n<p>\u201eVlada nije ispo\u0161tovala ono na \u0161ta se obavezala usvajanjem Nacionalnog programa ulaganja u \u017eeljezni\u010dku infrastrukturu. Program je usvojen u junu, prije rekonstrukcije Vlade, kada smo utvrdili bud\u017eet, ali su nedostajala sredstva na koja se sama Vlada obavezala. Poku\u0161ala sam da objasnim kolegama \u0161ta sve to mo\u017ee da proizvede \u2013 i, na\u017ealost, bila sam u pravu\u201c, kazala je Vuki\u0107evi\u0107.<\/p>\n\n\n\n<p>Ona je naglasila da \u017eeljeznica ostaje strate\u0161ki prioritet dr\u017eave, ne samo zbog svojih ekolo\u0161kih i ekonomskih prednosti, ve\u0107 i zbog zna\u010daja koji ima u povezivanju Crne Gore sa regionom i tr\u017ei\u0161tem Evropske unije.<\/p>\n\n\n\n<p>\u201eU fazi pripreme je veliki projekat rekonstrukcije dionice Bar\u2013Golubovci, procijenjene vrijednosti oko 220 miliona eura, koji \u0107e zna\u010dajno unaprijediti propusnu mo\u0107 i bezbjednost saobra\u0107aja na ju\u017enom dijelu pruge, naro\u010dito prema Luci Bar. Paralelno se priprema projekat modernizacije depoa i radionica za odr\u017eavanje \u017eeljezni\u010dkih voznih sredstava, ukupne vrijednosti 80 miliona eura\u201c, navela je ministarka.<\/p>\n\n\n\n<p>Poslanik DPS-a Nikola Rako\u010devi\u0107 ocijenio je da je Vlada time \u0161to nije obezbijedila sredstva za modernizaciju \u017eeljezni\u010dke infrastrukture pokazala da nema jasnu razvojnu viziju.<\/p>\n\n\n\n<p>\u201eAko Vlada ne razumije potrebu sna\u017eenja ekonomije kroz ja\u010danje \u017eeljezni\u010dke infrastrukture, onda smo mi proma\u0161ili temu \u2013 ili Vladu\u201c, poru\u010dio je Rako\u010devi\u0107.<\/p>","protected":false},"excerpt":{"rendered":"<p>Ministarka saobra\u0107aja\u00a0Maja Vuki\u0107evi\u0107\u00a0saop\u0161tila je u Skup\u0161tini da pro\u0161le godine nije bila zadovoljna bud\u017eetom koji je bio opredijeljen za \u017deljeznicu Crne Gore. Odgovaraju\u0107i na pitanje poslanika Demokratske partije socijalista (DPS)\u00a0Nikole Rako\u010devi\u0107a, ona je istakla da Vlada nije ispo\u0161tovala obaveze koje je sama preuzela usvajanjem Nacionalnog programa ulaganja u \u017eeljezni\u010dku infrastrukturu.<\/p>","protected":false},"author":1,"featured_media":961935,"comment_status":"open","ping_status":"open","sticky":false,"template":"","format":"standard","meta":{"_acf_changed":false,"footnotes":""},"categories":[27],"tags":[1898,3081,3820],"naslovna":[],"class_list":["post-961934","post","type-post","status-publish","format-standard","has-post-thumbnail","hentry","category-ekonomija","tag-maja-vukicevic","tag-ministarstvo-saobracaja","tag-zpcg"],"acf":[],"yoast_head":"<!-- This site is optimized with the Yoast SEO plugin v27.0 - https:\/\/yoast.com\/product\/yoast-seo-wordpress\/ -->\n<title>Vuki\u0107evi\u0107: \u017deljeznica ostaje strate\u0161ki prioritet - dmcsrb.com<\/title>\n<meta name=\"robots\" content=\"index, follow, max-snippet:-1, max-image-preview:large, max-video-preview:-1\" \/>\n<link rel=\"canonical\" href=\"https:\/\/dmcsrb.com\/en\/ekonomija\/vukicevic-zeljeznica-ostaje-strateski-prioritet\/\" \/>\n<meta property=\"og:locale\" content=\"en_GB\" \/>\n<meta property=\"og:type\" content=\"article\" \/>\n<meta property=\"og:title\" content=\"Vuki\u0107evi\u0107: \u017deljeznica ostaje strate\u0161ki prioritet - dmcsrb.com\" \/>\n<meta property=\"og:description\" content=\"Ministarka saobra\u0107aja\u00a0Maja Vuki\u0107evi\u0107\u00a0saop\u0161tila je u Skup\u0161tini da pro\u0161le godine nije bila zadovoljna bud\u017eetom koji je bio opredijeljen za \u017deljeznicu Crne Gore. Odgovaraju\u0107i na pitanje poslanika Demokratske partije socijalista (DPS)\u00a0Nikole Rako\u010devi\u0107a, ona je istakla da Vlada nije ispo\u0161tovala obaveze koje je sama preuzela usvajanjem Nacionalnog programa ulaganja u \u017eeljezni\u010dku infrastrukturu.\" \/>\n<meta property=\"og:url\" content=\"https:\/\/dmcsrb.com\/en\/ekonomija\/vukicevic-zeljeznica-ostaje-strateski-prioritet\/\" \/>\n<meta property=\"og:site_name\" content=\"dmcsrb.com\" \/>\n<meta property=\"article:published_time\" content=\"2025-11-04T15:12:21+00:00\" \/>\n<meta property=\"og:image\" content=\"https:\/\/dmcsrb.com\/wp-content\/uploads\/2026\/01\/Maja-VukicevicYT.webp\" \/>\n\t<meta property=\"og:image:width\" content=\"1181\" \/>\n\t<meta property=\"og:image:height\" content=\"605\" \/>\n\t<meta property=\"og:image:type\" content=\"image\/jpeg\" \/>\n<meta name=\"author\" content=\"dmcsrbija.com@gmail.com\" \/>\n<meta name=\"twitter:card\" content=\"summary_large_image\" \/>\n<meta name=\"twitter:label1\" content=\"Written by\" \/>\n\t<meta name=\"twitter:data1\" content=\"dmcsrbija.com@gmail.com\" \/>\n\t<meta name=\"twitter:label2\" content=\"Estimated reading time\" \/>\n\t<meta name=\"twitter:data2\" content=\"1 minute\" \/>\n<script type=\"application\/ld+json\" class=\"yoast-schema-graph\">{\"@context\":\"https:\/\/schema.org\",\"@graph\":[{\"@type\":\"Article\",\"@id\":\"https:\/\/dmcsrb.com\/en\/ekonomija\/vukicevic-zeljeznica-ostaje-strateski-prioritet\/#article\",\"isPartOf\":{\"@id\":\"https:\/\/dmcsrb.com\/en\/ekonomija\/vukicevic-zeljeznica-ostaje-strateski-prioritet\/\"},\"author\":{\"name\":\"dmcsrbija.com@gmail.com\",\"@id\":\"https:\/\/dmcsrb.com\/#\/schema\/person\/5c39170f12db1b8b457732d0b5c854e2\"},\"headline\":\"Vuki\u0107evi\u0107: \u017deljeznica ostaje strate\u0161ki prioritet\",\"datePublished\":\"2025-11-04T15:12:21+00:00\",\"mainEntityOfPage\":{\"@id\":\"https:\/\/dmcsrb.com\/en\/ekonomija\/vukicevic-zeljeznica-ostaje-strateski-prioritet\/\"},\"wordCount\":221,\"commentCount\":0,\"image\":{\"@id\":\"https:\/\/dmcsrb.com\/en\/ekonomija\/vukicevic-zeljeznica-ostaje-strateski-prioritet\/#primaryimage\"},\"thumbnailUrl\":\"https:\/\/dmcsrb.com\/wp-content\/uploads\/2026\/01\/Maja-VukicevicYT.webp\",\"keywords\":[\"maja vuki\u0107evi\u0107\",\"Ministarstvo saobra\u0107aja\",\"\u017dPCG\"],\"articleSection\":[\"Ekonomija\"],\"inLanguage\":\"en-GB\",\"potentialAction\":[{\"@type\":\"CommentAction\",\"name\":\"Comment\",\"target\":[\"https:\/\/dmcsrb.com\/en\/ekonomija\/vukicevic-zeljeznica-ostaje-strateski-prioritet\/#respond\"]}]},{\"@type\":\"WebPage\",\"@id\":\"https:\/\/dmcsrb.com\/en\/ekonomija\/vukicevic-zeljeznica-ostaje-strateski-prioritet\/\",\"url\":\"https:\/\/dmcsrb.com\/en\/ekonomija\/vukicevic-zeljeznica-ostaje-strateski-prioritet\/\",\"name\":\"Vuki\u0107evi\u0107: \u017deljeznica ostaje strate\u0161ki prioritet - dmcsrb.com\",\"isPartOf\":{\"@id\":\"https:\/\/dmcsrb.com\/#website\"},\"primaryImageOfPage\":{\"@id\":\"https:\/\/dmcsrb.com\/en\/ekonomija\/vukicevic-zeljeznica-ostaje-strateski-prioritet\/#primaryimage\"},\"image\":{\"@id\":\"https:\/\/dmcsrb.com\/en\/ekonomija\/vukicevic-zeljeznica-ostaje-strateski-prioritet\/#primaryimage\"},\"thumbnailUrl\":\"https:\/\/dmcsrb.com\/wp-content\/uploads\/2026\/01\/Maja-VukicevicYT.webp\",\"datePublished\":\"2025-11-04T15:12:21+00:00\",\"author\":{\"@id\":\"https:\/\/dmcsrb.com\/#\/schema\/person\/5c39170f12db1b8b457732d0b5c854e2\"},\"breadcrumb\":{\"@id\":\"https:\/\/dmcsrb.com\/en\/ekonomija\/vukicevic-zeljeznica-ostaje-strateski-prioritet\/#breadcrumb\"},\"inLanguage\":\"en-GB\",\"potentialAction\":[{\"@type\":\"ReadAction\",\"target\":[\"https:\/\/dmcsrb.com\/en\/ekonomija\/vukicevic-zeljeznica-ostaje-strateski-prioritet\/\"]}]},{\"@type\":\"ImageObject\",\"inLanguage\":\"en-GB\",\"@id\":\"https:\/\/dmcsrb.com\/en\/ekonomija\/vukicevic-zeljeznica-ostaje-strateski-prioritet\/#primaryimage\",\"url\":\"https:\/\/dmcsrb.com\/wp-content\/uploads\/2026\/01\/Maja-VukicevicYT.webp\",\"contentUrl\":\"https:\/\/dmcsrb.com\/wp-content\/uploads\/2026\/01\/Maja-VukicevicYT.webp\",\"width\":1181,\"height\":605},{\"@type\":\"BreadcrumbList\",\"@id\":\"https:\/\/dmcsrb.com\/en\/ekonomija\/vukicevic-zeljeznica-ostaje-strateski-prioritet\/#breadcrumb\",\"itemListElement\":[{\"@type\":\"ListItem\",\"position\":1,\"name\":\"Home\",\"item\":\"https:\/\/dmcsrb.com\/\"},{\"@type\":\"ListItem\",\"position\":2,\"name\":\"Vuki\u0107evi\u0107: \u017deljeznica ostaje strate\u0161ki prioritet\"}]},{\"@type\":\"WebSite\",\"@id\":\"https:\/\/dmcsrb.com\/#website\",\"url\":\"https:\/\/dmcsrb.com\/\",\"name\":\"dmcsrb.com\",\"description\":\"\",\"potentialAction\":[{\"@type\":\"SearchAction\",\"target\":{\"@type\":\"EntryPoint\",\"urlTemplate\":\"https:\/\/dmcsrb.com\/?s={search_term_string}\"},\"query-input\":{\"@type\":\"PropertyValueSpecification\",\"valueRequired\":true,\"valueName\":\"search_term_string\"}}],\"inLanguage\":\"en-GB\"},{\"@type\":\"Person\",\"@id\":\"https:\/\/dmcsrb.com\/#\/schema\/person\/5c39170f12db1b8b457732d0b5c854e2\",\"name\":\"dmcsrbija.com@gmail.com\",\"image\":{\"@type\":\"ImageObject\",\"inLanguage\":\"en-GB\",\"@id\":\"https:\/\/dmcsrb.com\/#\/schema\/person\/image\/\",\"url\":\"https:\/\/secure.gravatar.com\/avatar\/68592660ad6347fad0fb587f8d5d8f1a7b44961362f56e4f2cd524feb87e9069?s=96&d=mm&r=g\",\"contentUrl\":\"https:\/\/secure.gravatar.com\/avatar\/68592660ad6347fad0fb587f8d5d8f1a7b44961362f56e4f2cd524feb87e9069?s=96&d=mm&r=g\",\"caption\":\"dmcsrbija.com@gmail.com\"},\"sameAs\":[\"https:\/\/dmcsrb.com\"],\"url\":\"https:\/\/dmcsrb.com\/en\/author\/dmcsrbija-comgmail-com\/\"}]}<\/script>\n<!-- \/ Yoast SEO plugin. -->","yoast_head_json":{"title":"Vuki\u0107evi\u0107: \u017deljeznica ostaje strate\u0161ki prioritet - dmcsrb.com","robots":{"index":"index","follow":"follow","max-snippet":"max-snippet:-1","max-image-preview":"max-image-preview:large","max-video-preview":"max-video-preview:-1"},"canonical":"https:\/\/dmcsrb.com\/en\/ekonomija\/vukicevic-zeljeznica-ostaje-strateski-prioritet\/","og_locale":"en_GB","og_type":"article","og_title":"Vuki\u0107evi\u0107: \u017deljeznica ostaje strate\u0161ki prioritet - dmcsrb.com","og_description":"Ministarka saobra\u0107aja\u00a0Maja Vuki\u0107evi\u0107\u00a0saop\u0161tila je u Skup\u0161tini da pro\u0161le godine nije bila zadovoljna bud\u017eetom koji je bio opredijeljen za \u017deljeznicu Crne Gore. Odgovaraju\u0107i na pitanje poslanika Demokratske partije socijalista (DPS)\u00a0Nikole Rako\u010devi\u0107a, ona je istakla da Vlada nije ispo\u0161tovala obaveze koje je sama preuzela usvajanjem Nacionalnog programa ulaganja u \u017eeljezni\u010dku infrastrukturu.","og_url":"https:\/\/dmcsrb.com\/en\/ekonomija\/vukicevic-zeljeznica-ostaje-strateski-prioritet\/","og_site_name":"dmcsrb.com","article_published_time":"2025-11-04T15:12:21+00:00","og_image":[{"width":1181,"height":605,"url":"https:\/\/dmcsrb.com\/wp-content\/uploads\/2026\/01\/Maja-VukicevicYT.webp","type":"image\/jpeg"}],"author":"dmcsrbija.com@gmail.com","twitter_card":"summary_large_image","twitter_misc":{"Written by":"dmcsrbija.com@gmail.com","Estimated reading time":"1 minute"},"schema":{"@context":"https:\/\/schema.org","@graph":[{"@type":"Article","@id":"https:\/\/dmcsrb.com\/en\/ekonomija\/vukicevic-zeljeznica-ostaje-strateski-prioritet\/#article","isPartOf":{"@id":"https:\/\/dmcsrb.com\/en\/ekonomija\/vukicevic-zeljeznica-ostaje-strateski-prioritet\/"},"author":{"name":"dmcsrbija.com@gmail.com","@id":"https:\/\/dmcsrb.com\/#\/schema\/person\/5c39170f12db1b8b457732d0b5c854e2"},"headline":"Vuki\u0107evi\u0107: \u017deljeznica ostaje strate\u0161ki prioritet","datePublished":"2025-11-04T15:12:21+00:00","mainEntityOfPage":{"@id":"https:\/\/dmcsrb.com\/en\/ekonomija\/vukicevic-zeljeznica-ostaje-strateski-prioritet\/"},"wordCount":221,"commentCount":0,"image":{"@id":"https:\/\/dmcsrb.com\/en\/ekonomija\/vukicevic-zeljeznica-ostaje-strateski-prioritet\/#primaryimage"},"thumbnailUrl":"https:\/\/dmcsrb.com\/wp-content\/uploads\/2026\/01\/Maja-VukicevicYT.webp","keywords":["maja vuki\u0107evi\u0107","Ministarstvo saobra\u0107aja","\u017dPCG"],"articleSection":["Ekonomija"],"inLanguage":"en-GB","potentialAction":[{"@type":"CommentAction","name":"Comment","target":["https:\/\/dmcsrb.com\/en\/ekonomija\/vukicevic-zeljeznica-ostaje-strateski-prioritet\/#respond"]}]},{"@type":"WebPage","@id":"https:\/\/dmcsrb.com\/en\/ekonomija\/vukicevic-zeljeznica-ostaje-strateski-prioritet\/","url":"https:\/\/dmcsrb.com\/en\/ekonomija\/vukicevic-zeljeznica-ostaje-strateski-prioritet\/","name":"Vuki\u0107evi\u0107: \u017deljeznica ostaje strate\u0161ki prioritet - dmcsrb.com","isPartOf":{"@id":"https:\/\/dmcsrb.com\/#website"},"primaryImageOfPage":{"@id":"https:\/\/dmcsrb.com\/en\/ekonomija\/vukicevic-zeljeznica-ostaje-strateski-prioritet\/#primaryimage"},"image":{"@id":"https:\/\/dmcsrb.com\/en\/ekonomija\/vukicevic-zeljeznica-ostaje-strateski-prioritet\/#primaryimage"},"thumbnailUrl":"https:\/\/dmcsrb.com\/wp-content\/uploads\/2026\/01\/Maja-VukicevicYT.webp","datePublished":"2025-11-04T15:12:21+00:00","author":{"@id":"https:\/\/dmcsrb.com\/#\/schema\/person\/5c39170f12db1b8b457732d0b5c854e2"},"breadcrumb":{"@id":"https:\/\/dmcsrb.com\/en\/ekonomija\/vukicevic-zeljeznica-ostaje-strateski-prioritet\/#breadcrumb"},"inLanguage":"en-GB","potentialAction":[{"@type":"ReadAction","target":["https:\/\/dmcsrb.com\/en\/ekonomija\/vukicevic-zeljeznica-ostaje-strateski-prioritet\/"]}]},{"@type":"ImageObject","inLanguage":"en-GB","@id":"https:\/\/dmcsrb.com\/en\/ekonomija\/vukicevic-zeljeznica-ostaje-strateski-prioritet\/#primaryimage","url":"https:\/\/dmcsrb.com\/wp-content\/uploads\/2026\/01\/Maja-VukicevicYT.webp","contentUrl":"https:\/\/dmcsrb.com\/wp-content\/uploads\/2026\/01\/Maja-VukicevicYT.webp","width":1181,"height":605},{"@type":"BreadcrumbList","@id":"https:\/\/dmcsrb.com\/en\/ekonomija\/vukicevic-zeljeznica-ostaje-strateski-prioritet\/#breadcrumb","itemListElement":[{"@type":"ListItem","position":1,"name":"Home","item":"https:\/\/dmcsrb.com\/"},{"@type":"ListItem","position":2,"name":"Vuki\u0107evi\u0107: \u017deljeznica ostaje strate\u0161ki prioritet"}]},{"@type":"WebSite","@id":"https:\/\/dmcsrb.com\/#website","url":"https:\/\/dmcsrb.com\/","name":"dmcsrb.com","description":"","potentialAction":[{"@type":"SearchAction","target":{"@type":"EntryPoint","urlTemplate":"https:\/\/dmcsrb.com\/?s={search_term_string}"},"query-input":{"@type":"PropertyValueSpecification","valueRequired":true,"valueName":"search_term_string"}}],"inLanguage":"en-GB"},{"@type":"Person","@id":"https:\/\/dmcsrb.com\/#\/schema\/person\/5c39170f12db1b8b457732d0b5c854e2","name":"dmcsrbija.com@gmail.com","image":{"@type":"ImageObject","inLanguage":"en-GB","@id":"https:\/\/dmcsrb.com\/#\/schema\/person\/image\/","url":"https:\/\/secure.gravatar.com\/avatar\/68592660ad6347fad0fb587f8d5d8f1a7b44961362f56e4f2cd524feb87e9069?s=96&d=mm&r=g","contentUrl":"https:\/\/secure.gravatar.com\/avatar\/68592660ad6347fad0fb587f8d5d8f1a7b44961362f56e4f2cd524feb87e9069?s=96&d=mm&r=g","caption":"dmcsrbija.com@gmail.com"},"sameAs":["https:\/\/dmcsrb.com"],"url":"https:\/\/dmcsrb.com\/en\/author\/dmcsrbija-comgmail-com\/"}]}},"_links":{"self":[{"href":"https:\/\/dmcsrb.com\/en\/wp-json\/wp\/v2\/posts\/961934","targetHints":{"allow":["GET"]}}],"collection":[{"href":"https:\/\/dmcsrb.com\/en\/wp-json\/wp\/v2\/posts"}],"about":[{"href":"https:\/\/dmcsrb.com\/en\/wp-json\/wp\/v2\/types\/post"}],"author":[{"embeddable":true,"href":"https:\/\/dmcsrb.com\/en\/wp-json\/wp\/v2\/users\/1"}],"replies":[{"embeddable":true,"href":"https:\/\/dmcsrb.com\/en\/wp-json\/wp\/v2\/comments?post=961934"}],"version-history":[{"count":0,"href":"https:\/\/dmcsrb.com\/en\/wp-json\/wp\/v2\/posts\/961934\/revisions"}],"wp:featuredmedia":[{"embeddable":true,"href":"https:\/\/dmcsrb.com\/en\/wp-json\/wp\/v2\/media\/961935"}],"wp:attachment":[{"href":"https:\/\/dmcsrb.com\/en\/wp-json\/wp\/v2\/media?parent=961934"}],"wp:term":[{"taxonomy":"category","embeddable":true,"href":"https:\/\/dmcsrb.com\/en\/wp-json\/wp\/v2\/categories?post=961934"},{"taxonomy":"post_tag","embeddable":true,"href":"https:\/\/dmcsrb.com\/en\/wp-json\/wp\/v2\/tags?post=961934"},{"taxonomy":"naslovna","embeddable":true,"href":"https:\/\/dmcsrb.com\/en\/wp-json\/wp\/v2\/naslovna?post=961934"}],"curies":[{"name":"wp","href":"https:\/\/api.w.org\/{rel}","templated":true}]}}