{"id":961916,"date":"2025-11-04T15:19:00","date_gmt":"2025-11-04T14:19:00","guid":{"rendered":"https:\/\/dmcsrb.com\/uncategorized\/milatovic-u-dohi-vrijeme-je-za-pravedan-i-odgovoran-razvoj\/"},"modified":"2025-11-04T15:19:00","modified_gmt":"2025-11-04T14:19:00","slug":"milatovic-u-dohi-vrijeme-je-za-pravedan-i-odgovoran-razvoj","status":"publish","type":"post","link":"https:\/\/dmcsrb.com\/en\/politika\/milatovic-u-dohi-vrijeme-je-za-pravedan-i-odgovoran-razvoj\/","title":{"rendered":"Milatovi\u0107 u Dohi: Vrijeme je za pravedan i odgovoran razvoj"},"content":{"rendered":"<p><\/p>\n\n\n\n<p>U obra\u0107anju na plenarnoj sjednici, predsjednik Milatovi\u0107 je poru\u010dio da je istinski dru\u0161tveni razvoj mogu\u0107 samo ako po\u010diva na iskorjenjivanju siroma\u0161tva, socijalnoj inkluziji i dostojanstvenom radu, naglasiv\u0161i da to moraju biti temeljne vrijednosti na kojima Crna Gora gradi svoju budu\u0107nost.<\/p>\n\n\n\n<p>\u201eOdr\u017eivi razvoj nije samo ekonomski cilj \u2013 to je moralni izbor. Vjerujemo da dostojanstvo i jednake \u0161anse ne proizilaze iz privilegija, ve\u0107 iz rada, znanja i odgovornosti\u201c, kazao je predsjednik Milatovi\u0107.<\/p>\n\n\n\n<p>Predsjednik je podsjetio da je Crna Gora podr\u017eala Politi\u010dku deklaraciju iz Dohe, kojom se potvr\u0111uje zajedni\u010dka posve\u0107enost pravednijem i inkluzivnijem dru\u0161tvenom razvoju.<\/p>\n\n\n\n<p>Govore\u0107i o reformama u zemlji, istakao je napredak u pobolj\u0161anju \u017eivotnog standarda gra\u0111ana, rastu minimalnih zarada i penzija, ja\u010danju radnih prava i uvo\u0111enju socijalnih podsticaja, kako bi se osiguralo da ekonomski razvoj bude pravedan i da stigne do svakog pojedinca.<\/p>\n\n\n\n<p>\u201eDanas svako dijete u Crnoj Gori ima dje\u010diji dodatak i besplatne ud\u017ebenike \u2013 to su konkretni koraci koji zna\u010de ve\u0107u socijalnu sigurnost i jednakost \u0161ansi\u201c, poru\u010dio je predsjednik.<\/p>\n\n\n\n<p>Istakao je da se nejednakosti mogu smanjivati samo kroz saradnju dr\u017eave, me\u0111unarodnih partnera i privatnog sektora.<\/p>\n\n\n\n<p>\u201eVe\u0107 drugu godinu u saradnju sa privredom i Crvenim krstom sprovodimo inicijativu \u010diji je cilj podr\u0161ka socijalno ugro\u017eenim porodicama. Zajedno pokazujemo da solidarnost nije parola \u2013 ve\u0107 djelo\u201c, kazao je Milatovi\u0107.<\/p>\n\n\n\n<p>On je podsjetio na zna\u010daj demografske politike i u tom kontekstu podsjetio i na inicijativu uspostavljanja obveznice za dijasporu kao na\u010dina da na\u0161i ljudi u inostranstvu direktno ula\u017eu u razvojne projekte u Crnoj Gori, ja\u010daju\u0107i ekonomiju i vezu sa domovinom.<\/p>\n\n\n\n<p>Istakao je da, iako je Crna Gora svjesna brojnih izazova \u2013 odlaska mladih i stru\u010dnjaka nastavi\u0107emo da se sa njima suo\u010davamo grade\u0107i prrtnerstva sa Ujedinjenim nacijama i me\u0111unarodnim organizacijama, kako bi ostvarili Ciljeve odr\u017eivog razvoja do 2030. godine.<\/p>\n\n\n\n<p>\u201eNa\u0161 cilj je jasan \u2013 Crna Gora mora da bude zemlja koja ne stoji, ve\u0107 ide naprijed. Dru\u0161tvo koje vjeruje u rad, znanje i po\u0161tenje. To je na\u0161a odgovornost prema budu\u0107im generacijama i prema svijetu kojem pripadamo\u201c, zaklju\u010dio je predsjednik Milatovi\u0107.<\/p>","protected":false},"excerpt":{"rendered":"<p>Predsjednik Crne Gore Jakov Milatovi\u0107 u\u010destvuje na Drugom svjetskom samitu Ujedinjenih nacija o dru\u0161tvenom razvoju, koji se odr\u017eava u Dohi, pod pokroviteljstvom Emira Dr\u017eave Katar, \u0161eika Tamima bin Hamada Al-Tanija.<\/p>","protected":false},"author":1,"featured_media":961917,"comment_status":"open","ping_status":"open","sticky":false,"template":"","format":"standard","meta":{"_acf_changed":false,"footnotes":""},"categories":[12],"tags":[3050,90],"naslovna":[],"class_list":["post-961916","post","type-post","status-publish","format-standard","has-post-thumbnail","hentry","category-politika","tag-doha","tag-jakov-milatovic"],"acf":[],"yoast_head":"<!-- This site is optimized with the Yoast SEO plugin v27.4 - https:\/\/yoast.com\/product\/yoast-seo-wordpress\/ -->\n<title>Milatovi\u0107 u Dohi: Vrijeme je za pravedan i odgovoran razvoj - dmcsrb.com<\/title>\n<meta name=\"robots\" content=\"index, follow, max-snippet:-1, max-image-preview:large, max-video-preview:-1\" \/>\n<link rel=\"canonical\" href=\"https:\/\/dmcsrb.com\/en\/politika\/milatovic-u-dohi-vrijeme-je-za-pravedan-i-odgovoran-razvoj\/\" \/>\n<meta property=\"og:locale\" content=\"en_GB\" \/>\n<meta property=\"og:type\" content=\"article\" \/>\n<meta property=\"og:title\" content=\"Milatovi\u0107 u Dohi: Vrijeme je za pravedan i odgovoran razvoj - dmcsrb.com\" \/>\n<meta property=\"og:description\" content=\"Predsjednik Crne Gore Jakov Milatovi\u0107 u\u010destvuje na Drugom svjetskom samitu Ujedinjenih nacija o dru\u0161tvenom razvoju, koji se odr\u017eava u Dohi, pod pokroviteljstvom Emira Dr\u017eave Katar, \u0161eika Tamima bin Hamada Al-Tanija.\" \/>\n<meta property=\"og:url\" content=\"https:\/\/dmcsrb.com\/en\/politika\/milatovic-u-dohi-vrijeme-je-za-pravedan-i-odgovoran-razvoj\/\" \/>\n<meta property=\"og:site_name\" content=\"dmcsrb.com\" \/>\n<meta property=\"article:published_time\" content=\"2025-11-04T14:19:00+00:00\" \/>\n<meta property=\"og:image\" content=\"https:\/\/dmcsrb.com\/wp-content\/uploads\/2026\/01\/Milatovic-u-Dohi-foto-predsjednik-cg.webp\" \/>\n\t<meta property=\"og:image:width\" content=\"1152\" \/>\n\t<meta property=\"og:image:height\" content=\"750\" \/>\n\t<meta property=\"og:image:type\" content=\"image\/jpeg\" \/>\n<meta name=\"author\" content=\"dmcsrbija.com@gmail.com\" \/>\n<meta name=\"twitter:card\" content=\"summary_large_image\" \/>\n<meta name=\"twitter:label1\" content=\"Written by\" \/>\n\t<meta name=\"twitter:data1\" content=\"dmcsrbija.com@gmail.com\" \/>\n\t<meta name=\"twitter:label2\" content=\"Estimated reading time\" \/>\n\t<meta name=\"twitter:data2\" content=\"2 minutes\" \/>\n<script type=\"application\/ld+json\" class=\"yoast-schema-graph\">{\"@context\":\"https:\\\/\\\/schema.org\",\"@graph\":[{\"@type\":\"Article\",\"@id\":\"https:\\\/\\\/dmcsrb.com\\\/politika\\\/milatovic-u-dohi-vrijeme-je-za-pravedan-i-odgovoran-razvoj\\\/#article\",\"isPartOf\":{\"@id\":\"https:\\\/\\\/dmcsrb.com\\\/politika\\\/milatovic-u-dohi-vrijeme-je-za-pravedan-i-odgovoran-razvoj\\\/\"},\"author\":{\"name\":\"dmcsrbija.com@gmail.com\",\"@id\":\"https:\\\/\\\/dmcsrb.com\\\/#\\\/schema\\\/person\\\/5c39170f12db1b8b457732d0b5c854e2\"},\"headline\":\"Milatovi\u0107 u Dohi: Vrijeme je za pravedan i odgovoran razvoj\",\"datePublished\":\"2025-11-04T14:19:00+00:00\",\"mainEntityOfPage\":{\"@id\":\"https:\\\/\\\/dmcsrb.com\\\/politika\\\/milatovic-u-dohi-vrijeme-je-za-pravedan-i-odgovoran-razvoj\\\/\"},\"wordCount\":376,\"commentCount\":0,\"image\":{\"@id\":\"https:\\\/\\\/dmcsrb.com\\\/politika\\\/milatovic-u-dohi-vrijeme-je-za-pravedan-i-odgovoran-razvoj\\\/#primaryimage\"},\"thumbnailUrl\":\"https:\\\/\\\/dmcsrb.com\\\/wp-content\\\/uploads\\\/2026\\\/01\\\/Milatovic-u-Dohi-foto-predsjednik-cg.webp\",\"keywords\":[\"Doha\",\"Jakov Milatovi\u0107\"],\"articleSection\":[\"Politika\"],\"inLanguage\":\"en-GB\",\"potentialAction\":[{\"@type\":\"CommentAction\",\"name\":\"Comment\",\"target\":[\"https:\\\/\\\/dmcsrb.com\\\/politika\\\/milatovic-u-dohi-vrijeme-je-za-pravedan-i-odgovoran-razvoj\\\/#respond\"]}]},{\"@type\":\"WebPage\",\"@id\":\"https:\\\/\\\/dmcsrb.com\\\/politika\\\/milatovic-u-dohi-vrijeme-je-za-pravedan-i-odgovoran-razvoj\\\/\",\"url\":\"https:\\\/\\\/dmcsrb.com\\\/politika\\\/milatovic-u-dohi-vrijeme-je-za-pravedan-i-odgovoran-razvoj\\\/\",\"name\":\"Milatovi\u0107 u Dohi: Vrijeme je za pravedan i odgovoran razvoj - dmcsrb.com\",\"isPartOf\":{\"@id\":\"https:\\\/\\\/dmcsrb.com\\\/#website\"},\"primaryImageOfPage\":{\"@id\":\"https:\\\/\\\/dmcsrb.com\\\/politika\\\/milatovic-u-dohi-vrijeme-je-za-pravedan-i-odgovoran-razvoj\\\/#primaryimage\"},\"image\":{\"@id\":\"https:\\\/\\\/dmcsrb.com\\\/politika\\\/milatovic-u-dohi-vrijeme-je-za-pravedan-i-odgovoran-razvoj\\\/#primaryimage\"},\"thumbnailUrl\":\"https:\\\/\\\/dmcsrb.com\\\/wp-content\\\/uploads\\\/2026\\\/01\\\/Milatovic-u-Dohi-foto-predsjednik-cg.webp\",\"datePublished\":\"2025-11-04T14:19:00+00:00\",\"author\":{\"@id\":\"https:\\\/\\\/dmcsrb.com\\\/#\\\/schema\\\/person\\\/5c39170f12db1b8b457732d0b5c854e2\"},\"breadcrumb\":{\"@id\":\"https:\\\/\\\/dmcsrb.com\\\/politika\\\/milatovic-u-dohi-vrijeme-je-za-pravedan-i-odgovoran-razvoj\\\/#breadcrumb\"},\"inLanguage\":\"en-GB\",\"potentialAction\":[{\"@type\":\"ReadAction\",\"target\":[\"https:\\\/\\\/dmcsrb.com\\\/politika\\\/milatovic-u-dohi-vrijeme-je-za-pravedan-i-odgovoran-razvoj\\\/\"]}]},{\"@type\":\"ImageObject\",\"inLanguage\":\"en-GB\",\"@id\":\"https:\\\/\\\/dmcsrb.com\\\/politika\\\/milatovic-u-dohi-vrijeme-je-za-pravedan-i-odgovoran-razvoj\\\/#primaryimage\",\"url\":\"https:\\\/\\\/dmcsrb.com\\\/wp-content\\\/uploads\\\/2026\\\/01\\\/Milatovic-u-Dohi-foto-predsjednik-cg.webp\",\"contentUrl\":\"https:\\\/\\\/dmcsrb.com\\\/wp-content\\\/uploads\\\/2026\\\/01\\\/Milatovic-u-Dohi-foto-predsjednik-cg.webp\",\"width\":1152,\"height\":750},{\"@type\":\"BreadcrumbList\",\"@id\":\"https:\\\/\\\/dmcsrb.com\\\/politika\\\/milatovic-u-dohi-vrijeme-je-za-pravedan-i-odgovoran-razvoj\\\/#breadcrumb\",\"itemListElement\":[{\"@type\":\"ListItem\",\"position\":1,\"name\":\"Home\",\"item\":\"https:\\\/\\\/dmcsrb.com\\\/\"},{\"@type\":\"ListItem\",\"position\":2,\"name\":\"Milatovi\u0107 u Dohi: Vrijeme je za pravedan i odgovoran razvoj\"}]},{\"@type\":\"WebSite\",\"@id\":\"https:\\\/\\\/dmcsrb.com\\\/#website\",\"url\":\"https:\\\/\\\/dmcsrb.com\\\/\",\"name\":\"dmcsrb.com\",\"description\":\"\",\"potentialAction\":[{\"@type\":\"SearchAction\",\"target\":{\"@type\":\"EntryPoint\",\"urlTemplate\":\"https:\\\/\\\/dmcsrb.com\\\/?s={search_term_string}\"},\"query-input\":{\"@type\":\"PropertyValueSpecification\",\"valueRequired\":true,\"valueName\":\"search_term_string\"}}],\"inLanguage\":\"en-GB\"},{\"@type\":\"Person\",\"@id\":\"https:\\\/\\\/dmcsrb.com\\\/#\\\/schema\\\/person\\\/5c39170f12db1b8b457732d0b5c854e2\",\"name\":\"dmcsrbija.com@gmail.com\",\"image\":{\"@type\":\"ImageObject\",\"inLanguage\":\"en-GB\",\"@id\":\"https:\\\/\\\/secure.gravatar.com\\\/avatar\\\/68592660ad6347fad0fb587f8d5d8f1a7b44961362f56e4f2cd524feb87e9069?s=96&d=mm&r=g\",\"url\":\"https:\\\/\\\/secure.gravatar.com\\\/avatar\\\/68592660ad6347fad0fb587f8d5d8f1a7b44961362f56e4f2cd524feb87e9069?s=96&d=mm&r=g\",\"contentUrl\":\"https:\\\/\\\/secure.gravatar.com\\\/avatar\\\/68592660ad6347fad0fb587f8d5d8f1a7b44961362f56e4f2cd524feb87e9069?s=96&d=mm&r=g\",\"caption\":\"dmcsrbija.com@gmail.com\"},\"sameAs\":[\"https:\\\/\\\/dmcsrb.com\"],\"url\":\"https:\\\/\\\/dmcsrb.com\\\/en\\\/author\\\/dmcsrbija-comgmail-com\\\/\"}]}<\/script>\n<!-- \/ Yoast SEO plugin. -->","yoast_head_json":{"title":"Milatovi\u0107 u Dohi: Vrijeme je za pravedan i odgovoran razvoj - dmcsrb.com","robots":{"index":"index","follow":"follow","max-snippet":"max-snippet:-1","max-image-preview":"max-image-preview:large","max-video-preview":"max-video-preview:-1"},"canonical":"https:\/\/dmcsrb.com\/en\/politika\/milatovic-u-dohi-vrijeme-je-za-pravedan-i-odgovoran-razvoj\/","og_locale":"en_GB","og_type":"article","og_title":"Milatovi\u0107 u Dohi: Vrijeme je za pravedan i odgovoran razvoj - dmcsrb.com","og_description":"Predsjednik Crne Gore Jakov Milatovi\u0107 u\u010destvuje na Drugom svjetskom samitu Ujedinjenih nacija o dru\u0161tvenom razvoju, koji se odr\u017eava u Dohi, pod pokroviteljstvom Emira Dr\u017eave Katar, \u0161eika Tamima bin Hamada Al-Tanija.","og_url":"https:\/\/dmcsrb.com\/en\/politika\/milatovic-u-dohi-vrijeme-je-za-pravedan-i-odgovoran-razvoj\/","og_site_name":"dmcsrb.com","article_published_time":"2025-11-04T14:19:00+00:00","og_image":[{"width":1152,"height":750,"url":"https:\/\/dmcsrb.com\/wp-content\/uploads\/2026\/01\/Milatovic-u-Dohi-foto-predsjednik-cg.webp","type":"image\/jpeg"}],"author":"dmcsrbija.com@gmail.com","twitter_card":"summary_large_image","twitter_misc":{"Written by":"dmcsrbija.com@gmail.com","Estimated reading time":"2 minutes"},"schema":{"@context":"https:\/\/schema.org","@graph":[{"@type":"Article","@id":"https:\/\/dmcsrb.com\/politika\/milatovic-u-dohi-vrijeme-je-za-pravedan-i-odgovoran-razvoj\/#article","isPartOf":{"@id":"https:\/\/dmcsrb.com\/politika\/milatovic-u-dohi-vrijeme-je-za-pravedan-i-odgovoran-razvoj\/"},"author":{"name":"dmcsrbija.com@gmail.com","@id":"https:\/\/dmcsrb.com\/#\/schema\/person\/5c39170f12db1b8b457732d0b5c854e2"},"headline":"Milatovi\u0107 u Dohi: Vrijeme je za pravedan i odgovoran razvoj","datePublished":"2025-11-04T14:19:00+00:00","mainEntityOfPage":{"@id":"https:\/\/dmcsrb.com\/politika\/milatovic-u-dohi-vrijeme-je-za-pravedan-i-odgovoran-razvoj\/"},"wordCount":376,"commentCount":0,"image":{"@id":"https:\/\/dmcsrb.com\/politika\/milatovic-u-dohi-vrijeme-je-za-pravedan-i-odgovoran-razvoj\/#primaryimage"},"thumbnailUrl":"https:\/\/dmcsrb.com\/wp-content\/uploads\/2026\/01\/Milatovic-u-Dohi-foto-predsjednik-cg.webp","keywords":["Doha","Jakov Milatovi\u0107"],"articleSection":["Politika"],"inLanguage":"en-GB","potentialAction":[{"@type":"CommentAction","name":"Comment","target":["https:\/\/dmcsrb.com\/politika\/milatovic-u-dohi-vrijeme-je-za-pravedan-i-odgovoran-razvoj\/#respond"]}]},{"@type":"WebPage","@id":"https:\/\/dmcsrb.com\/politika\/milatovic-u-dohi-vrijeme-je-za-pravedan-i-odgovoran-razvoj\/","url":"https:\/\/dmcsrb.com\/politika\/milatovic-u-dohi-vrijeme-je-za-pravedan-i-odgovoran-razvoj\/","name":"Milatovi\u0107 u Dohi: Vrijeme je za pravedan i odgovoran razvoj - dmcsrb.com","isPartOf":{"@id":"https:\/\/dmcsrb.com\/#website"},"primaryImageOfPage":{"@id":"https:\/\/dmcsrb.com\/politika\/milatovic-u-dohi-vrijeme-je-za-pravedan-i-odgovoran-razvoj\/#primaryimage"},"image":{"@id":"https:\/\/dmcsrb.com\/politika\/milatovic-u-dohi-vrijeme-je-za-pravedan-i-odgovoran-razvoj\/#primaryimage"},"thumbnailUrl":"https:\/\/dmcsrb.com\/wp-content\/uploads\/2026\/01\/Milatovic-u-Dohi-foto-predsjednik-cg.webp","datePublished":"2025-11-04T14:19:00+00:00","author":{"@id":"https:\/\/dmcsrb.com\/#\/schema\/person\/5c39170f12db1b8b457732d0b5c854e2"},"breadcrumb":{"@id":"https:\/\/dmcsrb.com\/politika\/milatovic-u-dohi-vrijeme-je-za-pravedan-i-odgovoran-razvoj\/#breadcrumb"},"inLanguage":"en-GB","potentialAction":[{"@type":"ReadAction","target":["https:\/\/dmcsrb.com\/politika\/milatovic-u-dohi-vrijeme-je-za-pravedan-i-odgovoran-razvoj\/"]}]},{"@type":"ImageObject","inLanguage":"en-GB","@id":"https:\/\/dmcsrb.com\/politika\/milatovic-u-dohi-vrijeme-je-za-pravedan-i-odgovoran-razvoj\/#primaryimage","url":"https:\/\/dmcsrb.com\/wp-content\/uploads\/2026\/01\/Milatovic-u-Dohi-foto-predsjednik-cg.webp","contentUrl":"https:\/\/dmcsrb.com\/wp-content\/uploads\/2026\/01\/Milatovic-u-Dohi-foto-predsjednik-cg.webp","width":1152,"height":750},{"@type":"BreadcrumbList","@id":"https:\/\/dmcsrb.com\/politika\/milatovic-u-dohi-vrijeme-je-za-pravedan-i-odgovoran-razvoj\/#breadcrumb","itemListElement":[{"@type":"ListItem","position":1,"name":"Home","item":"https:\/\/dmcsrb.com\/"},{"@type":"ListItem","position":2,"name":"Milatovi\u0107 u Dohi: Vrijeme je za pravedan i odgovoran razvoj"}]},{"@type":"WebSite","@id":"https:\/\/dmcsrb.com\/#website","url":"https:\/\/dmcsrb.com\/","name":"dmcsrb.com","description":"","potentialAction":[{"@type":"SearchAction","target":{"@type":"EntryPoint","urlTemplate":"https:\/\/dmcsrb.com\/?s={search_term_string}"},"query-input":{"@type":"PropertyValueSpecification","valueRequired":true,"valueName":"search_term_string"}}],"inLanguage":"en-GB"},{"@type":"Person","@id":"https:\/\/dmcsrb.com\/#\/schema\/person\/5c39170f12db1b8b457732d0b5c854e2","name":"dmcsrbija.com@gmail.com","image":{"@type":"ImageObject","inLanguage":"en-GB","@id":"https:\/\/secure.gravatar.com\/avatar\/68592660ad6347fad0fb587f8d5d8f1a7b44961362f56e4f2cd524feb87e9069?s=96&d=mm&r=g","url":"https:\/\/secure.gravatar.com\/avatar\/68592660ad6347fad0fb587f8d5d8f1a7b44961362f56e4f2cd524feb87e9069?s=96&d=mm&r=g","contentUrl":"https:\/\/secure.gravatar.com\/avatar\/68592660ad6347fad0fb587f8d5d8f1a7b44961362f56e4f2cd524feb87e9069?s=96&d=mm&r=g","caption":"dmcsrbija.com@gmail.com"},"sameAs":["https:\/\/dmcsrb.com"],"url":"https:\/\/dmcsrb.com\/en\/author\/dmcsrbija-comgmail-com\/"}]}},"_links":{"self":[{"href":"https:\/\/dmcsrb.com\/en\/wp-json\/wp\/v2\/posts\/961916","targetHints":{"allow":["GET"]}}],"collection":[{"href":"https:\/\/dmcsrb.com\/en\/wp-json\/wp\/v2\/posts"}],"about":[{"href":"https:\/\/dmcsrb.com\/en\/wp-json\/wp\/v2\/types\/post"}],"author":[{"embeddable":true,"href":"https:\/\/dmcsrb.com\/en\/wp-json\/wp\/v2\/users\/1"}],"replies":[{"embeddable":true,"href":"https:\/\/dmcsrb.com\/en\/wp-json\/wp\/v2\/comments?post=961916"}],"version-history":[{"count":0,"href":"https:\/\/dmcsrb.com\/en\/wp-json\/wp\/v2\/posts\/961916\/revisions"}],"wp:featuredmedia":[{"embeddable":true,"href":"https:\/\/dmcsrb.com\/en\/wp-json\/wp\/v2\/media\/961917"}],"wp:attachment":[{"href":"https:\/\/dmcsrb.com\/en\/wp-json\/wp\/v2\/media?parent=961916"}],"wp:term":[{"taxonomy":"category","embeddable":true,"href":"https:\/\/dmcsrb.com\/en\/wp-json\/wp\/v2\/categories?post=961916"},{"taxonomy":"post_tag","embeddable":true,"href":"https:\/\/dmcsrb.com\/en\/wp-json\/wp\/v2\/tags?post=961916"},{"taxonomy":"naslovna","embeddable":true,"href":"https:\/\/dmcsrb.com\/en\/wp-json\/wp\/v2\/naslovna?post=961916"}],"curies":[{"name":"wp","href":"https:\/\/api.w.org\/{rel}","templated":true}]}}