{"id":961822,"date":"2025-11-04T10:42:00","date_gmt":"2025-11-04T09:42:00","guid":{"rendered":"https:\/\/dmcsrb.com\/uncategorized\/milatovic-i-emir-katara-nova-energija-u-odnosima-dvije-zemlje\/"},"modified":"2025-11-04T10:42:00","modified_gmt":"2025-11-04T09:42:00","slug":"milatovic-i-emir-katara-nova-energija-u-odnosima-dvije-zemlje","status":"publish","type":"post","link":"https:\/\/dmcsrb.com\/en\/politika\/milatovic-i-emir-katara-nova-energija-u-odnosima-dvije-zemlje\/","title":{"rendered":"Milatovi\u0107 i Emir Katara: Nova energija u odnosima dvije zemlje"},"content":{"rendered":"<p><\/p>\n\n\n\n<p>Milatovi\u0107 je izrazio zahvalnost na gostoprimstvu, istakav\u0161i da ovaj susret ozna\u010dava po\u010detak nove faze u politi\u010dkom dijalogu i saradnji Crne Gore i Katara, nakon perioda u kojem su odnosi bili manje intenzivni, imaju\u0107i u vidu da je posljednji susret na ovom nivou bio 2009. godine.<\/p>\n\n\n\n<p>\u201eCrna Gora i Katar njeguju odnos me\u0111usobnog po\u0161tovanja i povjerenja. \u017delimo da te odnose produbimo kroz konkretna partnerstva i projekte koji donose dobrobit i na\u0161im gra\u0111anima i na\u0161im ekonomijama,\u201c poru\u010dio je Milatovi\u0107.<\/p>\n\n\n\n<p>Predsjednik je uputio poziv Emiru Katara, da posjeti Crnu Goru naredne godine, kada Crna Gora obilje\u017eava 20 godina obnove nezavisnosti i uspostavljanja diplomatskih odnosa s Dr\u017eavom Katar, \u0161to je, kako ka\u017eu, Emir sa zadovoljstvom i prihvatio.<\/p>\n\n\n\n<p>Predsjednik je upoznao Emira s odlukom o otvaranju Ambasade Crne Gore u Dohi, \u0161to \u0107e dodatno oja\u010dati komunikaciju i saradnju izme\u0111u dvije dr\u017eave i njihovih privrednih zajednica.<\/p>\n\n\n\n<p>Dva dr\u017eavnika su istakla veliki potencijal i zajedni\u010dki interes za ja\u010danje saradnje u brojnim oblastima poput investicija, energetike, turizma, infrastrukture i poljoprivrede, te dogovorili konkretne korake kako bi se saradnja osna\u017eila u narednom periodu.<\/p>\n\n\n\n<p>Predsjednik je pozdravio inicijativu za potpisivanje Memoranduma o saradnji privrednih komora Crne Gore i Katara i inicirao organizaciju Biznis foruma Crna Gora \u2013 Katar, kao platformu za konkretnu ekonomsku saradnju i nove investicije.<\/p>\n\n\n\n<p>\u201eKao \u010dlanica NATO i dr\u017eava koja napreduje ka \u010dlanstvu u EU, Crna Gora \u017eeli da gradi veze sa partnerima koji dijele viziju stabilnosti, razvoja i saradnje. Vjerujem da zajedno otvaramo novu stranicu odnosa na\u0161ih zemalja&#8221;, poru\u010dio je predsjednik Milatovi\u0107.<\/p>\n\n\n\n<p>Susret je protekao u srda\u010dnoj atmosferi, uz zajedni\u010dku poruku da odnosi Crne Gore i Katara dobijaju novu energiju i pravac ka intenzivnijem politi\u010dkom dijalogu i ekonomskoj saradnji.<\/p>","protected":false},"excerpt":{"rendered":"<p>Predsjednik Crne Gore Jakov Milatovi\u0107 sastao se danas u Dohi sa Emirom Dr\u017eave Katar, \u0161eikom Tamimom bin Hamadom Al -Tanijem.<\/p>","protected":false},"author":1,"featured_media":961823,"comment_status":"open","ping_status":"open","sticky":false,"template":"","format":"standard","meta":{"_acf_changed":false,"footnotes":""},"categories":[12],"tags":[13545,90,7498],"naslovna":[],"class_list":["post-961822","post","type-post","status-publish","format-standard","has-post-thumbnail","hentry","category-politika","tag-emir-katara","tag-jakov-milatovic","tag-katar"],"acf":[],"yoast_head":"<!-- This site is optimized with the Yoast SEO plugin v27.0 - https:\/\/yoast.com\/product\/yoast-seo-wordpress\/ -->\n<title>Milatovi\u0107 i Emir Katara: Nova energija u odnosima dvije zemlje - dmcsrb.com<\/title>\n<meta name=\"robots\" content=\"index, follow, max-snippet:-1, max-image-preview:large, max-video-preview:-1\" \/>\n<link rel=\"canonical\" href=\"https:\/\/dmcsrb.com\/en\/politika\/milatovic-i-emir-katara-nova-energija-u-odnosima-dvije-zemlje\/\" \/>\n<meta property=\"og:locale\" content=\"en_GB\" \/>\n<meta property=\"og:type\" content=\"article\" \/>\n<meta property=\"og:title\" content=\"Milatovi\u0107 i Emir Katara: Nova energija u odnosima dvije zemlje - dmcsrb.com\" \/>\n<meta property=\"og:description\" content=\"Predsjednik Crne Gore Jakov Milatovi\u0107 sastao se danas u Dohi sa Emirom Dr\u017eave Katar, \u0161eikom Tamimom bin Hamadom Al -Tanijem.\" \/>\n<meta property=\"og:url\" content=\"https:\/\/dmcsrb.com\/en\/politika\/milatovic-i-emir-katara-nova-energija-u-odnosima-dvije-zemlje\/\" \/>\n<meta property=\"og:site_name\" content=\"dmcsrb.com\" \/>\n<meta property=\"article:published_time\" content=\"2025-11-04T09:42:00+00:00\" \/>\n<meta property=\"og:image\" content=\"https:\/\/dmcsrb.com\/wp-content\/uploads\/2026\/01\/Milatovic-i-Emir-Katara-foto-predsjednik-cg.webp\" \/>\n\t<meta property=\"og:image:width\" content=\"1124\" \/>\n\t<meta property=\"og:image:height\" content=\"740\" \/>\n\t<meta property=\"og:image:type\" content=\"image\/jpeg\" \/>\n<meta name=\"author\" content=\"dmcsrbija.com@gmail.com\" \/>\n<meta name=\"twitter:card\" content=\"summary_large_image\" \/>\n<meta name=\"twitter:label1\" content=\"Written by\" \/>\n\t<meta name=\"twitter:data1\" content=\"dmcsrbija.com@gmail.com\" \/>\n\t<meta name=\"twitter:label2\" content=\"Estimated reading time\" \/>\n\t<meta name=\"twitter:data2\" content=\"1 minute\" \/>\n<script type=\"application\/ld+json\" class=\"yoast-schema-graph\">{\"@context\":\"https:\/\/schema.org\",\"@graph\":[{\"@type\":\"Article\",\"@id\":\"https:\/\/dmcsrb.com\/politika\/milatovic-i-emir-katara-nova-energija-u-odnosima-dvije-zemlje\/#article\",\"isPartOf\":{\"@id\":\"https:\/\/dmcsrb.com\/politika\/milatovic-i-emir-katara-nova-energija-u-odnosima-dvije-zemlje\/\"},\"author\":{\"name\":\"dmcsrbija.com@gmail.com\",\"@id\":\"https:\/\/dmcsrb.com\/#\/schema\/person\/5c39170f12db1b8b457732d0b5c854e2\"},\"headline\":\"Milatovi\u0107 i Emir Katara: Nova energija u odnosima dvije zemlje\",\"datePublished\":\"2025-11-04T09:42:00+00:00\",\"mainEntityOfPage\":{\"@id\":\"https:\/\/dmcsrb.com\/politika\/milatovic-i-emir-katara-nova-energija-u-odnosima-dvije-zemlje\/\"},\"wordCount\":307,\"commentCount\":0,\"image\":{\"@id\":\"https:\/\/dmcsrb.com\/politika\/milatovic-i-emir-katara-nova-energija-u-odnosima-dvije-zemlje\/#primaryimage\"},\"thumbnailUrl\":\"https:\/\/dmcsrb.com\/wp-content\/uploads\/2026\/01\/Milatovic-i-Emir-Katara-foto-predsjednik-cg.webp\",\"keywords\":[\"Emir Katara\",\"Jakov Milatovi\u0107\",\"Katar\"],\"articleSection\":[\"Politika\"],\"inLanguage\":\"en-GB\",\"potentialAction\":[{\"@type\":\"CommentAction\",\"name\":\"Comment\",\"target\":[\"https:\/\/dmcsrb.com\/politika\/milatovic-i-emir-katara-nova-energija-u-odnosima-dvije-zemlje\/#respond\"]}]},{\"@type\":\"WebPage\",\"@id\":\"https:\/\/dmcsrb.com\/politika\/milatovic-i-emir-katara-nova-energija-u-odnosima-dvije-zemlje\/\",\"url\":\"https:\/\/dmcsrb.com\/politika\/milatovic-i-emir-katara-nova-energija-u-odnosima-dvije-zemlje\/\",\"name\":\"Milatovi\u0107 i Emir Katara: Nova energija u odnosima dvije zemlje - dmcsrb.com\",\"isPartOf\":{\"@id\":\"https:\/\/dmcsrb.com\/#website\"},\"primaryImageOfPage\":{\"@id\":\"https:\/\/dmcsrb.com\/politika\/milatovic-i-emir-katara-nova-energija-u-odnosima-dvije-zemlje\/#primaryimage\"},\"image\":{\"@id\":\"https:\/\/dmcsrb.com\/politika\/milatovic-i-emir-katara-nova-energija-u-odnosima-dvije-zemlje\/#primaryimage\"},\"thumbnailUrl\":\"https:\/\/dmcsrb.com\/wp-content\/uploads\/2026\/01\/Milatovic-i-Emir-Katara-foto-predsjednik-cg.webp\",\"datePublished\":\"2025-11-04T09:42:00+00:00\",\"author\":{\"@id\":\"https:\/\/dmcsrb.com\/#\/schema\/person\/5c39170f12db1b8b457732d0b5c854e2\"},\"breadcrumb\":{\"@id\":\"https:\/\/dmcsrb.com\/politika\/milatovic-i-emir-katara-nova-energija-u-odnosima-dvije-zemlje\/#breadcrumb\"},\"inLanguage\":\"en-GB\",\"potentialAction\":[{\"@type\":\"ReadAction\",\"target\":[\"https:\/\/dmcsrb.com\/politika\/milatovic-i-emir-katara-nova-energija-u-odnosima-dvije-zemlje\/\"]}]},{\"@type\":\"ImageObject\",\"inLanguage\":\"en-GB\",\"@id\":\"https:\/\/dmcsrb.com\/politika\/milatovic-i-emir-katara-nova-energija-u-odnosima-dvije-zemlje\/#primaryimage\",\"url\":\"https:\/\/dmcsrb.com\/wp-content\/uploads\/2026\/01\/Milatovic-i-Emir-Katara-foto-predsjednik-cg.webp\",\"contentUrl\":\"https:\/\/dmcsrb.com\/wp-content\/uploads\/2026\/01\/Milatovic-i-Emir-Katara-foto-predsjednik-cg.webp\",\"width\":1124,\"height\":740},{\"@type\":\"BreadcrumbList\",\"@id\":\"https:\/\/dmcsrb.com\/politika\/milatovic-i-emir-katara-nova-energija-u-odnosima-dvije-zemlje\/#breadcrumb\",\"itemListElement\":[{\"@type\":\"ListItem\",\"position\":1,\"name\":\"Home\",\"item\":\"https:\/\/dmcsrb.com\/\"},{\"@type\":\"ListItem\",\"position\":2,\"name\":\"Milatovi\u0107 i Emir Katara: Nova energija u odnosima dvije zemlje\"}]},{\"@type\":\"WebSite\",\"@id\":\"https:\/\/dmcsrb.com\/#website\",\"url\":\"https:\/\/dmcsrb.com\/\",\"name\":\"dmcsrb.com\",\"description\":\"\",\"potentialAction\":[{\"@type\":\"SearchAction\",\"target\":{\"@type\":\"EntryPoint\",\"urlTemplate\":\"https:\/\/dmcsrb.com\/?s={search_term_string}\"},\"query-input\":{\"@type\":\"PropertyValueSpecification\",\"valueRequired\":true,\"valueName\":\"search_term_string\"}}],\"inLanguage\":\"en-GB\"},{\"@type\":\"Person\",\"@id\":\"https:\/\/dmcsrb.com\/#\/schema\/person\/5c39170f12db1b8b457732d0b5c854e2\",\"name\":\"dmcsrbija.com@gmail.com\",\"image\":{\"@type\":\"ImageObject\",\"inLanguage\":\"en-GB\",\"@id\":\"https:\/\/dmcsrb.com\/#\/schema\/person\/image\/\",\"url\":\"https:\/\/secure.gravatar.com\/avatar\/68592660ad6347fad0fb587f8d5d8f1a7b44961362f56e4f2cd524feb87e9069?s=96&d=mm&r=g\",\"contentUrl\":\"https:\/\/secure.gravatar.com\/avatar\/68592660ad6347fad0fb587f8d5d8f1a7b44961362f56e4f2cd524feb87e9069?s=96&d=mm&r=g\",\"caption\":\"dmcsrbija.com@gmail.com\"},\"sameAs\":[\"https:\/\/dmcsrb.com\"],\"url\":\"https:\/\/dmcsrb.com\/en\/author\/dmcsrbija-comgmail-com\/\"}]}<\/script>\n<!-- \/ Yoast SEO plugin. -->","yoast_head_json":{"title":"Milatovi\u0107 i Emir Katara: Nova energija u odnosima dvije zemlje - dmcsrb.com","robots":{"index":"index","follow":"follow","max-snippet":"max-snippet:-1","max-image-preview":"max-image-preview:large","max-video-preview":"max-video-preview:-1"},"canonical":"https:\/\/dmcsrb.com\/en\/politika\/milatovic-i-emir-katara-nova-energija-u-odnosima-dvije-zemlje\/","og_locale":"en_GB","og_type":"article","og_title":"Milatovi\u0107 i Emir Katara: Nova energija u odnosima dvije zemlje - dmcsrb.com","og_description":"Predsjednik Crne Gore Jakov Milatovi\u0107 sastao se danas u Dohi sa Emirom Dr\u017eave Katar, \u0161eikom Tamimom bin Hamadom Al -Tanijem.","og_url":"https:\/\/dmcsrb.com\/en\/politika\/milatovic-i-emir-katara-nova-energija-u-odnosima-dvije-zemlje\/","og_site_name":"dmcsrb.com","article_published_time":"2025-11-04T09:42:00+00:00","og_image":[{"width":1124,"height":740,"url":"https:\/\/dmcsrb.com\/wp-content\/uploads\/2026\/01\/Milatovic-i-Emir-Katara-foto-predsjednik-cg.webp","type":"image\/jpeg"}],"author":"dmcsrbija.com@gmail.com","twitter_card":"summary_large_image","twitter_misc":{"Written by":"dmcsrbija.com@gmail.com","Estimated reading time":"1 minute"},"schema":{"@context":"https:\/\/schema.org","@graph":[{"@type":"Article","@id":"https:\/\/dmcsrb.com\/politika\/milatovic-i-emir-katara-nova-energija-u-odnosima-dvije-zemlje\/#article","isPartOf":{"@id":"https:\/\/dmcsrb.com\/politika\/milatovic-i-emir-katara-nova-energija-u-odnosima-dvije-zemlje\/"},"author":{"name":"dmcsrbija.com@gmail.com","@id":"https:\/\/dmcsrb.com\/#\/schema\/person\/5c39170f12db1b8b457732d0b5c854e2"},"headline":"Milatovi\u0107 i Emir Katara: Nova energija u odnosima dvije zemlje","datePublished":"2025-11-04T09:42:00+00:00","mainEntityOfPage":{"@id":"https:\/\/dmcsrb.com\/politika\/milatovic-i-emir-katara-nova-energija-u-odnosima-dvije-zemlje\/"},"wordCount":307,"commentCount":0,"image":{"@id":"https:\/\/dmcsrb.com\/politika\/milatovic-i-emir-katara-nova-energija-u-odnosima-dvije-zemlje\/#primaryimage"},"thumbnailUrl":"https:\/\/dmcsrb.com\/wp-content\/uploads\/2026\/01\/Milatovic-i-Emir-Katara-foto-predsjednik-cg.webp","keywords":["Emir Katara","Jakov Milatovi\u0107","Katar"],"articleSection":["Politika"],"inLanguage":"en-GB","potentialAction":[{"@type":"CommentAction","name":"Comment","target":["https:\/\/dmcsrb.com\/politika\/milatovic-i-emir-katara-nova-energija-u-odnosima-dvije-zemlje\/#respond"]}]},{"@type":"WebPage","@id":"https:\/\/dmcsrb.com\/politika\/milatovic-i-emir-katara-nova-energija-u-odnosima-dvije-zemlje\/","url":"https:\/\/dmcsrb.com\/politika\/milatovic-i-emir-katara-nova-energija-u-odnosima-dvije-zemlje\/","name":"Milatovi\u0107 i Emir Katara: Nova energija u odnosima dvije zemlje - dmcsrb.com","isPartOf":{"@id":"https:\/\/dmcsrb.com\/#website"},"primaryImageOfPage":{"@id":"https:\/\/dmcsrb.com\/politika\/milatovic-i-emir-katara-nova-energija-u-odnosima-dvije-zemlje\/#primaryimage"},"image":{"@id":"https:\/\/dmcsrb.com\/politika\/milatovic-i-emir-katara-nova-energija-u-odnosima-dvije-zemlje\/#primaryimage"},"thumbnailUrl":"https:\/\/dmcsrb.com\/wp-content\/uploads\/2026\/01\/Milatovic-i-Emir-Katara-foto-predsjednik-cg.webp","datePublished":"2025-11-04T09:42:00+00:00","author":{"@id":"https:\/\/dmcsrb.com\/#\/schema\/person\/5c39170f12db1b8b457732d0b5c854e2"},"breadcrumb":{"@id":"https:\/\/dmcsrb.com\/politika\/milatovic-i-emir-katara-nova-energija-u-odnosima-dvije-zemlje\/#breadcrumb"},"inLanguage":"en-GB","potentialAction":[{"@type":"ReadAction","target":["https:\/\/dmcsrb.com\/politika\/milatovic-i-emir-katara-nova-energija-u-odnosima-dvije-zemlje\/"]}]},{"@type":"ImageObject","inLanguage":"en-GB","@id":"https:\/\/dmcsrb.com\/politika\/milatovic-i-emir-katara-nova-energija-u-odnosima-dvije-zemlje\/#primaryimage","url":"https:\/\/dmcsrb.com\/wp-content\/uploads\/2026\/01\/Milatovic-i-Emir-Katara-foto-predsjednik-cg.webp","contentUrl":"https:\/\/dmcsrb.com\/wp-content\/uploads\/2026\/01\/Milatovic-i-Emir-Katara-foto-predsjednik-cg.webp","width":1124,"height":740},{"@type":"BreadcrumbList","@id":"https:\/\/dmcsrb.com\/politika\/milatovic-i-emir-katara-nova-energija-u-odnosima-dvije-zemlje\/#breadcrumb","itemListElement":[{"@type":"ListItem","position":1,"name":"Home","item":"https:\/\/dmcsrb.com\/"},{"@type":"ListItem","position":2,"name":"Milatovi\u0107 i Emir Katara: Nova energija u odnosima dvije zemlje"}]},{"@type":"WebSite","@id":"https:\/\/dmcsrb.com\/#website","url":"https:\/\/dmcsrb.com\/","name":"dmcsrb.com","description":"","potentialAction":[{"@type":"SearchAction","target":{"@type":"EntryPoint","urlTemplate":"https:\/\/dmcsrb.com\/?s={search_term_string}"},"query-input":{"@type":"PropertyValueSpecification","valueRequired":true,"valueName":"search_term_string"}}],"inLanguage":"en-GB"},{"@type":"Person","@id":"https:\/\/dmcsrb.com\/#\/schema\/person\/5c39170f12db1b8b457732d0b5c854e2","name":"dmcsrbija.com@gmail.com","image":{"@type":"ImageObject","inLanguage":"en-GB","@id":"https:\/\/dmcsrb.com\/#\/schema\/person\/image\/","url":"https:\/\/secure.gravatar.com\/avatar\/68592660ad6347fad0fb587f8d5d8f1a7b44961362f56e4f2cd524feb87e9069?s=96&d=mm&r=g","contentUrl":"https:\/\/secure.gravatar.com\/avatar\/68592660ad6347fad0fb587f8d5d8f1a7b44961362f56e4f2cd524feb87e9069?s=96&d=mm&r=g","caption":"dmcsrbija.com@gmail.com"},"sameAs":["https:\/\/dmcsrb.com"],"url":"https:\/\/dmcsrb.com\/en\/author\/dmcsrbija-comgmail-com\/"}]}},"_links":{"self":[{"href":"https:\/\/dmcsrb.com\/en\/wp-json\/wp\/v2\/posts\/961822","targetHints":{"allow":["GET"]}}],"collection":[{"href":"https:\/\/dmcsrb.com\/en\/wp-json\/wp\/v2\/posts"}],"about":[{"href":"https:\/\/dmcsrb.com\/en\/wp-json\/wp\/v2\/types\/post"}],"author":[{"embeddable":true,"href":"https:\/\/dmcsrb.com\/en\/wp-json\/wp\/v2\/users\/1"}],"replies":[{"embeddable":true,"href":"https:\/\/dmcsrb.com\/en\/wp-json\/wp\/v2\/comments?post=961822"}],"version-history":[{"count":0,"href":"https:\/\/dmcsrb.com\/en\/wp-json\/wp\/v2\/posts\/961822\/revisions"}],"wp:featuredmedia":[{"embeddable":true,"href":"https:\/\/dmcsrb.com\/en\/wp-json\/wp\/v2\/media\/961823"}],"wp:attachment":[{"href":"https:\/\/dmcsrb.com\/en\/wp-json\/wp\/v2\/media?parent=961822"}],"wp:term":[{"taxonomy":"category","embeddable":true,"href":"https:\/\/dmcsrb.com\/en\/wp-json\/wp\/v2\/categories?post=961822"},{"taxonomy":"post_tag","embeddable":true,"href":"https:\/\/dmcsrb.com\/en\/wp-json\/wp\/v2\/tags?post=961822"},{"taxonomy":"naslovna","embeddable":true,"href":"https:\/\/dmcsrb.com\/en\/wp-json\/wp\/v2\/naslovna?post=961822"}],"curies":[{"name":"wp","href":"https:\/\/api.w.org\/{rel}","templated":true}]}}