{"id":961720,"date":"2025-11-03T18:33:00","date_gmt":"2025-11-03T17:33:00","guid":{"rendered":"https:\/\/dmcsrb.com\/uncategorized\/video-dokic-privremena-obustava-bezviznog-rezima-za-tursku-nece-imati-ozbiljnije-posljedice-doprinijece-vecoj-sigurnosti-gradjana\/"},"modified":"2025-11-03T18:33:00","modified_gmt":"2025-11-03T17:33:00","slug":"video-dokic-privremena-obustava-bezviznog-rezima-za-tursku-nece-imati-ozbiljnije-posljedice-doprinijece-vecoj-sigurnosti-gradjana","status":"publish","type":"post","link":"https:\/\/dmcsrb.com\/en\/ekonomija\/video-dokic-privremena-obustava-bezviznog-rezima-za-tursku-nece-imati-ozbiljnije-posljedice-doprinijece-vecoj-sigurnosti-gradjana\/","title":{"rendered":"(VIDEO) Doki\u0107: Privremena obustava bezviznog re\u017eima za Tursku ne\u0107e imati ozbiljnije posljedice, doprinije\u0107e ve\u0107oj sigurnosti gra\u0111ana"},"content":{"rendered":"<p><\/p>\n\n\n\n<p>Privremena obustava bezviznog re\u017eima, prema rije\u010dima ekonomskog analiti\u010dara Davora Doki\u0107a, ne\u0107e imati ozbiljnije posljedice po crnogorsku ekonomiju. Ve\u0107 \u0107e kako dodaje, doprinijeti boljoj sigurnosti gra\u0111ana.<br><br>&#8220;Na ovaj na\u010din, kako je do sada to ra\u0111eno, bukvalno u Crnu Goru je ulazio ko je htio i kako je htio i nismo imali adekvatnu evidenciju. Sve to vidimo i po de\u0161avanjima koja su bila, od otima\u010dina ispred osnovne \u0161kole u Budvi i mnogo drugih ru\u017enih stvari koje su se de\u0161avale&#8221;, kazao je Doki\u0107.<\/p>\n\n\n\n<p>Podsje\u0107a da je Crna Gora ve\u0107 bila u obavezi da do kraja 2026. uvede vizni re\u017eim za Tursku, \u0161to je dio procesa uskla\u0111ivanja sa pravilima Evropske unije. Dodaje da turisti\u010dki sektor ne bi trebalo da osjeti posljedice.<\/p>\n\n\n\n<p>&#8220;Mislim da to ne\u0107e uticati zna\u010dajno na broj turista. Ina\u010de, mi imamo otprilike 150.000 no\u0107enja, pro\u0161le godine je bilo turskih turista u Crnoj Gori i imali su udio od 5 odsto od ukupnih posjetilaca koji su do\u0161li u Crnu Goru. Mislim da je taj trend u uzlaznoj putanji i da to ne\u0107e zna\u010dajno uticati&#8221;, istakao je Doki\u0107.<\/p>\n\n\n\n<p>Iako je odluka izazvala brojne polemike, Doki\u0107 isti\u010de da \u0107e nova pravila dugoro\u010dno doprinijeti ve\u0107oj sigurnosti i boljoj evidenciji onih koji ulaze u Crnu Goru. Isti\u010de da crnogorska ekonomija, ne bi trebalo da osjeti ozbiljnije posljedice.<\/p>\n\n\n\n<figure class=\"wp-block-embed is-type-video is-provider-youtube wp-block-embed-youtube wp-embed-aspect-16-9 wp-has-aspect-ratio\"><div class=\"wp-block-embed__wrapper\">\n<iframe loading=\"lazy\" title=\"Obustava bezviznog re\u017eima ne\u0107e imati ozbiljnije posljedice, doprinije\u0107e ve\u0107oj sigurnosti gra\u0111ana\" width=\"500\" height=\"281\" src=\"https:\/\/www.youtube.com\/embed\/eMuxkO4Y_Bw?feature=oembed\" frameborder=\"0\" allow=\"accelerometer; autoplay; clipboard-write; encrypted-media; gyroscope; picture-in-picture; web-share\" referrerpolicy=\"strict-origin-when-cross-origin\" allowfullscreen><\/iframe>\n<\/div><\/figure>","protected":false},"excerpt":{"rendered":"<p>Odluka Vlade da privremeno ukine bezvizni re\u017eim za dr\u017eavljane Turske izazvala je brojne reakcije. Dok dio gra\u0111ana strahuje od mogu\u0107ih ekonomskih posljedica, stru\u010dnjaci smatraju da nema razloga za brigu. Prema rije\u010dima ekonomskog analiti\u010dara Davora Doki\u0107a, ta mjera mo\u017ee donijeti vi\u0161e koristi nego \u0161tete, prije svega u pogledu bezbjednosti i preciznije identifikacije onih koji ulaze u Crnu Goru.<\/p>","protected":false},"author":1,"featured_media":961721,"comment_status":"open","ping_status":"open","sticky":false,"template":"","format":"standard","meta":{"_acf_changed":false,"footnotes":""},"categories":[27],"tags":[10105,1066],"naslovna":[],"class_list":["post-961720","post","type-post","status-publish","format-standard","has-post-thumbnail","hentry","category-ekonomija","tag-davor-dokic","tag-turska"],"acf":[],"yoast_head":"<!-- This site is optimized with the Yoast SEO plugin v27.4 - https:\/\/yoast.com\/product\/yoast-seo-wordpress\/ -->\n<title>(VIDEO) Doki\u0107: Privremena obustava bezviznog re\u017eima za Tursku ne\u0107e imati ozbiljnije posljedice, doprinije\u0107e ve\u0107oj sigurnosti gra\u0111ana - dmcsrb.com<\/title>\n<meta name=\"robots\" content=\"index, follow, max-snippet:-1, max-image-preview:large, max-video-preview:-1\" \/>\n<link rel=\"canonical\" href=\"https:\/\/dmcsrb.com\/en\/ekonomija\/video-dokic-privremena-obustava-bezviznog-rezima-za-tursku-nece-imati-ozbiljnije-posljedice-doprinijece-vecoj-sigurnosti-gradjana\/\" \/>\n<meta property=\"og:locale\" content=\"en_GB\" \/>\n<meta property=\"og:type\" content=\"article\" \/>\n<meta property=\"og:title\" content=\"(VIDEO) Doki\u0107: Privremena obustava bezviznog re\u017eima za Tursku ne\u0107e imati ozbiljnije posljedice, doprinije\u0107e ve\u0107oj sigurnosti gra\u0111ana - dmcsrb.com\" \/>\n<meta property=\"og:description\" content=\"Odluka Vlade da privremeno ukine bezvizni re\u017eim za dr\u017eavljane Turske izazvala je brojne reakcije. Dok dio gra\u0111ana strahuje od mogu\u0107ih ekonomskih posljedica, stru\u010dnjaci smatraju da nema razloga za brigu. Prema rije\u010dima ekonomskog analiti\u010dara Davora Doki\u0107a, ta mjera mo\u017ee donijeti vi\u0161e koristi nego \u0161tete, prije svega u pogledu bezbjednosti i preciznije identifikacije onih koji ulaze u Crnu Goru.\" \/>\n<meta property=\"og:url\" content=\"https:\/\/dmcsrb.com\/en\/ekonomija\/video-dokic-privremena-obustava-bezviznog-rezima-za-tursku-nece-imati-ozbiljnije-posljedice-doprinijece-vecoj-sigurnosti-gradjana\/\" \/>\n<meta property=\"og:site_name\" content=\"dmcsrb.com\" \/>\n<meta property=\"article:published_time\" content=\"2025-11-03T17:33:00+00:00\" \/>\n<meta property=\"og:image\" content=\"https:\/\/dmcsrb.com\/wp-content\/uploads\/2026\/01\/Davor-Dokic-foto-tv-podgorica.webp\" \/>\n\t<meta property=\"og:image:width\" content=\"1274\" \/>\n\t<meta property=\"og:image:height\" content=\"774\" \/>\n\t<meta property=\"og:image:type\" content=\"image\/jpeg\" \/>\n<meta name=\"author\" content=\"dmcsrbija.com@gmail.com\" \/>\n<meta name=\"twitter:card\" content=\"summary_large_image\" \/>\n<meta name=\"twitter:label1\" content=\"Written by\" \/>\n\t<meta name=\"twitter:data1\" content=\"dmcsrbija.com@gmail.com\" \/>\n\t<meta name=\"twitter:label2\" content=\"Estimated reading time\" \/>\n\t<meta name=\"twitter:data2\" content=\"1 minute\" \/>\n<script type=\"application\/ld+json\" class=\"yoast-schema-graph\">{\"@context\":\"https:\\\/\\\/schema.org\",\"@graph\":[{\"@type\":\"Article\",\"@id\":\"https:\\\/\\\/dmcsrb.com\\\/ekonomija\\\/video-dokic-privremena-obustava-bezviznog-rezima-za-tursku-nece-imati-ozbiljnije-posljedice-doprinijece-vecoj-sigurnosti-gradjana\\\/#article\",\"isPartOf\":{\"@id\":\"https:\\\/\\\/dmcsrb.com\\\/ekonomija\\\/video-dokic-privremena-obustava-bezviznog-rezima-za-tursku-nece-imati-ozbiljnije-posljedice-doprinijece-vecoj-sigurnosti-gradjana\\\/\"},\"author\":{\"name\":\"dmcsrbija.com@gmail.com\",\"@id\":\"https:\\\/\\\/dmcsrb.com\\\/#\\\/schema\\\/person\\\/5c39170f12db1b8b457732d0b5c854e2\"},\"headline\":\"(VIDEO) Doki\u0107: Privremena obustava bezviznog re\u017eima za Tursku ne\u0107e imati ozbiljnije posljedice, doprinije\u0107e ve\u0107oj sigurnosti gra\u0111ana\",\"datePublished\":\"2025-11-03T17:33:00+00:00\",\"mainEntityOfPage\":{\"@id\":\"https:\\\/\\\/dmcsrb.com\\\/ekonomija\\\/video-dokic-privremena-obustava-bezviznog-rezima-za-tursku-nece-imati-ozbiljnije-posljedice-doprinijece-vecoj-sigurnosti-gradjana\\\/\"},\"wordCount\":265,\"commentCount\":0,\"image\":{\"@id\":\"https:\\\/\\\/dmcsrb.com\\\/ekonomija\\\/video-dokic-privremena-obustava-bezviznog-rezima-za-tursku-nece-imati-ozbiljnije-posljedice-doprinijece-vecoj-sigurnosti-gradjana\\\/#primaryimage\"},\"thumbnailUrl\":\"https:\\\/\\\/dmcsrb.com\\\/wp-content\\\/uploads\\\/2026\\\/01\\\/Davor-Dokic-foto-tv-podgorica.webp\",\"keywords\":[\"Davor Doki\u0107\",\"Turska\"],\"articleSection\":[\"Ekonomija\"],\"inLanguage\":\"en-GB\",\"potentialAction\":[{\"@type\":\"CommentAction\",\"name\":\"Comment\",\"target\":[\"https:\\\/\\\/dmcsrb.com\\\/ekonomija\\\/video-dokic-privremena-obustava-bezviznog-rezima-za-tursku-nece-imati-ozbiljnije-posljedice-doprinijece-vecoj-sigurnosti-gradjana\\\/#respond\"]}]},{\"@type\":\"WebPage\",\"@id\":\"https:\\\/\\\/dmcsrb.com\\\/ekonomija\\\/video-dokic-privremena-obustava-bezviznog-rezima-za-tursku-nece-imati-ozbiljnije-posljedice-doprinijece-vecoj-sigurnosti-gradjana\\\/\",\"url\":\"https:\\\/\\\/dmcsrb.com\\\/ekonomija\\\/video-dokic-privremena-obustava-bezviznog-rezima-za-tursku-nece-imati-ozbiljnije-posljedice-doprinijece-vecoj-sigurnosti-gradjana\\\/\",\"name\":\"(VIDEO) Doki\u0107: Privremena obustava bezviznog re\u017eima za Tursku ne\u0107e imati ozbiljnije posljedice, doprinije\u0107e ve\u0107oj sigurnosti gra\u0111ana - dmcsrb.com\",\"isPartOf\":{\"@id\":\"https:\\\/\\\/dmcsrb.com\\\/#website\"},\"primaryImageOfPage\":{\"@id\":\"https:\\\/\\\/dmcsrb.com\\\/ekonomija\\\/video-dokic-privremena-obustava-bezviznog-rezima-za-tursku-nece-imati-ozbiljnije-posljedice-doprinijece-vecoj-sigurnosti-gradjana\\\/#primaryimage\"},\"image\":{\"@id\":\"https:\\\/\\\/dmcsrb.com\\\/ekonomija\\\/video-dokic-privremena-obustava-bezviznog-rezima-za-tursku-nece-imati-ozbiljnije-posljedice-doprinijece-vecoj-sigurnosti-gradjana\\\/#primaryimage\"},\"thumbnailUrl\":\"https:\\\/\\\/dmcsrb.com\\\/wp-content\\\/uploads\\\/2026\\\/01\\\/Davor-Dokic-foto-tv-podgorica.webp\",\"datePublished\":\"2025-11-03T17:33:00+00:00\",\"author\":{\"@id\":\"https:\\\/\\\/dmcsrb.com\\\/#\\\/schema\\\/person\\\/5c39170f12db1b8b457732d0b5c854e2\"},\"breadcrumb\":{\"@id\":\"https:\\\/\\\/dmcsrb.com\\\/ekonomija\\\/video-dokic-privremena-obustava-bezviznog-rezima-za-tursku-nece-imati-ozbiljnije-posljedice-doprinijece-vecoj-sigurnosti-gradjana\\\/#breadcrumb\"},\"inLanguage\":\"en-GB\",\"potentialAction\":[{\"@type\":\"ReadAction\",\"target\":[\"https:\\\/\\\/dmcsrb.com\\\/ekonomija\\\/video-dokic-privremena-obustava-bezviznog-rezima-za-tursku-nece-imati-ozbiljnije-posljedice-doprinijece-vecoj-sigurnosti-gradjana\\\/\"]}]},{\"@type\":\"ImageObject\",\"inLanguage\":\"en-GB\",\"@id\":\"https:\\\/\\\/dmcsrb.com\\\/ekonomija\\\/video-dokic-privremena-obustava-bezviznog-rezima-za-tursku-nece-imati-ozbiljnije-posljedice-doprinijece-vecoj-sigurnosti-gradjana\\\/#primaryimage\",\"url\":\"https:\\\/\\\/dmcsrb.com\\\/wp-content\\\/uploads\\\/2026\\\/01\\\/Davor-Dokic-foto-tv-podgorica.webp\",\"contentUrl\":\"https:\\\/\\\/dmcsrb.com\\\/wp-content\\\/uploads\\\/2026\\\/01\\\/Davor-Dokic-foto-tv-podgorica.webp\",\"width\":1274,\"height\":774},{\"@type\":\"BreadcrumbList\",\"@id\":\"https:\\\/\\\/dmcsrb.com\\\/ekonomija\\\/video-dokic-privremena-obustava-bezviznog-rezima-za-tursku-nece-imati-ozbiljnije-posljedice-doprinijece-vecoj-sigurnosti-gradjana\\\/#breadcrumb\",\"itemListElement\":[{\"@type\":\"ListItem\",\"position\":1,\"name\":\"Home\",\"item\":\"https:\\\/\\\/dmcsrb.com\\\/\"},{\"@type\":\"ListItem\",\"position\":2,\"name\":\"(VIDEO) Doki\u0107: Privremena obustava bezviznog re\u017eima za Tursku ne\u0107e imati ozbiljnije posljedice, doprinije\u0107e ve\u0107oj sigurnosti gra\u0111ana\"}]},{\"@type\":\"WebSite\",\"@id\":\"https:\\\/\\\/dmcsrb.com\\\/#website\",\"url\":\"https:\\\/\\\/dmcsrb.com\\\/\",\"name\":\"dmcsrb.com\",\"description\":\"\",\"potentialAction\":[{\"@type\":\"SearchAction\",\"target\":{\"@type\":\"EntryPoint\",\"urlTemplate\":\"https:\\\/\\\/dmcsrb.com\\\/?s={search_term_string}\"},\"query-input\":{\"@type\":\"PropertyValueSpecification\",\"valueRequired\":true,\"valueName\":\"search_term_string\"}}],\"inLanguage\":\"en-GB\"},{\"@type\":\"Person\",\"@id\":\"https:\\\/\\\/dmcsrb.com\\\/#\\\/schema\\\/person\\\/5c39170f12db1b8b457732d0b5c854e2\",\"name\":\"dmcsrbija.com@gmail.com\",\"image\":{\"@type\":\"ImageObject\",\"inLanguage\":\"en-GB\",\"@id\":\"https:\\\/\\\/secure.gravatar.com\\\/avatar\\\/68592660ad6347fad0fb587f8d5d8f1a7b44961362f56e4f2cd524feb87e9069?s=96&d=mm&r=g\",\"url\":\"https:\\\/\\\/secure.gravatar.com\\\/avatar\\\/68592660ad6347fad0fb587f8d5d8f1a7b44961362f56e4f2cd524feb87e9069?s=96&d=mm&r=g\",\"contentUrl\":\"https:\\\/\\\/secure.gravatar.com\\\/avatar\\\/68592660ad6347fad0fb587f8d5d8f1a7b44961362f56e4f2cd524feb87e9069?s=96&d=mm&r=g\",\"caption\":\"dmcsrbija.com@gmail.com\"},\"sameAs\":[\"https:\\\/\\\/dmcsrb.com\"],\"url\":\"https:\\\/\\\/dmcsrb.com\\\/en\\\/author\\\/dmcsrbija-comgmail-com\\\/\"}]}<\/script>\n<!-- \/ Yoast SEO plugin. -->","yoast_head_json":{"title":"(VIDEO) Doki\u0107: Privremena obustava bezviznog re\u017eima za Tursku ne\u0107e imati ozbiljnije posljedice, doprinije\u0107e ve\u0107oj sigurnosti gra\u0111ana - dmcsrb.com","robots":{"index":"index","follow":"follow","max-snippet":"max-snippet:-1","max-image-preview":"max-image-preview:large","max-video-preview":"max-video-preview:-1"},"canonical":"https:\/\/dmcsrb.com\/en\/ekonomija\/video-dokic-privremena-obustava-bezviznog-rezima-za-tursku-nece-imati-ozbiljnije-posljedice-doprinijece-vecoj-sigurnosti-gradjana\/","og_locale":"en_GB","og_type":"article","og_title":"(VIDEO) Doki\u0107: Privremena obustava bezviznog re\u017eima za Tursku ne\u0107e imati ozbiljnije posljedice, doprinije\u0107e ve\u0107oj sigurnosti gra\u0111ana - dmcsrb.com","og_description":"Odluka Vlade da privremeno ukine bezvizni re\u017eim za dr\u017eavljane Turske izazvala je brojne reakcije. Dok dio gra\u0111ana strahuje od mogu\u0107ih ekonomskih posljedica, stru\u010dnjaci smatraju da nema razloga za brigu. Prema rije\u010dima ekonomskog analiti\u010dara Davora Doki\u0107a, ta mjera mo\u017ee donijeti vi\u0161e koristi nego \u0161tete, prije svega u pogledu bezbjednosti i preciznije identifikacije onih koji ulaze u Crnu Goru.","og_url":"https:\/\/dmcsrb.com\/en\/ekonomija\/video-dokic-privremena-obustava-bezviznog-rezima-za-tursku-nece-imati-ozbiljnije-posljedice-doprinijece-vecoj-sigurnosti-gradjana\/","og_site_name":"dmcsrb.com","article_published_time":"2025-11-03T17:33:00+00:00","og_image":[{"width":1274,"height":774,"url":"https:\/\/dmcsrb.com\/wp-content\/uploads\/2026\/01\/Davor-Dokic-foto-tv-podgorica.webp","type":"image\/jpeg"}],"author":"dmcsrbija.com@gmail.com","twitter_card":"summary_large_image","twitter_misc":{"Written by":"dmcsrbija.com@gmail.com","Estimated reading time":"1 minute"},"schema":{"@context":"https:\/\/schema.org","@graph":[{"@type":"Article","@id":"https:\/\/dmcsrb.com\/ekonomija\/video-dokic-privremena-obustava-bezviznog-rezima-za-tursku-nece-imati-ozbiljnije-posljedice-doprinijece-vecoj-sigurnosti-gradjana\/#article","isPartOf":{"@id":"https:\/\/dmcsrb.com\/ekonomija\/video-dokic-privremena-obustava-bezviznog-rezima-za-tursku-nece-imati-ozbiljnije-posljedice-doprinijece-vecoj-sigurnosti-gradjana\/"},"author":{"name":"dmcsrbija.com@gmail.com","@id":"https:\/\/dmcsrb.com\/#\/schema\/person\/5c39170f12db1b8b457732d0b5c854e2"},"headline":"(VIDEO) Doki\u0107: Privremena obustava bezviznog re\u017eima za Tursku ne\u0107e imati ozbiljnije posljedice, doprinije\u0107e ve\u0107oj sigurnosti gra\u0111ana","datePublished":"2025-11-03T17:33:00+00:00","mainEntityOfPage":{"@id":"https:\/\/dmcsrb.com\/ekonomija\/video-dokic-privremena-obustava-bezviznog-rezima-za-tursku-nece-imati-ozbiljnije-posljedice-doprinijece-vecoj-sigurnosti-gradjana\/"},"wordCount":265,"commentCount":0,"image":{"@id":"https:\/\/dmcsrb.com\/ekonomija\/video-dokic-privremena-obustava-bezviznog-rezima-za-tursku-nece-imati-ozbiljnije-posljedice-doprinijece-vecoj-sigurnosti-gradjana\/#primaryimage"},"thumbnailUrl":"https:\/\/dmcsrb.com\/wp-content\/uploads\/2026\/01\/Davor-Dokic-foto-tv-podgorica.webp","keywords":["Davor Doki\u0107","Turska"],"articleSection":["Ekonomija"],"inLanguage":"en-GB","potentialAction":[{"@type":"CommentAction","name":"Comment","target":["https:\/\/dmcsrb.com\/ekonomija\/video-dokic-privremena-obustava-bezviznog-rezima-za-tursku-nece-imati-ozbiljnije-posljedice-doprinijece-vecoj-sigurnosti-gradjana\/#respond"]}]},{"@type":"WebPage","@id":"https:\/\/dmcsrb.com\/ekonomija\/video-dokic-privremena-obustava-bezviznog-rezima-za-tursku-nece-imati-ozbiljnije-posljedice-doprinijece-vecoj-sigurnosti-gradjana\/","url":"https:\/\/dmcsrb.com\/ekonomija\/video-dokic-privremena-obustava-bezviznog-rezima-za-tursku-nece-imati-ozbiljnije-posljedice-doprinijece-vecoj-sigurnosti-gradjana\/","name":"(VIDEO) Doki\u0107: Privremena obustava bezviznog re\u017eima za Tursku ne\u0107e imati ozbiljnije posljedice, doprinije\u0107e ve\u0107oj sigurnosti gra\u0111ana - dmcsrb.com","isPartOf":{"@id":"https:\/\/dmcsrb.com\/#website"},"primaryImageOfPage":{"@id":"https:\/\/dmcsrb.com\/ekonomija\/video-dokic-privremena-obustava-bezviznog-rezima-za-tursku-nece-imati-ozbiljnije-posljedice-doprinijece-vecoj-sigurnosti-gradjana\/#primaryimage"},"image":{"@id":"https:\/\/dmcsrb.com\/ekonomija\/video-dokic-privremena-obustava-bezviznog-rezima-za-tursku-nece-imati-ozbiljnije-posljedice-doprinijece-vecoj-sigurnosti-gradjana\/#primaryimage"},"thumbnailUrl":"https:\/\/dmcsrb.com\/wp-content\/uploads\/2026\/01\/Davor-Dokic-foto-tv-podgorica.webp","datePublished":"2025-11-03T17:33:00+00:00","author":{"@id":"https:\/\/dmcsrb.com\/#\/schema\/person\/5c39170f12db1b8b457732d0b5c854e2"},"breadcrumb":{"@id":"https:\/\/dmcsrb.com\/ekonomija\/video-dokic-privremena-obustava-bezviznog-rezima-za-tursku-nece-imati-ozbiljnije-posljedice-doprinijece-vecoj-sigurnosti-gradjana\/#breadcrumb"},"inLanguage":"en-GB","potentialAction":[{"@type":"ReadAction","target":["https:\/\/dmcsrb.com\/ekonomija\/video-dokic-privremena-obustava-bezviznog-rezima-za-tursku-nece-imati-ozbiljnije-posljedice-doprinijece-vecoj-sigurnosti-gradjana\/"]}]},{"@type":"ImageObject","inLanguage":"en-GB","@id":"https:\/\/dmcsrb.com\/ekonomija\/video-dokic-privremena-obustava-bezviznog-rezima-za-tursku-nece-imati-ozbiljnije-posljedice-doprinijece-vecoj-sigurnosti-gradjana\/#primaryimage","url":"https:\/\/dmcsrb.com\/wp-content\/uploads\/2026\/01\/Davor-Dokic-foto-tv-podgorica.webp","contentUrl":"https:\/\/dmcsrb.com\/wp-content\/uploads\/2026\/01\/Davor-Dokic-foto-tv-podgorica.webp","width":1274,"height":774},{"@type":"BreadcrumbList","@id":"https:\/\/dmcsrb.com\/ekonomija\/video-dokic-privremena-obustava-bezviznog-rezima-za-tursku-nece-imati-ozbiljnije-posljedice-doprinijece-vecoj-sigurnosti-gradjana\/#breadcrumb","itemListElement":[{"@type":"ListItem","position":1,"name":"Home","item":"https:\/\/dmcsrb.com\/"},{"@type":"ListItem","position":2,"name":"(VIDEO) Doki\u0107: Privremena obustava bezviznog re\u017eima za Tursku ne\u0107e imati ozbiljnije posljedice, doprinije\u0107e ve\u0107oj sigurnosti gra\u0111ana"}]},{"@type":"WebSite","@id":"https:\/\/dmcsrb.com\/#website","url":"https:\/\/dmcsrb.com\/","name":"dmcsrb.com","description":"","potentialAction":[{"@type":"SearchAction","target":{"@type":"EntryPoint","urlTemplate":"https:\/\/dmcsrb.com\/?s={search_term_string}"},"query-input":{"@type":"PropertyValueSpecification","valueRequired":true,"valueName":"search_term_string"}}],"inLanguage":"en-GB"},{"@type":"Person","@id":"https:\/\/dmcsrb.com\/#\/schema\/person\/5c39170f12db1b8b457732d0b5c854e2","name":"dmcsrbija.com@gmail.com","image":{"@type":"ImageObject","inLanguage":"en-GB","@id":"https:\/\/secure.gravatar.com\/avatar\/68592660ad6347fad0fb587f8d5d8f1a7b44961362f56e4f2cd524feb87e9069?s=96&d=mm&r=g","url":"https:\/\/secure.gravatar.com\/avatar\/68592660ad6347fad0fb587f8d5d8f1a7b44961362f56e4f2cd524feb87e9069?s=96&d=mm&r=g","contentUrl":"https:\/\/secure.gravatar.com\/avatar\/68592660ad6347fad0fb587f8d5d8f1a7b44961362f56e4f2cd524feb87e9069?s=96&d=mm&r=g","caption":"dmcsrbija.com@gmail.com"},"sameAs":["https:\/\/dmcsrb.com"],"url":"https:\/\/dmcsrb.com\/en\/author\/dmcsrbija-comgmail-com\/"}]}},"_links":{"self":[{"href":"https:\/\/dmcsrb.com\/en\/wp-json\/wp\/v2\/posts\/961720","targetHints":{"allow":["GET"]}}],"collection":[{"href":"https:\/\/dmcsrb.com\/en\/wp-json\/wp\/v2\/posts"}],"about":[{"href":"https:\/\/dmcsrb.com\/en\/wp-json\/wp\/v2\/types\/post"}],"author":[{"embeddable":true,"href":"https:\/\/dmcsrb.com\/en\/wp-json\/wp\/v2\/users\/1"}],"replies":[{"embeddable":true,"href":"https:\/\/dmcsrb.com\/en\/wp-json\/wp\/v2\/comments?post=961720"}],"version-history":[{"count":0,"href":"https:\/\/dmcsrb.com\/en\/wp-json\/wp\/v2\/posts\/961720\/revisions"}],"wp:featuredmedia":[{"embeddable":true,"href":"https:\/\/dmcsrb.com\/en\/wp-json\/wp\/v2\/media\/961721"}],"wp:attachment":[{"href":"https:\/\/dmcsrb.com\/en\/wp-json\/wp\/v2\/media?parent=961720"}],"wp:term":[{"taxonomy":"category","embeddable":true,"href":"https:\/\/dmcsrb.com\/en\/wp-json\/wp\/v2\/categories?post=961720"},{"taxonomy":"post_tag","embeddable":true,"href":"https:\/\/dmcsrb.com\/en\/wp-json\/wp\/v2\/tags?post=961720"},{"taxonomy":"naslovna","embeddable":true,"href":"https:\/\/dmcsrb.com\/en\/wp-json\/wp\/v2\/naslovna?post=961720"}],"curies":[{"name":"wp","href":"https:\/\/api.w.org\/{rel}","templated":true}]}}