{"id":961710,"date":"2025-11-03T18:54:00","date_gmt":"2025-11-03T17:54:00","guid":{"rendered":"https:\/\/dmcsrb.com\/uncategorized\/u-izraelskom-napadu-na-liban-poginula-jedna-osoba-ranjeno-sedam\/"},"modified":"2025-11-03T18:54:00","modified_gmt":"2025-11-03T17:54:00","slug":"u-izraelskom-napadu-na-liban-poginula-jedna-osoba-ranjeno-sedam","status":"publish","type":"post","link":"https:\/\/dmcsrb.com\/en\/svijet\/u-izraelskom-napadu-na-liban-poginula-jedna-osoba-ranjeno-sedam\/","title":{"rendered":"U izraelskom napadu na Liban poginula jedna osoba, ranjeno sedam"},"content":{"rendered":"<p>U izraelskom napadu dronom na jugu Libana je ubijena jedna osoba, dok ih je sedam ranjeno, saop\u0161tilo je libansko Ministarstvo zdravstva.<\/p>\n\n\n\n<p>Kako prenosi Anadolija, napad se dogodio uprkos sporazumu o prekidu vatre izme\u0111u dvije dr\u017eave.&nbsp;<\/p>\n\n\n\n<p>Navodi se da je u napadu pogo\u0111en i zapaljen automobil koji se nalazio na isto\u010dnoj raskrsnici Dveir u okrugu Nabatieh.<\/p>\n\n\n\n<p>Slu\u017ebena novinska agencija NNA izvijestila je da je, u jo\u0161 jednom izraelskom napadu dronom, ba\u010dena bomba u blizini buldo\u017eera u sjevernom naselju Khiam, u okrugu Marjaoun.<\/p>\n\n\n\n<p>U tom napadu nije bilo prijavljenih povrije\u0111enih.<\/p>\n\n\n\n<p>Tenzije u ju\u017enom Libanu rastu sedmicama, a izraelska vojska intenzivira gotovo svakodnevne vazdu\u0161ne napade unutar libanske teritorije uprkos prekidu vatre koji je na snazi \u200b\u200bod novembra pro\u0161le godine.<\/p>\n\n\n\n<p>Izraelski javni emiter KAN javio je u petak da Tel Aviv razmatra eskalaciju svojih vojnih operacija u Libanu, kako bi se navodno suprotstavio naporima Hezbolaha da pove\u0107a svoje kapacitete.<\/p>\n\n\n\n<p>U napadima Izraela na Liban, koji su po\u010deli u oktobru 2023. i pretvorili se u ofanzivu velikih razmjera u septembru pro\u0161le godine, ubijeno je vi\u0161e od \u010detiri hiljade ljudi i ranjeno skoro 17 hiljada.<\/p>\n\n\n\n<p>Prema sklopljenom primirju, izraelska vojska bi trebalo da se povu\u010de iz ju\u017enog Libana ovog januara.<\/p>\n\n\n\n<p>Vojska Izraela do sada se samo djelimi\u010dno povukla i nastavlja da odr\u017eava vojno prisustvo na pet grani\u010dnih ispostava.<\/p>","protected":false},"excerpt":{"rendered":"<p>U izraelskom napadu dronom na jugu Libana je ubijena jedna osoba, dok ih je sedam ranjeno, saop\u0161tilo je Ministarstvo zdravstva Libana.<\/p>","protected":false},"author":1,"featured_media":961711,"comment_status":"open","ping_status":"open","sticky":false,"template":"","format":"standard","meta":{"_acf_changed":false,"footnotes":""},"categories":[144],"tags":[751,13473,3141],"naslovna":[],"class_list":["post-961710","post","type-post","status-publish","format-standard","has-post-thumbnail","hentry","category-svijet","tag-izrael","tag-liban","tag-napad"],"acf":[],"yoast_head":"<!-- This site is optimized with the Yoast SEO plugin v27.0 - https:\/\/yoast.com\/product\/yoast-seo-wordpress\/ -->\n<title>U izraelskom napadu na Liban poginula jedna osoba, ranjeno sedam - dmcsrb.com<\/title>\n<meta name=\"robots\" content=\"index, follow, max-snippet:-1, max-image-preview:large, max-video-preview:-1\" \/>\n<link rel=\"canonical\" href=\"https:\/\/dmcsrb.com\/en\/svijet\/u-izraelskom-napadu-na-liban-poginula-jedna-osoba-ranjeno-sedam\/\" \/>\n<meta property=\"og:locale\" content=\"en_GB\" \/>\n<meta property=\"og:type\" content=\"article\" \/>\n<meta property=\"og:title\" content=\"U izraelskom napadu na Liban poginula jedna osoba, ranjeno sedam - dmcsrb.com\" \/>\n<meta property=\"og:description\" content=\"U izraelskom napadu dronom na jugu Libana je ubijena jedna osoba, dok ih je sedam ranjeno, saop\u0161tilo je Ministarstvo zdravstva Libana.\" \/>\n<meta property=\"og:url\" content=\"https:\/\/dmcsrb.com\/en\/svijet\/u-izraelskom-napadu-na-liban-poginula-jedna-osoba-ranjeno-sedam\/\" \/>\n<meta property=\"og:site_name\" content=\"dmcsrb.com\" \/>\n<meta property=\"article:published_time\" content=\"2025-11-03T17:54:00+00:00\" \/>\n<meta property=\"og:image\" content=\"https:\/\/dmcsrb.com\/wp-content\/uploads\/2026\/01\/international-2693259_640.webp\" \/>\n\t<meta property=\"og:image:width\" content=\"640\" \/>\n\t<meta property=\"og:image:height\" content=\"480\" \/>\n\t<meta property=\"og:image:type\" content=\"image\/jpeg\" \/>\n<meta name=\"author\" content=\"dmcsrbija.com@gmail.com\" \/>\n<meta name=\"twitter:card\" content=\"summary_large_image\" \/>\n<meta name=\"twitter:label1\" content=\"Written by\" \/>\n\t<meta name=\"twitter:data1\" content=\"dmcsrbija.com@gmail.com\" \/>\n\t<meta name=\"twitter:label2\" content=\"Estimated reading time\" \/>\n\t<meta name=\"twitter:data2\" content=\"1 minute\" \/>\n<script type=\"application\/ld+json\" class=\"yoast-schema-graph\">{\"@context\":\"https:\/\/schema.org\",\"@graph\":[{\"@type\":\"Article\",\"@id\":\"https:\/\/dmcsrb.com\/svijet\/u-izraelskom-napadu-na-liban-poginula-jedna-osoba-ranjeno-sedam\/#article\",\"isPartOf\":{\"@id\":\"https:\/\/dmcsrb.com\/svijet\/u-izraelskom-napadu-na-liban-poginula-jedna-osoba-ranjeno-sedam\/\"},\"author\":{\"name\":\"dmcsrbija.com@gmail.com\",\"@id\":\"https:\/\/dmcsrb.com\/#\/schema\/person\/5c39170f12db1b8b457732d0b5c854e2\"},\"headline\":\"U izraelskom napadu na Liban poginula jedna osoba, ranjeno sedam\",\"datePublished\":\"2025-11-03T17:54:00+00:00\",\"mainEntityOfPage\":{\"@id\":\"https:\/\/dmcsrb.com\/svijet\/u-izraelskom-napadu-na-liban-poginula-jedna-osoba-ranjeno-sedam\/\"},\"wordCount\":242,\"commentCount\":0,\"image\":{\"@id\":\"https:\/\/dmcsrb.com\/svijet\/u-izraelskom-napadu-na-liban-poginula-jedna-osoba-ranjeno-sedam\/#primaryimage\"},\"thumbnailUrl\":\"https:\/\/dmcsrb.com\/wp-content\/uploads\/2026\/01\/international-2693259_640.webp\",\"keywords\":[\"Izrael\",\"Liban\",\"napad\"],\"articleSection\":[\"Svijet\"],\"inLanguage\":\"en-GB\",\"potentialAction\":[{\"@type\":\"CommentAction\",\"name\":\"Comment\",\"target\":[\"https:\/\/dmcsrb.com\/svijet\/u-izraelskom-napadu-na-liban-poginula-jedna-osoba-ranjeno-sedam\/#respond\"]}]},{\"@type\":\"WebPage\",\"@id\":\"https:\/\/dmcsrb.com\/svijet\/u-izraelskom-napadu-na-liban-poginula-jedna-osoba-ranjeno-sedam\/\",\"url\":\"https:\/\/dmcsrb.com\/svijet\/u-izraelskom-napadu-na-liban-poginula-jedna-osoba-ranjeno-sedam\/\",\"name\":\"U izraelskom napadu na Liban poginula jedna osoba, ranjeno sedam - dmcsrb.com\",\"isPartOf\":{\"@id\":\"https:\/\/dmcsrb.com\/#website\"},\"primaryImageOfPage\":{\"@id\":\"https:\/\/dmcsrb.com\/svijet\/u-izraelskom-napadu-na-liban-poginula-jedna-osoba-ranjeno-sedam\/#primaryimage\"},\"image\":{\"@id\":\"https:\/\/dmcsrb.com\/svijet\/u-izraelskom-napadu-na-liban-poginula-jedna-osoba-ranjeno-sedam\/#primaryimage\"},\"thumbnailUrl\":\"https:\/\/dmcsrb.com\/wp-content\/uploads\/2026\/01\/international-2693259_640.webp\",\"datePublished\":\"2025-11-03T17:54:00+00:00\",\"author\":{\"@id\":\"https:\/\/dmcsrb.com\/#\/schema\/person\/5c39170f12db1b8b457732d0b5c854e2\"},\"breadcrumb\":{\"@id\":\"https:\/\/dmcsrb.com\/svijet\/u-izraelskom-napadu-na-liban-poginula-jedna-osoba-ranjeno-sedam\/#breadcrumb\"},\"inLanguage\":\"en-GB\",\"potentialAction\":[{\"@type\":\"ReadAction\",\"target\":[\"https:\/\/dmcsrb.com\/svijet\/u-izraelskom-napadu-na-liban-poginula-jedna-osoba-ranjeno-sedam\/\"]}]},{\"@type\":\"ImageObject\",\"inLanguage\":\"en-GB\",\"@id\":\"https:\/\/dmcsrb.com\/svijet\/u-izraelskom-napadu-na-liban-poginula-jedna-osoba-ranjeno-sedam\/#primaryimage\",\"url\":\"https:\/\/dmcsrb.com\/wp-content\/uploads\/2026\/01\/international-2693259_640.webp\",\"contentUrl\":\"https:\/\/dmcsrb.com\/wp-content\/uploads\/2026\/01\/international-2693259_640.webp\",\"width\":640,\"height\":480},{\"@type\":\"BreadcrumbList\",\"@id\":\"https:\/\/dmcsrb.com\/svijet\/u-izraelskom-napadu-na-liban-poginula-jedna-osoba-ranjeno-sedam\/#breadcrumb\",\"itemListElement\":[{\"@type\":\"ListItem\",\"position\":1,\"name\":\"Home\",\"item\":\"https:\/\/dmcsrb.com\/\"},{\"@type\":\"ListItem\",\"position\":2,\"name\":\"U izraelskom napadu na Liban poginula jedna osoba, ranjeno sedam\"}]},{\"@type\":\"WebSite\",\"@id\":\"https:\/\/dmcsrb.com\/#website\",\"url\":\"https:\/\/dmcsrb.com\/\",\"name\":\"dmcsrb.com\",\"description\":\"\",\"potentialAction\":[{\"@type\":\"SearchAction\",\"target\":{\"@type\":\"EntryPoint\",\"urlTemplate\":\"https:\/\/dmcsrb.com\/?s={search_term_string}\"},\"query-input\":{\"@type\":\"PropertyValueSpecification\",\"valueRequired\":true,\"valueName\":\"search_term_string\"}}],\"inLanguage\":\"en-GB\"},{\"@type\":\"Person\",\"@id\":\"https:\/\/dmcsrb.com\/#\/schema\/person\/5c39170f12db1b8b457732d0b5c854e2\",\"name\":\"dmcsrbija.com@gmail.com\",\"image\":{\"@type\":\"ImageObject\",\"inLanguage\":\"en-GB\",\"@id\":\"https:\/\/dmcsrb.com\/#\/schema\/person\/image\/\",\"url\":\"https:\/\/secure.gravatar.com\/avatar\/68592660ad6347fad0fb587f8d5d8f1a7b44961362f56e4f2cd524feb87e9069?s=96&d=mm&r=g\",\"contentUrl\":\"https:\/\/secure.gravatar.com\/avatar\/68592660ad6347fad0fb587f8d5d8f1a7b44961362f56e4f2cd524feb87e9069?s=96&d=mm&r=g\",\"caption\":\"dmcsrbija.com@gmail.com\"},\"sameAs\":[\"https:\/\/dmcsrb.com\"],\"url\":\"https:\/\/dmcsrb.com\/en\/author\/dmcsrbija-comgmail-com\/\"}]}<\/script>\n<!-- \/ Yoast SEO plugin. -->","yoast_head_json":{"title":"U izraelskom napadu na Liban poginula jedna osoba, ranjeno sedam - dmcsrb.com","robots":{"index":"index","follow":"follow","max-snippet":"max-snippet:-1","max-image-preview":"max-image-preview:large","max-video-preview":"max-video-preview:-1"},"canonical":"https:\/\/dmcsrb.com\/en\/svijet\/u-izraelskom-napadu-na-liban-poginula-jedna-osoba-ranjeno-sedam\/","og_locale":"en_GB","og_type":"article","og_title":"U izraelskom napadu na Liban poginula jedna osoba, ranjeno sedam - dmcsrb.com","og_description":"U izraelskom napadu dronom na jugu Libana je ubijena jedna osoba, dok ih je sedam ranjeno, saop\u0161tilo je Ministarstvo zdravstva Libana.","og_url":"https:\/\/dmcsrb.com\/en\/svijet\/u-izraelskom-napadu-na-liban-poginula-jedna-osoba-ranjeno-sedam\/","og_site_name":"dmcsrb.com","article_published_time":"2025-11-03T17:54:00+00:00","og_image":[{"width":640,"height":480,"url":"https:\/\/dmcsrb.com\/wp-content\/uploads\/2026\/01\/international-2693259_640.webp","type":"image\/jpeg"}],"author":"dmcsrbija.com@gmail.com","twitter_card":"summary_large_image","twitter_misc":{"Written by":"dmcsrbija.com@gmail.com","Estimated reading time":"1 minute"},"schema":{"@context":"https:\/\/schema.org","@graph":[{"@type":"Article","@id":"https:\/\/dmcsrb.com\/svijet\/u-izraelskom-napadu-na-liban-poginula-jedna-osoba-ranjeno-sedam\/#article","isPartOf":{"@id":"https:\/\/dmcsrb.com\/svijet\/u-izraelskom-napadu-na-liban-poginula-jedna-osoba-ranjeno-sedam\/"},"author":{"name":"dmcsrbija.com@gmail.com","@id":"https:\/\/dmcsrb.com\/#\/schema\/person\/5c39170f12db1b8b457732d0b5c854e2"},"headline":"U izraelskom napadu na Liban poginula jedna osoba, ranjeno sedam","datePublished":"2025-11-03T17:54:00+00:00","mainEntityOfPage":{"@id":"https:\/\/dmcsrb.com\/svijet\/u-izraelskom-napadu-na-liban-poginula-jedna-osoba-ranjeno-sedam\/"},"wordCount":242,"commentCount":0,"image":{"@id":"https:\/\/dmcsrb.com\/svijet\/u-izraelskom-napadu-na-liban-poginula-jedna-osoba-ranjeno-sedam\/#primaryimage"},"thumbnailUrl":"https:\/\/dmcsrb.com\/wp-content\/uploads\/2026\/01\/international-2693259_640.webp","keywords":["Izrael","Liban","napad"],"articleSection":["Svijet"],"inLanguage":"en-GB","potentialAction":[{"@type":"CommentAction","name":"Comment","target":["https:\/\/dmcsrb.com\/svijet\/u-izraelskom-napadu-na-liban-poginula-jedna-osoba-ranjeno-sedam\/#respond"]}]},{"@type":"WebPage","@id":"https:\/\/dmcsrb.com\/svijet\/u-izraelskom-napadu-na-liban-poginula-jedna-osoba-ranjeno-sedam\/","url":"https:\/\/dmcsrb.com\/svijet\/u-izraelskom-napadu-na-liban-poginula-jedna-osoba-ranjeno-sedam\/","name":"U izraelskom napadu na Liban poginula jedna osoba, ranjeno sedam - dmcsrb.com","isPartOf":{"@id":"https:\/\/dmcsrb.com\/#website"},"primaryImageOfPage":{"@id":"https:\/\/dmcsrb.com\/svijet\/u-izraelskom-napadu-na-liban-poginula-jedna-osoba-ranjeno-sedam\/#primaryimage"},"image":{"@id":"https:\/\/dmcsrb.com\/svijet\/u-izraelskom-napadu-na-liban-poginula-jedna-osoba-ranjeno-sedam\/#primaryimage"},"thumbnailUrl":"https:\/\/dmcsrb.com\/wp-content\/uploads\/2026\/01\/international-2693259_640.webp","datePublished":"2025-11-03T17:54:00+00:00","author":{"@id":"https:\/\/dmcsrb.com\/#\/schema\/person\/5c39170f12db1b8b457732d0b5c854e2"},"breadcrumb":{"@id":"https:\/\/dmcsrb.com\/svijet\/u-izraelskom-napadu-na-liban-poginula-jedna-osoba-ranjeno-sedam\/#breadcrumb"},"inLanguage":"en-GB","potentialAction":[{"@type":"ReadAction","target":["https:\/\/dmcsrb.com\/svijet\/u-izraelskom-napadu-na-liban-poginula-jedna-osoba-ranjeno-sedam\/"]}]},{"@type":"ImageObject","inLanguage":"en-GB","@id":"https:\/\/dmcsrb.com\/svijet\/u-izraelskom-napadu-na-liban-poginula-jedna-osoba-ranjeno-sedam\/#primaryimage","url":"https:\/\/dmcsrb.com\/wp-content\/uploads\/2026\/01\/international-2693259_640.webp","contentUrl":"https:\/\/dmcsrb.com\/wp-content\/uploads\/2026\/01\/international-2693259_640.webp","width":640,"height":480},{"@type":"BreadcrumbList","@id":"https:\/\/dmcsrb.com\/svijet\/u-izraelskom-napadu-na-liban-poginula-jedna-osoba-ranjeno-sedam\/#breadcrumb","itemListElement":[{"@type":"ListItem","position":1,"name":"Home","item":"https:\/\/dmcsrb.com\/"},{"@type":"ListItem","position":2,"name":"U izraelskom napadu na Liban poginula jedna osoba, ranjeno sedam"}]},{"@type":"WebSite","@id":"https:\/\/dmcsrb.com\/#website","url":"https:\/\/dmcsrb.com\/","name":"dmcsrb.com","description":"","potentialAction":[{"@type":"SearchAction","target":{"@type":"EntryPoint","urlTemplate":"https:\/\/dmcsrb.com\/?s={search_term_string}"},"query-input":{"@type":"PropertyValueSpecification","valueRequired":true,"valueName":"search_term_string"}}],"inLanguage":"en-GB"},{"@type":"Person","@id":"https:\/\/dmcsrb.com\/#\/schema\/person\/5c39170f12db1b8b457732d0b5c854e2","name":"dmcsrbija.com@gmail.com","image":{"@type":"ImageObject","inLanguage":"en-GB","@id":"https:\/\/dmcsrb.com\/#\/schema\/person\/image\/","url":"https:\/\/secure.gravatar.com\/avatar\/68592660ad6347fad0fb587f8d5d8f1a7b44961362f56e4f2cd524feb87e9069?s=96&d=mm&r=g","contentUrl":"https:\/\/secure.gravatar.com\/avatar\/68592660ad6347fad0fb587f8d5d8f1a7b44961362f56e4f2cd524feb87e9069?s=96&d=mm&r=g","caption":"dmcsrbija.com@gmail.com"},"sameAs":["https:\/\/dmcsrb.com"],"url":"https:\/\/dmcsrb.com\/en\/author\/dmcsrbija-comgmail-com\/"}]}},"_links":{"self":[{"href":"https:\/\/dmcsrb.com\/en\/wp-json\/wp\/v2\/posts\/961710","targetHints":{"allow":["GET"]}}],"collection":[{"href":"https:\/\/dmcsrb.com\/en\/wp-json\/wp\/v2\/posts"}],"about":[{"href":"https:\/\/dmcsrb.com\/en\/wp-json\/wp\/v2\/types\/post"}],"author":[{"embeddable":true,"href":"https:\/\/dmcsrb.com\/en\/wp-json\/wp\/v2\/users\/1"}],"replies":[{"embeddable":true,"href":"https:\/\/dmcsrb.com\/en\/wp-json\/wp\/v2\/comments?post=961710"}],"version-history":[{"count":0,"href":"https:\/\/dmcsrb.com\/en\/wp-json\/wp\/v2\/posts\/961710\/revisions"}],"wp:featuredmedia":[{"embeddable":true,"href":"https:\/\/dmcsrb.com\/en\/wp-json\/wp\/v2\/media\/961711"}],"wp:attachment":[{"href":"https:\/\/dmcsrb.com\/en\/wp-json\/wp\/v2\/media?parent=961710"}],"wp:term":[{"taxonomy":"category","embeddable":true,"href":"https:\/\/dmcsrb.com\/en\/wp-json\/wp\/v2\/categories?post=961710"},{"taxonomy":"post_tag","embeddable":true,"href":"https:\/\/dmcsrb.com\/en\/wp-json\/wp\/v2\/tags?post=961710"},{"taxonomy":"naslovna","embeddable":true,"href":"https:\/\/dmcsrb.com\/en\/wp-json\/wp\/v2\/naslovna?post=961710"}],"curies":[{"name":"wp","href":"https:\/\/api.w.org\/{rel}","templated":true}]}}