{"id":961699,"date":"2025-11-03T15:40:00","date_gmt":"2025-11-03T14:40:00","guid":{"rendered":"https:\/\/dmcsrb.com\/uncategorized\/nisic-isplacena-potrazivanja-bivsim-radnicima-kap-a-kosute-i-dakica-slijedi-petoljetka\/"},"modified":"2025-11-03T15:40:00","modified_gmt":"2025-11-03T14:40:00","slug":"nisic-isplacena-potrazivanja-bivsim-radnicima-kap-a-kosute-i-dakica-slijedi-petoljetka","status":"publish","type":"post","link":"https:\/\/dmcsrb.com\/en\/ekonomija\/nisic-isplacena-potrazivanja-bivsim-radnicima-kap-a-kosute-i-dakica-slijedi-petoljetka\/","title":{"rendered":"Ni\u0161i\u0107: Ispla\u0107ena potra\u017eivanja biv\u0161im radnicima KAP-a, Ko\u0161ute i Daki\u0107a \u2013 slijedi Petoljetka"},"content":{"rendered":"<p><\/p>\n\n\n\n<p>Ona je u odgovoru na poslani\u010dko pitanje, podsjetila na rezultate trenutne Vlade, u pravcu rje\u0161avanja pitanja zaostalih potra\u017eivanja biv\u0161ih radnika.&nbsp;<\/p>\n\n\n\n<p>Poslanik Gra\u0111anskog pokreta URA Milo\u0161 Konatar pitao je Ni\u0161i\u0107 da li podr\u017eava dono\u0161enje zakona kojim \u0107e se finansijski obe\u0161tetiti svi biv\u0161i zaposleni dr\u017eavnih preduze\u0107a koja su po\u0161la u ste\u010daj i da li je sada red da se poslije biv\u0161ih zaposlenih u metalskoj, rudarskoj, drvoprera\u0111iva\u010dkoj i \u0161umarskoj industriji, ispravi nepravda i prema svim drugim biv\u0161im radnicima, bez izuzetka.<\/p>\n\n\n\n<p>&#8220;Svjesni da svi podnosioci zahtjeva traze isklju\u010divo ono \u0161to su svojim radom zaslu\u017eili, opravdano se name\u0107e pitanje &#8211; kako je mogu\u0107e da ovakav pravedan odnos prema biv\u0161im zaposlenima nijesu pokazali i oni koji su bili klju\u010dni \u010dinioci prethodnih vlada&#8221;, pitala je Ni\u0161i\u0107.&nbsp;<\/p>\n\n\n\n<p>Ona smatra da je va\u017eno ukazati na odgovornost prema odr\u017eivosti javnih finansija i po\u0161tovanju principa pravedne raspodjele sredstava, te da to mora predstavijati osnovni princip i kodeks politi\u010dkog djelovanja svih donosilaca odluka u svim granama vlasti.<\/p>\n\n\n\n<p>&#8220;Polaze\u0107i od jasnih smjernica o nu\u017enosti o\u010duvanja odr\u017eivosti javnih finansija i pa\u017eljivog planiranja budu\u0107ih koraka ka realnim i mogu\u0107im isplatama osnovanih potra\u017eivanja, ovo Ministarstvo je sistemati\u010dno pristupilo rje\u0161avanju predmetne problematike&#8221;, navela je Ni\u0161i\u0107.<\/p>\n\n\n\n<p>Ona je ocijenila da su u tom procesu po\u0161tovani principi vlade i kolektivnog odlu\u010divanja, ali i iskazano duboko uva\u017eavanje prema gra\u0111anima.<\/p>\n\n\n\n<p>Ni\u0161i\u0107 je podsjetila da je u cilju povezivanja beneficiranog radnog sta\u017ea Ministarstvo rada, zapo\u0161ljavanja i socijalnog dijaloga, sa predstavnicom sindikata Kombinata aluminijuma (KAP) i Fondom rada zaklju\u010dilo sporazum kako bi radnici ostvarili pravo na starosnu penziju. Navedeno pravo do sad je ostvarilo 29 biv\u0161ih radnika.<\/p>\n\n\n\n<p>&#8220;Izvr\u0161ena je isplata priznatih, a neispla\u0107enih potra\u017eivanja u cjelosti za 88 penzionera KAP-a, u iznosu od 1,15 miliona eura, u skladu sa presudama suda po osnovu naknade \u0161tete na ime manje upla\u0107enih doprinosa za PIO&#8221;, navela je Ni\u0161i\u0107.<\/p>\n\n\n\n<p>Ona je podsjetila da su zaklju\u010deni sporazumi kako bi biv\u0161i radnici metalsko rudarskog sektora mogli da ostvare pravo na penziju. To se odnosi na biv\u0161e radnike Tos\u010delika, Radventa, Minel Promonfa iz Nik\u0161i\u0107a i Bumech-a Crna Gora, a u pitanju je oko 30-ak radnika.<\/p>\n\n\n\n<p>&#8220;Rije\u0161eno je pitanje biv\u0161ih radnika IMO Ko\u0161uta Cetinje koji se odnose na isplate zaostalih zarada za 699 radnika, preko Fonda rada. Nakon gotovo 30 godina od otvaranja ste\u010daja, bivsi zaposleni su decembra pro\u0161le godine ostvarili svoja zaostala potra\u017eivanja, prilikom \u010dega su ispla\u0107ena sredstva u iznosu od 2,52 miliona eura. Do danas je ispla\u0107eno gotovo 2,6 miliona eura za 720 radnika Ko\u0161ute, a u toku je postupak za jo\u0161 48 zahtjeva&#8221;, precizirala je Ni\u0161i\u0107.<\/p>\n\n\n\n<p>Biv\u0161im zaposlenima firme &#8220;Radoje Daki\u0107&#8221;, tokom pro\u0161le godine, ispla\u0107eno je ukupno 15,73 miliona eura.<\/p>\n\n\n\n<p>&#8220;Od februara Fondu rada podnijeto je 320 zahtjeva za isplatu zarada biv\u0161ih zaposlenih Rudnika boksita, po osnovu prestanka radnog odnosa usljed ste\u010daja. Do sada je ispla\u0107eno 115 biv\u0161ih zaposlenih, za \u010dije namirenje je bilo neophodno 306,8 hiljada eura&#8221;, dodala je Ni\u0161i\u0107.<\/p>\n\n\n\n<p>Pred Fondom rada trenutno je, kako je zaklju\u010dila, u toku prikupljanje dokumentacije i zahtjeva za biv\u0161e radnike bjelopoljskog preduze\u0107a &#8220;Prva Petoljetka&#8221; u cilju isplate neizmirenih potra\u017eivanja.<\/p>","protected":false},"excerpt":{"rendered":"<p>Vlada je za samo dvije godine mandata opredijelila zna\u010dajan iznos sredstava za namirenje potra\u017eivanja biv\u0161ih radnika, saop\u0161tila je ministarka rada, zapo\u0161ljavanja i socijalnog dijaloga Naida Ni\u0161i\u0107 i dodala da taj resor sistemati\u010dno pristupa rje\u0161avanju te problematike.<\/p>","protected":false},"author":1,"featured_media":961700,"comment_status":"open","ping_status":"open","sticky":false,"template":"","format":"standard","meta":{"_acf_changed":false,"footnotes":""},"categories":[27],"tags":[733,10746,488,652,8036,461],"naslovna":[],"class_list":["post-961699","post","type-post","status-publish","format-standard","has-post-thumbnail","hentry","category-ekonomija","tag-kap","tag-kosuta","tag-milos-konatar","tag-naida-nisic","tag-radoje-dakic","tag-skupstina-crne-gore"],"acf":[],"yoast_head":"<!-- This site is optimized with the Yoast SEO plugin v27.0 - https:\/\/yoast.com\/product\/yoast-seo-wordpress\/ -->\n<title>Ni\u0161i\u0107: Ispla\u0107ena potra\u017eivanja biv\u0161im radnicima KAP-a, Ko\u0161ute i Daki\u0107a \u2013 slijedi Petoljetka - dmcsrb.com<\/title>\n<meta name=\"robots\" content=\"index, follow, max-snippet:-1, max-image-preview:large, max-video-preview:-1\" \/>\n<link rel=\"canonical\" href=\"https:\/\/dmcsrb.com\/en\/ekonomija\/nisic-isplacena-potrazivanja-bivsim-radnicima-kap-a-kosute-i-dakica-slijedi-petoljetka\/\" \/>\n<meta property=\"og:locale\" content=\"en_GB\" \/>\n<meta property=\"og:type\" content=\"article\" \/>\n<meta property=\"og:title\" content=\"Ni\u0161i\u0107: Ispla\u0107ena potra\u017eivanja biv\u0161im radnicima KAP-a, Ko\u0161ute i Daki\u0107a \u2013 slijedi Petoljetka - dmcsrb.com\" \/>\n<meta property=\"og:description\" content=\"Vlada je za samo dvije godine mandata opredijelila zna\u010dajan iznos sredstava za namirenje potra\u017eivanja biv\u0161ih radnika, saop\u0161tila je ministarka rada, zapo\u0161ljavanja i socijalnog dijaloga Naida Ni\u0161i\u0107 i dodala da taj resor sistemati\u010dno pristupa rje\u0161avanju te problematike.\" \/>\n<meta property=\"og:url\" content=\"https:\/\/dmcsrb.com\/en\/ekonomija\/nisic-isplacena-potrazivanja-bivsim-radnicima-kap-a-kosute-i-dakica-slijedi-petoljetka\/\" \/>\n<meta property=\"og:site_name\" content=\"dmcsrb.com\" \/>\n<meta property=\"article:published_time\" content=\"2025-11-03T14:40:00+00:00\" \/>\n<meta property=\"og:image\" content=\"https:\/\/dmcsrb.com\/wp-content\/uploads\/2026\/01\/Nisic-u-Skupstini-CG-foto-skupstina-cg.webp\" \/>\n\t<meta property=\"og:image:width\" content=\"745\" \/>\n\t<meta property=\"og:image:height\" content=\"492\" \/>\n\t<meta property=\"og:image:type\" content=\"image\/jpeg\" \/>\n<meta name=\"author\" content=\"dmcsrbija.com@gmail.com\" \/>\n<meta name=\"twitter:card\" content=\"summary_large_image\" \/>\n<meta name=\"twitter:label1\" content=\"Written by\" \/>\n\t<meta name=\"twitter:data1\" content=\"dmcsrbija.com@gmail.com\" \/>\n\t<meta name=\"twitter:label2\" content=\"Estimated reading time\" \/>\n\t<meta name=\"twitter:data2\" content=\"3 minutes\" \/>\n<script type=\"application\/ld+json\" class=\"yoast-schema-graph\">{\"@context\":\"https:\/\/schema.org\",\"@graph\":[{\"@type\":\"Article\",\"@id\":\"https:\/\/dmcsrb.com\/ekonomija\/nisic-isplacena-potrazivanja-bivsim-radnicima-kap-a-kosute-i-dakica-slijedi-petoljetka\/#article\",\"isPartOf\":{\"@id\":\"https:\/\/dmcsrb.com\/ekonomija\/nisic-isplacena-potrazivanja-bivsim-radnicima-kap-a-kosute-i-dakica-slijedi-petoljetka\/\"},\"author\":{\"name\":\"dmcsrbija.com@gmail.com\",\"@id\":\"https:\/\/dmcsrb.com\/#\/schema\/person\/5c39170f12db1b8b457732d0b5c854e2\"},\"headline\":\"Ni\u0161i\u0107: Ispla\u0107ena potra\u017eivanja biv\u0161im radnicima KAP-a, Ko\u0161ute i Daki\u0107a \u2013 slijedi Petoljetka\",\"datePublished\":\"2025-11-03T14:40:00+00:00\",\"mainEntityOfPage\":{\"@id\":\"https:\/\/dmcsrb.com\/ekonomija\/nisic-isplacena-potrazivanja-bivsim-radnicima-kap-a-kosute-i-dakica-slijedi-petoljetka\/\"},\"wordCount\":577,\"commentCount\":0,\"image\":{\"@id\":\"https:\/\/dmcsrb.com\/ekonomija\/nisic-isplacena-potrazivanja-bivsim-radnicima-kap-a-kosute-i-dakica-slijedi-petoljetka\/#primaryimage\"},\"thumbnailUrl\":\"https:\/\/dmcsrb.com\/wp-content\/uploads\/2026\/01\/Nisic-u-Skupstini-CG-foto-skupstina-cg.webp\",\"keywords\":[\"kap\",\"ko\u0161uta\",\"Milo\u0161 Konatar\",\"Naida Ni\u0161i\u0107\",\"Radoje Dakic\",\"Skup\u0161tina Crne Gore\"],\"articleSection\":[\"Ekonomija\"],\"inLanguage\":\"en-GB\",\"potentialAction\":[{\"@type\":\"CommentAction\",\"name\":\"Comment\",\"target\":[\"https:\/\/dmcsrb.com\/ekonomija\/nisic-isplacena-potrazivanja-bivsim-radnicima-kap-a-kosute-i-dakica-slijedi-petoljetka\/#respond\"]}]},{\"@type\":\"WebPage\",\"@id\":\"https:\/\/dmcsrb.com\/ekonomija\/nisic-isplacena-potrazivanja-bivsim-radnicima-kap-a-kosute-i-dakica-slijedi-petoljetka\/\",\"url\":\"https:\/\/dmcsrb.com\/ekonomija\/nisic-isplacena-potrazivanja-bivsim-radnicima-kap-a-kosute-i-dakica-slijedi-petoljetka\/\",\"name\":\"Ni\u0161i\u0107: Ispla\u0107ena potra\u017eivanja biv\u0161im radnicima KAP-a, Ko\u0161ute i Daki\u0107a \u2013 slijedi Petoljetka - dmcsrb.com\",\"isPartOf\":{\"@id\":\"https:\/\/dmcsrb.com\/#website\"},\"primaryImageOfPage\":{\"@id\":\"https:\/\/dmcsrb.com\/ekonomija\/nisic-isplacena-potrazivanja-bivsim-radnicima-kap-a-kosute-i-dakica-slijedi-petoljetka\/#primaryimage\"},\"image\":{\"@id\":\"https:\/\/dmcsrb.com\/ekonomija\/nisic-isplacena-potrazivanja-bivsim-radnicima-kap-a-kosute-i-dakica-slijedi-petoljetka\/#primaryimage\"},\"thumbnailUrl\":\"https:\/\/dmcsrb.com\/wp-content\/uploads\/2026\/01\/Nisic-u-Skupstini-CG-foto-skupstina-cg.webp\",\"datePublished\":\"2025-11-03T14:40:00+00:00\",\"author\":{\"@id\":\"https:\/\/dmcsrb.com\/#\/schema\/person\/5c39170f12db1b8b457732d0b5c854e2\"},\"breadcrumb\":{\"@id\":\"https:\/\/dmcsrb.com\/ekonomija\/nisic-isplacena-potrazivanja-bivsim-radnicima-kap-a-kosute-i-dakica-slijedi-petoljetka\/#breadcrumb\"},\"inLanguage\":\"en-GB\",\"potentialAction\":[{\"@type\":\"ReadAction\",\"target\":[\"https:\/\/dmcsrb.com\/ekonomija\/nisic-isplacena-potrazivanja-bivsim-radnicima-kap-a-kosute-i-dakica-slijedi-petoljetka\/\"]}]},{\"@type\":\"ImageObject\",\"inLanguage\":\"en-GB\",\"@id\":\"https:\/\/dmcsrb.com\/ekonomija\/nisic-isplacena-potrazivanja-bivsim-radnicima-kap-a-kosute-i-dakica-slijedi-petoljetka\/#primaryimage\",\"url\":\"https:\/\/dmcsrb.com\/wp-content\/uploads\/2026\/01\/Nisic-u-Skupstini-CG-foto-skupstina-cg.webp\",\"contentUrl\":\"https:\/\/dmcsrb.com\/wp-content\/uploads\/2026\/01\/Nisic-u-Skupstini-CG-foto-skupstina-cg.webp\",\"width\":745,\"height\":492},{\"@type\":\"BreadcrumbList\",\"@id\":\"https:\/\/dmcsrb.com\/ekonomija\/nisic-isplacena-potrazivanja-bivsim-radnicima-kap-a-kosute-i-dakica-slijedi-petoljetka\/#breadcrumb\",\"itemListElement\":[{\"@type\":\"ListItem\",\"position\":1,\"name\":\"Home\",\"item\":\"https:\/\/dmcsrb.com\/\"},{\"@type\":\"ListItem\",\"position\":2,\"name\":\"Ni\u0161i\u0107: Ispla\u0107ena potra\u017eivanja biv\u0161im radnicima KAP-a, Ko\u0161ute i Daki\u0107a \u2013 slijedi Petoljetka\"}]},{\"@type\":\"WebSite\",\"@id\":\"https:\/\/dmcsrb.com\/#website\",\"url\":\"https:\/\/dmcsrb.com\/\",\"name\":\"dmcsrb.com\",\"description\":\"\",\"potentialAction\":[{\"@type\":\"SearchAction\",\"target\":{\"@type\":\"EntryPoint\",\"urlTemplate\":\"https:\/\/dmcsrb.com\/?s={search_term_string}\"},\"query-input\":{\"@type\":\"PropertyValueSpecification\",\"valueRequired\":true,\"valueName\":\"search_term_string\"}}],\"inLanguage\":\"en-GB\"},{\"@type\":\"Person\",\"@id\":\"https:\/\/dmcsrb.com\/#\/schema\/person\/5c39170f12db1b8b457732d0b5c854e2\",\"name\":\"dmcsrbija.com@gmail.com\",\"image\":{\"@type\":\"ImageObject\",\"inLanguage\":\"en-GB\",\"@id\":\"https:\/\/dmcsrb.com\/#\/schema\/person\/image\/\",\"url\":\"https:\/\/secure.gravatar.com\/avatar\/68592660ad6347fad0fb587f8d5d8f1a7b44961362f56e4f2cd524feb87e9069?s=96&d=mm&r=g\",\"contentUrl\":\"https:\/\/secure.gravatar.com\/avatar\/68592660ad6347fad0fb587f8d5d8f1a7b44961362f56e4f2cd524feb87e9069?s=96&d=mm&r=g\",\"caption\":\"dmcsrbija.com@gmail.com\"},\"sameAs\":[\"https:\/\/dmcsrb.com\"],\"url\":\"https:\/\/dmcsrb.com\/en\/author\/dmcsrbija-comgmail-com\/\"}]}<\/script>\n<!-- \/ Yoast SEO plugin. -->","yoast_head_json":{"title":"Ni\u0161i\u0107: Ispla\u0107ena potra\u017eivanja biv\u0161im radnicima KAP-a, Ko\u0161ute i Daki\u0107a \u2013 slijedi Petoljetka - dmcsrb.com","robots":{"index":"index","follow":"follow","max-snippet":"max-snippet:-1","max-image-preview":"max-image-preview:large","max-video-preview":"max-video-preview:-1"},"canonical":"https:\/\/dmcsrb.com\/en\/ekonomija\/nisic-isplacena-potrazivanja-bivsim-radnicima-kap-a-kosute-i-dakica-slijedi-petoljetka\/","og_locale":"en_GB","og_type":"article","og_title":"Ni\u0161i\u0107: Ispla\u0107ena potra\u017eivanja biv\u0161im radnicima KAP-a, Ko\u0161ute i Daki\u0107a \u2013 slijedi Petoljetka - dmcsrb.com","og_description":"Vlada je za samo dvije godine mandata opredijelila zna\u010dajan iznos sredstava za namirenje potra\u017eivanja biv\u0161ih radnika, saop\u0161tila je ministarka rada, zapo\u0161ljavanja i socijalnog dijaloga Naida Ni\u0161i\u0107 i dodala da taj resor sistemati\u010dno pristupa rje\u0161avanju te problematike.","og_url":"https:\/\/dmcsrb.com\/en\/ekonomija\/nisic-isplacena-potrazivanja-bivsim-radnicima-kap-a-kosute-i-dakica-slijedi-petoljetka\/","og_site_name":"dmcsrb.com","article_published_time":"2025-11-03T14:40:00+00:00","og_image":[{"width":745,"height":492,"url":"https:\/\/dmcsrb.com\/wp-content\/uploads\/2026\/01\/Nisic-u-Skupstini-CG-foto-skupstina-cg.webp","type":"image\/jpeg"}],"author":"dmcsrbija.com@gmail.com","twitter_card":"summary_large_image","twitter_misc":{"Written by":"dmcsrbija.com@gmail.com","Estimated reading time":"3 minutes"},"schema":{"@context":"https:\/\/schema.org","@graph":[{"@type":"Article","@id":"https:\/\/dmcsrb.com\/ekonomija\/nisic-isplacena-potrazivanja-bivsim-radnicima-kap-a-kosute-i-dakica-slijedi-petoljetka\/#article","isPartOf":{"@id":"https:\/\/dmcsrb.com\/ekonomija\/nisic-isplacena-potrazivanja-bivsim-radnicima-kap-a-kosute-i-dakica-slijedi-petoljetka\/"},"author":{"name":"dmcsrbija.com@gmail.com","@id":"https:\/\/dmcsrb.com\/#\/schema\/person\/5c39170f12db1b8b457732d0b5c854e2"},"headline":"Ni\u0161i\u0107: Ispla\u0107ena potra\u017eivanja biv\u0161im radnicima KAP-a, Ko\u0161ute i Daki\u0107a \u2013 slijedi Petoljetka","datePublished":"2025-11-03T14:40:00+00:00","mainEntityOfPage":{"@id":"https:\/\/dmcsrb.com\/ekonomija\/nisic-isplacena-potrazivanja-bivsim-radnicima-kap-a-kosute-i-dakica-slijedi-petoljetka\/"},"wordCount":577,"commentCount":0,"image":{"@id":"https:\/\/dmcsrb.com\/ekonomija\/nisic-isplacena-potrazivanja-bivsim-radnicima-kap-a-kosute-i-dakica-slijedi-petoljetka\/#primaryimage"},"thumbnailUrl":"https:\/\/dmcsrb.com\/wp-content\/uploads\/2026\/01\/Nisic-u-Skupstini-CG-foto-skupstina-cg.webp","keywords":["kap","ko\u0161uta","Milo\u0161 Konatar","Naida Ni\u0161i\u0107","Radoje Dakic","Skup\u0161tina Crne Gore"],"articleSection":["Ekonomija"],"inLanguage":"en-GB","potentialAction":[{"@type":"CommentAction","name":"Comment","target":["https:\/\/dmcsrb.com\/ekonomija\/nisic-isplacena-potrazivanja-bivsim-radnicima-kap-a-kosute-i-dakica-slijedi-petoljetka\/#respond"]}]},{"@type":"WebPage","@id":"https:\/\/dmcsrb.com\/ekonomija\/nisic-isplacena-potrazivanja-bivsim-radnicima-kap-a-kosute-i-dakica-slijedi-petoljetka\/","url":"https:\/\/dmcsrb.com\/ekonomija\/nisic-isplacena-potrazivanja-bivsim-radnicima-kap-a-kosute-i-dakica-slijedi-petoljetka\/","name":"Ni\u0161i\u0107: Ispla\u0107ena potra\u017eivanja biv\u0161im radnicima KAP-a, Ko\u0161ute i Daki\u0107a \u2013 slijedi Petoljetka - dmcsrb.com","isPartOf":{"@id":"https:\/\/dmcsrb.com\/#website"},"primaryImageOfPage":{"@id":"https:\/\/dmcsrb.com\/ekonomija\/nisic-isplacena-potrazivanja-bivsim-radnicima-kap-a-kosute-i-dakica-slijedi-petoljetka\/#primaryimage"},"image":{"@id":"https:\/\/dmcsrb.com\/ekonomija\/nisic-isplacena-potrazivanja-bivsim-radnicima-kap-a-kosute-i-dakica-slijedi-petoljetka\/#primaryimage"},"thumbnailUrl":"https:\/\/dmcsrb.com\/wp-content\/uploads\/2026\/01\/Nisic-u-Skupstini-CG-foto-skupstina-cg.webp","datePublished":"2025-11-03T14:40:00+00:00","author":{"@id":"https:\/\/dmcsrb.com\/#\/schema\/person\/5c39170f12db1b8b457732d0b5c854e2"},"breadcrumb":{"@id":"https:\/\/dmcsrb.com\/ekonomija\/nisic-isplacena-potrazivanja-bivsim-radnicima-kap-a-kosute-i-dakica-slijedi-petoljetka\/#breadcrumb"},"inLanguage":"en-GB","potentialAction":[{"@type":"ReadAction","target":["https:\/\/dmcsrb.com\/ekonomija\/nisic-isplacena-potrazivanja-bivsim-radnicima-kap-a-kosute-i-dakica-slijedi-petoljetka\/"]}]},{"@type":"ImageObject","inLanguage":"en-GB","@id":"https:\/\/dmcsrb.com\/ekonomija\/nisic-isplacena-potrazivanja-bivsim-radnicima-kap-a-kosute-i-dakica-slijedi-petoljetka\/#primaryimage","url":"https:\/\/dmcsrb.com\/wp-content\/uploads\/2026\/01\/Nisic-u-Skupstini-CG-foto-skupstina-cg.webp","contentUrl":"https:\/\/dmcsrb.com\/wp-content\/uploads\/2026\/01\/Nisic-u-Skupstini-CG-foto-skupstina-cg.webp","width":745,"height":492},{"@type":"BreadcrumbList","@id":"https:\/\/dmcsrb.com\/ekonomija\/nisic-isplacena-potrazivanja-bivsim-radnicima-kap-a-kosute-i-dakica-slijedi-petoljetka\/#breadcrumb","itemListElement":[{"@type":"ListItem","position":1,"name":"Home","item":"https:\/\/dmcsrb.com\/"},{"@type":"ListItem","position":2,"name":"Ni\u0161i\u0107: Ispla\u0107ena potra\u017eivanja biv\u0161im radnicima KAP-a, Ko\u0161ute i Daki\u0107a \u2013 slijedi Petoljetka"}]},{"@type":"WebSite","@id":"https:\/\/dmcsrb.com\/#website","url":"https:\/\/dmcsrb.com\/","name":"dmcsrb.com","description":"","potentialAction":[{"@type":"SearchAction","target":{"@type":"EntryPoint","urlTemplate":"https:\/\/dmcsrb.com\/?s={search_term_string}"},"query-input":{"@type":"PropertyValueSpecification","valueRequired":true,"valueName":"search_term_string"}}],"inLanguage":"en-GB"},{"@type":"Person","@id":"https:\/\/dmcsrb.com\/#\/schema\/person\/5c39170f12db1b8b457732d0b5c854e2","name":"dmcsrbija.com@gmail.com","image":{"@type":"ImageObject","inLanguage":"en-GB","@id":"https:\/\/dmcsrb.com\/#\/schema\/person\/image\/","url":"https:\/\/secure.gravatar.com\/avatar\/68592660ad6347fad0fb587f8d5d8f1a7b44961362f56e4f2cd524feb87e9069?s=96&d=mm&r=g","contentUrl":"https:\/\/secure.gravatar.com\/avatar\/68592660ad6347fad0fb587f8d5d8f1a7b44961362f56e4f2cd524feb87e9069?s=96&d=mm&r=g","caption":"dmcsrbija.com@gmail.com"},"sameAs":["https:\/\/dmcsrb.com"],"url":"https:\/\/dmcsrb.com\/en\/author\/dmcsrbija-comgmail-com\/"}]}},"_links":{"self":[{"href":"https:\/\/dmcsrb.com\/en\/wp-json\/wp\/v2\/posts\/961699","targetHints":{"allow":["GET"]}}],"collection":[{"href":"https:\/\/dmcsrb.com\/en\/wp-json\/wp\/v2\/posts"}],"about":[{"href":"https:\/\/dmcsrb.com\/en\/wp-json\/wp\/v2\/types\/post"}],"author":[{"embeddable":true,"href":"https:\/\/dmcsrb.com\/en\/wp-json\/wp\/v2\/users\/1"}],"replies":[{"embeddable":true,"href":"https:\/\/dmcsrb.com\/en\/wp-json\/wp\/v2\/comments?post=961699"}],"version-history":[{"count":0,"href":"https:\/\/dmcsrb.com\/en\/wp-json\/wp\/v2\/posts\/961699\/revisions"}],"wp:featuredmedia":[{"embeddable":true,"href":"https:\/\/dmcsrb.com\/en\/wp-json\/wp\/v2\/media\/961700"}],"wp:attachment":[{"href":"https:\/\/dmcsrb.com\/en\/wp-json\/wp\/v2\/media?parent=961699"}],"wp:term":[{"taxonomy":"category","embeddable":true,"href":"https:\/\/dmcsrb.com\/en\/wp-json\/wp\/v2\/categories?post=961699"},{"taxonomy":"post_tag","embeddable":true,"href":"https:\/\/dmcsrb.com\/en\/wp-json\/wp\/v2\/tags?post=961699"},{"taxonomy":"naslovna","embeddable":true,"href":"https:\/\/dmcsrb.com\/en\/wp-json\/wp\/v2\/naslovna?post=961699"}],"curies":[{"name":"wp","href":"https:\/\/api.w.org\/{rel}","templated":true}]}}