{"id":961696,"date":"2025-11-03T15:33:00","date_gmt":"2025-11-03T14:33:00","guid":{"rendered":"https:\/\/dmcsrb.com\/uncategorized\/mkm-sa-indignacijom-odbacujemo-sve-navode-damjanovic-razrijesena-u-skladu-sa-zakonom\/"},"modified":"2025-11-03T15:33:00","modified_gmt":"2025-11-03T14:33:00","slug":"mkm-sa-indignacijom-odbacujemo-sve-navode-damjanovic-razrijesena-u-skladu-sa-zakonom","status":"publish","type":"post","link":"https:\/\/dmcsrb.com\/en\/kultura\/mkm-sa-indignacijom-odbacujemo-sve-navode-damjanovic-razrijesena-u-skladu-sa-zakonom\/","title":{"rendered":"MKM: Sa indignacijom odbacujemo sve navode Damjanovi\u0107, razrije\u0161ena u skladu sa zakonom"},"content":{"rendered":"<p>Ti navodi su neosnovani, neta\u010dni i predstavljaju o\u010digledan poku\u0161aj dezinformisanja javnosti, kao i diskreditacije institucija sistema \u2013 navodi se u saop\u0161tenju \u010diji nastavak prenosimo integralno.<\/p>\n\n\n\n<p>Ministarstvo koristi ovu priliku da jasno i nedvosmisleno istakne da je Damjanovi\u0107 razrije\u0161ena du\u017enosti isklju\u010divo zbog isteka \u010detvorogodi\u0161njeg mandata, u potpunosti u skladu sa zakonom.<\/p>\n\n\n\n<p>Rje\u0161enje o razrje\u0161enju donijela je Vlada Crne Gore na sjednici odr\u017eanoj 30. oktobra 2025. godine, na osnovu \u010dlana 47 stav 1 Zakona o kulturi (\u201eSlu\u017ebeni list CG\u201c, br. 49\/08, 16\/11, 40\/11 i 38\/12).<\/p>\n\n\n\n<p>Ministarka kulture i medija Tamara Vujovi\u0107 postupila je u skladu sa svojim zakonskim ovla\u0161\u0107enjima i odgovornostima, predlo\u017eiv\u0161i Vladi da na mjesto poslovnog direktora Muzi\u010dkog centra imenuje Vu\u010dica \u0106etkovi\u0107a, \u010dije iskustvo, stru\u010dnost i integritet mogu doprinijeti unapre\u0111enju rada ove va\u017ene institucije kulture i o tome obavijestila Damjanovi\u0107.<\/p>\n\n\n\n<p>Vlada je na sjednici odr\u017eanoj 30. oktobra ove godine donijela Rje\u0161enje o imenovanju poslovnog direktora Javne ustanove Muzi\u010dki centar Crne Gore i imenovala Vu\u010di\u0107a \u0106etkovi\u0107a, diplomiranog ekonomistu, uz po\u0161tovanje nadle\u017enosti svih organa koji u\u010destvuju u procesu imenovanja, onako kako zakonom i pripada i Ministarstvu i Vladi Crne Gore.<\/p>\n\n\n\n<p>Podsje\u0107amo javnost da je Damjanovi\u0107, biv\u0161a poslovna direktorica, zapo\u010dela svoj mandat 2022. godine u vrijeme madata 42. Vlade Crne Gore i da je nesmetano nastavila da obavlja du\u017enosti direktorice i u 44. Vladi, sve do isteka mandata, odnosno do isteka vremena na koji je imenovana za vr\u0161enje du\u017enosti.<\/p>\n\n\n\n<p>Svi pojedina\u010dni navodi koje je Damjanovi\u0107 iznijela u javnost krajnje su neprimjereni, neta\u010dni i zlonamjerni, te ih Ministarstvo sa indignacijom odbacuje.<\/p>\n\n\n\n<p>Ministarstvo kulture i medija izra\u017eava iznena\u0111enje tonom i na\u010dinom javne komunikacije biv\u0161e direktorice, ali podsje\u0107a da svako bira svoj na\u010din obra\u0107anja javnosti.<\/p>\n\n\n\n<p>Ministarstvo \u0107e, kao i do sada, nastaviti da postupa isklju\u010divo u skladu sa zakonom, uz puno postovanje svih profesionalnih standarda i institucija sistema.<\/p>\n\n\n\n<p>Ministarstvo kulture i medija, na \u010delu sa ministarkom i zaposlenima, stoji u potpunosti na raspolaganju svim nadle\u017enim organima za eventualno preispitivanje zakonitosti svog rada. Podsje\u0107amo javnost da o zakonitosti i transparentnosti poslovanja ovog Ministarstva najbolje svjedo\u010di nedavno objavljeni izvje\u0161taj Dr\u017eavne revizorske institucije o radu ovog organa.<\/p>","protected":false},"excerpt":{"rendered":"<p>Povodom konferencije za medije koju je organizovala biv\u0161a poslovna direktorica Javne ustanove Muzi\u010dki centar Crne Gore\u00a0Isidora Damjanovi\u0107, Ministarstvo kulture i medija sa indignacijom odbacuje sve navode koje je imenovana iznijela u javnost \u2013 poru\u010duju iz Kabineta ovog ministarstva.<\/p>","protected":false},"author":1,"featured_media":961697,"comment_status":"open","ping_status":"open","sticky":false,"template":"","format":"standard","meta":{"_acf_changed":false,"footnotes":""},"categories":[50],"tags":[13464,909,910],"naslovna":[],"class_list":["post-961696","post","type-post","status-publish","format-standard","has-post-thumbnail","hentry","category-kultura","tag-isidora-damjanovic","tag-mkm","tag-tamara-vujovic"],"acf":[],"yoast_head":"<!-- This site is optimized with the Yoast SEO plugin v27.4 - https:\/\/yoast.com\/product\/yoast-seo-wordpress\/ -->\n<title>MKM: Sa indignacijom odbacujemo sve navode Damjanovi\u0107, razrije\u0161ena u skladu sa zakonom - dmcsrb.com<\/title>\n<meta name=\"robots\" content=\"index, follow, max-snippet:-1, max-image-preview:large, max-video-preview:-1\" \/>\n<link rel=\"canonical\" href=\"https:\/\/dmcsrb.com\/en\/kultura\/mkm-sa-indignacijom-odbacujemo-sve-navode-damjanovic-razrijesena-u-skladu-sa-zakonom\/\" \/>\n<meta property=\"og:locale\" content=\"en_GB\" \/>\n<meta property=\"og:type\" content=\"article\" \/>\n<meta property=\"og:title\" content=\"MKM: Sa indignacijom odbacujemo sve navode Damjanovi\u0107, razrije\u0161ena u skladu sa zakonom - dmcsrb.com\" \/>\n<meta property=\"og:description\" content=\"Povodom konferencije za medije koju je organizovala biv\u0161a poslovna direktorica Javne ustanove Muzi\u010dki centar Crne Gore\u00a0Isidora Damjanovi\u0107, Ministarstvo kulture i medija sa indignacijom odbacuje sve navode koje je imenovana iznijela u javnost \u2013 poru\u010duju iz Kabineta ovog ministarstva.\" \/>\n<meta property=\"og:url\" content=\"https:\/\/dmcsrb.com\/en\/kultura\/mkm-sa-indignacijom-odbacujemo-sve-navode-damjanovic-razrijesena-u-skladu-sa-zakonom\/\" \/>\n<meta property=\"og:site_name\" content=\"dmcsrb.com\" \/>\n<meta property=\"article:published_time\" content=\"2025-11-03T14:33:00+00:00\" \/>\n<meta property=\"og:image\" content=\"https:\/\/dmcsrb.com\/wp-content\/uploads\/2026\/01\/1723122129-5585129-tamaravujovic-ls-i_960x600.webp\" \/>\n\t<meta property=\"og:image:width\" content=\"960\" \/>\n\t<meta property=\"og:image:height\" content=\"600\" \/>\n\t<meta property=\"og:image:type\" content=\"image\/jpeg\" \/>\n<meta name=\"author\" content=\"dmcsrbija.com@gmail.com\" \/>\n<meta name=\"twitter:card\" content=\"summary_large_image\" \/>\n<meta name=\"twitter:label1\" content=\"Written by\" \/>\n\t<meta name=\"twitter:data1\" content=\"dmcsrbija.com@gmail.com\" \/>\n\t<meta name=\"twitter:label2\" content=\"Estimated reading time\" \/>\n\t<meta name=\"twitter:data2\" content=\"2 minutes\" \/>\n<script type=\"application\/ld+json\" class=\"yoast-schema-graph\">{\"@context\":\"https:\\\/\\\/schema.org\",\"@graph\":[{\"@type\":\"Article\",\"@id\":\"https:\\\/\\\/dmcsrb.com\\\/kultura\\\/mkm-sa-indignacijom-odbacujemo-sve-navode-damjanovic-razrijesena-u-skladu-sa-zakonom\\\/#article\",\"isPartOf\":{\"@id\":\"https:\\\/\\\/dmcsrb.com\\\/kultura\\\/mkm-sa-indignacijom-odbacujemo-sve-navode-damjanovic-razrijesena-u-skladu-sa-zakonom\\\/\"},\"author\":{\"name\":\"dmcsrbija.com@gmail.com\",\"@id\":\"https:\\\/\\\/dmcsrb.com\\\/#\\\/schema\\\/person\\\/5c39170f12db1b8b457732d0b5c854e2\"},\"headline\":\"MKM: Sa indignacijom odbacujemo sve navode Damjanovi\u0107, razrije\u0161ena u skladu sa zakonom\",\"datePublished\":\"2025-11-03T14:33:00+00:00\",\"mainEntityOfPage\":{\"@id\":\"https:\\\/\\\/dmcsrb.com\\\/kultura\\\/mkm-sa-indignacijom-odbacujemo-sve-navode-damjanovic-razrijesena-u-skladu-sa-zakonom\\\/\"},\"wordCount\":388,\"commentCount\":0,\"image\":{\"@id\":\"https:\\\/\\\/dmcsrb.com\\\/kultura\\\/mkm-sa-indignacijom-odbacujemo-sve-navode-damjanovic-razrijesena-u-skladu-sa-zakonom\\\/#primaryimage\"},\"thumbnailUrl\":\"https:\\\/\\\/dmcsrb.com\\\/wp-content\\\/uploads\\\/2026\\\/01\\\/1723122129-5585129-tamaravujovic-ls-i_960x600.webp\",\"keywords\":[\"isidora damjanovi\u0107\",\"MKM\",\"Tamara Vujovi\u0107\"],\"articleSection\":[\"Kultura\"],\"inLanguage\":\"en-GB\",\"potentialAction\":[{\"@type\":\"CommentAction\",\"name\":\"Comment\",\"target\":[\"https:\\\/\\\/dmcsrb.com\\\/kultura\\\/mkm-sa-indignacijom-odbacujemo-sve-navode-damjanovic-razrijesena-u-skladu-sa-zakonom\\\/#respond\"]}]},{\"@type\":\"WebPage\",\"@id\":\"https:\\\/\\\/dmcsrb.com\\\/kultura\\\/mkm-sa-indignacijom-odbacujemo-sve-navode-damjanovic-razrijesena-u-skladu-sa-zakonom\\\/\",\"url\":\"https:\\\/\\\/dmcsrb.com\\\/kultura\\\/mkm-sa-indignacijom-odbacujemo-sve-navode-damjanovic-razrijesena-u-skladu-sa-zakonom\\\/\",\"name\":\"MKM: Sa indignacijom odbacujemo sve navode Damjanovi\u0107, razrije\u0161ena u skladu sa zakonom - dmcsrb.com\",\"isPartOf\":{\"@id\":\"https:\\\/\\\/dmcsrb.com\\\/#website\"},\"primaryImageOfPage\":{\"@id\":\"https:\\\/\\\/dmcsrb.com\\\/kultura\\\/mkm-sa-indignacijom-odbacujemo-sve-navode-damjanovic-razrijesena-u-skladu-sa-zakonom\\\/#primaryimage\"},\"image\":{\"@id\":\"https:\\\/\\\/dmcsrb.com\\\/kultura\\\/mkm-sa-indignacijom-odbacujemo-sve-navode-damjanovic-razrijesena-u-skladu-sa-zakonom\\\/#primaryimage\"},\"thumbnailUrl\":\"https:\\\/\\\/dmcsrb.com\\\/wp-content\\\/uploads\\\/2026\\\/01\\\/1723122129-5585129-tamaravujovic-ls-i_960x600.webp\",\"datePublished\":\"2025-11-03T14:33:00+00:00\",\"author\":{\"@id\":\"https:\\\/\\\/dmcsrb.com\\\/#\\\/schema\\\/person\\\/5c39170f12db1b8b457732d0b5c854e2\"},\"breadcrumb\":{\"@id\":\"https:\\\/\\\/dmcsrb.com\\\/kultura\\\/mkm-sa-indignacijom-odbacujemo-sve-navode-damjanovic-razrijesena-u-skladu-sa-zakonom\\\/#breadcrumb\"},\"inLanguage\":\"en-GB\",\"potentialAction\":[{\"@type\":\"ReadAction\",\"target\":[\"https:\\\/\\\/dmcsrb.com\\\/kultura\\\/mkm-sa-indignacijom-odbacujemo-sve-navode-damjanovic-razrijesena-u-skladu-sa-zakonom\\\/\"]}]},{\"@type\":\"ImageObject\",\"inLanguage\":\"en-GB\",\"@id\":\"https:\\\/\\\/dmcsrb.com\\\/kultura\\\/mkm-sa-indignacijom-odbacujemo-sve-navode-damjanovic-razrijesena-u-skladu-sa-zakonom\\\/#primaryimage\",\"url\":\"https:\\\/\\\/dmcsrb.com\\\/wp-content\\\/uploads\\\/2026\\\/01\\\/1723122129-5585129-tamaravujovic-ls-i_960x600.webp\",\"contentUrl\":\"https:\\\/\\\/dmcsrb.com\\\/wp-content\\\/uploads\\\/2026\\\/01\\\/1723122129-5585129-tamaravujovic-ls-i_960x600.webp\",\"width\":960,\"height\":600},{\"@type\":\"BreadcrumbList\",\"@id\":\"https:\\\/\\\/dmcsrb.com\\\/kultura\\\/mkm-sa-indignacijom-odbacujemo-sve-navode-damjanovic-razrijesena-u-skladu-sa-zakonom\\\/#breadcrumb\",\"itemListElement\":[{\"@type\":\"ListItem\",\"position\":1,\"name\":\"Home\",\"item\":\"https:\\\/\\\/dmcsrb.com\\\/\"},{\"@type\":\"ListItem\",\"position\":2,\"name\":\"MKM: Sa indignacijom odbacujemo sve navode Damjanovi\u0107, razrije\u0161ena u skladu sa zakonom\"}]},{\"@type\":\"WebSite\",\"@id\":\"https:\\\/\\\/dmcsrb.com\\\/#website\",\"url\":\"https:\\\/\\\/dmcsrb.com\\\/\",\"name\":\"dmcsrb.com\",\"description\":\"\",\"potentialAction\":[{\"@type\":\"SearchAction\",\"target\":{\"@type\":\"EntryPoint\",\"urlTemplate\":\"https:\\\/\\\/dmcsrb.com\\\/?s={search_term_string}\"},\"query-input\":{\"@type\":\"PropertyValueSpecification\",\"valueRequired\":true,\"valueName\":\"search_term_string\"}}],\"inLanguage\":\"en-GB\"},{\"@type\":\"Person\",\"@id\":\"https:\\\/\\\/dmcsrb.com\\\/#\\\/schema\\\/person\\\/5c39170f12db1b8b457732d0b5c854e2\",\"name\":\"dmcsrbija.com@gmail.com\",\"image\":{\"@type\":\"ImageObject\",\"inLanguage\":\"en-GB\",\"@id\":\"https:\\\/\\\/secure.gravatar.com\\\/avatar\\\/68592660ad6347fad0fb587f8d5d8f1a7b44961362f56e4f2cd524feb87e9069?s=96&d=mm&r=g\",\"url\":\"https:\\\/\\\/secure.gravatar.com\\\/avatar\\\/68592660ad6347fad0fb587f8d5d8f1a7b44961362f56e4f2cd524feb87e9069?s=96&d=mm&r=g\",\"contentUrl\":\"https:\\\/\\\/secure.gravatar.com\\\/avatar\\\/68592660ad6347fad0fb587f8d5d8f1a7b44961362f56e4f2cd524feb87e9069?s=96&d=mm&r=g\",\"caption\":\"dmcsrbija.com@gmail.com\"},\"sameAs\":[\"https:\\\/\\\/dmcsrb.com\"],\"url\":\"https:\\\/\\\/dmcsrb.com\\\/en\\\/author\\\/dmcsrbija-comgmail-com\\\/\"}]}<\/script>\n<!-- \/ Yoast SEO plugin. -->","yoast_head_json":{"title":"MKM: Sa indignacijom odbacujemo sve navode Damjanovi\u0107, razrije\u0161ena u skladu sa zakonom - dmcsrb.com","robots":{"index":"index","follow":"follow","max-snippet":"max-snippet:-1","max-image-preview":"max-image-preview:large","max-video-preview":"max-video-preview:-1"},"canonical":"https:\/\/dmcsrb.com\/en\/kultura\/mkm-sa-indignacijom-odbacujemo-sve-navode-damjanovic-razrijesena-u-skladu-sa-zakonom\/","og_locale":"en_GB","og_type":"article","og_title":"MKM: Sa indignacijom odbacujemo sve navode Damjanovi\u0107, razrije\u0161ena u skladu sa zakonom - dmcsrb.com","og_description":"Povodom konferencije za medije koju je organizovala biv\u0161a poslovna direktorica Javne ustanove Muzi\u010dki centar Crne Gore\u00a0Isidora Damjanovi\u0107, Ministarstvo kulture i medija sa indignacijom odbacuje sve navode koje je imenovana iznijela u javnost \u2013 poru\u010duju iz Kabineta ovog ministarstva.","og_url":"https:\/\/dmcsrb.com\/en\/kultura\/mkm-sa-indignacijom-odbacujemo-sve-navode-damjanovic-razrijesena-u-skladu-sa-zakonom\/","og_site_name":"dmcsrb.com","article_published_time":"2025-11-03T14:33:00+00:00","og_image":[{"width":960,"height":600,"url":"https:\/\/dmcsrb.com\/wp-content\/uploads\/2026\/01\/1723122129-5585129-tamaravujovic-ls-i_960x600.webp","type":"image\/jpeg"}],"author":"dmcsrbija.com@gmail.com","twitter_card":"summary_large_image","twitter_misc":{"Written by":"dmcsrbija.com@gmail.com","Estimated reading time":"2 minutes"},"schema":{"@context":"https:\/\/schema.org","@graph":[{"@type":"Article","@id":"https:\/\/dmcsrb.com\/kultura\/mkm-sa-indignacijom-odbacujemo-sve-navode-damjanovic-razrijesena-u-skladu-sa-zakonom\/#article","isPartOf":{"@id":"https:\/\/dmcsrb.com\/kultura\/mkm-sa-indignacijom-odbacujemo-sve-navode-damjanovic-razrijesena-u-skladu-sa-zakonom\/"},"author":{"name":"dmcsrbija.com@gmail.com","@id":"https:\/\/dmcsrb.com\/#\/schema\/person\/5c39170f12db1b8b457732d0b5c854e2"},"headline":"MKM: Sa indignacijom odbacujemo sve navode Damjanovi\u0107, razrije\u0161ena u skladu sa zakonom","datePublished":"2025-11-03T14:33:00+00:00","mainEntityOfPage":{"@id":"https:\/\/dmcsrb.com\/kultura\/mkm-sa-indignacijom-odbacujemo-sve-navode-damjanovic-razrijesena-u-skladu-sa-zakonom\/"},"wordCount":388,"commentCount":0,"image":{"@id":"https:\/\/dmcsrb.com\/kultura\/mkm-sa-indignacijom-odbacujemo-sve-navode-damjanovic-razrijesena-u-skladu-sa-zakonom\/#primaryimage"},"thumbnailUrl":"https:\/\/dmcsrb.com\/wp-content\/uploads\/2026\/01\/1723122129-5585129-tamaravujovic-ls-i_960x600.webp","keywords":["isidora damjanovi\u0107","MKM","Tamara Vujovi\u0107"],"articleSection":["Kultura"],"inLanguage":"en-GB","potentialAction":[{"@type":"CommentAction","name":"Comment","target":["https:\/\/dmcsrb.com\/kultura\/mkm-sa-indignacijom-odbacujemo-sve-navode-damjanovic-razrijesena-u-skladu-sa-zakonom\/#respond"]}]},{"@type":"WebPage","@id":"https:\/\/dmcsrb.com\/kultura\/mkm-sa-indignacijom-odbacujemo-sve-navode-damjanovic-razrijesena-u-skladu-sa-zakonom\/","url":"https:\/\/dmcsrb.com\/kultura\/mkm-sa-indignacijom-odbacujemo-sve-navode-damjanovic-razrijesena-u-skladu-sa-zakonom\/","name":"MKM: Sa indignacijom odbacujemo sve navode Damjanovi\u0107, razrije\u0161ena u skladu sa zakonom - dmcsrb.com","isPartOf":{"@id":"https:\/\/dmcsrb.com\/#website"},"primaryImageOfPage":{"@id":"https:\/\/dmcsrb.com\/kultura\/mkm-sa-indignacijom-odbacujemo-sve-navode-damjanovic-razrijesena-u-skladu-sa-zakonom\/#primaryimage"},"image":{"@id":"https:\/\/dmcsrb.com\/kultura\/mkm-sa-indignacijom-odbacujemo-sve-navode-damjanovic-razrijesena-u-skladu-sa-zakonom\/#primaryimage"},"thumbnailUrl":"https:\/\/dmcsrb.com\/wp-content\/uploads\/2026\/01\/1723122129-5585129-tamaravujovic-ls-i_960x600.webp","datePublished":"2025-11-03T14:33:00+00:00","author":{"@id":"https:\/\/dmcsrb.com\/#\/schema\/person\/5c39170f12db1b8b457732d0b5c854e2"},"breadcrumb":{"@id":"https:\/\/dmcsrb.com\/kultura\/mkm-sa-indignacijom-odbacujemo-sve-navode-damjanovic-razrijesena-u-skladu-sa-zakonom\/#breadcrumb"},"inLanguage":"en-GB","potentialAction":[{"@type":"ReadAction","target":["https:\/\/dmcsrb.com\/kultura\/mkm-sa-indignacijom-odbacujemo-sve-navode-damjanovic-razrijesena-u-skladu-sa-zakonom\/"]}]},{"@type":"ImageObject","inLanguage":"en-GB","@id":"https:\/\/dmcsrb.com\/kultura\/mkm-sa-indignacijom-odbacujemo-sve-navode-damjanovic-razrijesena-u-skladu-sa-zakonom\/#primaryimage","url":"https:\/\/dmcsrb.com\/wp-content\/uploads\/2026\/01\/1723122129-5585129-tamaravujovic-ls-i_960x600.webp","contentUrl":"https:\/\/dmcsrb.com\/wp-content\/uploads\/2026\/01\/1723122129-5585129-tamaravujovic-ls-i_960x600.webp","width":960,"height":600},{"@type":"BreadcrumbList","@id":"https:\/\/dmcsrb.com\/kultura\/mkm-sa-indignacijom-odbacujemo-sve-navode-damjanovic-razrijesena-u-skladu-sa-zakonom\/#breadcrumb","itemListElement":[{"@type":"ListItem","position":1,"name":"Home","item":"https:\/\/dmcsrb.com\/"},{"@type":"ListItem","position":2,"name":"MKM: Sa indignacijom odbacujemo sve navode Damjanovi\u0107, razrije\u0161ena u skladu sa zakonom"}]},{"@type":"WebSite","@id":"https:\/\/dmcsrb.com\/#website","url":"https:\/\/dmcsrb.com\/","name":"dmcsrb.com","description":"","potentialAction":[{"@type":"SearchAction","target":{"@type":"EntryPoint","urlTemplate":"https:\/\/dmcsrb.com\/?s={search_term_string}"},"query-input":{"@type":"PropertyValueSpecification","valueRequired":true,"valueName":"search_term_string"}}],"inLanguage":"en-GB"},{"@type":"Person","@id":"https:\/\/dmcsrb.com\/#\/schema\/person\/5c39170f12db1b8b457732d0b5c854e2","name":"dmcsrbija.com@gmail.com","image":{"@type":"ImageObject","inLanguage":"en-GB","@id":"https:\/\/secure.gravatar.com\/avatar\/68592660ad6347fad0fb587f8d5d8f1a7b44961362f56e4f2cd524feb87e9069?s=96&d=mm&r=g","url":"https:\/\/secure.gravatar.com\/avatar\/68592660ad6347fad0fb587f8d5d8f1a7b44961362f56e4f2cd524feb87e9069?s=96&d=mm&r=g","contentUrl":"https:\/\/secure.gravatar.com\/avatar\/68592660ad6347fad0fb587f8d5d8f1a7b44961362f56e4f2cd524feb87e9069?s=96&d=mm&r=g","caption":"dmcsrbija.com@gmail.com"},"sameAs":["https:\/\/dmcsrb.com"],"url":"https:\/\/dmcsrb.com\/en\/author\/dmcsrbija-comgmail-com\/"}]}},"_links":{"self":[{"href":"https:\/\/dmcsrb.com\/en\/wp-json\/wp\/v2\/posts\/961696","targetHints":{"allow":["GET"]}}],"collection":[{"href":"https:\/\/dmcsrb.com\/en\/wp-json\/wp\/v2\/posts"}],"about":[{"href":"https:\/\/dmcsrb.com\/en\/wp-json\/wp\/v2\/types\/post"}],"author":[{"embeddable":true,"href":"https:\/\/dmcsrb.com\/en\/wp-json\/wp\/v2\/users\/1"}],"replies":[{"embeddable":true,"href":"https:\/\/dmcsrb.com\/en\/wp-json\/wp\/v2\/comments?post=961696"}],"version-history":[{"count":0,"href":"https:\/\/dmcsrb.com\/en\/wp-json\/wp\/v2\/posts\/961696\/revisions"}],"wp:featuredmedia":[{"embeddable":true,"href":"https:\/\/dmcsrb.com\/en\/wp-json\/wp\/v2\/media\/961697"}],"wp:attachment":[{"href":"https:\/\/dmcsrb.com\/en\/wp-json\/wp\/v2\/media?parent=961696"}],"wp:term":[{"taxonomy":"category","embeddable":true,"href":"https:\/\/dmcsrb.com\/en\/wp-json\/wp\/v2\/categories?post=961696"},{"taxonomy":"post_tag","embeddable":true,"href":"https:\/\/dmcsrb.com\/en\/wp-json\/wp\/v2\/tags?post=961696"},{"taxonomy":"naslovna","embeddable":true,"href":"https:\/\/dmcsrb.com\/en\/wp-json\/wp\/v2\/naslovna?post=961696"}],"curies":[{"name":"wp","href":"https:\/\/api.w.org\/{rel}","templated":true}]}}