{"id":961667,"date":"2025-11-03T13:02:00","date_gmt":"2025-11-03T12:02:00","guid":{"rendered":"https:\/\/dmcsrb.com\/uncategorized\/dukaj-dosljedna-primjena-reformskih-mjera-je-jedan-od-tri-kljucna-uslova-evropskog-puta-crne-gore\/"},"modified":"2025-11-03T13:02:00","modified_gmt":"2025-11-03T12:02:00","slug":"dukaj-dosljedna-primjena-reformskih-mjera-je-jedan-od-tri-kljucna-uslova-evropskog-puta-crne-gore","status":"publish","type":"post","link":"https:\/\/dmcsrb.com\/en\/politika\/dukaj-dosljedna-primjena-reformskih-mjera-je-jedan-od-tri-kljucna-uslova-evropskog-puta-crne-gore\/","title":{"rendered":"Dukaj: Dosljedna primjena reformskih mjera je jedan od tri klju\u010dna uslova evropskog puta Crne Gore"},"content":{"rendered":"<p><\/p>\n\n\n\n<p><\/p>\n\n\n\n<p>Ministar Dukaj je istakao da reforma javne uprave ima presudan zna\u010daj za modernizaciju dr\u017eavnog sistema i stvaranje efikasne, digitalizovane i transparentne uprave, sposobne da odgovori na potrebe gra\u0111ana, privrede i evropskih integracija Crne Gore.<\/p>\n\n\n\n<p>\u201eBez funkcionalne, profesionalne i odgovorne javne uprave, nema ni istinskog uspjeha reformskih procesa niti napretka u zatvaranju pregovara\u010dkih poglavlja. To je zadatak koji zahtijeva zajedni\u010dki rad cijelog sistema i svih institucija\u201c, kazao je ministar Dukaj.<\/p>\n\n\n\n<p>Na sjednici je ukazano na zna\u010daj ja\u010danja administrativnih kapaciteta, u susret &nbsp;pristupanju Crne Gore Evropskoj uniji. Do sada su realizovane mjere: unapre\u0111enje sistema zapo\u0161ljavanja u dr\u017eavnoj upravi, stvaranje svih preduslova za uvo\u0111enje okvira kompetencija i podsticanje interne mobilnosti kadra, koje su i od strane Evropske unije prepoznate &nbsp;kao pokazatelj ozbiljnog pristupa i odgovorne politike.<\/p>\n\n\n\n<p>Ministar Dukajje istakao da \u0107e Ministarstvo dodatno unaprijediti koordinaciju u sprovo\u0111enju reforme javne uprave, kako bi se osiguralo bolje pra\u0107enje rezultata i uskla\u0111en rad svih institucija uklju\u010denih u proces modernizacije dr\u017eavne uprave.<\/p>\n\n\n\n<p>\u201eSa posebnom pa\u017enjom uvodimo evaluaciju kapaciteta lokalne administracije. Ovaj mehanizam omogu\u0107ava nam analizu trenutnog stanja, identifikaciju potreba i implementaciju reformi. Odgovaraju\u0107e promjene uvodimo pa\u017eljivo i sistemski &#8211; nema pre\u010dica\u201c, kazao je Dukaj.<\/p>\n\n\n\n<p>Sveobuhvatna reforma javne uprave nezamisliva je bez temeljne i dugoro\u010dne stabilizacije javnih finansija. U tom kontekstu, Savjet za reformu javne uprave redovno prati napredak u ovoj oblasti, a na sjednici je razmatrana i Informacija o aktivnostima u oblasti reforme upravljanja javnim finansijama, kojom se potvr\u0111uje da Vlada dosljedno sprovodi mjere usmjerene na pove\u0107anje transparentnosti, odgovornosti i efikasnosti u kori\u0161\u0107enju javnih sredstava.<\/p>\n\n\n\n<p>Savjet je ukazao da Sporazum o stabilizaciji i pridru\u017eivanju predstavlja klju\u010dni mehanizam za pra\u0107enje napretka i kordinaciju aktivnosati u ovoj oblasti. Nakon sastanka Posebne grupe za reformu javne uprave (PAR SG) koji \u0107e se odr\u017eati 19. novembra, bi\u0107e definisani novi zaklju\u010dci i obaveze. Zadu\u017eene institucije, uz koordinaciju Ministarstva javne uprave, pripremi\u0107e predlog novih Operativnih zaklju\u010daka i uputiti ga Vladi na usvajanje.<\/p>\n\n\n\n<p>Savjet je razmotrio i informaciju o planiranoj evaluaciji Strategije reforme javne uprave 2022-2026, kojom \u0107e se ocijeniti ostvarivanje ciljeva, efekti sprovedenih mjera i definisati smjernice za dalji razvoj sistema.<\/p>\n\n\n\n<p>Na kraju sjednice, ministar se zahvalio \u010dlanovima Savjeta na aktivnom doprinosu i naglasio: \u201eDosljedna primjena reformskih mjera je jedan od tri klju\u010dna uslova evropskog puta Crne Gore i odr\u017eivog razvoja sistema javne uprave\u201c.&nbsp; &nbsp;<\/p>\n\n\n\n<p><\/p>","protected":false},"excerpt":{"rendered":"<p>Na Petoj sjednici Savjeta za reformu javne uprave, kojom je predsjedavao ministar javne uprave Mara\u0161 Dukaj, razmatran je napredak u sprovo\u0111enju klju\u010dnih aktivnosti u oblasti reforme javne uprave i unapre\u0111enja administrativnih kapaciteta u procesu pristupanja Evropskoj uniji, navodi se u saop\u0161tenju.<\/p>","protected":false},"author":1,"featured_media":915231,"comment_status":"open","ping_status":"open","sticky":false,"template":"","format":"standard","meta":{"_acf_changed":false,"footnotes":""},"categories":[12],"tags":[130,998,855],"naslovna":[],"class_list":["post-961667","post","type-post","status-publish","format-standard","has-post-thumbnail","hentry","category-politika","tag-maras-dukaj","tag-ministarstvo-javne-uprave","tag-vlada-cg"],"acf":[],"yoast_head":"<!-- This site is optimized with the Yoast SEO plugin v27.4 - https:\/\/yoast.com\/product\/yoast-seo-wordpress\/ -->\n<title>Dukaj: Dosljedna primjena reformskih mjera je jedan od tri klju\u010dna uslova evropskog puta Crne Gore - dmcsrb.com<\/title>\n<meta name=\"robots\" content=\"index, follow, max-snippet:-1, max-image-preview:large, max-video-preview:-1\" \/>\n<link rel=\"canonical\" href=\"https:\/\/dmcsrb.com\/en\/politika\/dukaj-dosljedna-primjena-reformskih-mjera-je-jedan-od-tri-kljucna-uslova-evropskog-puta-crne-gore\/\" \/>\n<meta property=\"og:locale\" content=\"en_GB\" \/>\n<meta property=\"og:type\" content=\"article\" \/>\n<meta property=\"og:title\" content=\"Dukaj: Dosljedna primjena reformskih mjera je jedan od tri klju\u010dna uslova evropskog puta Crne Gore - dmcsrb.com\" \/>\n<meta property=\"og:description\" content=\"Na Petoj sjednici Savjeta za reformu javne uprave, kojom je predsjedavao ministar javne uprave Mara\u0161 Dukaj, razmatran je napredak u sprovo\u0111enju klju\u010dnih aktivnosti u oblasti reforme javne uprave i unapre\u0111enja administrativnih kapaciteta u procesu pristupanja Evropskoj uniji, navodi se u saop\u0161tenju.\" \/>\n<meta property=\"og:url\" content=\"https:\/\/dmcsrb.com\/en\/politika\/dukaj-dosljedna-primjena-reformskih-mjera-je-jedan-od-tri-kljucna-uslova-evropskog-puta-crne-gore\/\" \/>\n<meta property=\"og:site_name\" content=\"dmcsrb.com\" \/>\n<meta property=\"article:published_time\" content=\"2025-11-03T12:02:00+00:00\" \/>\n<meta property=\"og:image\" content=\"https:\/\/dmcsrb.com\/wp-content\/uploads\/2026\/01\/Savjet-za-reformu-javne-uprave-1.jpg\" \/>\n\t<meta property=\"og:image:width\" content=\"2048\" \/>\n\t<meta property=\"og:image:height\" content=\"1366\" \/>\n\t<meta property=\"og:image:type\" content=\"image\/jpeg\" \/>\n<meta name=\"author\" content=\"dmcsrbija.com@gmail.com\" \/>\n<meta name=\"twitter:card\" content=\"summary_large_image\" \/>\n<meta name=\"twitter:label1\" content=\"Written by\" \/>\n\t<meta name=\"twitter:data1\" content=\"dmcsrbija.com@gmail.com\" \/>\n\t<meta name=\"twitter:label2\" content=\"Estimated reading time\" \/>\n\t<meta name=\"twitter:data2\" content=\"2 minutes\" \/>\n<script type=\"application\/ld+json\" class=\"yoast-schema-graph\">{\"@context\":\"https:\\\/\\\/schema.org\",\"@graph\":[{\"@type\":\"Article\",\"@id\":\"https:\\\/\\\/dmcsrb.com\\\/politika\\\/dukaj-dosljedna-primjena-reformskih-mjera-je-jedan-od-tri-kljucna-uslova-evropskog-puta-crne-gore\\\/#article\",\"isPartOf\":{\"@id\":\"https:\\\/\\\/dmcsrb.com\\\/politika\\\/dukaj-dosljedna-primjena-reformskih-mjera-je-jedan-od-tri-kljucna-uslova-evropskog-puta-crne-gore\\\/\"},\"author\":{\"name\":\"dmcsrbija.com@gmail.com\",\"@id\":\"https:\\\/\\\/dmcsrb.com\\\/#\\\/schema\\\/person\\\/5c39170f12db1b8b457732d0b5c854e2\"},\"headline\":\"Dukaj: Dosljedna primjena reformskih mjera je jedan od tri klju\u010dna uslova evropskog puta Crne Gore\",\"datePublished\":\"2025-11-03T12:02:00+00:00\",\"mainEntityOfPage\":{\"@id\":\"https:\\\/\\\/dmcsrb.com\\\/politika\\\/dukaj-dosljedna-primjena-reformskih-mjera-je-jedan-od-tri-kljucna-uslova-evropskog-puta-crne-gore\\\/\"},\"wordCount\":426,\"commentCount\":0,\"image\":{\"@id\":\"https:\\\/\\\/dmcsrb.com\\\/politika\\\/dukaj-dosljedna-primjena-reformskih-mjera-je-jedan-od-tri-kljucna-uslova-evropskog-puta-crne-gore\\\/#primaryimage\"},\"thumbnailUrl\":\"https:\\\/\\\/dmcsrb.com\\\/wp-content\\\/uploads\\\/2026\\\/01\\\/Savjet-za-reformu-javne-uprave-1.jpg\",\"keywords\":[\"Mara\u0161 Dukaj\",\"MINISTARSTVO JAVNE UPRAVE\",\"Vlada CG\"],\"articleSection\":[\"Politika\"],\"inLanguage\":\"en-GB\",\"potentialAction\":[{\"@type\":\"CommentAction\",\"name\":\"Comment\",\"target\":[\"https:\\\/\\\/dmcsrb.com\\\/politika\\\/dukaj-dosljedna-primjena-reformskih-mjera-je-jedan-od-tri-kljucna-uslova-evropskog-puta-crne-gore\\\/#respond\"]}]},{\"@type\":\"WebPage\",\"@id\":\"https:\\\/\\\/dmcsrb.com\\\/politika\\\/dukaj-dosljedna-primjena-reformskih-mjera-je-jedan-od-tri-kljucna-uslova-evropskog-puta-crne-gore\\\/\",\"url\":\"https:\\\/\\\/dmcsrb.com\\\/politika\\\/dukaj-dosljedna-primjena-reformskih-mjera-je-jedan-od-tri-kljucna-uslova-evropskog-puta-crne-gore\\\/\",\"name\":\"Dukaj: Dosljedna primjena reformskih mjera je jedan od tri klju\u010dna uslova evropskog puta Crne Gore - dmcsrb.com\",\"isPartOf\":{\"@id\":\"https:\\\/\\\/dmcsrb.com\\\/#website\"},\"primaryImageOfPage\":{\"@id\":\"https:\\\/\\\/dmcsrb.com\\\/politika\\\/dukaj-dosljedna-primjena-reformskih-mjera-je-jedan-od-tri-kljucna-uslova-evropskog-puta-crne-gore\\\/#primaryimage\"},\"image\":{\"@id\":\"https:\\\/\\\/dmcsrb.com\\\/politika\\\/dukaj-dosljedna-primjena-reformskih-mjera-je-jedan-od-tri-kljucna-uslova-evropskog-puta-crne-gore\\\/#primaryimage\"},\"thumbnailUrl\":\"https:\\\/\\\/dmcsrb.com\\\/wp-content\\\/uploads\\\/2026\\\/01\\\/Savjet-za-reformu-javne-uprave-1.jpg\",\"datePublished\":\"2025-11-03T12:02:00+00:00\",\"author\":{\"@id\":\"https:\\\/\\\/dmcsrb.com\\\/#\\\/schema\\\/person\\\/5c39170f12db1b8b457732d0b5c854e2\"},\"breadcrumb\":{\"@id\":\"https:\\\/\\\/dmcsrb.com\\\/politika\\\/dukaj-dosljedna-primjena-reformskih-mjera-je-jedan-od-tri-kljucna-uslova-evropskog-puta-crne-gore\\\/#breadcrumb\"},\"inLanguage\":\"en-GB\",\"potentialAction\":[{\"@type\":\"ReadAction\",\"target\":[\"https:\\\/\\\/dmcsrb.com\\\/politika\\\/dukaj-dosljedna-primjena-reformskih-mjera-je-jedan-od-tri-kljucna-uslova-evropskog-puta-crne-gore\\\/\"]}]},{\"@type\":\"ImageObject\",\"inLanguage\":\"en-GB\",\"@id\":\"https:\\\/\\\/dmcsrb.com\\\/politika\\\/dukaj-dosljedna-primjena-reformskih-mjera-je-jedan-od-tri-kljucna-uslova-evropskog-puta-crne-gore\\\/#primaryimage\",\"url\":\"https:\\\/\\\/dmcsrb.com\\\/wp-content\\\/uploads\\\/2026\\\/01\\\/Savjet-za-reformu-javne-uprave-1.jpg\",\"contentUrl\":\"https:\\\/\\\/dmcsrb.com\\\/wp-content\\\/uploads\\\/2026\\\/01\\\/Savjet-za-reformu-javne-uprave-1.jpg\",\"width\":2048,\"height\":1366},{\"@type\":\"BreadcrumbList\",\"@id\":\"https:\\\/\\\/dmcsrb.com\\\/politika\\\/dukaj-dosljedna-primjena-reformskih-mjera-je-jedan-od-tri-kljucna-uslova-evropskog-puta-crne-gore\\\/#breadcrumb\",\"itemListElement\":[{\"@type\":\"ListItem\",\"position\":1,\"name\":\"Home\",\"item\":\"https:\\\/\\\/dmcsrb.com\\\/\"},{\"@type\":\"ListItem\",\"position\":2,\"name\":\"Dukaj: Dosljedna primjena reformskih mjera je jedan od tri klju\u010dna uslova evropskog puta Crne Gore\"}]},{\"@type\":\"WebSite\",\"@id\":\"https:\\\/\\\/dmcsrb.com\\\/#website\",\"url\":\"https:\\\/\\\/dmcsrb.com\\\/\",\"name\":\"dmcsrb.com\",\"description\":\"\",\"potentialAction\":[{\"@type\":\"SearchAction\",\"target\":{\"@type\":\"EntryPoint\",\"urlTemplate\":\"https:\\\/\\\/dmcsrb.com\\\/?s={search_term_string}\"},\"query-input\":{\"@type\":\"PropertyValueSpecification\",\"valueRequired\":true,\"valueName\":\"search_term_string\"}}],\"inLanguage\":\"en-GB\"},{\"@type\":\"Person\",\"@id\":\"https:\\\/\\\/dmcsrb.com\\\/#\\\/schema\\\/person\\\/5c39170f12db1b8b457732d0b5c854e2\",\"name\":\"dmcsrbija.com@gmail.com\",\"image\":{\"@type\":\"ImageObject\",\"inLanguage\":\"en-GB\",\"@id\":\"https:\\\/\\\/secure.gravatar.com\\\/avatar\\\/68592660ad6347fad0fb587f8d5d8f1a7b44961362f56e4f2cd524feb87e9069?s=96&d=mm&r=g\",\"url\":\"https:\\\/\\\/secure.gravatar.com\\\/avatar\\\/68592660ad6347fad0fb587f8d5d8f1a7b44961362f56e4f2cd524feb87e9069?s=96&d=mm&r=g\",\"contentUrl\":\"https:\\\/\\\/secure.gravatar.com\\\/avatar\\\/68592660ad6347fad0fb587f8d5d8f1a7b44961362f56e4f2cd524feb87e9069?s=96&d=mm&r=g\",\"caption\":\"dmcsrbija.com@gmail.com\"},\"sameAs\":[\"https:\\\/\\\/dmcsrb.com\"],\"url\":\"https:\\\/\\\/dmcsrb.com\\\/en\\\/author\\\/dmcsrbija-comgmail-com\\\/\"}]}<\/script>\n<!-- \/ Yoast SEO plugin. -->","yoast_head_json":{"title":"Dukaj: Dosljedna primjena reformskih mjera je jedan od tri klju\u010dna uslova evropskog puta Crne Gore - dmcsrb.com","robots":{"index":"index","follow":"follow","max-snippet":"max-snippet:-1","max-image-preview":"max-image-preview:large","max-video-preview":"max-video-preview:-1"},"canonical":"https:\/\/dmcsrb.com\/en\/politika\/dukaj-dosljedna-primjena-reformskih-mjera-je-jedan-od-tri-kljucna-uslova-evropskog-puta-crne-gore\/","og_locale":"en_GB","og_type":"article","og_title":"Dukaj: Dosljedna primjena reformskih mjera je jedan od tri klju\u010dna uslova evropskog puta Crne Gore - dmcsrb.com","og_description":"Na Petoj sjednici Savjeta za reformu javne uprave, kojom je predsjedavao ministar javne uprave Mara\u0161 Dukaj, razmatran je napredak u sprovo\u0111enju klju\u010dnih aktivnosti u oblasti reforme javne uprave i unapre\u0111enja administrativnih kapaciteta u procesu pristupanja Evropskoj uniji, navodi se u saop\u0161tenju.","og_url":"https:\/\/dmcsrb.com\/en\/politika\/dukaj-dosljedna-primjena-reformskih-mjera-je-jedan-od-tri-kljucna-uslova-evropskog-puta-crne-gore\/","og_site_name":"dmcsrb.com","article_published_time":"2025-11-03T12:02:00+00:00","og_image":[{"width":2048,"height":1366,"url":"https:\/\/dmcsrb.com\/wp-content\/uploads\/2026\/01\/Savjet-za-reformu-javne-uprave-1.jpg","type":"image\/jpeg"}],"author":"dmcsrbija.com@gmail.com","twitter_card":"summary_large_image","twitter_misc":{"Written by":"dmcsrbija.com@gmail.com","Estimated reading time":"2 minutes"},"schema":{"@context":"https:\/\/schema.org","@graph":[{"@type":"Article","@id":"https:\/\/dmcsrb.com\/politika\/dukaj-dosljedna-primjena-reformskih-mjera-je-jedan-od-tri-kljucna-uslova-evropskog-puta-crne-gore\/#article","isPartOf":{"@id":"https:\/\/dmcsrb.com\/politika\/dukaj-dosljedna-primjena-reformskih-mjera-je-jedan-od-tri-kljucna-uslova-evropskog-puta-crne-gore\/"},"author":{"name":"dmcsrbija.com@gmail.com","@id":"https:\/\/dmcsrb.com\/#\/schema\/person\/5c39170f12db1b8b457732d0b5c854e2"},"headline":"Dukaj: Dosljedna primjena reformskih mjera je jedan od tri klju\u010dna uslova evropskog puta Crne Gore","datePublished":"2025-11-03T12:02:00+00:00","mainEntityOfPage":{"@id":"https:\/\/dmcsrb.com\/politika\/dukaj-dosljedna-primjena-reformskih-mjera-je-jedan-od-tri-kljucna-uslova-evropskog-puta-crne-gore\/"},"wordCount":426,"commentCount":0,"image":{"@id":"https:\/\/dmcsrb.com\/politika\/dukaj-dosljedna-primjena-reformskih-mjera-je-jedan-od-tri-kljucna-uslova-evropskog-puta-crne-gore\/#primaryimage"},"thumbnailUrl":"https:\/\/dmcsrb.com\/wp-content\/uploads\/2026\/01\/Savjet-za-reformu-javne-uprave-1.jpg","keywords":["Mara\u0161 Dukaj","MINISTARSTVO JAVNE UPRAVE","Vlada CG"],"articleSection":["Politika"],"inLanguage":"en-GB","potentialAction":[{"@type":"CommentAction","name":"Comment","target":["https:\/\/dmcsrb.com\/politika\/dukaj-dosljedna-primjena-reformskih-mjera-je-jedan-od-tri-kljucna-uslova-evropskog-puta-crne-gore\/#respond"]}]},{"@type":"WebPage","@id":"https:\/\/dmcsrb.com\/politika\/dukaj-dosljedna-primjena-reformskih-mjera-je-jedan-od-tri-kljucna-uslova-evropskog-puta-crne-gore\/","url":"https:\/\/dmcsrb.com\/politika\/dukaj-dosljedna-primjena-reformskih-mjera-je-jedan-od-tri-kljucna-uslova-evropskog-puta-crne-gore\/","name":"Dukaj: Dosljedna primjena reformskih mjera je jedan od tri klju\u010dna uslova evropskog puta Crne Gore - dmcsrb.com","isPartOf":{"@id":"https:\/\/dmcsrb.com\/#website"},"primaryImageOfPage":{"@id":"https:\/\/dmcsrb.com\/politika\/dukaj-dosljedna-primjena-reformskih-mjera-je-jedan-od-tri-kljucna-uslova-evropskog-puta-crne-gore\/#primaryimage"},"image":{"@id":"https:\/\/dmcsrb.com\/politika\/dukaj-dosljedna-primjena-reformskih-mjera-je-jedan-od-tri-kljucna-uslova-evropskog-puta-crne-gore\/#primaryimage"},"thumbnailUrl":"https:\/\/dmcsrb.com\/wp-content\/uploads\/2026\/01\/Savjet-za-reformu-javne-uprave-1.jpg","datePublished":"2025-11-03T12:02:00+00:00","author":{"@id":"https:\/\/dmcsrb.com\/#\/schema\/person\/5c39170f12db1b8b457732d0b5c854e2"},"breadcrumb":{"@id":"https:\/\/dmcsrb.com\/politika\/dukaj-dosljedna-primjena-reformskih-mjera-je-jedan-od-tri-kljucna-uslova-evropskog-puta-crne-gore\/#breadcrumb"},"inLanguage":"en-GB","potentialAction":[{"@type":"ReadAction","target":["https:\/\/dmcsrb.com\/politika\/dukaj-dosljedna-primjena-reformskih-mjera-je-jedan-od-tri-kljucna-uslova-evropskog-puta-crne-gore\/"]}]},{"@type":"ImageObject","inLanguage":"en-GB","@id":"https:\/\/dmcsrb.com\/politika\/dukaj-dosljedna-primjena-reformskih-mjera-je-jedan-od-tri-kljucna-uslova-evropskog-puta-crne-gore\/#primaryimage","url":"https:\/\/dmcsrb.com\/wp-content\/uploads\/2026\/01\/Savjet-za-reformu-javne-uprave-1.jpg","contentUrl":"https:\/\/dmcsrb.com\/wp-content\/uploads\/2026\/01\/Savjet-za-reformu-javne-uprave-1.jpg","width":2048,"height":1366},{"@type":"BreadcrumbList","@id":"https:\/\/dmcsrb.com\/politika\/dukaj-dosljedna-primjena-reformskih-mjera-je-jedan-od-tri-kljucna-uslova-evropskog-puta-crne-gore\/#breadcrumb","itemListElement":[{"@type":"ListItem","position":1,"name":"Home","item":"https:\/\/dmcsrb.com\/"},{"@type":"ListItem","position":2,"name":"Dukaj: Dosljedna primjena reformskih mjera je jedan od tri klju\u010dna uslova evropskog puta Crne Gore"}]},{"@type":"WebSite","@id":"https:\/\/dmcsrb.com\/#website","url":"https:\/\/dmcsrb.com\/","name":"dmcsrb.com","description":"","potentialAction":[{"@type":"SearchAction","target":{"@type":"EntryPoint","urlTemplate":"https:\/\/dmcsrb.com\/?s={search_term_string}"},"query-input":{"@type":"PropertyValueSpecification","valueRequired":true,"valueName":"search_term_string"}}],"inLanguage":"en-GB"},{"@type":"Person","@id":"https:\/\/dmcsrb.com\/#\/schema\/person\/5c39170f12db1b8b457732d0b5c854e2","name":"dmcsrbija.com@gmail.com","image":{"@type":"ImageObject","inLanguage":"en-GB","@id":"https:\/\/secure.gravatar.com\/avatar\/68592660ad6347fad0fb587f8d5d8f1a7b44961362f56e4f2cd524feb87e9069?s=96&d=mm&r=g","url":"https:\/\/secure.gravatar.com\/avatar\/68592660ad6347fad0fb587f8d5d8f1a7b44961362f56e4f2cd524feb87e9069?s=96&d=mm&r=g","contentUrl":"https:\/\/secure.gravatar.com\/avatar\/68592660ad6347fad0fb587f8d5d8f1a7b44961362f56e4f2cd524feb87e9069?s=96&d=mm&r=g","caption":"dmcsrbija.com@gmail.com"},"sameAs":["https:\/\/dmcsrb.com"],"url":"https:\/\/dmcsrb.com\/en\/author\/dmcsrbija-comgmail-com\/"}]}},"_links":{"self":[{"href":"https:\/\/dmcsrb.com\/en\/wp-json\/wp\/v2\/posts\/961667","targetHints":{"allow":["GET"]}}],"collection":[{"href":"https:\/\/dmcsrb.com\/en\/wp-json\/wp\/v2\/posts"}],"about":[{"href":"https:\/\/dmcsrb.com\/en\/wp-json\/wp\/v2\/types\/post"}],"author":[{"embeddable":true,"href":"https:\/\/dmcsrb.com\/en\/wp-json\/wp\/v2\/users\/1"}],"replies":[{"embeddable":true,"href":"https:\/\/dmcsrb.com\/en\/wp-json\/wp\/v2\/comments?post=961667"}],"version-history":[{"count":0,"href":"https:\/\/dmcsrb.com\/en\/wp-json\/wp\/v2\/posts\/961667\/revisions"}],"wp:featuredmedia":[{"embeddable":true,"href":"https:\/\/dmcsrb.com\/en\/wp-json\/wp\/v2\/media\/915231"}],"wp:attachment":[{"href":"https:\/\/dmcsrb.com\/en\/wp-json\/wp\/v2\/media?parent=961667"}],"wp:term":[{"taxonomy":"category","embeddable":true,"href":"https:\/\/dmcsrb.com\/en\/wp-json\/wp\/v2\/categories?post=961667"},{"taxonomy":"post_tag","embeddable":true,"href":"https:\/\/dmcsrb.com\/en\/wp-json\/wp\/v2\/tags?post=961667"},{"taxonomy":"naslovna","embeddable":true,"href":"https:\/\/dmcsrb.com\/en\/wp-json\/wp\/v2\/naslovna?post=961667"}],"curies":[{"name":"wp","href":"https:\/\/api.w.org\/{rel}","templated":true}]}}