{"id":961662,"date":"2025-11-03T12:44:00","date_gmt":"2025-11-03T11:44:00","guid":{"rendered":"https:\/\/dmcsrb.com\/uncategorized\/danilovic-jednoglasno-izabran-za-predsjednika-ujedinjene-crne-gore\/"},"modified":"2025-11-03T12:44:00","modified_gmt":"2025-11-03T11:44:00","slug":"danilovic-jednoglasno-izabran-za-predsjednika-ujedinjene-crne-gore","status":"publish","type":"post","link":"https:\/\/dmcsrb.com\/en\/politika\/danilovic-jednoglasno-izabran-za-predsjednika-ujedinjene-crne-gore\/","title":{"rendered":"Danilovi\u0107 jednoglasno izabran za predsjednika Ujedinjene Crne Gore"},"content":{"rendered":"<p>&#8220;Na zasijedanju 2. novembra potvr\u0111eni su mandati \u010dlanovima Glavnog odbora i izabrano je novo rukovodstvo stranke.<br>Za zamjenika predsjednika, na predlog lidera stranke Gorana Danilovi\u0107a, izabran je dr Vladimir Dobri\u010danin, poslanik Ujedinjene Crne Gore u Skup\u0161tini Crne Gore&#8221;, stoji u saop\u0161tenju.<\/p>\n\n\n\n<p>Kako su kazali, za predsjednika Izvr\u0161nog odbora izabran je \u017deljko Furtula, diplomirani pravnik i visoki funkcioner Ujedinjene u minulom periodu. Funkciju direktora stranke preuzeo je Branko Kova\u010devi\u0107, aktuelni predsjednik gradskog odbora Podgorice. Politi\u010dki savjet stranke vodi\u0107e prof. dr Vesna Brati\u0107, ministarka prosvjete, nauke, kulture i sporta u 42. Vladi Crne Gore, dok \u0107e predsjednica Kluba ravnopravnosti Ranka \u0160ljivan\u00e7anin ostati na toj funkciji do izborne skup\u0161tine \u017eenske organizacije koja \u0107e se odr\u017eati uo\u010di nove godine.<\/p>\n\n\n\n<p>&#8220;Jednoglasnom odlukom za predsjednicu Nadzornog odbora izabrana je Nina Slijep\u010devi\u0107, diplomirani ekonomista, a za predsjednika Statutarnog odbora Radomir Ivan\u010devi\u0107, diplomirani pravnik. Izbore i imenovanja na dvodnevnoj skup\u0161tini UCG sproveli su: Verifikaciona komisija kojom je predsjedavao Dejan Bo\u0161kovi\u0107 i Izborna komisija pod predsjedavanjem Milana \u0110ur\u0111evca&#8221;, dodali su.<\/p>\n\n\n\n<p>Predsjednik Ekonomskog savjeta bi\u0107e izabran na sljede\u0107oj sjednici Glavnog odbora.<\/p>\n\n\n\n<p>&#8220;Podsje\u0107amo, na predlog predsjednika stranke su prvog dana zasijedanja usvojene izmjene i dopune Programa stranke koje se odnose na imigracionu, demografsku i spoljnu politiku. Ujedinjena Crna Gora se, izmjenama Programa, zala\u017ee za poo\u0161travanje imigracione politike i ve\u0107u kontrolu nekontrolisanog naseljavanja stranaca u Crnoj Gori, sa ciljem o\u010duvanja autenti\u010dnosti, bezbjednosti i demografske stabilnosti dr\u017eave&#8221;, navode iz Ujedinjene Crne Gore.<\/p>\n\n\n\n<p><br>Kako su kazali, kada je rije\u010d o spoljno\u00adpoliti\u010dkim prioritetima, stranka smatra da o eventualnom punopravnom \u010dlanstvu Crne Gore u Evropskoj uniji treba da odlu\u010duju gra\u0111ani na referendumu. Istaknuta je i potreba za razvijanjem saradnje sa Sjedinjenim Ameri\u010dkim Dr\u017eavama, Rusijom i Kinom, kao i za ja\u010danjem ekonomske diplomatije Crne Gore.<\/p>\n\n\n\n<p>&#8220;Ujedinjena Crna Gora poru\u010dila je da \u0107e izborne procese, koji se o\u010dekuju 2027. godine, do\u010dekati spremno i organizovano, sa jasnim planom djelovanja i posve\u0107eno\u0161\u0107u u vo\u0111enju po\u0161tene, dosljedne i odgovorne politike u interesu svih gra\u0111ana Crne Gore&#8221;, zaklju\u010dili su.<\/p>","protected":false},"excerpt":{"rendered":"<p>Ujedinjena Crna Gora odr\u017eala je 1. i 2. novembra svoju tre\u0107u Izbornu skup\u0161tinu u Sutomoru, na kojoj je jednoglasnom odlukom delegata za predsjednika stranke ponovo izabran Goran Danilovi\u0107, navodi se u saop\u0161tenju.<\/p>","protected":false},"author":1,"featured_media":946061,"comment_status":"open","ping_status":"open","sticky":false,"template":"","format":"standard","meta":{"_acf_changed":false,"footnotes":""},"categories":[12],"tags":[13442,38],"naslovna":[],"class_list":["post-961662","post","type-post","status-publish","format-standard","has-post-thumbnail","hentry","category-politika","tag-goran-danilovic","tag-ucg"],"acf":[],"yoast_head":"<!-- This site is optimized with the Yoast SEO plugin v27.0 - https:\/\/yoast.com\/product\/yoast-seo-wordpress\/ -->\n<title>Danilovi\u0107 jednoglasno izabran za predsjednika Ujedinjene Crne Gore - dmcsrb.com<\/title>\n<meta name=\"robots\" content=\"index, follow, max-snippet:-1, max-image-preview:large, max-video-preview:-1\" \/>\n<link rel=\"canonical\" href=\"https:\/\/dmcsrb.com\/en\/politika\/danilovic-jednoglasno-izabran-za-predsjednika-ujedinjene-crne-gore\/\" \/>\n<meta property=\"og:locale\" content=\"en_GB\" \/>\n<meta property=\"og:type\" content=\"article\" \/>\n<meta property=\"og:title\" content=\"Danilovi\u0107 jednoglasno izabran za predsjednika Ujedinjene Crne Gore - dmcsrb.com\" \/>\n<meta property=\"og:description\" content=\"Ujedinjena Crna Gora odr\u017eala je 1. i 2. novembra svoju tre\u0107u Izbornu skup\u0161tinu u Sutomoru, na kojoj je jednoglasnom odlukom delegata za predsjednika stranke ponovo izabran Goran Danilovi\u0107, navodi se u saop\u0161tenju.\" \/>\n<meta property=\"og:url\" content=\"https:\/\/dmcsrb.com\/en\/politika\/danilovic-jednoglasno-izabran-za-predsjednika-ujedinjene-crne-gore\/\" \/>\n<meta property=\"og:site_name\" content=\"dmcsrb.com\" \/>\n<meta property=\"article:published_time\" content=\"2025-11-03T11:44:00+00:00\" \/>\n<meta property=\"og:image\" content=\"https:\/\/dmcsrb.com\/wp-content\/uploads\/2026\/01\/GORAN-DANILOVIC-UJEDNI-1.webp\" \/>\n\t<meta property=\"og:image:width\" content=\"645\" \/>\n\t<meta property=\"og:image:height\" content=\"405\" \/>\n\t<meta property=\"og:image:type\" content=\"image\/jpeg\" \/>\n<meta name=\"author\" content=\"dmcsrbija.com@gmail.com\" \/>\n<meta name=\"twitter:card\" content=\"summary_large_image\" \/>\n<meta name=\"twitter:label1\" content=\"Written by\" \/>\n\t<meta name=\"twitter:data1\" content=\"dmcsrbija.com@gmail.com\" \/>\n\t<meta name=\"twitter:label2\" content=\"Estimated reading time\" \/>\n\t<meta name=\"twitter:data2\" content=\"2 minutes\" \/>\n<script type=\"application\/ld+json\" class=\"yoast-schema-graph\">{\"@context\":\"https:\/\/schema.org\",\"@graph\":[{\"@type\":\"Article\",\"@id\":\"https:\/\/dmcsrb.com\/politika\/danilovic-jednoglasno-izabran-za-predsjednika-ujedinjene-crne-gore\/#article\",\"isPartOf\":{\"@id\":\"https:\/\/dmcsrb.com\/politika\/danilovic-jednoglasno-izabran-za-predsjednika-ujedinjene-crne-gore\/\"},\"author\":{\"name\":\"dmcsrbija.com@gmail.com\",\"@id\":\"https:\/\/dmcsrb.com\/#\/schema\/person\/5c39170f12db1b8b457732d0b5c854e2\"},\"headline\":\"Danilovi\u0107 jednoglasno izabran za predsjednika Ujedinjene Crne Gore\",\"datePublished\":\"2025-11-03T11:44:00+00:00\",\"mainEntityOfPage\":{\"@id\":\"https:\/\/dmcsrb.com\/politika\/danilovic-jednoglasno-izabran-za-predsjednika-ujedinjene-crne-gore\/\"},\"wordCount\":365,\"commentCount\":0,\"image\":{\"@id\":\"https:\/\/dmcsrb.com\/politika\/danilovic-jednoglasno-izabran-za-predsjednika-ujedinjene-crne-gore\/#primaryimage\"},\"thumbnailUrl\":\"https:\/\/dmcsrb.com\/wp-content\/uploads\/2026\/01\/GORAN-DANILOVIC-UJEDNI-1.webp\",\"keywords\":[\"Goran Danilovi\u0107\",\"UCG\"],\"articleSection\":[\"Politika\"],\"inLanguage\":\"en-GB\",\"potentialAction\":[{\"@type\":\"CommentAction\",\"name\":\"Comment\",\"target\":[\"https:\/\/dmcsrb.com\/politika\/danilovic-jednoglasno-izabran-za-predsjednika-ujedinjene-crne-gore\/#respond\"]}]},{\"@type\":\"WebPage\",\"@id\":\"https:\/\/dmcsrb.com\/politika\/danilovic-jednoglasno-izabran-za-predsjednika-ujedinjene-crne-gore\/\",\"url\":\"https:\/\/dmcsrb.com\/politika\/danilovic-jednoglasno-izabran-za-predsjednika-ujedinjene-crne-gore\/\",\"name\":\"Danilovi\u0107 jednoglasno izabran za predsjednika Ujedinjene Crne Gore - dmcsrb.com\",\"isPartOf\":{\"@id\":\"https:\/\/dmcsrb.com\/#website\"},\"primaryImageOfPage\":{\"@id\":\"https:\/\/dmcsrb.com\/politika\/danilovic-jednoglasno-izabran-za-predsjednika-ujedinjene-crne-gore\/#primaryimage\"},\"image\":{\"@id\":\"https:\/\/dmcsrb.com\/politika\/danilovic-jednoglasno-izabran-za-predsjednika-ujedinjene-crne-gore\/#primaryimage\"},\"thumbnailUrl\":\"https:\/\/dmcsrb.com\/wp-content\/uploads\/2026\/01\/GORAN-DANILOVIC-UJEDNI-1.webp\",\"datePublished\":\"2025-11-03T11:44:00+00:00\",\"author\":{\"@id\":\"https:\/\/dmcsrb.com\/#\/schema\/person\/5c39170f12db1b8b457732d0b5c854e2\"},\"breadcrumb\":{\"@id\":\"https:\/\/dmcsrb.com\/politika\/danilovic-jednoglasno-izabran-za-predsjednika-ujedinjene-crne-gore\/#breadcrumb\"},\"inLanguage\":\"en-GB\",\"potentialAction\":[{\"@type\":\"ReadAction\",\"target\":[\"https:\/\/dmcsrb.com\/politika\/danilovic-jednoglasno-izabran-za-predsjednika-ujedinjene-crne-gore\/\"]}]},{\"@type\":\"ImageObject\",\"inLanguage\":\"en-GB\",\"@id\":\"https:\/\/dmcsrb.com\/politika\/danilovic-jednoglasno-izabran-za-predsjednika-ujedinjene-crne-gore\/#primaryimage\",\"url\":\"https:\/\/dmcsrb.com\/wp-content\/uploads\/2026\/01\/GORAN-DANILOVIC-UJEDNI-1.webp\",\"contentUrl\":\"https:\/\/dmcsrb.com\/wp-content\/uploads\/2026\/01\/GORAN-DANILOVIC-UJEDNI-1.webp\",\"width\":645,\"height\":405},{\"@type\":\"BreadcrumbList\",\"@id\":\"https:\/\/dmcsrb.com\/politika\/danilovic-jednoglasno-izabran-za-predsjednika-ujedinjene-crne-gore\/#breadcrumb\",\"itemListElement\":[{\"@type\":\"ListItem\",\"position\":1,\"name\":\"Home\",\"item\":\"https:\/\/dmcsrb.com\/\"},{\"@type\":\"ListItem\",\"position\":2,\"name\":\"Danilovi\u0107 jednoglasno izabran za predsjednika Ujedinjene Crne Gore\"}]},{\"@type\":\"WebSite\",\"@id\":\"https:\/\/dmcsrb.com\/#website\",\"url\":\"https:\/\/dmcsrb.com\/\",\"name\":\"dmcsrb.com\",\"description\":\"\",\"potentialAction\":[{\"@type\":\"SearchAction\",\"target\":{\"@type\":\"EntryPoint\",\"urlTemplate\":\"https:\/\/dmcsrb.com\/?s={search_term_string}\"},\"query-input\":{\"@type\":\"PropertyValueSpecification\",\"valueRequired\":true,\"valueName\":\"search_term_string\"}}],\"inLanguage\":\"en-GB\"},{\"@type\":\"Person\",\"@id\":\"https:\/\/dmcsrb.com\/#\/schema\/person\/5c39170f12db1b8b457732d0b5c854e2\",\"name\":\"dmcsrbija.com@gmail.com\",\"image\":{\"@type\":\"ImageObject\",\"inLanguage\":\"en-GB\",\"@id\":\"https:\/\/dmcsrb.com\/#\/schema\/person\/image\/\",\"url\":\"https:\/\/secure.gravatar.com\/avatar\/68592660ad6347fad0fb587f8d5d8f1a7b44961362f56e4f2cd524feb87e9069?s=96&d=mm&r=g\",\"contentUrl\":\"https:\/\/secure.gravatar.com\/avatar\/68592660ad6347fad0fb587f8d5d8f1a7b44961362f56e4f2cd524feb87e9069?s=96&d=mm&r=g\",\"caption\":\"dmcsrbija.com@gmail.com\"},\"sameAs\":[\"https:\/\/dmcsrb.com\"],\"url\":\"https:\/\/dmcsrb.com\/en\/author\/dmcsrbija-comgmail-com\/\"}]}<\/script>\n<!-- \/ Yoast SEO plugin. -->","yoast_head_json":{"title":"Danilovi\u0107 jednoglasno izabran za predsjednika Ujedinjene Crne Gore - dmcsrb.com","robots":{"index":"index","follow":"follow","max-snippet":"max-snippet:-1","max-image-preview":"max-image-preview:large","max-video-preview":"max-video-preview:-1"},"canonical":"https:\/\/dmcsrb.com\/en\/politika\/danilovic-jednoglasno-izabran-za-predsjednika-ujedinjene-crne-gore\/","og_locale":"en_GB","og_type":"article","og_title":"Danilovi\u0107 jednoglasno izabran za predsjednika Ujedinjene Crne Gore - dmcsrb.com","og_description":"Ujedinjena Crna Gora odr\u017eala je 1. i 2. novembra svoju tre\u0107u Izbornu skup\u0161tinu u Sutomoru, na kojoj je jednoglasnom odlukom delegata za predsjednika stranke ponovo izabran Goran Danilovi\u0107, navodi se u saop\u0161tenju.","og_url":"https:\/\/dmcsrb.com\/en\/politika\/danilovic-jednoglasno-izabran-za-predsjednika-ujedinjene-crne-gore\/","og_site_name":"dmcsrb.com","article_published_time":"2025-11-03T11:44:00+00:00","og_image":[{"width":645,"height":405,"url":"https:\/\/dmcsrb.com\/wp-content\/uploads\/2026\/01\/GORAN-DANILOVIC-UJEDNI-1.webp","type":"image\/jpeg"}],"author":"dmcsrbija.com@gmail.com","twitter_card":"summary_large_image","twitter_misc":{"Written by":"dmcsrbija.com@gmail.com","Estimated reading time":"2 minutes"},"schema":{"@context":"https:\/\/schema.org","@graph":[{"@type":"Article","@id":"https:\/\/dmcsrb.com\/politika\/danilovic-jednoglasno-izabran-za-predsjednika-ujedinjene-crne-gore\/#article","isPartOf":{"@id":"https:\/\/dmcsrb.com\/politika\/danilovic-jednoglasno-izabran-za-predsjednika-ujedinjene-crne-gore\/"},"author":{"name":"dmcsrbija.com@gmail.com","@id":"https:\/\/dmcsrb.com\/#\/schema\/person\/5c39170f12db1b8b457732d0b5c854e2"},"headline":"Danilovi\u0107 jednoglasno izabran za predsjednika Ujedinjene Crne Gore","datePublished":"2025-11-03T11:44:00+00:00","mainEntityOfPage":{"@id":"https:\/\/dmcsrb.com\/politika\/danilovic-jednoglasno-izabran-za-predsjednika-ujedinjene-crne-gore\/"},"wordCount":365,"commentCount":0,"image":{"@id":"https:\/\/dmcsrb.com\/politika\/danilovic-jednoglasno-izabran-za-predsjednika-ujedinjene-crne-gore\/#primaryimage"},"thumbnailUrl":"https:\/\/dmcsrb.com\/wp-content\/uploads\/2026\/01\/GORAN-DANILOVIC-UJEDNI-1.webp","keywords":["Goran Danilovi\u0107","UCG"],"articleSection":["Politika"],"inLanguage":"en-GB","potentialAction":[{"@type":"CommentAction","name":"Comment","target":["https:\/\/dmcsrb.com\/politika\/danilovic-jednoglasno-izabran-za-predsjednika-ujedinjene-crne-gore\/#respond"]}]},{"@type":"WebPage","@id":"https:\/\/dmcsrb.com\/politika\/danilovic-jednoglasno-izabran-za-predsjednika-ujedinjene-crne-gore\/","url":"https:\/\/dmcsrb.com\/politika\/danilovic-jednoglasno-izabran-za-predsjednika-ujedinjene-crne-gore\/","name":"Danilovi\u0107 jednoglasno izabran za predsjednika Ujedinjene Crne Gore - dmcsrb.com","isPartOf":{"@id":"https:\/\/dmcsrb.com\/#website"},"primaryImageOfPage":{"@id":"https:\/\/dmcsrb.com\/politika\/danilovic-jednoglasno-izabran-za-predsjednika-ujedinjene-crne-gore\/#primaryimage"},"image":{"@id":"https:\/\/dmcsrb.com\/politika\/danilovic-jednoglasno-izabran-za-predsjednika-ujedinjene-crne-gore\/#primaryimage"},"thumbnailUrl":"https:\/\/dmcsrb.com\/wp-content\/uploads\/2026\/01\/GORAN-DANILOVIC-UJEDNI-1.webp","datePublished":"2025-11-03T11:44:00+00:00","author":{"@id":"https:\/\/dmcsrb.com\/#\/schema\/person\/5c39170f12db1b8b457732d0b5c854e2"},"breadcrumb":{"@id":"https:\/\/dmcsrb.com\/politika\/danilovic-jednoglasno-izabran-za-predsjednika-ujedinjene-crne-gore\/#breadcrumb"},"inLanguage":"en-GB","potentialAction":[{"@type":"ReadAction","target":["https:\/\/dmcsrb.com\/politika\/danilovic-jednoglasno-izabran-za-predsjednika-ujedinjene-crne-gore\/"]}]},{"@type":"ImageObject","inLanguage":"en-GB","@id":"https:\/\/dmcsrb.com\/politika\/danilovic-jednoglasno-izabran-za-predsjednika-ujedinjene-crne-gore\/#primaryimage","url":"https:\/\/dmcsrb.com\/wp-content\/uploads\/2026\/01\/GORAN-DANILOVIC-UJEDNI-1.webp","contentUrl":"https:\/\/dmcsrb.com\/wp-content\/uploads\/2026\/01\/GORAN-DANILOVIC-UJEDNI-1.webp","width":645,"height":405},{"@type":"BreadcrumbList","@id":"https:\/\/dmcsrb.com\/politika\/danilovic-jednoglasno-izabran-za-predsjednika-ujedinjene-crne-gore\/#breadcrumb","itemListElement":[{"@type":"ListItem","position":1,"name":"Home","item":"https:\/\/dmcsrb.com\/"},{"@type":"ListItem","position":2,"name":"Danilovi\u0107 jednoglasno izabran za predsjednika Ujedinjene Crne Gore"}]},{"@type":"WebSite","@id":"https:\/\/dmcsrb.com\/#website","url":"https:\/\/dmcsrb.com\/","name":"dmcsrb.com","description":"","potentialAction":[{"@type":"SearchAction","target":{"@type":"EntryPoint","urlTemplate":"https:\/\/dmcsrb.com\/?s={search_term_string}"},"query-input":{"@type":"PropertyValueSpecification","valueRequired":true,"valueName":"search_term_string"}}],"inLanguage":"en-GB"},{"@type":"Person","@id":"https:\/\/dmcsrb.com\/#\/schema\/person\/5c39170f12db1b8b457732d0b5c854e2","name":"dmcsrbija.com@gmail.com","image":{"@type":"ImageObject","inLanguage":"en-GB","@id":"https:\/\/dmcsrb.com\/#\/schema\/person\/image\/","url":"https:\/\/secure.gravatar.com\/avatar\/68592660ad6347fad0fb587f8d5d8f1a7b44961362f56e4f2cd524feb87e9069?s=96&d=mm&r=g","contentUrl":"https:\/\/secure.gravatar.com\/avatar\/68592660ad6347fad0fb587f8d5d8f1a7b44961362f56e4f2cd524feb87e9069?s=96&d=mm&r=g","caption":"dmcsrbija.com@gmail.com"},"sameAs":["https:\/\/dmcsrb.com"],"url":"https:\/\/dmcsrb.com\/en\/author\/dmcsrbija-comgmail-com\/"}]}},"_links":{"self":[{"href":"https:\/\/dmcsrb.com\/en\/wp-json\/wp\/v2\/posts\/961662","targetHints":{"allow":["GET"]}}],"collection":[{"href":"https:\/\/dmcsrb.com\/en\/wp-json\/wp\/v2\/posts"}],"about":[{"href":"https:\/\/dmcsrb.com\/en\/wp-json\/wp\/v2\/types\/post"}],"author":[{"embeddable":true,"href":"https:\/\/dmcsrb.com\/en\/wp-json\/wp\/v2\/users\/1"}],"replies":[{"embeddable":true,"href":"https:\/\/dmcsrb.com\/en\/wp-json\/wp\/v2\/comments?post=961662"}],"version-history":[{"count":0,"href":"https:\/\/dmcsrb.com\/en\/wp-json\/wp\/v2\/posts\/961662\/revisions"}],"wp:featuredmedia":[{"embeddable":true,"href":"https:\/\/dmcsrb.com\/en\/wp-json\/wp\/v2\/media\/946061"}],"wp:attachment":[{"href":"https:\/\/dmcsrb.com\/en\/wp-json\/wp\/v2\/media?parent=961662"}],"wp:term":[{"taxonomy":"category","embeddable":true,"href":"https:\/\/dmcsrb.com\/en\/wp-json\/wp\/v2\/categories?post=961662"},{"taxonomy":"post_tag","embeddable":true,"href":"https:\/\/dmcsrb.com\/en\/wp-json\/wp\/v2\/tags?post=961662"},{"taxonomy":"naslovna","embeddable":true,"href":"https:\/\/dmcsrb.com\/en\/wp-json\/wp\/v2\/naslovna?post=961662"}],"curies":[{"name":"wp","href":"https:\/\/api.w.org\/{rel}","templated":true}]}}