{"id":961661,"date":"2025-11-03T12:02:59","date_gmt":"2025-11-03T11:02:59","guid":{"rendered":"https:\/\/dmcsrb.com\/uncategorized\/politiko-u-izradi-ugovor-o-pristupanju-crne-gore-eu\/"},"modified":"2025-11-03T12:02:59","modified_gmt":"2025-11-03T11:02:59","slug":"politiko-u-izradi-ugovor-o-pristupanju-crne-gore-eu","status":"publish","type":"post","link":"https:\/\/dmcsrb.com\/en\/politika\/politiko-u-izradi-ugovor-o-pristupanju-crne-gore-eu\/","title":{"rendered":"Politiko: U izradi ugovor o pristupanju Crne Gore EU"},"content":{"rendered":"<p><\/p>\n\n\n\n<p><\/p>\n\n\n\n<p>Kos \u0107e, kako je nedavno rekla novinarima u Briselu, predstaviti paket pro\u0161irenja kao klju\u010dno geopoliti\u010dko oru\u0111e kako bi Unija pokazala \u201eda zapravo odgovara na izazove \u0161irom Evrope\u201c.<\/p>\n\n\n\n<p>Prema njenim rije\u010dima, pomo\u0107 zemljama na putu ka \u010dlanstvu u EU na\u010din je na koji Brisel mo\u017ee da se suprotstavi snagama koje \u017eele da destabilizuju Uniju.<\/p>\n\n\n\n<p>Izvje\u0161taj \u0107e, pi\u0161e Politiko, biti i prilika da najvi\u0161i zvani\u010dnici Komisije govore o izgledima za \u201eujedinjenu Evropu\u201c.<\/p>\n\n\n\n<p>O\u010dekuje se da u izvje\u0161taju budu pohvale za Crnu Goru i Albaniju, pri \u010demu je Crna Gora najdalje odmakla na putu ka EU i cilja na \u010dlanstvo 2027. godine.<\/p>\n\n\n\n<p>U me\u0111uvremenu se \u010duju glasovi da je u toku izrada ugovora o pristupanju Crne Gore, \u0161to \u0107e biti prilika za Komisiju da predstavi razli\u010dita uvjeravanja da prijem novih \u010dlanica ne nosi rizike, npr. stavljanjem nekog klju\u010dnog prava glasa, poput veta u spoljnoj politici, na \u010dekanje uz odre\u0111eni \u201eprobni period\u201c.<\/p>\n\n\n\n<p>\u201ePrelazni periodi su princip u novoj generaciji ugovora o pristupanju\u201c, rekla je Kos.<\/p>\n\n\n\n<p>Li\u0161avanjem novih \u010dlanica odre\u0111enog prava glasa na neki period, predsjednica Komisije Ursula fon der Lajen, koja se zala\u017ee za pro\u0161irenje, \u017eeli da ubla\u017ei bojazni da bi pro\u0161irenja mogla da dovedu u Savjet EU \u201enove Orbane\u201c, \u0161to bi dodatno smanjilo sposobnost bloka da odlu\u010duje.<\/p>\n\n\n\n<p>O\u010dekuje se da izvje\u0161taj za Srbiju bude najo\u0161triji. \u201eVi\u0161e ne mo\u017eemo dozvoliti da se kandidati kriju iza dvosmislenih stavova\u201c, rekla je Kos francuskim poslanicima, ponavljaju\u0107i rije\u010di fon der Lajen koja je od Srbije tra\u017eila da udvostru\u010di napore za pridru\u017eivanje EU.<\/p>\n\n\n\n<p>Trebalo je da Kos sjutra predstavi i \u201eizvje\u0161taje prije pro\u0161irenja\u201c sa reformama koje EU treba da preduzme prije sljede\u0107e runde pro\u0161irenja, ali \u0107e to, kako je rekao jedan diplomata EU, vjerovatno biti odlo\u017eeno za par nedjelja.<\/p>\n\n\n\n<p>Navodi se i da su fon der Lajen i Kos odlu\u010dne da pro\u0161irenje dr\u017ee visoko na agendi i to, ako je potrebno, uz ograni\u010denja poput \u201efaznog pristupanja\u201c.<\/p>\n\n\n\n<p>\u201eOsje\u0107aj od prije dvije godine da bi se odjednom EU moglo pridru\u017eiti osam do devet zemalja u kratkom roku, nekako je izblijedio\u201c, rekao je jedan diplomata EU za briselski portal.<\/p>\n\n\n\n<p>Kako je dodao, Komisija s jedne strane \u017eeli da \u201estvori \u0161argarepu\u201c za zemlje kandidate, a s druge strane \u010dlanice imaju prili\u010dno agresivan, tvrd pristup i primaju u klub samo one koji su zaista spremni za \u010dlanstvo.<\/p>\n\n\n\n<p>Ukazuje se i da su prema pro\u0161irenju najskepti\u010dnije zemlje koje se grani\u010de sa potencijalnim novim \u010dlanicama.<\/p>\n\n\n\n<p>Politiko zaklju\u010duje da, bez obzira na optimizam Komisije oko pro\u0161irenja, skeptici u Savjetu osje\u0107aju da se s tim ne \u017euri previ\u0161e, mada spor tempo pro\u0161irenja stvara frustracije i prostor za rusko mije\u0161anje.<\/p>","protected":false},"excerpt":{"rendered":"<p>Ovogodi\u0161nji paket pro\u0161irenja, koji \u0107e evrokomesarka Marta Kos predstaviti sjutra, sadr\u017ea\u0107e pohvale za Crnu Goru i Albaniju, rije\u010di ohrabrenja za Ukrajinu i Moldaviju i mnogo manje entuzijazma kada je rije\u010d o Bosni i Hercegovini (BiH), Sjevernoj Makedoniji i, posebno, Srbiji, pi\u0161e danas briselski Politiko, pozivaju\u0107i se na nedavne izjave evropske komesarke i razgovore sa zvani\u010dnicima EU, prenosi agencija Beta.<\/p>","protected":false},"author":1,"featured_media":914359,"comment_status":"open","ping_status":"open","sticky":false,"template":"","format":"standard","meta":{"_acf_changed":false,"footnotes":""},"categories":[12],"tags":[13440,13441],"naslovna":[],"class_list":["post-961661","post","type-post","status-publish","format-standard","has-post-thumbnail","hentry","category-politika","tag-eu-integracija","tag-ugovor-o-pristupanju"],"acf":[],"yoast_head":"<!-- This site is optimized with the Yoast SEO plugin v27.4 - https:\/\/yoast.com\/product\/yoast-seo-wordpress\/ -->\n<title>Politiko: U izradi ugovor o pristupanju Crne Gore EU - dmcsrb.com<\/title>\n<meta name=\"robots\" content=\"index, follow, max-snippet:-1, max-image-preview:large, max-video-preview:-1\" \/>\n<link rel=\"canonical\" href=\"https:\/\/dmcsrb.com\/en\/politika\/politiko-u-izradi-ugovor-o-pristupanju-crne-gore-eu\/\" \/>\n<meta property=\"og:locale\" content=\"en_GB\" \/>\n<meta property=\"og:type\" content=\"article\" \/>\n<meta property=\"og:title\" content=\"Politiko: U izradi ugovor o pristupanju Crne Gore EU - dmcsrb.com\" \/>\n<meta property=\"og:description\" content=\"Ovogodi\u0161nji paket pro\u0161irenja, koji \u0107e evrokomesarka Marta Kos predstaviti sjutra, sadr\u017ea\u0107e pohvale za Crnu Goru i Albaniju, rije\u010di ohrabrenja za Ukrajinu i Moldaviju i mnogo manje entuzijazma kada je rije\u010d o Bosni i Hercegovini (BiH), Sjevernoj Makedoniji i, posebno, Srbiji, pi\u0161e danas briselski Politiko, pozivaju\u0107i se na nedavne izjave evropske komesarke i razgovore sa zvani\u010dnicima EU, prenosi agencija Beta.\" \/>\n<meta property=\"og:url\" content=\"https:\/\/dmcsrb.com\/en\/politika\/politiko-u-izradi-ugovor-o-pristupanju-crne-gore-eu\/\" \/>\n<meta property=\"og:site_name\" content=\"dmcsrb.com\" \/>\n<meta property=\"article:published_time\" content=\"2025-11-03T11:02:59+00:00\" \/>\n<meta property=\"og:image\" content=\"https:\/\/dmcsrb.com\/wp-content\/uploads\/2026\/01\/Marta-Kos-evropska-komesarka-foto-Vlada-CG.jpg\" \/>\n\t<meta property=\"og:image:width\" content=\"1014\" \/>\n\t<meta property=\"og:image:height\" content=\"670\" \/>\n\t<meta property=\"og:image:type\" content=\"image\/jpeg\" \/>\n<meta name=\"author\" content=\"dmcsrbija.com@gmail.com\" \/>\n<meta name=\"twitter:card\" content=\"summary_large_image\" \/>\n<meta name=\"twitter:label1\" content=\"Written by\" \/>\n\t<meta name=\"twitter:data1\" content=\"dmcsrbija.com@gmail.com\" \/>\n\t<meta name=\"twitter:label2\" content=\"Estimated reading time\" \/>\n\t<meta name=\"twitter:data2\" content=\"2 minutes\" \/>\n<script type=\"application\/ld+json\" class=\"yoast-schema-graph\">{\"@context\":\"https:\\\/\\\/schema.org\",\"@graph\":[{\"@type\":\"Article\",\"@id\":\"https:\\\/\\\/dmcsrb.com\\\/politika\\\/politiko-u-izradi-ugovor-o-pristupanju-crne-gore-eu\\\/#article\",\"isPartOf\":{\"@id\":\"https:\\\/\\\/dmcsrb.com\\\/politika\\\/politiko-u-izradi-ugovor-o-pristupanju-crne-gore-eu\\\/\"},\"author\":{\"name\":\"dmcsrbija.com@gmail.com\",\"@id\":\"https:\\\/\\\/dmcsrb.com\\\/#\\\/schema\\\/person\\\/5c39170f12db1b8b457732d0b5c854e2\"},\"headline\":\"Politiko: U izradi ugovor o pristupanju Crne Gore EU\",\"datePublished\":\"2025-11-03T11:02:59+00:00\",\"mainEntityOfPage\":{\"@id\":\"https:\\\/\\\/dmcsrb.com\\\/politika\\\/politiko-u-izradi-ugovor-o-pristupanju-crne-gore-eu\\\/\"},\"wordCount\":484,\"commentCount\":0,\"image\":{\"@id\":\"https:\\\/\\\/dmcsrb.com\\\/politika\\\/politiko-u-izradi-ugovor-o-pristupanju-crne-gore-eu\\\/#primaryimage\"},\"thumbnailUrl\":\"https:\\\/\\\/dmcsrb.com\\\/wp-content\\\/uploads\\\/2026\\\/01\\\/Marta-Kos-evropska-komesarka-foto-Vlada-CG.jpg\",\"keywords\":[\"eu integracija\",\"ugovor o pristupanju\"],\"articleSection\":[\"Politika\"],\"inLanguage\":\"en-GB\",\"potentialAction\":[{\"@type\":\"CommentAction\",\"name\":\"Comment\",\"target\":[\"https:\\\/\\\/dmcsrb.com\\\/politika\\\/politiko-u-izradi-ugovor-o-pristupanju-crne-gore-eu\\\/#respond\"]}]},{\"@type\":\"WebPage\",\"@id\":\"https:\\\/\\\/dmcsrb.com\\\/politika\\\/politiko-u-izradi-ugovor-o-pristupanju-crne-gore-eu\\\/\",\"url\":\"https:\\\/\\\/dmcsrb.com\\\/politika\\\/politiko-u-izradi-ugovor-o-pristupanju-crne-gore-eu\\\/\",\"name\":\"Politiko: U izradi ugovor o pristupanju Crne Gore EU - dmcsrb.com\",\"isPartOf\":{\"@id\":\"https:\\\/\\\/dmcsrb.com\\\/#website\"},\"primaryImageOfPage\":{\"@id\":\"https:\\\/\\\/dmcsrb.com\\\/politika\\\/politiko-u-izradi-ugovor-o-pristupanju-crne-gore-eu\\\/#primaryimage\"},\"image\":{\"@id\":\"https:\\\/\\\/dmcsrb.com\\\/politika\\\/politiko-u-izradi-ugovor-o-pristupanju-crne-gore-eu\\\/#primaryimage\"},\"thumbnailUrl\":\"https:\\\/\\\/dmcsrb.com\\\/wp-content\\\/uploads\\\/2026\\\/01\\\/Marta-Kos-evropska-komesarka-foto-Vlada-CG.jpg\",\"datePublished\":\"2025-11-03T11:02:59+00:00\",\"author\":{\"@id\":\"https:\\\/\\\/dmcsrb.com\\\/#\\\/schema\\\/person\\\/5c39170f12db1b8b457732d0b5c854e2\"},\"breadcrumb\":{\"@id\":\"https:\\\/\\\/dmcsrb.com\\\/politika\\\/politiko-u-izradi-ugovor-o-pristupanju-crne-gore-eu\\\/#breadcrumb\"},\"inLanguage\":\"en-GB\",\"potentialAction\":[{\"@type\":\"ReadAction\",\"target\":[\"https:\\\/\\\/dmcsrb.com\\\/politika\\\/politiko-u-izradi-ugovor-o-pristupanju-crne-gore-eu\\\/\"]}]},{\"@type\":\"ImageObject\",\"inLanguage\":\"en-GB\",\"@id\":\"https:\\\/\\\/dmcsrb.com\\\/politika\\\/politiko-u-izradi-ugovor-o-pristupanju-crne-gore-eu\\\/#primaryimage\",\"url\":\"https:\\\/\\\/dmcsrb.com\\\/wp-content\\\/uploads\\\/2026\\\/01\\\/Marta-Kos-evropska-komesarka-foto-Vlada-CG.jpg\",\"contentUrl\":\"https:\\\/\\\/dmcsrb.com\\\/wp-content\\\/uploads\\\/2026\\\/01\\\/Marta-Kos-evropska-komesarka-foto-Vlada-CG.jpg\",\"width\":1014,\"height\":670},{\"@type\":\"BreadcrumbList\",\"@id\":\"https:\\\/\\\/dmcsrb.com\\\/politika\\\/politiko-u-izradi-ugovor-o-pristupanju-crne-gore-eu\\\/#breadcrumb\",\"itemListElement\":[{\"@type\":\"ListItem\",\"position\":1,\"name\":\"Home\",\"item\":\"https:\\\/\\\/dmcsrb.com\\\/\"},{\"@type\":\"ListItem\",\"position\":2,\"name\":\"Politiko: U izradi ugovor o pristupanju Crne Gore EU\"}]},{\"@type\":\"WebSite\",\"@id\":\"https:\\\/\\\/dmcsrb.com\\\/#website\",\"url\":\"https:\\\/\\\/dmcsrb.com\\\/\",\"name\":\"dmcsrb.com\",\"description\":\"\",\"potentialAction\":[{\"@type\":\"SearchAction\",\"target\":{\"@type\":\"EntryPoint\",\"urlTemplate\":\"https:\\\/\\\/dmcsrb.com\\\/?s={search_term_string}\"},\"query-input\":{\"@type\":\"PropertyValueSpecification\",\"valueRequired\":true,\"valueName\":\"search_term_string\"}}],\"inLanguage\":\"en-GB\"},{\"@type\":\"Person\",\"@id\":\"https:\\\/\\\/dmcsrb.com\\\/#\\\/schema\\\/person\\\/5c39170f12db1b8b457732d0b5c854e2\",\"name\":\"dmcsrbija.com@gmail.com\",\"image\":{\"@type\":\"ImageObject\",\"inLanguage\":\"en-GB\",\"@id\":\"https:\\\/\\\/secure.gravatar.com\\\/avatar\\\/68592660ad6347fad0fb587f8d5d8f1a7b44961362f56e4f2cd524feb87e9069?s=96&d=mm&r=g\",\"url\":\"https:\\\/\\\/secure.gravatar.com\\\/avatar\\\/68592660ad6347fad0fb587f8d5d8f1a7b44961362f56e4f2cd524feb87e9069?s=96&d=mm&r=g\",\"contentUrl\":\"https:\\\/\\\/secure.gravatar.com\\\/avatar\\\/68592660ad6347fad0fb587f8d5d8f1a7b44961362f56e4f2cd524feb87e9069?s=96&d=mm&r=g\",\"caption\":\"dmcsrbija.com@gmail.com\"},\"sameAs\":[\"https:\\\/\\\/dmcsrb.com\"],\"url\":\"https:\\\/\\\/dmcsrb.com\\\/en\\\/author\\\/dmcsrbija-comgmail-com\\\/\"}]}<\/script>\n<!-- \/ Yoast SEO plugin. -->","yoast_head_json":{"title":"Politiko: U izradi ugovor o pristupanju Crne Gore EU - dmcsrb.com","robots":{"index":"index","follow":"follow","max-snippet":"max-snippet:-1","max-image-preview":"max-image-preview:large","max-video-preview":"max-video-preview:-1"},"canonical":"https:\/\/dmcsrb.com\/en\/politika\/politiko-u-izradi-ugovor-o-pristupanju-crne-gore-eu\/","og_locale":"en_GB","og_type":"article","og_title":"Politiko: U izradi ugovor o pristupanju Crne Gore EU - dmcsrb.com","og_description":"Ovogodi\u0161nji paket pro\u0161irenja, koji \u0107e evrokomesarka Marta Kos predstaviti sjutra, sadr\u017ea\u0107e pohvale za Crnu Goru i Albaniju, rije\u010di ohrabrenja za Ukrajinu i Moldaviju i mnogo manje entuzijazma kada je rije\u010d o Bosni i Hercegovini (BiH), Sjevernoj Makedoniji i, posebno, Srbiji, pi\u0161e danas briselski Politiko, pozivaju\u0107i se na nedavne izjave evropske komesarke i razgovore sa zvani\u010dnicima EU, prenosi agencija Beta.","og_url":"https:\/\/dmcsrb.com\/en\/politika\/politiko-u-izradi-ugovor-o-pristupanju-crne-gore-eu\/","og_site_name":"dmcsrb.com","article_published_time":"2025-11-03T11:02:59+00:00","og_image":[{"width":1014,"height":670,"url":"https:\/\/dmcsrb.com\/wp-content\/uploads\/2026\/01\/Marta-Kos-evropska-komesarka-foto-Vlada-CG.jpg","type":"image\/jpeg"}],"author":"dmcsrbija.com@gmail.com","twitter_card":"summary_large_image","twitter_misc":{"Written by":"dmcsrbija.com@gmail.com","Estimated reading time":"2 minutes"},"schema":{"@context":"https:\/\/schema.org","@graph":[{"@type":"Article","@id":"https:\/\/dmcsrb.com\/politika\/politiko-u-izradi-ugovor-o-pristupanju-crne-gore-eu\/#article","isPartOf":{"@id":"https:\/\/dmcsrb.com\/politika\/politiko-u-izradi-ugovor-o-pristupanju-crne-gore-eu\/"},"author":{"name":"dmcsrbija.com@gmail.com","@id":"https:\/\/dmcsrb.com\/#\/schema\/person\/5c39170f12db1b8b457732d0b5c854e2"},"headline":"Politiko: U izradi ugovor o pristupanju Crne Gore EU","datePublished":"2025-11-03T11:02:59+00:00","mainEntityOfPage":{"@id":"https:\/\/dmcsrb.com\/politika\/politiko-u-izradi-ugovor-o-pristupanju-crne-gore-eu\/"},"wordCount":484,"commentCount":0,"image":{"@id":"https:\/\/dmcsrb.com\/politika\/politiko-u-izradi-ugovor-o-pristupanju-crne-gore-eu\/#primaryimage"},"thumbnailUrl":"https:\/\/dmcsrb.com\/wp-content\/uploads\/2026\/01\/Marta-Kos-evropska-komesarka-foto-Vlada-CG.jpg","keywords":["eu integracija","ugovor o pristupanju"],"articleSection":["Politika"],"inLanguage":"en-GB","potentialAction":[{"@type":"CommentAction","name":"Comment","target":["https:\/\/dmcsrb.com\/politika\/politiko-u-izradi-ugovor-o-pristupanju-crne-gore-eu\/#respond"]}]},{"@type":"WebPage","@id":"https:\/\/dmcsrb.com\/politika\/politiko-u-izradi-ugovor-o-pristupanju-crne-gore-eu\/","url":"https:\/\/dmcsrb.com\/politika\/politiko-u-izradi-ugovor-o-pristupanju-crne-gore-eu\/","name":"Politiko: U izradi ugovor o pristupanju Crne Gore EU - dmcsrb.com","isPartOf":{"@id":"https:\/\/dmcsrb.com\/#website"},"primaryImageOfPage":{"@id":"https:\/\/dmcsrb.com\/politika\/politiko-u-izradi-ugovor-o-pristupanju-crne-gore-eu\/#primaryimage"},"image":{"@id":"https:\/\/dmcsrb.com\/politika\/politiko-u-izradi-ugovor-o-pristupanju-crne-gore-eu\/#primaryimage"},"thumbnailUrl":"https:\/\/dmcsrb.com\/wp-content\/uploads\/2026\/01\/Marta-Kos-evropska-komesarka-foto-Vlada-CG.jpg","datePublished":"2025-11-03T11:02:59+00:00","author":{"@id":"https:\/\/dmcsrb.com\/#\/schema\/person\/5c39170f12db1b8b457732d0b5c854e2"},"breadcrumb":{"@id":"https:\/\/dmcsrb.com\/politika\/politiko-u-izradi-ugovor-o-pristupanju-crne-gore-eu\/#breadcrumb"},"inLanguage":"en-GB","potentialAction":[{"@type":"ReadAction","target":["https:\/\/dmcsrb.com\/politika\/politiko-u-izradi-ugovor-o-pristupanju-crne-gore-eu\/"]}]},{"@type":"ImageObject","inLanguage":"en-GB","@id":"https:\/\/dmcsrb.com\/politika\/politiko-u-izradi-ugovor-o-pristupanju-crne-gore-eu\/#primaryimage","url":"https:\/\/dmcsrb.com\/wp-content\/uploads\/2026\/01\/Marta-Kos-evropska-komesarka-foto-Vlada-CG.jpg","contentUrl":"https:\/\/dmcsrb.com\/wp-content\/uploads\/2026\/01\/Marta-Kos-evropska-komesarka-foto-Vlada-CG.jpg","width":1014,"height":670},{"@type":"BreadcrumbList","@id":"https:\/\/dmcsrb.com\/politika\/politiko-u-izradi-ugovor-o-pristupanju-crne-gore-eu\/#breadcrumb","itemListElement":[{"@type":"ListItem","position":1,"name":"Home","item":"https:\/\/dmcsrb.com\/"},{"@type":"ListItem","position":2,"name":"Politiko: U izradi ugovor o pristupanju Crne Gore EU"}]},{"@type":"WebSite","@id":"https:\/\/dmcsrb.com\/#website","url":"https:\/\/dmcsrb.com\/","name":"dmcsrb.com","description":"","potentialAction":[{"@type":"SearchAction","target":{"@type":"EntryPoint","urlTemplate":"https:\/\/dmcsrb.com\/?s={search_term_string}"},"query-input":{"@type":"PropertyValueSpecification","valueRequired":true,"valueName":"search_term_string"}}],"inLanguage":"en-GB"},{"@type":"Person","@id":"https:\/\/dmcsrb.com\/#\/schema\/person\/5c39170f12db1b8b457732d0b5c854e2","name":"dmcsrbija.com@gmail.com","image":{"@type":"ImageObject","inLanguage":"en-GB","@id":"https:\/\/secure.gravatar.com\/avatar\/68592660ad6347fad0fb587f8d5d8f1a7b44961362f56e4f2cd524feb87e9069?s=96&d=mm&r=g","url":"https:\/\/secure.gravatar.com\/avatar\/68592660ad6347fad0fb587f8d5d8f1a7b44961362f56e4f2cd524feb87e9069?s=96&d=mm&r=g","contentUrl":"https:\/\/secure.gravatar.com\/avatar\/68592660ad6347fad0fb587f8d5d8f1a7b44961362f56e4f2cd524feb87e9069?s=96&d=mm&r=g","caption":"dmcsrbija.com@gmail.com"},"sameAs":["https:\/\/dmcsrb.com"],"url":"https:\/\/dmcsrb.com\/en\/author\/dmcsrbija-comgmail-com\/"}]}},"_links":{"self":[{"href":"https:\/\/dmcsrb.com\/en\/wp-json\/wp\/v2\/posts\/961661","targetHints":{"allow":["GET"]}}],"collection":[{"href":"https:\/\/dmcsrb.com\/en\/wp-json\/wp\/v2\/posts"}],"about":[{"href":"https:\/\/dmcsrb.com\/en\/wp-json\/wp\/v2\/types\/post"}],"author":[{"embeddable":true,"href":"https:\/\/dmcsrb.com\/en\/wp-json\/wp\/v2\/users\/1"}],"replies":[{"embeddable":true,"href":"https:\/\/dmcsrb.com\/en\/wp-json\/wp\/v2\/comments?post=961661"}],"version-history":[{"count":0,"href":"https:\/\/dmcsrb.com\/en\/wp-json\/wp\/v2\/posts\/961661\/revisions"}],"wp:featuredmedia":[{"embeddable":true,"href":"https:\/\/dmcsrb.com\/en\/wp-json\/wp\/v2\/media\/914359"}],"wp:attachment":[{"href":"https:\/\/dmcsrb.com\/en\/wp-json\/wp\/v2\/media?parent=961661"}],"wp:term":[{"taxonomy":"category","embeddable":true,"href":"https:\/\/dmcsrb.com\/en\/wp-json\/wp\/v2\/categories?post=961661"},{"taxonomy":"post_tag","embeddable":true,"href":"https:\/\/dmcsrb.com\/en\/wp-json\/wp\/v2\/tags?post=961661"},{"taxonomy":"naslovna","embeddable":true,"href":"https:\/\/dmcsrb.com\/en\/wp-json\/wp\/v2\/naslovna?post=961661"}],"curies":[{"name":"wp","href":"https:\/\/api.w.org\/{rel}","templated":true}]}}