{"id":961657,"date":"2025-11-03T11:40:55","date_gmt":"2025-11-03T10:40:55","guid":{"rendered":"https:\/\/dmcsrb.com\/uncategorized\/mandic-sa-delegacijom-parlamenta-kraljevine-saudijske-arabije-crna-gora-otvorena-za-velike-investicije\/"},"modified":"2025-11-03T11:40:55","modified_gmt":"2025-11-03T10:40:55","slug":"mandic-sa-delegacijom-parlamenta-kraljevine-saudijske-arabije-crna-gora-otvorena-za-velike-investicije","status":"publish","type":"post","link":"https:\/\/dmcsrb.com\/en\/politika\/mandic-sa-delegacijom-parlamenta-kraljevine-saudijske-arabije-crna-gora-otvorena-za-velike-investicije\/","title":{"rendered":"Mandi\u0107 sa delegacijom Parlamenta Kraljevine Saudijske Arabije: Crna Gora otvorena za velike investicije"},"content":{"rendered":"<p><\/p>\n\n\n\n<p><\/p>\n\n\n\n<p>&#8220;Tom prilikom, predsjednik Mandi\u0107 je istakao da Crna Gora i Kraljevina Saudijska Arabija njeguju tradicionalno prijateljske odnose, utemeljene na uzajamnom po\u0161tovanju i zajedni\u010dkim vrijednostima. Podsjetio je da je tu poruku prenio i tokom svoje zvani\u010dne posjete Rijadu po\u010detkom ove godine&#8221;, stoji u saop\u0161tenju.<\/p>\n\n\n\n<p>\u0160ef delegacije Parlamentarnog odbora prijateljstva, dr <strong>Ali bin Mohamed bin Saed Al \u0160ahrani<\/strong>, zahvalio se predsjedniku Mandi\u0107u na prijemu i izrazio zadovoljstvo zbog boravka u Crnoj Gori.<\/p>\n\n\n\n<p>&#8220;Sagovornici su se saglasili da budu\u0107nost odnosa izme\u0111u dvije zemlje po\u010diva na ja\u010danju ekonomske saradnje i privla\u010denju kapitalnih investicija, posebno u oblastima turizma i energetike. U tom kontekstu su zaklju\u010dili da je veoma va\u017eno ponovno uspostavljanje direktne avio linije izme\u0111u Podgorice i Rijada&#8221;, zaklju\u010duju.<\/p>","protected":false},"excerpt":{"rendered":"<p>Predsjednik Skup\u0161tine Crne Gore Andrija Mandi\u0107 sastao se sa delegacijom Parlamentarnog odbora prijateljstva Parlamenta Kraljevine Saudijske Arabije, koja ovih dana boravi u zvani\u010dnoj posjeti Crnoj Gori, saop\u0161teno je iz njegovog kabineta.<\/p>","protected":false},"author":1,"featured_media":961658,"comment_status":"open","ping_status":"open","sticky":false,"template":"","format":"standard","meta":{"_acf_changed":false,"footnotes":""},"categories":[12],"tags":[812,9915,5093],"naslovna":[],"class_list":["post-961657","post","type-post","status-publish","format-standard","has-post-thumbnail","hentry","category-politika","tag-andrija-mandic","tag-investicija","tag-saudijska-arabija"],"acf":[],"yoast_head":"<!-- This site is optimized with the Yoast SEO plugin v27.0 - https:\/\/yoast.com\/product\/yoast-seo-wordpress\/ -->\n<title>Mandi\u0107 sa delegacijom Parlamenta Kraljevine Saudijske Arabije: Crna Gora otvorena za velike investicije - dmcsrb.com<\/title>\n<meta name=\"robots\" content=\"index, follow, max-snippet:-1, max-image-preview:large, max-video-preview:-1\" \/>\n<link rel=\"canonical\" href=\"https:\/\/dmcsrb.com\/en\/politika\/mandic-sa-delegacijom-parlamenta-kraljevine-saudijske-arabije-crna-gora-otvorena-za-velike-investicije\/\" \/>\n<meta property=\"og:locale\" content=\"en_GB\" \/>\n<meta property=\"og:type\" content=\"article\" \/>\n<meta property=\"og:title\" content=\"Mandi\u0107 sa delegacijom Parlamenta Kraljevine Saudijske Arabije: Crna Gora otvorena za velike investicije - dmcsrb.com\" \/>\n<meta property=\"og:description\" content=\"Predsjednik Skup\u0161tine Crne Gore Andrija Mandi\u0107 sastao se sa delegacijom Parlamentarnog odbora prijateljstva Parlamenta Kraljevine Saudijske Arabije, koja ovih dana boravi u zvani\u010dnoj posjeti Crnoj Gori, saop\u0161teno je iz njegovog kabineta.\" \/>\n<meta property=\"og:url\" content=\"https:\/\/dmcsrb.com\/en\/politika\/mandic-sa-delegacijom-parlamenta-kraljevine-saudijske-arabije-crna-gora-otvorena-za-velike-investicije\/\" \/>\n<meta property=\"og:site_name\" content=\"dmcsrb.com\" \/>\n<meta property=\"article:published_time\" content=\"2025-11-03T10:40:55+00:00\" \/>\n<meta property=\"og:image\" content=\"https:\/\/dmcsrb.com\/wp-content\/uploads\/2026\/01\/DSC08772.webp\" \/>\n\t<meta property=\"og:image:width\" content=\"2048\" \/>\n\t<meta property=\"og:image:height\" content=\"1365\" \/>\n\t<meta property=\"og:image:type\" content=\"image\/jpeg\" \/>\n<meta name=\"author\" content=\"dmcsrbija.com@gmail.com\" \/>\n<meta name=\"twitter:card\" content=\"summary_large_image\" \/>\n<meta name=\"twitter:label1\" content=\"Written by\" \/>\n\t<meta name=\"twitter:data1\" content=\"dmcsrbija.com@gmail.com\" \/>\n\t<meta name=\"twitter:label2\" content=\"Estimated reading time\" \/>\n\t<meta name=\"twitter:data2\" content=\"1 minute\" \/>\n<script type=\"application\/ld+json\" class=\"yoast-schema-graph\">{\"@context\":\"https:\/\/schema.org\",\"@graph\":[{\"@type\":\"Article\",\"@id\":\"https:\/\/dmcsrb.com\/politika\/mandic-sa-delegacijom-parlamenta-kraljevine-saudijske-arabije-crna-gora-otvorena-za-velike-investicije\/#article\",\"isPartOf\":{\"@id\":\"https:\/\/dmcsrb.com\/politika\/mandic-sa-delegacijom-parlamenta-kraljevine-saudijske-arabije-crna-gora-otvorena-za-velike-investicije\/\"},\"author\":{\"name\":\"dmcsrbija.com@gmail.com\",\"@id\":\"https:\/\/dmcsrb.com\/#\/schema\/person\/5c39170f12db1b8b457732d0b5c854e2\"},\"headline\":\"Mandi\u0107 sa delegacijom Parlamenta Kraljevine Saudijske Arabije: Crna Gora otvorena za velike investicije\",\"datePublished\":\"2025-11-03T10:40:55+00:00\",\"mainEntityOfPage\":{\"@id\":\"https:\/\/dmcsrb.com\/politika\/mandic-sa-delegacijom-parlamenta-kraljevine-saudijske-arabije-crna-gora-otvorena-za-velike-investicije\/\"},\"wordCount\":142,\"commentCount\":0,\"image\":{\"@id\":\"https:\/\/dmcsrb.com\/politika\/mandic-sa-delegacijom-parlamenta-kraljevine-saudijske-arabije-crna-gora-otvorena-za-velike-investicije\/#primaryimage\"},\"thumbnailUrl\":\"https:\/\/dmcsrb.com\/wp-content\/uploads\/2026\/01\/DSC08772.webp\",\"keywords\":[\"andrija mandi\u0107\",\"investicija\",\"Saudijska Arabija\"],\"articleSection\":[\"Politika\"],\"inLanguage\":\"en-GB\",\"potentialAction\":[{\"@type\":\"CommentAction\",\"name\":\"Comment\",\"target\":[\"https:\/\/dmcsrb.com\/politika\/mandic-sa-delegacijom-parlamenta-kraljevine-saudijske-arabije-crna-gora-otvorena-za-velike-investicije\/#respond\"]}]},{\"@type\":\"WebPage\",\"@id\":\"https:\/\/dmcsrb.com\/politika\/mandic-sa-delegacijom-parlamenta-kraljevine-saudijske-arabije-crna-gora-otvorena-za-velike-investicije\/\",\"url\":\"https:\/\/dmcsrb.com\/politika\/mandic-sa-delegacijom-parlamenta-kraljevine-saudijske-arabije-crna-gora-otvorena-za-velike-investicije\/\",\"name\":\"Mandi\u0107 sa delegacijom Parlamenta Kraljevine Saudijske Arabije: Crna Gora otvorena za velike investicije - dmcsrb.com\",\"isPartOf\":{\"@id\":\"https:\/\/dmcsrb.com\/#website\"},\"primaryImageOfPage\":{\"@id\":\"https:\/\/dmcsrb.com\/politika\/mandic-sa-delegacijom-parlamenta-kraljevine-saudijske-arabije-crna-gora-otvorena-za-velike-investicije\/#primaryimage\"},\"image\":{\"@id\":\"https:\/\/dmcsrb.com\/politika\/mandic-sa-delegacijom-parlamenta-kraljevine-saudijske-arabije-crna-gora-otvorena-za-velike-investicije\/#primaryimage\"},\"thumbnailUrl\":\"https:\/\/dmcsrb.com\/wp-content\/uploads\/2026\/01\/DSC08772.webp\",\"datePublished\":\"2025-11-03T10:40:55+00:00\",\"author\":{\"@id\":\"https:\/\/dmcsrb.com\/#\/schema\/person\/5c39170f12db1b8b457732d0b5c854e2\"},\"breadcrumb\":{\"@id\":\"https:\/\/dmcsrb.com\/politika\/mandic-sa-delegacijom-parlamenta-kraljevine-saudijske-arabije-crna-gora-otvorena-za-velike-investicije\/#breadcrumb\"},\"inLanguage\":\"en-GB\",\"potentialAction\":[{\"@type\":\"ReadAction\",\"target\":[\"https:\/\/dmcsrb.com\/politika\/mandic-sa-delegacijom-parlamenta-kraljevine-saudijske-arabije-crna-gora-otvorena-za-velike-investicije\/\"]}]},{\"@type\":\"ImageObject\",\"inLanguage\":\"en-GB\",\"@id\":\"https:\/\/dmcsrb.com\/politika\/mandic-sa-delegacijom-parlamenta-kraljevine-saudijske-arabije-crna-gora-otvorena-za-velike-investicije\/#primaryimage\",\"url\":\"https:\/\/dmcsrb.com\/wp-content\/uploads\/2026\/01\/DSC08772.webp\",\"contentUrl\":\"https:\/\/dmcsrb.com\/wp-content\/uploads\/2026\/01\/DSC08772.webp\",\"width\":2048,\"height\":1365},{\"@type\":\"BreadcrumbList\",\"@id\":\"https:\/\/dmcsrb.com\/politika\/mandic-sa-delegacijom-parlamenta-kraljevine-saudijske-arabije-crna-gora-otvorena-za-velike-investicije\/#breadcrumb\",\"itemListElement\":[{\"@type\":\"ListItem\",\"position\":1,\"name\":\"Home\",\"item\":\"https:\/\/dmcsrb.com\/\"},{\"@type\":\"ListItem\",\"position\":2,\"name\":\"Mandi\u0107 sa delegacijom Parlamenta Kraljevine Saudijske Arabije: Crna Gora otvorena za velike investicije\"}]},{\"@type\":\"WebSite\",\"@id\":\"https:\/\/dmcsrb.com\/#website\",\"url\":\"https:\/\/dmcsrb.com\/\",\"name\":\"dmcsrb.com\",\"description\":\"\",\"potentialAction\":[{\"@type\":\"SearchAction\",\"target\":{\"@type\":\"EntryPoint\",\"urlTemplate\":\"https:\/\/dmcsrb.com\/?s={search_term_string}\"},\"query-input\":{\"@type\":\"PropertyValueSpecification\",\"valueRequired\":true,\"valueName\":\"search_term_string\"}}],\"inLanguage\":\"en-GB\"},{\"@type\":\"Person\",\"@id\":\"https:\/\/dmcsrb.com\/#\/schema\/person\/5c39170f12db1b8b457732d0b5c854e2\",\"name\":\"dmcsrbija.com@gmail.com\",\"image\":{\"@type\":\"ImageObject\",\"inLanguage\":\"en-GB\",\"@id\":\"https:\/\/dmcsrb.com\/#\/schema\/person\/image\/\",\"url\":\"https:\/\/secure.gravatar.com\/avatar\/68592660ad6347fad0fb587f8d5d8f1a7b44961362f56e4f2cd524feb87e9069?s=96&d=mm&r=g\",\"contentUrl\":\"https:\/\/secure.gravatar.com\/avatar\/68592660ad6347fad0fb587f8d5d8f1a7b44961362f56e4f2cd524feb87e9069?s=96&d=mm&r=g\",\"caption\":\"dmcsrbija.com@gmail.com\"},\"sameAs\":[\"https:\/\/dmcsrb.com\"],\"url\":\"https:\/\/dmcsrb.com\/en\/author\/dmcsrbija-comgmail-com\/\"}]}<\/script>\n<!-- \/ Yoast SEO plugin. -->","yoast_head_json":{"title":"Mandi\u0107 sa delegacijom Parlamenta Kraljevine Saudijske Arabije: Crna Gora otvorena za velike investicije - dmcsrb.com","robots":{"index":"index","follow":"follow","max-snippet":"max-snippet:-1","max-image-preview":"max-image-preview:large","max-video-preview":"max-video-preview:-1"},"canonical":"https:\/\/dmcsrb.com\/en\/politika\/mandic-sa-delegacijom-parlamenta-kraljevine-saudijske-arabije-crna-gora-otvorena-za-velike-investicije\/","og_locale":"en_GB","og_type":"article","og_title":"Mandi\u0107 sa delegacijom Parlamenta Kraljevine Saudijske Arabije: Crna Gora otvorena za velike investicije - dmcsrb.com","og_description":"Predsjednik Skup\u0161tine Crne Gore Andrija Mandi\u0107 sastao se sa delegacijom Parlamentarnog odbora prijateljstva Parlamenta Kraljevine Saudijske Arabije, koja ovih dana boravi u zvani\u010dnoj posjeti Crnoj Gori, saop\u0161teno je iz njegovog kabineta.","og_url":"https:\/\/dmcsrb.com\/en\/politika\/mandic-sa-delegacijom-parlamenta-kraljevine-saudijske-arabije-crna-gora-otvorena-za-velike-investicije\/","og_site_name":"dmcsrb.com","article_published_time":"2025-11-03T10:40:55+00:00","og_image":[{"width":2048,"height":1365,"url":"https:\/\/dmcsrb.com\/wp-content\/uploads\/2026\/01\/DSC08772.webp","type":"image\/jpeg"}],"author":"dmcsrbija.com@gmail.com","twitter_card":"summary_large_image","twitter_misc":{"Written by":"dmcsrbija.com@gmail.com","Estimated reading time":"1 minute"},"schema":{"@context":"https:\/\/schema.org","@graph":[{"@type":"Article","@id":"https:\/\/dmcsrb.com\/politika\/mandic-sa-delegacijom-parlamenta-kraljevine-saudijske-arabije-crna-gora-otvorena-za-velike-investicije\/#article","isPartOf":{"@id":"https:\/\/dmcsrb.com\/politika\/mandic-sa-delegacijom-parlamenta-kraljevine-saudijske-arabije-crna-gora-otvorena-za-velike-investicije\/"},"author":{"name":"dmcsrbija.com@gmail.com","@id":"https:\/\/dmcsrb.com\/#\/schema\/person\/5c39170f12db1b8b457732d0b5c854e2"},"headline":"Mandi\u0107 sa delegacijom Parlamenta Kraljevine Saudijske Arabije: Crna Gora otvorena za velike investicije","datePublished":"2025-11-03T10:40:55+00:00","mainEntityOfPage":{"@id":"https:\/\/dmcsrb.com\/politika\/mandic-sa-delegacijom-parlamenta-kraljevine-saudijske-arabije-crna-gora-otvorena-za-velike-investicije\/"},"wordCount":142,"commentCount":0,"image":{"@id":"https:\/\/dmcsrb.com\/politika\/mandic-sa-delegacijom-parlamenta-kraljevine-saudijske-arabije-crna-gora-otvorena-za-velike-investicije\/#primaryimage"},"thumbnailUrl":"https:\/\/dmcsrb.com\/wp-content\/uploads\/2026\/01\/DSC08772.webp","keywords":["andrija mandi\u0107","investicija","Saudijska Arabija"],"articleSection":["Politika"],"inLanguage":"en-GB","potentialAction":[{"@type":"CommentAction","name":"Comment","target":["https:\/\/dmcsrb.com\/politika\/mandic-sa-delegacijom-parlamenta-kraljevine-saudijske-arabije-crna-gora-otvorena-za-velike-investicije\/#respond"]}]},{"@type":"WebPage","@id":"https:\/\/dmcsrb.com\/politika\/mandic-sa-delegacijom-parlamenta-kraljevine-saudijske-arabije-crna-gora-otvorena-za-velike-investicije\/","url":"https:\/\/dmcsrb.com\/politika\/mandic-sa-delegacijom-parlamenta-kraljevine-saudijske-arabije-crna-gora-otvorena-za-velike-investicije\/","name":"Mandi\u0107 sa delegacijom Parlamenta Kraljevine Saudijske Arabije: Crna Gora otvorena za velike investicije - dmcsrb.com","isPartOf":{"@id":"https:\/\/dmcsrb.com\/#website"},"primaryImageOfPage":{"@id":"https:\/\/dmcsrb.com\/politika\/mandic-sa-delegacijom-parlamenta-kraljevine-saudijske-arabije-crna-gora-otvorena-za-velike-investicije\/#primaryimage"},"image":{"@id":"https:\/\/dmcsrb.com\/politika\/mandic-sa-delegacijom-parlamenta-kraljevine-saudijske-arabije-crna-gora-otvorena-za-velike-investicije\/#primaryimage"},"thumbnailUrl":"https:\/\/dmcsrb.com\/wp-content\/uploads\/2026\/01\/DSC08772.webp","datePublished":"2025-11-03T10:40:55+00:00","author":{"@id":"https:\/\/dmcsrb.com\/#\/schema\/person\/5c39170f12db1b8b457732d0b5c854e2"},"breadcrumb":{"@id":"https:\/\/dmcsrb.com\/politika\/mandic-sa-delegacijom-parlamenta-kraljevine-saudijske-arabije-crna-gora-otvorena-za-velike-investicije\/#breadcrumb"},"inLanguage":"en-GB","potentialAction":[{"@type":"ReadAction","target":["https:\/\/dmcsrb.com\/politika\/mandic-sa-delegacijom-parlamenta-kraljevine-saudijske-arabije-crna-gora-otvorena-za-velike-investicije\/"]}]},{"@type":"ImageObject","inLanguage":"en-GB","@id":"https:\/\/dmcsrb.com\/politika\/mandic-sa-delegacijom-parlamenta-kraljevine-saudijske-arabije-crna-gora-otvorena-za-velike-investicije\/#primaryimage","url":"https:\/\/dmcsrb.com\/wp-content\/uploads\/2026\/01\/DSC08772.webp","contentUrl":"https:\/\/dmcsrb.com\/wp-content\/uploads\/2026\/01\/DSC08772.webp","width":2048,"height":1365},{"@type":"BreadcrumbList","@id":"https:\/\/dmcsrb.com\/politika\/mandic-sa-delegacijom-parlamenta-kraljevine-saudijske-arabije-crna-gora-otvorena-za-velike-investicije\/#breadcrumb","itemListElement":[{"@type":"ListItem","position":1,"name":"Home","item":"https:\/\/dmcsrb.com\/"},{"@type":"ListItem","position":2,"name":"Mandi\u0107 sa delegacijom Parlamenta Kraljevine Saudijske Arabije: Crna Gora otvorena za velike investicije"}]},{"@type":"WebSite","@id":"https:\/\/dmcsrb.com\/#website","url":"https:\/\/dmcsrb.com\/","name":"dmcsrb.com","description":"","potentialAction":[{"@type":"SearchAction","target":{"@type":"EntryPoint","urlTemplate":"https:\/\/dmcsrb.com\/?s={search_term_string}"},"query-input":{"@type":"PropertyValueSpecification","valueRequired":true,"valueName":"search_term_string"}}],"inLanguage":"en-GB"},{"@type":"Person","@id":"https:\/\/dmcsrb.com\/#\/schema\/person\/5c39170f12db1b8b457732d0b5c854e2","name":"dmcsrbija.com@gmail.com","image":{"@type":"ImageObject","inLanguage":"en-GB","@id":"https:\/\/dmcsrb.com\/#\/schema\/person\/image\/","url":"https:\/\/secure.gravatar.com\/avatar\/68592660ad6347fad0fb587f8d5d8f1a7b44961362f56e4f2cd524feb87e9069?s=96&d=mm&r=g","contentUrl":"https:\/\/secure.gravatar.com\/avatar\/68592660ad6347fad0fb587f8d5d8f1a7b44961362f56e4f2cd524feb87e9069?s=96&d=mm&r=g","caption":"dmcsrbija.com@gmail.com"},"sameAs":["https:\/\/dmcsrb.com"],"url":"https:\/\/dmcsrb.com\/en\/author\/dmcsrbija-comgmail-com\/"}]}},"_links":{"self":[{"href":"https:\/\/dmcsrb.com\/en\/wp-json\/wp\/v2\/posts\/961657","targetHints":{"allow":["GET"]}}],"collection":[{"href":"https:\/\/dmcsrb.com\/en\/wp-json\/wp\/v2\/posts"}],"about":[{"href":"https:\/\/dmcsrb.com\/en\/wp-json\/wp\/v2\/types\/post"}],"author":[{"embeddable":true,"href":"https:\/\/dmcsrb.com\/en\/wp-json\/wp\/v2\/users\/1"}],"replies":[{"embeddable":true,"href":"https:\/\/dmcsrb.com\/en\/wp-json\/wp\/v2\/comments?post=961657"}],"version-history":[{"count":0,"href":"https:\/\/dmcsrb.com\/en\/wp-json\/wp\/v2\/posts\/961657\/revisions"}],"wp:featuredmedia":[{"embeddable":true,"href":"https:\/\/dmcsrb.com\/en\/wp-json\/wp\/v2\/media\/961658"}],"wp:attachment":[{"href":"https:\/\/dmcsrb.com\/en\/wp-json\/wp\/v2\/media?parent=961657"}],"wp:term":[{"taxonomy":"category","embeddable":true,"href":"https:\/\/dmcsrb.com\/en\/wp-json\/wp\/v2\/categories?post=961657"},{"taxonomy":"post_tag","embeddable":true,"href":"https:\/\/dmcsrb.com\/en\/wp-json\/wp\/v2\/tags?post=961657"},{"taxonomy":"naslovna","embeddable":true,"href":"https:\/\/dmcsrb.com\/en\/wp-json\/wp\/v2\/naslovna?post=961657"}],"curies":[{"name":"wp","href":"https:\/\/api.w.org\/{rel}","templated":true}]}}