{"id":961645,"date":"2025-11-03T14:12:00","date_gmt":"2025-11-03T13:12:00","guid":{"rendered":"https:\/\/dmcsrb.com\/uncategorized\/orban-se-obrusio-na-eu-nema-drugih-naivcina-koje-bi-mogle-uskociti\/"},"modified":"2025-11-03T14:12:00","modified_gmt":"2025-11-03T13:12:00","slug":"orban-se-obrusio-na-eu-nema-drugih-naivcina-koje-bi-mogle-uskociti","status":"publish","type":"post","link":"https:\/\/dmcsrb.com\/en\/svijet\/orban-se-obrusio-na-eu-nema-drugih-naivcina-koje-bi-mogle-uskociti\/","title":{"rendered":"Orban se obru\u0161io na EU: Nema drugih naiv\u010dina koje bi mogle usko\u010diti"},"content":{"rendered":"<p><\/p>\n\n\n\n<p>&#8220;Prema analizama The Economista, Ukrajini bi za nastavak rata u sljede\u0107e \u010detiri godine trebalo osigurati \u010dak 400 milijardi dolara. Oru\u017eje, obnova, penzije, plate. \u010ce\u0161ka bi bila &#8220;ime Evrope&#8221;. Nema drugih naiv\u010dina koje bi mogle usko\u010diti&#8221;, napisao je Orban.<\/p>\n\n\n\n<p>&#8220;Zato su u Briselu tako nervozni. Zato bi htjeli posegnuti za zamrznutom ruskom imovinom, promijeniti sistem evropskih subvencija i uzeti nove zajmove. Mi to odbijamo. Ma\u0111arska nema nikakvu obvezu finansirati Ukrajinu. Nemamo za to ni politi\u010dki, ni ekonomski, ni moralni razlog.<\/p>\n\n\n\n<p>Nismo jedini u Evropi koji tako misle, ali smo najotvoreniji. Zato stalno sti\u017eu napadi iz Brisela. \u017dele vladu koja \u0107e pokorno govoriti jawohl, s evropskim tu\u017eiteljstvom, politikom po mjeri Brisela, \u201cstru\u010dnjacima\u201d iz EU-a i uhap\u0161enim premijerom.<\/p>\n\n\n\n<p>Mi \u017eelimo pomo\u0107i ma\u0111arskim porodicama, preduzetnicima i penzionerima u idu\u0107e \u010detiri godine. Zato uvodimo porezne olak\u0161ice za majke s dvoje i troje djece, \u0161irimo kredite s 3 posto kamata za preduze\u0107a i vra\u0107amo 14. penziju.<\/p>\n\n\n\n<p>Ne smijemo dopustiti da na\u0161 novac zavr\u0161i u Ukrajini&#8221;, napisao je Orban.<\/p>\n\n\n\n<p>Viktor Orban ve\u0107 dugo zauzima jedinstvenu poziciju u Evropskoj uniji kad je rije\u010d o ratu u Ukrajini. Od po\u010detka ruske invazije odbija slati oru\u017eje Kijevu i protivi se novim sankcijama protiv Moskve, tvrde\u0107i da \u0161tete evropskoj ekonomiji vi\u0161e nego Rusiji. Odr\u017eava bliske odnose s Vladimirom Putinom, s kojim se redovno sastaje, i nastoji zadr\u017eati ekonomske veze s Rusijom, posebno u energetici. Taj stav ga sve vi\u0161e udaljava od ostatka EU-a i \u010dini Ma\u0111arsku gotovo jedinim otvorenim protivnikom zajedni\u010dke evropske politike prema Ukrajini.<\/p>","protected":false},"excerpt":{"rendered":"<p>Ma\u0111arski premijer Viktor Orban na Facebooku je napao Evropsku uniju i planove vezane za finansijsku pomo\u0107 Ukrajini, prenosi Index.hr.<\/p>","protected":false},"author":1,"featured_media":914118,"comment_status":"open","ping_status":"open","sticky":false,"template":"","format":"standard","meta":{"_acf_changed":false,"footnotes":""},"categories":[144],"tags":[10,13428,13429,1844],"naslovna":[],"class_list":["post-961645","post","type-post","status-publish","format-standard","has-post-thumbnail","hentry","category-svijet","tag-eu","tag-naivcine","tag-uskakanje","tag-viktor-orban"],"acf":[],"yoast_head":"<!-- This site is optimized with the Yoast SEO plugin v27.4 - https:\/\/yoast.com\/product\/yoast-seo-wordpress\/ -->\n<title>Orban se obru\u0161io na EU: Nema drugih naiv\u010dina koje bi mogle usko\u010diti - dmcsrb.com<\/title>\n<meta name=\"robots\" content=\"index, follow, max-snippet:-1, max-image-preview:large, max-video-preview:-1\" \/>\n<link rel=\"canonical\" href=\"https:\/\/dmcsrb.com\/en\/svijet\/orban-se-obrusio-na-eu-nema-drugih-naivcina-koje-bi-mogle-uskociti\/\" \/>\n<meta property=\"og:locale\" content=\"en_GB\" \/>\n<meta property=\"og:type\" content=\"article\" \/>\n<meta property=\"og:title\" content=\"Orban se obru\u0161io na EU: Nema drugih naiv\u010dina koje bi mogle usko\u010diti - dmcsrb.com\" \/>\n<meta property=\"og:description\" content=\"Ma\u0111arski premijer Viktor Orban na Facebooku je napao Evropsku uniju i planove vezane za finansijsku pomo\u0107 Ukrajini, prenosi Index.hr.\" \/>\n<meta property=\"og:url\" content=\"https:\/\/dmcsrb.com\/en\/svijet\/orban-se-obrusio-na-eu-nema-drugih-naivcina-koje-bi-mogle-uskociti\/\" \/>\n<meta property=\"og:site_name\" content=\"dmcsrb.com\" \/>\n<meta property=\"article:published_time\" content=\"2025-11-03T13:12:00+00:00\" \/>\n<meta property=\"og:image\" content=\"https:\/\/dmcsrb.com\/wp-content\/uploads\/2026\/01\/orbanN1.webp\" \/>\n\t<meta property=\"og:image:width\" content=\"1118\" \/>\n\t<meta property=\"og:image:height\" content=\"745\" \/>\n\t<meta property=\"og:image:type\" content=\"image\/webp\" \/>\n<meta name=\"author\" content=\"dmcsrbija.com@gmail.com\" \/>\n<meta name=\"twitter:card\" content=\"summary_large_image\" \/>\n<meta name=\"twitter:label1\" content=\"Written by\" \/>\n\t<meta name=\"twitter:data1\" content=\"dmcsrbija.com@gmail.com\" \/>\n\t<meta name=\"twitter:label2\" content=\"Estimated reading time\" \/>\n\t<meta name=\"twitter:data2\" content=\"1 minute\" \/>\n<script type=\"application\/ld+json\" class=\"yoast-schema-graph\">{\"@context\":\"https:\\\/\\\/schema.org\",\"@graph\":[{\"@type\":\"Article\",\"@id\":\"https:\\\/\\\/dmcsrb.com\\\/svijet\\\/orban-se-obrusio-na-eu-nema-drugih-naivcina-koje-bi-mogle-uskociti\\\/#article\",\"isPartOf\":{\"@id\":\"https:\\\/\\\/dmcsrb.com\\\/svijet\\\/orban-se-obrusio-na-eu-nema-drugih-naivcina-koje-bi-mogle-uskociti\\\/\"},\"author\":{\"name\":\"dmcsrbija.com@gmail.com\",\"@id\":\"https:\\\/\\\/dmcsrb.com\\\/#\\\/schema\\\/person\\\/5c39170f12db1b8b457732d0b5c854e2\"},\"headline\":\"Orban se obru\u0161io na EU: Nema drugih naiv\u010dina koje bi mogle usko\u010diti\",\"datePublished\":\"2025-11-03T13:12:00+00:00\",\"mainEntityOfPage\":{\"@id\":\"https:\\\/\\\/dmcsrb.com\\\/svijet\\\/orban-se-obrusio-na-eu-nema-drugih-naivcina-koje-bi-mogle-uskociti\\\/\"},\"wordCount\":283,\"commentCount\":0,\"image\":{\"@id\":\"https:\\\/\\\/dmcsrb.com\\\/svijet\\\/orban-se-obrusio-na-eu-nema-drugih-naivcina-koje-bi-mogle-uskociti\\\/#primaryimage\"},\"thumbnailUrl\":\"https:\\\/\\\/dmcsrb.com\\\/wp-content\\\/uploads\\\/2026\\\/01\\\/orbanN1.webp\",\"keywords\":[\"EU\",\"Naiv\u010dine\",\"Uskakanje\",\"Viktor Orban\"],\"articleSection\":[\"Svijet\"],\"inLanguage\":\"en-GB\",\"potentialAction\":[{\"@type\":\"CommentAction\",\"name\":\"Comment\",\"target\":[\"https:\\\/\\\/dmcsrb.com\\\/svijet\\\/orban-se-obrusio-na-eu-nema-drugih-naivcina-koje-bi-mogle-uskociti\\\/#respond\"]}]},{\"@type\":\"WebPage\",\"@id\":\"https:\\\/\\\/dmcsrb.com\\\/svijet\\\/orban-se-obrusio-na-eu-nema-drugih-naivcina-koje-bi-mogle-uskociti\\\/\",\"url\":\"https:\\\/\\\/dmcsrb.com\\\/svijet\\\/orban-se-obrusio-na-eu-nema-drugih-naivcina-koje-bi-mogle-uskociti\\\/\",\"name\":\"Orban se obru\u0161io na EU: Nema drugih naiv\u010dina koje bi mogle usko\u010diti - dmcsrb.com\",\"isPartOf\":{\"@id\":\"https:\\\/\\\/dmcsrb.com\\\/#website\"},\"primaryImageOfPage\":{\"@id\":\"https:\\\/\\\/dmcsrb.com\\\/svijet\\\/orban-se-obrusio-na-eu-nema-drugih-naivcina-koje-bi-mogle-uskociti\\\/#primaryimage\"},\"image\":{\"@id\":\"https:\\\/\\\/dmcsrb.com\\\/svijet\\\/orban-se-obrusio-na-eu-nema-drugih-naivcina-koje-bi-mogle-uskociti\\\/#primaryimage\"},\"thumbnailUrl\":\"https:\\\/\\\/dmcsrb.com\\\/wp-content\\\/uploads\\\/2026\\\/01\\\/orbanN1.webp\",\"datePublished\":\"2025-11-03T13:12:00+00:00\",\"author\":{\"@id\":\"https:\\\/\\\/dmcsrb.com\\\/#\\\/schema\\\/person\\\/5c39170f12db1b8b457732d0b5c854e2\"},\"breadcrumb\":{\"@id\":\"https:\\\/\\\/dmcsrb.com\\\/svijet\\\/orban-se-obrusio-na-eu-nema-drugih-naivcina-koje-bi-mogle-uskociti\\\/#breadcrumb\"},\"inLanguage\":\"en-GB\",\"potentialAction\":[{\"@type\":\"ReadAction\",\"target\":[\"https:\\\/\\\/dmcsrb.com\\\/svijet\\\/orban-se-obrusio-na-eu-nema-drugih-naivcina-koje-bi-mogle-uskociti\\\/\"]}]},{\"@type\":\"ImageObject\",\"inLanguage\":\"en-GB\",\"@id\":\"https:\\\/\\\/dmcsrb.com\\\/svijet\\\/orban-se-obrusio-na-eu-nema-drugih-naivcina-koje-bi-mogle-uskociti\\\/#primaryimage\",\"url\":\"https:\\\/\\\/dmcsrb.com\\\/wp-content\\\/uploads\\\/2026\\\/01\\\/orbanN1.webp\",\"contentUrl\":\"https:\\\/\\\/dmcsrb.com\\\/wp-content\\\/uploads\\\/2026\\\/01\\\/orbanN1.webp\",\"width\":1118,\"height\":745},{\"@type\":\"BreadcrumbList\",\"@id\":\"https:\\\/\\\/dmcsrb.com\\\/svijet\\\/orban-se-obrusio-na-eu-nema-drugih-naivcina-koje-bi-mogle-uskociti\\\/#breadcrumb\",\"itemListElement\":[{\"@type\":\"ListItem\",\"position\":1,\"name\":\"Home\",\"item\":\"https:\\\/\\\/dmcsrb.com\\\/\"},{\"@type\":\"ListItem\",\"position\":2,\"name\":\"Orban se obru\u0161io na EU: Nema drugih naiv\u010dina koje bi mogle usko\u010diti\"}]},{\"@type\":\"WebSite\",\"@id\":\"https:\\\/\\\/dmcsrb.com\\\/#website\",\"url\":\"https:\\\/\\\/dmcsrb.com\\\/\",\"name\":\"dmcsrb.com\",\"description\":\"\",\"potentialAction\":[{\"@type\":\"SearchAction\",\"target\":{\"@type\":\"EntryPoint\",\"urlTemplate\":\"https:\\\/\\\/dmcsrb.com\\\/?s={search_term_string}\"},\"query-input\":{\"@type\":\"PropertyValueSpecification\",\"valueRequired\":true,\"valueName\":\"search_term_string\"}}],\"inLanguage\":\"en-GB\"},{\"@type\":\"Person\",\"@id\":\"https:\\\/\\\/dmcsrb.com\\\/#\\\/schema\\\/person\\\/5c39170f12db1b8b457732d0b5c854e2\",\"name\":\"dmcsrbija.com@gmail.com\",\"image\":{\"@type\":\"ImageObject\",\"inLanguage\":\"en-GB\",\"@id\":\"https:\\\/\\\/secure.gravatar.com\\\/avatar\\\/68592660ad6347fad0fb587f8d5d8f1a7b44961362f56e4f2cd524feb87e9069?s=96&d=mm&r=g\",\"url\":\"https:\\\/\\\/secure.gravatar.com\\\/avatar\\\/68592660ad6347fad0fb587f8d5d8f1a7b44961362f56e4f2cd524feb87e9069?s=96&d=mm&r=g\",\"contentUrl\":\"https:\\\/\\\/secure.gravatar.com\\\/avatar\\\/68592660ad6347fad0fb587f8d5d8f1a7b44961362f56e4f2cd524feb87e9069?s=96&d=mm&r=g\",\"caption\":\"dmcsrbija.com@gmail.com\"},\"sameAs\":[\"https:\\\/\\\/dmcsrb.com\"],\"url\":\"https:\\\/\\\/dmcsrb.com\\\/en\\\/author\\\/dmcsrbija-comgmail-com\\\/\"}]}<\/script>\n<!-- \/ Yoast SEO plugin. -->","yoast_head_json":{"title":"Orban se obru\u0161io na EU: Nema drugih naiv\u010dina koje bi mogle usko\u010diti - dmcsrb.com","robots":{"index":"index","follow":"follow","max-snippet":"max-snippet:-1","max-image-preview":"max-image-preview:large","max-video-preview":"max-video-preview:-1"},"canonical":"https:\/\/dmcsrb.com\/en\/svijet\/orban-se-obrusio-na-eu-nema-drugih-naivcina-koje-bi-mogle-uskociti\/","og_locale":"en_GB","og_type":"article","og_title":"Orban se obru\u0161io na EU: Nema drugih naiv\u010dina koje bi mogle usko\u010diti - dmcsrb.com","og_description":"Ma\u0111arski premijer Viktor Orban na Facebooku je napao Evropsku uniju i planove vezane za finansijsku pomo\u0107 Ukrajini, prenosi Index.hr.","og_url":"https:\/\/dmcsrb.com\/en\/svijet\/orban-se-obrusio-na-eu-nema-drugih-naivcina-koje-bi-mogle-uskociti\/","og_site_name":"dmcsrb.com","article_published_time":"2025-11-03T13:12:00+00:00","og_image":[{"width":1118,"height":745,"url":"https:\/\/dmcsrb.com\/wp-content\/uploads\/2026\/01\/orbanN1.webp","type":"image\/webp"}],"author":"dmcsrbija.com@gmail.com","twitter_card":"summary_large_image","twitter_misc":{"Written by":"dmcsrbija.com@gmail.com","Estimated reading time":"1 minute"},"schema":{"@context":"https:\/\/schema.org","@graph":[{"@type":"Article","@id":"https:\/\/dmcsrb.com\/svijet\/orban-se-obrusio-na-eu-nema-drugih-naivcina-koje-bi-mogle-uskociti\/#article","isPartOf":{"@id":"https:\/\/dmcsrb.com\/svijet\/orban-se-obrusio-na-eu-nema-drugih-naivcina-koje-bi-mogle-uskociti\/"},"author":{"name":"dmcsrbija.com@gmail.com","@id":"https:\/\/dmcsrb.com\/#\/schema\/person\/5c39170f12db1b8b457732d0b5c854e2"},"headline":"Orban se obru\u0161io na EU: Nema drugih naiv\u010dina koje bi mogle usko\u010diti","datePublished":"2025-11-03T13:12:00+00:00","mainEntityOfPage":{"@id":"https:\/\/dmcsrb.com\/svijet\/orban-se-obrusio-na-eu-nema-drugih-naivcina-koje-bi-mogle-uskociti\/"},"wordCount":283,"commentCount":0,"image":{"@id":"https:\/\/dmcsrb.com\/svijet\/orban-se-obrusio-na-eu-nema-drugih-naivcina-koje-bi-mogle-uskociti\/#primaryimage"},"thumbnailUrl":"https:\/\/dmcsrb.com\/wp-content\/uploads\/2026\/01\/orbanN1.webp","keywords":["EU","Naiv\u010dine","Uskakanje","Viktor Orban"],"articleSection":["Svijet"],"inLanguage":"en-GB","potentialAction":[{"@type":"CommentAction","name":"Comment","target":["https:\/\/dmcsrb.com\/svijet\/orban-se-obrusio-na-eu-nema-drugih-naivcina-koje-bi-mogle-uskociti\/#respond"]}]},{"@type":"WebPage","@id":"https:\/\/dmcsrb.com\/svijet\/orban-se-obrusio-na-eu-nema-drugih-naivcina-koje-bi-mogle-uskociti\/","url":"https:\/\/dmcsrb.com\/svijet\/orban-se-obrusio-na-eu-nema-drugih-naivcina-koje-bi-mogle-uskociti\/","name":"Orban se obru\u0161io na EU: Nema drugih naiv\u010dina koje bi mogle usko\u010diti - dmcsrb.com","isPartOf":{"@id":"https:\/\/dmcsrb.com\/#website"},"primaryImageOfPage":{"@id":"https:\/\/dmcsrb.com\/svijet\/orban-se-obrusio-na-eu-nema-drugih-naivcina-koje-bi-mogle-uskociti\/#primaryimage"},"image":{"@id":"https:\/\/dmcsrb.com\/svijet\/orban-se-obrusio-na-eu-nema-drugih-naivcina-koje-bi-mogle-uskociti\/#primaryimage"},"thumbnailUrl":"https:\/\/dmcsrb.com\/wp-content\/uploads\/2026\/01\/orbanN1.webp","datePublished":"2025-11-03T13:12:00+00:00","author":{"@id":"https:\/\/dmcsrb.com\/#\/schema\/person\/5c39170f12db1b8b457732d0b5c854e2"},"breadcrumb":{"@id":"https:\/\/dmcsrb.com\/svijet\/orban-se-obrusio-na-eu-nema-drugih-naivcina-koje-bi-mogle-uskociti\/#breadcrumb"},"inLanguage":"en-GB","potentialAction":[{"@type":"ReadAction","target":["https:\/\/dmcsrb.com\/svijet\/orban-se-obrusio-na-eu-nema-drugih-naivcina-koje-bi-mogle-uskociti\/"]}]},{"@type":"ImageObject","inLanguage":"en-GB","@id":"https:\/\/dmcsrb.com\/svijet\/orban-se-obrusio-na-eu-nema-drugih-naivcina-koje-bi-mogle-uskociti\/#primaryimage","url":"https:\/\/dmcsrb.com\/wp-content\/uploads\/2026\/01\/orbanN1.webp","contentUrl":"https:\/\/dmcsrb.com\/wp-content\/uploads\/2026\/01\/orbanN1.webp","width":1118,"height":745},{"@type":"BreadcrumbList","@id":"https:\/\/dmcsrb.com\/svijet\/orban-se-obrusio-na-eu-nema-drugih-naivcina-koje-bi-mogle-uskociti\/#breadcrumb","itemListElement":[{"@type":"ListItem","position":1,"name":"Home","item":"https:\/\/dmcsrb.com\/"},{"@type":"ListItem","position":2,"name":"Orban se obru\u0161io na EU: Nema drugih naiv\u010dina koje bi mogle usko\u010diti"}]},{"@type":"WebSite","@id":"https:\/\/dmcsrb.com\/#website","url":"https:\/\/dmcsrb.com\/","name":"dmcsrb.com","description":"","potentialAction":[{"@type":"SearchAction","target":{"@type":"EntryPoint","urlTemplate":"https:\/\/dmcsrb.com\/?s={search_term_string}"},"query-input":{"@type":"PropertyValueSpecification","valueRequired":true,"valueName":"search_term_string"}}],"inLanguage":"en-GB"},{"@type":"Person","@id":"https:\/\/dmcsrb.com\/#\/schema\/person\/5c39170f12db1b8b457732d0b5c854e2","name":"dmcsrbija.com@gmail.com","image":{"@type":"ImageObject","inLanguage":"en-GB","@id":"https:\/\/secure.gravatar.com\/avatar\/68592660ad6347fad0fb587f8d5d8f1a7b44961362f56e4f2cd524feb87e9069?s=96&d=mm&r=g","url":"https:\/\/secure.gravatar.com\/avatar\/68592660ad6347fad0fb587f8d5d8f1a7b44961362f56e4f2cd524feb87e9069?s=96&d=mm&r=g","contentUrl":"https:\/\/secure.gravatar.com\/avatar\/68592660ad6347fad0fb587f8d5d8f1a7b44961362f56e4f2cd524feb87e9069?s=96&d=mm&r=g","caption":"dmcsrbija.com@gmail.com"},"sameAs":["https:\/\/dmcsrb.com"],"url":"https:\/\/dmcsrb.com\/en\/author\/dmcsrbija-comgmail-com\/"}]}},"_links":{"self":[{"href":"https:\/\/dmcsrb.com\/en\/wp-json\/wp\/v2\/posts\/961645","targetHints":{"allow":["GET"]}}],"collection":[{"href":"https:\/\/dmcsrb.com\/en\/wp-json\/wp\/v2\/posts"}],"about":[{"href":"https:\/\/dmcsrb.com\/en\/wp-json\/wp\/v2\/types\/post"}],"author":[{"embeddable":true,"href":"https:\/\/dmcsrb.com\/en\/wp-json\/wp\/v2\/users\/1"}],"replies":[{"embeddable":true,"href":"https:\/\/dmcsrb.com\/en\/wp-json\/wp\/v2\/comments?post=961645"}],"version-history":[{"count":0,"href":"https:\/\/dmcsrb.com\/en\/wp-json\/wp\/v2\/posts\/961645\/revisions"}],"wp:featuredmedia":[{"embeddable":true,"href":"https:\/\/dmcsrb.com\/en\/wp-json\/wp\/v2\/media\/914118"}],"wp:attachment":[{"href":"https:\/\/dmcsrb.com\/en\/wp-json\/wp\/v2\/media?parent=961645"}],"wp:term":[{"taxonomy":"category","embeddable":true,"href":"https:\/\/dmcsrb.com\/en\/wp-json\/wp\/v2\/categories?post=961645"},{"taxonomy":"post_tag","embeddable":true,"href":"https:\/\/dmcsrb.com\/en\/wp-json\/wp\/v2\/tags?post=961645"},{"taxonomy":"naslovna","embeddable":true,"href":"https:\/\/dmcsrb.com\/en\/wp-json\/wp\/v2\/naslovna?post=961645"}],"curies":[{"name":"wp","href":"https:\/\/api.w.org\/{rel}","templated":true}]}}