{"id":961607,"date":"2025-11-03T10:30:00","date_gmt":"2025-11-03T09:30:00","guid":{"rendered":"https:\/\/dmcsrb.com\/uncategorized\/gospoda-glembajevi-veceras-na-velikoj-sceni\/"},"modified":"2025-11-03T10:30:00","modified_gmt":"2025-11-03T09:30:00","slug":"gospoda-glembajevi-veceras-na-velikoj-sceni","status":"publish","type":"post","link":"https:\/\/dmcsrb.com\/en\/kultura\/gospoda-glembajevi-veceras-na-velikoj-sceni\/","title":{"rendered":"&#8220;Gospoda Glembajevi&#8221; ve\u010deras na Velikoj sceni"},"content":{"rendered":"<p><\/p>\n\n\n\n<p><\/p>\n\n\n\n<p>Dramaturg je <strong>Bo\u017eo Koprivica<\/strong>, adaptaciju potpisuju <strong>Bojana Mijovi\u0107 i Danilo Marunovi\u0107<\/strong>, koji je zadu\u017een i za izbor muzike, kostimografkinja je <strong>Vanja Ciraj D\u017eud\u017ea<\/strong>, scenograf <strong>Valentin Svetozarev<\/strong>, scenski pokret <strong>Tamara Vujo\u0161evi\u0107-Mandi\u0107<\/strong>, scenski govor <strong>Dubravka Draki\u0107<\/strong>, a izvr\u0161na producentkinja <strong>Nela Ota\u0161evi\u0107.<\/strong><\/p>\n\n\n\n<p>Uloge tuma\u010de: <strong>Svetozar Cvetkovi\u0107, Kristina Obradovi\u0107, Mi\u0161o Obradovi\u0107, Una Lu\u010di\u0107, Danilo \u010celebi\u0107, Pavle Prelevi\u0107, Stevan Vukovi\u0107, Jovan Dabovi\u0107, &nbsp;Kristina Mrki\u0107 i Predrag Pavi\u0107evi\u0107.<\/strong><\/p>\n\n\n\n<p>\u201cKrle\u017eina drama, kako je op\u0161te poznato, nastala je kao oma\u017e \u201eDubrova\u010dkoj triologiji\u201c Iva Vojnovi\u0107a i dramama Ibzena i Strindberga. \u201eGospoda Glembajevi\u201c prevazilaze svoje pretke i uzore u anga\u017emanu, u dijalozima, u briljatno napisanim karakterima i stilskim nijansama jedinstvenim u evropskoj dramskoj knji\u017eevnosti. Porodi\u010dni ciklus pretvara se u krvavi cirkus, sa tragi\u010dnim, dokumentarnim, grotesknim i duhovitim partijama\u201d, zapisao je daramturg Bo\u017eo Koprivica.<\/p>\n\n\n\n<p>Predstava je vi\u0161estruko nagra\u0111ena na Festivalu drame i pozori\u0161ta balkanskog kulturnog prostora \u201cTeatar na raskr\u0161\u0107u\u201d u Ni\u0161u. Nagrada za najbolju \u017eensku ulogu dodijeljena je Kristini Obradovi\u0107 za ulogu Barunice Kasteli Glembaj, Stevanu Vukovi\u0107u za najboljeg mladog glumca, a predstava u cjelini je nagra\u0111ena i od strane novinarskog \u017eirija.<\/p>\n\n\n\n<p>Ulaznice se mogu kupiti<strong> <\/strong>putem veb-sajta <a href=\"http:\/\/www.cnp.me\">www.cnp.me<\/a> i na biletarnici, dok se o aktivnostima Crnogorskog narodnog pozori\u0161ta publika mo\u017ee informisati i na dru\u0161tvenim mre\u017eama <a href=\"https:\/\/www.facebook.com\/cnpozoriste\/\">Facebook<\/a> i <a href=\"https:\/\/www.instagram.com\/crnogorskonarodnopozoriste\/\">Instagram<\/a>, kao i <a href=\"https:\/\/invite.viber.com\/?g2=AQAfeNNA4uCCT1J%2FuHJUWFtvRXmDEDrSzRzger6PpDJ8xOB%2B25TDyXmAZeMwndZq\">Viber kanalu.<\/a><strong><\/strong><\/p>\n\n\n\n<p><strong>Ponosni prijatelj CNP-a u 2025. godini je Crnogorska komercijalna banka.<\/strong><\/p>","protected":false},"excerpt":{"rendered":"<p>Predstava \u201eGospoda Glembajevi\u201c koju je po tekstu Miroslava Krle\u017ee re\u017eirao Danilo Marunovi\u0107, bi\u0107e izvedena ve\u010deras \u00a0na Velikoj sceni nacionalnog teatra u 20 sati.<\/p>","protected":false},"author":1,"featured_media":961608,"comment_status":"open","ping_status":"open","sticky":false,"template":"","format":"standard","meta":{"_acf_changed":false,"footnotes":""},"categories":[50],"tags":[444,2557],"naslovna":[],"class_list":["post-961607","post","type-post","status-publish","format-standard","has-post-thumbnail","hentry","category-kultura","tag-cnp","tag-gospoda-glembajevi"],"acf":[],"yoast_head":"<!-- This site is optimized with the Yoast SEO plugin v27.4 - https:\/\/yoast.com\/product\/yoast-seo-wordpress\/ -->\n<title>&quot;Gospoda Glembajevi&quot; ve\u010deras na Velikoj sceni - dmcsrb.com<\/title>\n<meta name=\"robots\" content=\"index, follow, max-snippet:-1, max-image-preview:large, max-video-preview:-1\" \/>\n<link rel=\"canonical\" href=\"https:\/\/dmcsrb.com\/en\/kultura\/gospoda-glembajevi-veceras-na-velikoj-sceni\/\" \/>\n<meta property=\"og:locale\" content=\"en_GB\" \/>\n<meta property=\"og:type\" content=\"article\" \/>\n<meta property=\"og:title\" content=\"&quot;Gospoda Glembajevi&quot; ve\u010deras na Velikoj sceni - dmcsrb.com\" \/>\n<meta property=\"og:description\" content=\"Predstava \u201eGospoda Glembajevi\u201c koju je po tekstu Miroslava Krle\u017ee re\u017eirao Danilo Marunovi\u0107, bi\u0107e izvedena ve\u010deras \u00a0na Velikoj sceni nacionalnog teatra u 20 sati.\" \/>\n<meta property=\"og:url\" content=\"https:\/\/dmcsrb.com\/en\/kultura\/gospoda-glembajevi-veceras-na-velikoj-sceni\/\" \/>\n<meta property=\"og:site_name\" content=\"dmcsrb.com\" \/>\n<meta property=\"article:published_time\" content=\"2025-11-03T09:30:00+00:00\" \/>\n<meta property=\"og:image\" content=\"https:\/\/dmcsrb.com\/wp-content\/uploads\/2026\/01\/5-2.webp\" \/>\n\t<meta property=\"og:image:width\" content=\"1920\" \/>\n\t<meta property=\"og:image:height\" content=\"1080\" \/>\n\t<meta property=\"og:image:type\" content=\"image\/jpeg\" \/>\n<meta name=\"author\" content=\"dmcsrbija.com@gmail.com\" \/>\n<meta name=\"twitter:card\" content=\"summary_large_image\" \/>\n<meta name=\"twitter:label1\" content=\"Written by\" \/>\n\t<meta name=\"twitter:data1\" content=\"dmcsrbija.com@gmail.com\" \/>\n\t<meta name=\"twitter:label2\" content=\"Estimated reading time\" \/>\n\t<meta name=\"twitter:data2\" content=\"1 minute\" \/>\n<script type=\"application\/ld+json\" class=\"yoast-schema-graph\">{\"@context\":\"https:\\\/\\\/schema.org\",\"@graph\":[{\"@type\":\"Article\",\"@id\":\"https:\\\/\\\/dmcsrb.com\\\/kultura\\\/gospoda-glembajevi-veceras-na-velikoj-sceni\\\/#article\",\"isPartOf\":{\"@id\":\"https:\\\/\\\/dmcsrb.com\\\/kultura\\\/gospoda-glembajevi-veceras-na-velikoj-sceni\\\/\"},\"author\":{\"name\":\"dmcsrbija.com@gmail.com\",\"@id\":\"https:\\\/\\\/dmcsrb.com\\\/#\\\/schema\\\/person\\\/5c39170f12db1b8b457732d0b5c854e2\"},\"headline\":\"&#8220;Gospoda Glembajevi&#8221; ve\u010deras na Velikoj sceni\",\"datePublished\":\"2025-11-03T09:30:00+00:00\",\"mainEntityOfPage\":{\"@id\":\"https:\\\/\\\/dmcsrb.com\\\/kultura\\\/gospoda-glembajevi-veceras-na-velikoj-sceni\\\/\"},\"wordCount\":253,\"commentCount\":0,\"image\":{\"@id\":\"https:\\\/\\\/dmcsrb.com\\\/kultura\\\/gospoda-glembajevi-veceras-na-velikoj-sceni\\\/#primaryimage\"},\"thumbnailUrl\":\"https:\\\/\\\/dmcsrb.com\\\/wp-content\\\/uploads\\\/2026\\\/01\\\/5-2.webp\",\"keywords\":[\"CNP\",\"Gospoda Glembajevi\"],\"articleSection\":[\"Kultura\"],\"inLanguage\":\"en-GB\",\"potentialAction\":[{\"@type\":\"CommentAction\",\"name\":\"Comment\",\"target\":[\"https:\\\/\\\/dmcsrb.com\\\/kultura\\\/gospoda-glembajevi-veceras-na-velikoj-sceni\\\/#respond\"]}]},{\"@type\":\"WebPage\",\"@id\":\"https:\\\/\\\/dmcsrb.com\\\/kultura\\\/gospoda-glembajevi-veceras-na-velikoj-sceni\\\/\",\"url\":\"https:\\\/\\\/dmcsrb.com\\\/kultura\\\/gospoda-glembajevi-veceras-na-velikoj-sceni\\\/\",\"name\":\"\\\"Gospoda Glembajevi\\\" ve\u010deras na Velikoj sceni - dmcsrb.com\",\"isPartOf\":{\"@id\":\"https:\\\/\\\/dmcsrb.com\\\/#website\"},\"primaryImageOfPage\":{\"@id\":\"https:\\\/\\\/dmcsrb.com\\\/kultura\\\/gospoda-glembajevi-veceras-na-velikoj-sceni\\\/#primaryimage\"},\"image\":{\"@id\":\"https:\\\/\\\/dmcsrb.com\\\/kultura\\\/gospoda-glembajevi-veceras-na-velikoj-sceni\\\/#primaryimage\"},\"thumbnailUrl\":\"https:\\\/\\\/dmcsrb.com\\\/wp-content\\\/uploads\\\/2026\\\/01\\\/5-2.webp\",\"datePublished\":\"2025-11-03T09:30:00+00:00\",\"author\":{\"@id\":\"https:\\\/\\\/dmcsrb.com\\\/#\\\/schema\\\/person\\\/5c39170f12db1b8b457732d0b5c854e2\"},\"breadcrumb\":{\"@id\":\"https:\\\/\\\/dmcsrb.com\\\/kultura\\\/gospoda-glembajevi-veceras-na-velikoj-sceni\\\/#breadcrumb\"},\"inLanguage\":\"en-GB\",\"potentialAction\":[{\"@type\":\"ReadAction\",\"target\":[\"https:\\\/\\\/dmcsrb.com\\\/kultura\\\/gospoda-glembajevi-veceras-na-velikoj-sceni\\\/\"]}]},{\"@type\":\"ImageObject\",\"inLanguage\":\"en-GB\",\"@id\":\"https:\\\/\\\/dmcsrb.com\\\/kultura\\\/gospoda-glembajevi-veceras-na-velikoj-sceni\\\/#primaryimage\",\"url\":\"https:\\\/\\\/dmcsrb.com\\\/wp-content\\\/uploads\\\/2026\\\/01\\\/5-2.webp\",\"contentUrl\":\"https:\\\/\\\/dmcsrb.com\\\/wp-content\\\/uploads\\\/2026\\\/01\\\/5-2.webp\",\"width\":1920,\"height\":1080},{\"@type\":\"BreadcrumbList\",\"@id\":\"https:\\\/\\\/dmcsrb.com\\\/kultura\\\/gospoda-glembajevi-veceras-na-velikoj-sceni\\\/#breadcrumb\",\"itemListElement\":[{\"@type\":\"ListItem\",\"position\":1,\"name\":\"Home\",\"item\":\"https:\\\/\\\/dmcsrb.com\\\/\"},{\"@type\":\"ListItem\",\"position\":2,\"name\":\"&#8220;Gospoda Glembajevi&#8221; ve\u010deras na Velikoj sceni\"}]},{\"@type\":\"WebSite\",\"@id\":\"https:\\\/\\\/dmcsrb.com\\\/#website\",\"url\":\"https:\\\/\\\/dmcsrb.com\\\/\",\"name\":\"dmcsrb.com\",\"description\":\"\",\"potentialAction\":[{\"@type\":\"SearchAction\",\"target\":{\"@type\":\"EntryPoint\",\"urlTemplate\":\"https:\\\/\\\/dmcsrb.com\\\/?s={search_term_string}\"},\"query-input\":{\"@type\":\"PropertyValueSpecification\",\"valueRequired\":true,\"valueName\":\"search_term_string\"}}],\"inLanguage\":\"en-GB\"},{\"@type\":\"Person\",\"@id\":\"https:\\\/\\\/dmcsrb.com\\\/#\\\/schema\\\/person\\\/5c39170f12db1b8b457732d0b5c854e2\",\"name\":\"dmcsrbija.com@gmail.com\",\"image\":{\"@type\":\"ImageObject\",\"inLanguage\":\"en-GB\",\"@id\":\"https:\\\/\\\/secure.gravatar.com\\\/avatar\\\/68592660ad6347fad0fb587f8d5d8f1a7b44961362f56e4f2cd524feb87e9069?s=96&d=mm&r=g\",\"url\":\"https:\\\/\\\/secure.gravatar.com\\\/avatar\\\/68592660ad6347fad0fb587f8d5d8f1a7b44961362f56e4f2cd524feb87e9069?s=96&d=mm&r=g\",\"contentUrl\":\"https:\\\/\\\/secure.gravatar.com\\\/avatar\\\/68592660ad6347fad0fb587f8d5d8f1a7b44961362f56e4f2cd524feb87e9069?s=96&d=mm&r=g\",\"caption\":\"dmcsrbija.com@gmail.com\"},\"sameAs\":[\"https:\\\/\\\/dmcsrb.com\"],\"url\":\"https:\\\/\\\/dmcsrb.com\\\/en\\\/author\\\/dmcsrbija-comgmail-com\\\/\"}]}<\/script>\n<!-- \/ Yoast SEO plugin. -->","yoast_head_json":{"title":"\"Gospoda Glembajevi\" ve\u010deras na Velikoj sceni - dmcsrb.com","robots":{"index":"index","follow":"follow","max-snippet":"max-snippet:-1","max-image-preview":"max-image-preview:large","max-video-preview":"max-video-preview:-1"},"canonical":"https:\/\/dmcsrb.com\/en\/kultura\/gospoda-glembajevi-veceras-na-velikoj-sceni\/","og_locale":"en_GB","og_type":"article","og_title":"\"Gospoda Glembajevi\" ve\u010deras na Velikoj sceni - dmcsrb.com","og_description":"Predstava \u201eGospoda Glembajevi\u201c koju je po tekstu Miroslava Krle\u017ee re\u017eirao Danilo Marunovi\u0107, bi\u0107e izvedena ve\u010deras \u00a0na Velikoj sceni nacionalnog teatra u 20 sati.","og_url":"https:\/\/dmcsrb.com\/en\/kultura\/gospoda-glembajevi-veceras-na-velikoj-sceni\/","og_site_name":"dmcsrb.com","article_published_time":"2025-11-03T09:30:00+00:00","og_image":[{"width":1920,"height":1080,"url":"https:\/\/dmcsrb.com\/wp-content\/uploads\/2026\/01\/5-2.webp","type":"image\/jpeg"}],"author":"dmcsrbija.com@gmail.com","twitter_card":"summary_large_image","twitter_misc":{"Written by":"dmcsrbija.com@gmail.com","Estimated reading time":"1 minute"},"schema":{"@context":"https:\/\/schema.org","@graph":[{"@type":"Article","@id":"https:\/\/dmcsrb.com\/kultura\/gospoda-glembajevi-veceras-na-velikoj-sceni\/#article","isPartOf":{"@id":"https:\/\/dmcsrb.com\/kultura\/gospoda-glembajevi-veceras-na-velikoj-sceni\/"},"author":{"name":"dmcsrbija.com@gmail.com","@id":"https:\/\/dmcsrb.com\/#\/schema\/person\/5c39170f12db1b8b457732d0b5c854e2"},"headline":"&#8220;Gospoda Glembajevi&#8221; ve\u010deras na Velikoj sceni","datePublished":"2025-11-03T09:30:00+00:00","mainEntityOfPage":{"@id":"https:\/\/dmcsrb.com\/kultura\/gospoda-glembajevi-veceras-na-velikoj-sceni\/"},"wordCount":253,"commentCount":0,"image":{"@id":"https:\/\/dmcsrb.com\/kultura\/gospoda-glembajevi-veceras-na-velikoj-sceni\/#primaryimage"},"thumbnailUrl":"https:\/\/dmcsrb.com\/wp-content\/uploads\/2026\/01\/5-2.webp","keywords":["CNP","Gospoda Glembajevi"],"articleSection":["Kultura"],"inLanguage":"en-GB","potentialAction":[{"@type":"CommentAction","name":"Comment","target":["https:\/\/dmcsrb.com\/kultura\/gospoda-glembajevi-veceras-na-velikoj-sceni\/#respond"]}]},{"@type":"WebPage","@id":"https:\/\/dmcsrb.com\/kultura\/gospoda-glembajevi-veceras-na-velikoj-sceni\/","url":"https:\/\/dmcsrb.com\/kultura\/gospoda-glembajevi-veceras-na-velikoj-sceni\/","name":"\"Gospoda Glembajevi\" ve\u010deras na Velikoj sceni - dmcsrb.com","isPartOf":{"@id":"https:\/\/dmcsrb.com\/#website"},"primaryImageOfPage":{"@id":"https:\/\/dmcsrb.com\/kultura\/gospoda-glembajevi-veceras-na-velikoj-sceni\/#primaryimage"},"image":{"@id":"https:\/\/dmcsrb.com\/kultura\/gospoda-glembajevi-veceras-na-velikoj-sceni\/#primaryimage"},"thumbnailUrl":"https:\/\/dmcsrb.com\/wp-content\/uploads\/2026\/01\/5-2.webp","datePublished":"2025-11-03T09:30:00+00:00","author":{"@id":"https:\/\/dmcsrb.com\/#\/schema\/person\/5c39170f12db1b8b457732d0b5c854e2"},"breadcrumb":{"@id":"https:\/\/dmcsrb.com\/kultura\/gospoda-glembajevi-veceras-na-velikoj-sceni\/#breadcrumb"},"inLanguage":"en-GB","potentialAction":[{"@type":"ReadAction","target":["https:\/\/dmcsrb.com\/kultura\/gospoda-glembajevi-veceras-na-velikoj-sceni\/"]}]},{"@type":"ImageObject","inLanguage":"en-GB","@id":"https:\/\/dmcsrb.com\/kultura\/gospoda-glembajevi-veceras-na-velikoj-sceni\/#primaryimage","url":"https:\/\/dmcsrb.com\/wp-content\/uploads\/2026\/01\/5-2.webp","contentUrl":"https:\/\/dmcsrb.com\/wp-content\/uploads\/2026\/01\/5-2.webp","width":1920,"height":1080},{"@type":"BreadcrumbList","@id":"https:\/\/dmcsrb.com\/kultura\/gospoda-glembajevi-veceras-na-velikoj-sceni\/#breadcrumb","itemListElement":[{"@type":"ListItem","position":1,"name":"Home","item":"https:\/\/dmcsrb.com\/"},{"@type":"ListItem","position":2,"name":"&#8220;Gospoda Glembajevi&#8221; ve\u010deras na Velikoj sceni"}]},{"@type":"WebSite","@id":"https:\/\/dmcsrb.com\/#website","url":"https:\/\/dmcsrb.com\/","name":"dmcsrb.com","description":"","potentialAction":[{"@type":"SearchAction","target":{"@type":"EntryPoint","urlTemplate":"https:\/\/dmcsrb.com\/?s={search_term_string}"},"query-input":{"@type":"PropertyValueSpecification","valueRequired":true,"valueName":"search_term_string"}}],"inLanguage":"en-GB"},{"@type":"Person","@id":"https:\/\/dmcsrb.com\/#\/schema\/person\/5c39170f12db1b8b457732d0b5c854e2","name":"dmcsrbija.com@gmail.com","image":{"@type":"ImageObject","inLanguage":"en-GB","@id":"https:\/\/secure.gravatar.com\/avatar\/68592660ad6347fad0fb587f8d5d8f1a7b44961362f56e4f2cd524feb87e9069?s=96&d=mm&r=g","url":"https:\/\/secure.gravatar.com\/avatar\/68592660ad6347fad0fb587f8d5d8f1a7b44961362f56e4f2cd524feb87e9069?s=96&d=mm&r=g","contentUrl":"https:\/\/secure.gravatar.com\/avatar\/68592660ad6347fad0fb587f8d5d8f1a7b44961362f56e4f2cd524feb87e9069?s=96&d=mm&r=g","caption":"dmcsrbija.com@gmail.com"},"sameAs":["https:\/\/dmcsrb.com"],"url":"https:\/\/dmcsrb.com\/en\/author\/dmcsrbija-comgmail-com\/"}]}},"_links":{"self":[{"href":"https:\/\/dmcsrb.com\/en\/wp-json\/wp\/v2\/posts\/961607","targetHints":{"allow":["GET"]}}],"collection":[{"href":"https:\/\/dmcsrb.com\/en\/wp-json\/wp\/v2\/posts"}],"about":[{"href":"https:\/\/dmcsrb.com\/en\/wp-json\/wp\/v2\/types\/post"}],"author":[{"embeddable":true,"href":"https:\/\/dmcsrb.com\/en\/wp-json\/wp\/v2\/users\/1"}],"replies":[{"embeddable":true,"href":"https:\/\/dmcsrb.com\/en\/wp-json\/wp\/v2\/comments?post=961607"}],"version-history":[{"count":0,"href":"https:\/\/dmcsrb.com\/en\/wp-json\/wp\/v2\/posts\/961607\/revisions"}],"wp:featuredmedia":[{"embeddable":true,"href":"https:\/\/dmcsrb.com\/en\/wp-json\/wp\/v2\/media\/961608"}],"wp:attachment":[{"href":"https:\/\/dmcsrb.com\/en\/wp-json\/wp\/v2\/media?parent=961607"}],"wp:term":[{"taxonomy":"category","embeddable":true,"href":"https:\/\/dmcsrb.com\/en\/wp-json\/wp\/v2\/categories?post=961607"},{"taxonomy":"post_tag","embeddable":true,"href":"https:\/\/dmcsrb.com\/en\/wp-json\/wp\/v2\/tags?post=961607"},{"taxonomy":"naslovna","embeddable":true,"href":"https:\/\/dmcsrb.com\/en\/wp-json\/wp\/v2\/naslovna?post=961607"}],"curies":[{"name":"wp","href":"https:\/\/api.w.org\/{rel}","templated":true}]}}