{"id":961599,"date":"2025-11-03T08:40:00","date_gmt":"2025-11-03T07:40:00","guid":{"rendered":"https:\/\/dmcsrb.com\/uncategorized\/markovic-demokratama-vi-kontrolisete-sistem-bezbjednosti-i-jos-ga-zloupotrebljavate-u-politicke-svrhe\/"},"modified":"2025-11-03T08:40:00","modified_gmt":"2025-11-03T07:40:00","slug":"markovic-demokratama-vi-kontrolisete-sistem-bezbjednosti-i-jos-ga-zloupotrebljavate-u-politicke-svrhe","status":"publish","type":"post","link":"https:\/\/dmcsrb.com\/en\/politika\/markovic-demokratama-vi-kontrolisete-sistem-bezbjednosti-i-jos-ga-zloupotrebljavate-u-politicke-svrhe\/","title":{"rendered":"Markovi\u0107 Demokratama: Vi kontroli\u0161ete sistem bezbjednosti i jo\u0161 ga zloupotrebljavate u politi\u010dke svrhe"},"content":{"rendered":"<p><\/p>\n\n\n\n<p>\u201cShodno svojim politi\u010dkim i institucionalnim praksama Demokrate nikako da razumiju funkcionisanje Dr\u017eave i njenih institucija. Dr\u017eavu dodu\u0161e nikada nijesu ni \u017eeljeli, ali institucije jesu \u2013 da zagazde i zaposjednu bez elementarnog iskustva i bez regularnog obrazovanja\u201d, napisao je Markovi\u0107.<\/p>\n\n\n\n<p>Kako je kazao, biti predsjednik Vlade vam ne dozvoljava da budete istovremeno i ministar, direktor, pomo\u0107nik \u2013 jer su njihove nadle\u017enosti propisane zakonom.<\/p>\n\n\n\n<p>\u201cZabranjeno je nezakonito mije\u0161anje u rad institucija i uplitanje u poslove slu\u017ebenika.&nbsp;Kao \u0161to nijesam u svom radu dozvoljavao vaninstitucionalni i nedozvoljeni uticaj, tako sam po\u0161tovao samostalnost drugih\u201d, tvrdi Markovi\u0107.<\/p>\n\n\n\n<p>Vlada je, kako dodaje, kolektivni organ koji vodi unutra\u0161nju i spoljnu politiku, a ne inspekcijski organ.<\/p>\n\n\n\n<p>\u201cMo\u017eda nekada i to nau\u010dite uz funkcionerske du\u017enosti.&nbsp;A da li su po mom nalogu nezakonito pra\u0107eni gra\u0111ani, kako ka\u017eete, pitajte ili provjerite \u2013 pa dokumentujte, jer vi kontroli\u0161ete sistem bezbjednosti i jo\u0161 ga zloupotrebljavate u politi\u010dke svrhe. To posebno registruju tamo\u0161nji zaposleni, a vide i gra\u0111ani\u201d, istakao je Markovi\u0107.<\/p>\n\n\n\n<p>Prema njegovim rije\u010dima, neslavni su i prije svega neregularni njihovi primjeri rukovo\u0111enja i upravljanja.<\/p>\n\n\n\n<p>\u201cOtuda razumijem va\u0161u paniku i nervozu. Nego vam je i od pani\u010dnih saop\u0161tenja pametnije da za\u0161titite Vladu i institucije od nedozvoljenog uplitanja pojedinih va\u0161ih poslanika, da oslobodite medijski prostor od dana\u0161njeg Gebelsa, da ne gazite demokratiju i gra\u0111anske slobode \u010dizmom va\u0161eg politi\u010dkog komesara. Trovanjem institucija i javnog prostora, otrova\u0107ete i sami sebe. Ako ve\u0107 nijeste\u201d, zaklju\u010dio je.<\/p>\n\n\n\n<figure class=\"wp-block-embed is-type-rich is-provider-twitter wp-block-embed-twitter\"><div class=\"wp-block-embed__wrapper\">\n<blockquote class=\"twitter-tweet\" data-width=\"500\" data-dnt=\"true\"><p lang=\"und\" dir=\"ltr\">Shodno svojim politi\u010dkim i institucionalnim praksama Demokrate nikako da razumiju funkcionisanje Dr\u017eave i njenih institucija. Dr\u017eavu dodu\u0161e nikada nijesu ni \u017eeljeli, ali institucije jesu \u2013 da zagazde i zaposjednu bez elementarnog iskustva i bez regularnog obrazovanja.<br><br>Biti\u2026 <a href=\"https:\/\/t.co\/XTNgKtaD0m\">pic.twitter.com\/XTNgKtaD0m<\/a><\/p>&mdash; Du\u0161ko Markovi\u0107 (@DuskoMarkovicCG) <a href=\"https:\/\/twitter.com\/DuskoMarkovicCG\/status\/1985248430126493772?ref_src=twsrc%5Etfw\">November 3, 2025<\/a><\/blockquote><script async src=\"https:\/\/platform.twitter.com\/widgets.js\" charset=\"utf-8\"><\/script>\n<\/div><\/figure>","protected":false},"excerpt":{"rendered":"<p>Predsjednik Stranke evropskog progresa (SEP)\u00a0Du\u0161ko Markovi\u0107\u00a0poru\u010dio je na mre\u017ei X Demokratama da oni kontroli\u0161u sistem bezbjednosti i jo\u0161 ga zloupotrebljavaju u politi\u010dke svrhe.<\/p>","protected":false},"author":1,"featured_media":953411,"comment_status":"open","ping_status":"open","sticky":false,"template":"","format":"standard","meta":{"_acf_changed":false,"footnotes":""},"categories":[12],"tags":[1355,8860,232],"naslovna":[],"class_list":["post-961599","post","type-post","status-publish","format-standard","has-post-thumbnail","hentry","category-politika","tag-demokrate","tag-dusko-markovic","tag-sep"],"acf":[],"yoast_head":"<!-- This site is optimized with the Yoast SEO plugin v27.4 - https:\/\/yoast.com\/product\/yoast-seo-wordpress\/ -->\n<title>Markovi\u0107 Demokratama: Vi kontroli\u0161ete sistem bezbjednosti i jo\u0161 ga zloupotrebljavate u politi\u010dke svrhe - dmcsrb.com<\/title>\n<meta name=\"robots\" content=\"index, follow, max-snippet:-1, max-image-preview:large, max-video-preview:-1\" \/>\n<link rel=\"canonical\" href=\"https:\/\/dmcsrb.com\/en\/politika\/markovic-demokratama-vi-kontrolisete-sistem-bezbjednosti-i-jos-ga-zloupotrebljavate-u-politicke-svrhe\/\" \/>\n<meta property=\"og:locale\" content=\"en_GB\" \/>\n<meta property=\"og:type\" content=\"article\" \/>\n<meta property=\"og:title\" content=\"Markovi\u0107 Demokratama: Vi kontroli\u0161ete sistem bezbjednosti i jo\u0161 ga zloupotrebljavate u politi\u010dke svrhe - dmcsrb.com\" \/>\n<meta property=\"og:description\" content=\"Predsjednik Stranke evropskog progresa (SEP)\u00a0Du\u0161ko Markovi\u0107\u00a0poru\u010dio je na mre\u017ei X Demokratama da oni kontroli\u0161u sistem bezbjednosti i jo\u0161 ga zloupotrebljavaju u politi\u010dke svrhe.\" \/>\n<meta property=\"og:url\" content=\"https:\/\/dmcsrb.com\/en\/politika\/markovic-demokratama-vi-kontrolisete-sistem-bezbjednosti-i-jos-ga-zloupotrebljavate-u-politicke-svrhe\/\" \/>\n<meta property=\"og:site_name\" content=\"dmcsrb.com\" \/>\n<meta property=\"article:published_time\" content=\"2025-11-03T07:40:00+00:00\" \/>\n<meta property=\"og:image\" content=\"https:\/\/dmcsrb.com\/wp-content\/uploads\/2026\/01\/Dusko-Markovic-foto-gradski-me.webp\" \/>\n\t<meta property=\"og:image:width\" content=\"1486\" \/>\n\t<meta property=\"og:image:height\" content=\"788\" \/>\n\t<meta property=\"og:image:type\" content=\"image\/jpeg\" \/>\n<meta name=\"author\" content=\"dmcsrbija.com@gmail.com\" \/>\n<meta name=\"twitter:card\" content=\"summary_large_image\" \/>\n<meta name=\"twitter:label1\" content=\"Written by\" \/>\n\t<meta name=\"twitter:data1\" content=\"dmcsrbija.com@gmail.com\" \/>\n\t<meta name=\"twitter:label2\" content=\"Estimated reading time\" \/>\n\t<meta name=\"twitter:data2\" content=\"2 minutes\" \/>\n<script type=\"application\/ld+json\" class=\"yoast-schema-graph\">{\"@context\":\"https:\\\/\\\/schema.org\",\"@graph\":[{\"@type\":\"Article\",\"@id\":\"https:\\\/\\\/dmcsrb.com\\\/en\\\/politika\\\/markovic-demokratama-vi-kontrolisete-sistem-bezbjednosti-i-jos-ga-zloupotrebljavate-u-politicke-svrhe\\\/#article\",\"isPartOf\":{\"@id\":\"https:\\\/\\\/dmcsrb.com\\\/en\\\/politika\\\/markovic-demokratama-vi-kontrolisete-sistem-bezbjednosti-i-jos-ga-zloupotrebljavate-u-politicke-svrhe\\\/\"},\"author\":{\"name\":\"dmcsrbija.com@gmail.com\",\"@id\":\"https:\\\/\\\/dmcsrb.com\\\/#\\\/schema\\\/person\\\/5c39170f12db1b8b457732d0b5c854e2\"},\"headline\":\"Markovi\u0107 Demokratama: Vi kontroli\u0161ete sistem bezbjednosti i jo\u0161 ga zloupotrebljavate u politi\u010dke svrhe\",\"datePublished\":\"2025-11-03T07:40:00+00:00\",\"mainEntityOfPage\":{\"@id\":\"https:\\\/\\\/dmcsrb.com\\\/en\\\/politika\\\/markovic-demokratama-vi-kontrolisete-sistem-bezbjednosti-i-jos-ga-zloupotrebljavate-u-politicke-svrhe\\\/\"},\"wordCount\":318,\"commentCount\":0,\"image\":{\"@id\":\"https:\\\/\\\/dmcsrb.com\\\/en\\\/politika\\\/markovic-demokratama-vi-kontrolisete-sistem-bezbjednosti-i-jos-ga-zloupotrebljavate-u-politicke-svrhe\\\/#primaryimage\"},\"thumbnailUrl\":\"https:\\\/\\\/dmcsrb.com\\\/wp-content\\\/uploads\\\/2026\\\/01\\\/Dusko-Markovic-foto-gradski-me.webp\",\"keywords\":[\"Demokrate\",\"Du\u0161ko Markovi\u0107\",\"SEP\"],\"articleSection\":[\"Politika\"],\"inLanguage\":\"en-GB\",\"potentialAction\":[{\"@type\":\"CommentAction\",\"name\":\"Comment\",\"target\":[\"https:\\\/\\\/dmcsrb.com\\\/en\\\/politika\\\/markovic-demokratama-vi-kontrolisete-sistem-bezbjednosti-i-jos-ga-zloupotrebljavate-u-politicke-svrhe\\\/#respond\"]}]},{\"@type\":\"WebPage\",\"@id\":\"https:\\\/\\\/dmcsrb.com\\\/en\\\/politika\\\/markovic-demokratama-vi-kontrolisete-sistem-bezbjednosti-i-jos-ga-zloupotrebljavate-u-politicke-svrhe\\\/\",\"url\":\"https:\\\/\\\/dmcsrb.com\\\/en\\\/politika\\\/markovic-demokratama-vi-kontrolisete-sistem-bezbjednosti-i-jos-ga-zloupotrebljavate-u-politicke-svrhe\\\/\",\"name\":\"Markovi\u0107 Demokratama: Vi kontroli\u0161ete sistem bezbjednosti i jo\u0161 ga zloupotrebljavate u politi\u010dke svrhe - dmcsrb.com\",\"isPartOf\":{\"@id\":\"https:\\\/\\\/dmcsrb.com\\\/#website\"},\"primaryImageOfPage\":{\"@id\":\"https:\\\/\\\/dmcsrb.com\\\/en\\\/politika\\\/markovic-demokratama-vi-kontrolisete-sistem-bezbjednosti-i-jos-ga-zloupotrebljavate-u-politicke-svrhe\\\/#primaryimage\"},\"image\":{\"@id\":\"https:\\\/\\\/dmcsrb.com\\\/en\\\/politika\\\/markovic-demokratama-vi-kontrolisete-sistem-bezbjednosti-i-jos-ga-zloupotrebljavate-u-politicke-svrhe\\\/#primaryimage\"},\"thumbnailUrl\":\"https:\\\/\\\/dmcsrb.com\\\/wp-content\\\/uploads\\\/2026\\\/01\\\/Dusko-Markovic-foto-gradski-me.webp\",\"datePublished\":\"2025-11-03T07:40:00+00:00\",\"author\":{\"@id\":\"https:\\\/\\\/dmcsrb.com\\\/#\\\/schema\\\/person\\\/5c39170f12db1b8b457732d0b5c854e2\"},\"breadcrumb\":{\"@id\":\"https:\\\/\\\/dmcsrb.com\\\/en\\\/politika\\\/markovic-demokratama-vi-kontrolisete-sistem-bezbjednosti-i-jos-ga-zloupotrebljavate-u-politicke-svrhe\\\/#breadcrumb\"},\"inLanguage\":\"en-GB\",\"potentialAction\":[{\"@type\":\"ReadAction\",\"target\":[\"https:\\\/\\\/dmcsrb.com\\\/en\\\/politika\\\/markovic-demokratama-vi-kontrolisete-sistem-bezbjednosti-i-jos-ga-zloupotrebljavate-u-politicke-svrhe\\\/\"]}]},{\"@type\":\"ImageObject\",\"inLanguage\":\"en-GB\",\"@id\":\"https:\\\/\\\/dmcsrb.com\\\/en\\\/politika\\\/markovic-demokratama-vi-kontrolisete-sistem-bezbjednosti-i-jos-ga-zloupotrebljavate-u-politicke-svrhe\\\/#primaryimage\",\"url\":\"https:\\\/\\\/dmcsrb.com\\\/wp-content\\\/uploads\\\/2026\\\/01\\\/Dusko-Markovic-foto-gradski-me.webp\",\"contentUrl\":\"https:\\\/\\\/dmcsrb.com\\\/wp-content\\\/uploads\\\/2026\\\/01\\\/Dusko-Markovic-foto-gradski-me.webp\",\"width\":1486,\"height\":788},{\"@type\":\"BreadcrumbList\",\"@id\":\"https:\\\/\\\/dmcsrb.com\\\/en\\\/politika\\\/markovic-demokratama-vi-kontrolisete-sistem-bezbjednosti-i-jos-ga-zloupotrebljavate-u-politicke-svrhe\\\/#breadcrumb\",\"itemListElement\":[{\"@type\":\"ListItem\",\"position\":1,\"name\":\"Home\",\"item\":\"https:\\\/\\\/dmcsrb.com\\\/\"},{\"@type\":\"ListItem\",\"position\":2,\"name\":\"Markovi\u0107 Demokratama: Vi kontroli\u0161ete sistem bezbjednosti i jo\u0161 ga zloupotrebljavate u politi\u010dke svrhe\"}]},{\"@type\":\"WebSite\",\"@id\":\"https:\\\/\\\/dmcsrb.com\\\/#website\",\"url\":\"https:\\\/\\\/dmcsrb.com\\\/\",\"name\":\"dmcsrb.com\",\"description\":\"\",\"potentialAction\":[{\"@type\":\"SearchAction\",\"target\":{\"@type\":\"EntryPoint\",\"urlTemplate\":\"https:\\\/\\\/dmcsrb.com\\\/?s={search_term_string}\"},\"query-input\":{\"@type\":\"PropertyValueSpecification\",\"valueRequired\":true,\"valueName\":\"search_term_string\"}}],\"inLanguage\":\"en-GB\"},{\"@type\":\"Person\",\"@id\":\"https:\\\/\\\/dmcsrb.com\\\/#\\\/schema\\\/person\\\/5c39170f12db1b8b457732d0b5c854e2\",\"name\":\"dmcsrbija.com@gmail.com\",\"image\":{\"@type\":\"ImageObject\",\"inLanguage\":\"en-GB\",\"@id\":\"https:\\\/\\\/secure.gravatar.com\\\/avatar\\\/68592660ad6347fad0fb587f8d5d8f1a7b44961362f56e4f2cd524feb87e9069?s=96&d=mm&r=g\",\"url\":\"https:\\\/\\\/secure.gravatar.com\\\/avatar\\\/68592660ad6347fad0fb587f8d5d8f1a7b44961362f56e4f2cd524feb87e9069?s=96&d=mm&r=g\",\"contentUrl\":\"https:\\\/\\\/secure.gravatar.com\\\/avatar\\\/68592660ad6347fad0fb587f8d5d8f1a7b44961362f56e4f2cd524feb87e9069?s=96&d=mm&r=g\",\"caption\":\"dmcsrbija.com@gmail.com\"},\"sameAs\":[\"https:\\\/\\\/dmcsrb.com\"],\"url\":\"https:\\\/\\\/dmcsrb.com\\\/en\\\/author\\\/dmcsrbija-comgmail-com\\\/\"}]}<\/script>\n<!-- \/ Yoast SEO plugin. -->","yoast_head_json":{"title":"Markovi\u0107 Demokratama: Vi kontroli\u0161ete sistem bezbjednosti i jo\u0161 ga zloupotrebljavate u politi\u010dke svrhe - dmcsrb.com","robots":{"index":"index","follow":"follow","max-snippet":"max-snippet:-1","max-image-preview":"max-image-preview:large","max-video-preview":"max-video-preview:-1"},"canonical":"https:\/\/dmcsrb.com\/en\/politika\/markovic-demokratama-vi-kontrolisete-sistem-bezbjednosti-i-jos-ga-zloupotrebljavate-u-politicke-svrhe\/","og_locale":"en_GB","og_type":"article","og_title":"Markovi\u0107 Demokratama: Vi kontroli\u0161ete sistem bezbjednosti i jo\u0161 ga zloupotrebljavate u politi\u010dke svrhe - dmcsrb.com","og_description":"Predsjednik Stranke evropskog progresa (SEP)\u00a0Du\u0161ko Markovi\u0107\u00a0poru\u010dio je na mre\u017ei X Demokratama da oni kontroli\u0161u sistem bezbjednosti i jo\u0161 ga zloupotrebljavaju u politi\u010dke svrhe.","og_url":"https:\/\/dmcsrb.com\/en\/politika\/markovic-demokratama-vi-kontrolisete-sistem-bezbjednosti-i-jos-ga-zloupotrebljavate-u-politicke-svrhe\/","og_site_name":"dmcsrb.com","article_published_time":"2025-11-03T07:40:00+00:00","og_image":[{"width":1486,"height":788,"url":"https:\/\/dmcsrb.com\/wp-content\/uploads\/2026\/01\/Dusko-Markovic-foto-gradski-me.webp","type":"image\/jpeg"}],"author":"dmcsrbija.com@gmail.com","twitter_card":"summary_large_image","twitter_misc":{"Written by":"dmcsrbija.com@gmail.com","Estimated reading time":"2 minutes"},"schema":{"@context":"https:\/\/schema.org","@graph":[{"@type":"Article","@id":"https:\/\/dmcsrb.com\/en\/politika\/markovic-demokratama-vi-kontrolisete-sistem-bezbjednosti-i-jos-ga-zloupotrebljavate-u-politicke-svrhe\/#article","isPartOf":{"@id":"https:\/\/dmcsrb.com\/en\/politika\/markovic-demokratama-vi-kontrolisete-sistem-bezbjednosti-i-jos-ga-zloupotrebljavate-u-politicke-svrhe\/"},"author":{"name":"dmcsrbija.com@gmail.com","@id":"https:\/\/dmcsrb.com\/#\/schema\/person\/5c39170f12db1b8b457732d0b5c854e2"},"headline":"Markovi\u0107 Demokratama: Vi kontroli\u0161ete sistem bezbjednosti i jo\u0161 ga zloupotrebljavate u politi\u010dke svrhe","datePublished":"2025-11-03T07:40:00+00:00","mainEntityOfPage":{"@id":"https:\/\/dmcsrb.com\/en\/politika\/markovic-demokratama-vi-kontrolisete-sistem-bezbjednosti-i-jos-ga-zloupotrebljavate-u-politicke-svrhe\/"},"wordCount":318,"commentCount":0,"image":{"@id":"https:\/\/dmcsrb.com\/en\/politika\/markovic-demokratama-vi-kontrolisete-sistem-bezbjednosti-i-jos-ga-zloupotrebljavate-u-politicke-svrhe\/#primaryimage"},"thumbnailUrl":"https:\/\/dmcsrb.com\/wp-content\/uploads\/2026\/01\/Dusko-Markovic-foto-gradski-me.webp","keywords":["Demokrate","Du\u0161ko Markovi\u0107","SEP"],"articleSection":["Politika"],"inLanguage":"en-GB","potentialAction":[{"@type":"CommentAction","name":"Comment","target":["https:\/\/dmcsrb.com\/en\/politika\/markovic-demokratama-vi-kontrolisete-sistem-bezbjednosti-i-jos-ga-zloupotrebljavate-u-politicke-svrhe\/#respond"]}]},{"@type":"WebPage","@id":"https:\/\/dmcsrb.com\/en\/politika\/markovic-demokratama-vi-kontrolisete-sistem-bezbjednosti-i-jos-ga-zloupotrebljavate-u-politicke-svrhe\/","url":"https:\/\/dmcsrb.com\/en\/politika\/markovic-demokratama-vi-kontrolisete-sistem-bezbjednosti-i-jos-ga-zloupotrebljavate-u-politicke-svrhe\/","name":"Markovi\u0107 Demokratama: Vi kontroli\u0161ete sistem bezbjednosti i jo\u0161 ga zloupotrebljavate u politi\u010dke svrhe - dmcsrb.com","isPartOf":{"@id":"https:\/\/dmcsrb.com\/#website"},"primaryImageOfPage":{"@id":"https:\/\/dmcsrb.com\/en\/politika\/markovic-demokratama-vi-kontrolisete-sistem-bezbjednosti-i-jos-ga-zloupotrebljavate-u-politicke-svrhe\/#primaryimage"},"image":{"@id":"https:\/\/dmcsrb.com\/en\/politika\/markovic-demokratama-vi-kontrolisete-sistem-bezbjednosti-i-jos-ga-zloupotrebljavate-u-politicke-svrhe\/#primaryimage"},"thumbnailUrl":"https:\/\/dmcsrb.com\/wp-content\/uploads\/2026\/01\/Dusko-Markovic-foto-gradski-me.webp","datePublished":"2025-11-03T07:40:00+00:00","author":{"@id":"https:\/\/dmcsrb.com\/#\/schema\/person\/5c39170f12db1b8b457732d0b5c854e2"},"breadcrumb":{"@id":"https:\/\/dmcsrb.com\/en\/politika\/markovic-demokratama-vi-kontrolisete-sistem-bezbjednosti-i-jos-ga-zloupotrebljavate-u-politicke-svrhe\/#breadcrumb"},"inLanguage":"en-GB","potentialAction":[{"@type":"ReadAction","target":["https:\/\/dmcsrb.com\/en\/politika\/markovic-demokratama-vi-kontrolisete-sistem-bezbjednosti-i-jos-ga-zloupotrebljavate-u-politicke-svrhe\/"]}]},{"@type":"ImageObject","inLanguage":"en-GB","@id":"https:\/\/dmcsrb.com\/en\/politika\/markovic-demokratama-vi-kontrolisete-sistem-bezbjednosti-i-jos-ga-zloupotrebljavate-u-politicke-svrhe\/#primaryimage","url":"https:\/\/dmcsrb.com\/wp-content\/uploads\/2026\/01\/Dusko-Markovic-foto-gradski-me.webp","contentUrl":"https:\/\/dmcsrb.com\/wp-content\/uploads\/2026\/01\/Dusko-Markovic-foto-gradski-me.webp","width":1486,"height":788},{"@type":"BreadcrumbList","@id":"https:\/\/dmcsrb.com\/en\/politika\/markovic-demokratama-vi-kontrolisete-sistem-bezbjednosti-i-jos-ga-zloupotrebljavate-u-politicke-svrhe\/#breadcrumb","itemListElement":[{"@type":"ListItem","position":1,"name":"Home","item":"https:\/\/dmcsrb.com\/"},{"@type":"ListItem","position":2,"name":"Markovi\u0107 Demokratama: Vi kontroli\u0161ete sistem bezbjednosti i jo\u0161 ga zloupotrebljavate u politi\u010dke svrhe"}]},{"@type":"WebSite","@id":"https:\/\/dmcsrb.com\/#website","url":"https:\/\/dmcsrb.com\/","name":"dmcsrb.com","description":"","potentialAction":[{"@type":"SearchAction","target":{"@type":"EntryPoint","urlTemplate":"https:\/\/dmcsrb.com\/?s={search_term_string}"},"query-input":{"@type":"PropertyValueSpecification","valueRequired":true,"valueName":"search_term_string"}}],"inLanguage":"en-GB"},{"@type":"Person","@id":"https:\/\/dmcsrb.com\/#\/schema\/person\/5c39170f12db1b8b457732d0b5c854e2","name":"dmcsrbija.com@gmail.com","image":{"@type":"ImageObject","inLanguage":"en-GB","@id":"https:\/\/secure.gravatar.com\/avatar\/68592660ad6347fad0fb587f8d5d8f1a7b44961362f56e4f2cd524feb87e9069?s=96&d=mm&r=g","url":"https:\/\/secure.gravatar.com\/avatar\/68592660ad6347fad0fb587f8d5d8f1a7b44961362f56e4f2cd524feb87e9069?s=96&d=mm&r=g","contentUrl":"https:\/\/secure.gravatar.com\/avatar\/68592660ad6347fad0fb587f8d5d8f1a7b44961362f56e4f2cd524feb87e9069?s=96&d=mm&r=g","caption":"dmcsrbija.com@gmail.com"},"sameAs":["https:\/\/dmcsrb.com"],"url":"https:\/\/dmcsrb.com\/en\/author\/dmcsrbija-comgmail-com\/"}]}},"_links":{"self":[{"href":"https:\/\/dmcsrb.com\/en\/wp-json\/wp\/v2\/posts\/961599","targetHints":{"allow":["GET"]}}],"collection":[{"href":"https:\/\/dmcsrb.com\/en\/wp-json\/wp\/v2\/posts"}],"about":[{"href":"https:\/\/dmcsrb.com\/en\/wp-json\/wp\/v2\/types\/post"}],"author":[{"embeddable":true,"href":"https:\/\/dmcsrb.com\/en\/wp-json\/wp\/v2\/users\/1"}],"replies":[{"embeddable":true,"href":"https:\/\/dmcsrb.com\/en\/wp-json\/wp\/v2\/comments?post=961599"}],"version-history":[{"count":0,"href":"https:\/\/dmcsrb.com\/en\/wp-json\/wp\/v2\/posts\/961599\/revisions"}],"wp:featuredmedia":[{"embeddable":true,"href":"https:\/\/dmcsrb.com\/en\/wp-json\/wp\/v2\/media\/953411"}],"wp:attachment":[{"href":"https:\/\/dmcsrb.com\/en\/wp-json\/wp\/v2\/media?parent=961599"}],"wp:term":[{"taxonomy":"category","embeddable":true,"href":"https:\/\/dmcsrb.com\/en\/wp-json\/wp\/v2\/categories?post=961599"},{"taxonomy":"post_tag","embeddable":true,"href":"https:\/\/dmcsrb.com\/en\/wp-json\/wp\/v2\/tags?post=961599"},{"taxonomy":"naslovna","embeddable":true,"href":"https:\/\/dmcsrb.com\/en\/wp-json\/wp\/v2\/naslovna?post=961599"}],"curies":[{"name":"wp","href":"https:\/\/api.w.org\/{rel}","templated":true}]}}