{"id":961591,"date":"2025-11-03T08:20:00","date_gmt":"2025-11-03T07:20:00","guid":{"rendered":"https:\/\/dmcsrb.com\/uncategorized\/kadic-nakon-sto-je-otkazana-sjednica-ministri-bjeze-od-odgovornosti-dok-zdravstvo-tone\/"},"modified":"2025-11-03T08:20:00","modified_gmt":"2025-11-03T07:20:00","slug":"kadic-nakon-sto-je-otkazana-sjednica-ministri-bjeze-od-odgovornosti-dok-zdravstvo-tone","status":"publish","type":"post","link":"https:\/\/dmcsrb.com\/en\/drustvo\/kadic-nakon-sto-je-otkazana-sjednica-ministri-bjeze-od-odgovornosti-dok-zdravstvo-tone\/","title":{"rendered":"Kadi\u0107 nakon \u0161to je otkazana sjednica: Ministri bje\u017ee od odgovornosti dok zdravstvo tone"},"content":{"rendered":"<p><\/p>\n\n\n\n<p>Kao ljekar i direktor Fonda za zdravstveno osiguranje Crne Gore, dr Kadi\u0107 je izrazio zaprepa\u0161\u0107enje, ali ne i iznena\u0111enje zbog otkazivanja sjednice skup\u0161tinskog Odbora, zakazane za danas, na kojoj su, pored njega i direktora Montefarma, na pitanja poslanika trebalo da odgovore i \u0160imun i Vukovi\u0107.<\/p>\n\n\n\n<p>&#8220;Umjesto da se suo\u010de sa pitanjima i odgovore javnosti i poslanicima, nadle\u017eni ministri izbjegavaju obaveze koje su su\u0161tinski vezane za njihovu du\u017enost&#8221;, naveo je dr Kadi\u0107.<\/p>\n\n\n\n<p>On je ocijenio \u017ealosnim \u0161to im u tome poma\u017ee i predsjednik Odbora, gospodin Petri\u0107, \u010dlan PES-a, koji po, kako navodi, partijskoj direktivi svoje ministre spa\u0161ava javne bruke.<\/p>\n\n\n\n<p>&#8220;Iako ih ni on ni bilo ko drugi ne mo\u017ee spasiti od neznanja i nesposobnosti koje su pokazali tokom svog mandata&#8221;, naveo je on.<\/p>\n\n\n\n<p>Podsje\u0107aju\u0107i da ve\u0107 vi\u0161e od godinu dana upozorava na ozbiljne propuste i sistemske nedostatke u zdravstvu, Kadi\u0107 je istakao da se gra\u0111ani, zdravstveni radnici i ustanove svakodnevno obra\u0107aju Fondu, ukazuju\u0107i na alarmantno stanje.<\/p>\n\n\n\n<p>Ipak, ni to, kako navodi, nije bio dovoljan razlog da se ministri pojave pred Odborom i javno odgovore na pitanja od interesa za sve gra\u0111ane.<\/p>\n\n\n\n<p>Posebno je, ka\u017ee, pora\u017eavaju\u0107e obrazlo\u017eenje ministra zdravlja, koji je odsustvo pravdao u\u010de\u0161\u0107em na me\u0111unarodnom doga\u0111aju u Ma\u0111arskoj o pitanjima vode, sanitacije i higijene, koji po\u010dinje tek 5. novembra.<\/p>\n\n\n\n<p>&#8220;O\u010digledno je da je ministar krenuo na put ve\u0107 u ponedjeljak kako bi se &#8216;adekvatno pripremio&#8217; za teme iz svog resora. Pitanja vode i sanitacije jesu va\u017ena, ali u trenutku kada se zdravstveni sistem zemlje nalazi u ozbiljnoj krizi, kada se pacijenti suo\u010davaju s nedostatkom osnovnih ljekova, a zdravstveni radnici rade u preoptere\u0107enom sistemu \u2013 ministar zdravlja odlu\u010duje da prioritet bude putovanje u inostranstvo, umjesto odgovora pred narodnim predstavnicima&#8221;, kazao je on.<\/p>\n\n\n\n<p>Direktor Fonda je poru\u010dio da obaveza svakog ministra, a posebno onog u sektoru zdravlja, mora biti dostupnost javnosti i institucijama, a ne izbjegavanje suo\u010davanja s realno\u0161\u0107u.<\/p>\n\n\n\n<p>&#8220;Umjesto \u0161to se u\u017eurbano trude da konstitui\u0161u novi sastav Upravnog odbora Fonda, kako bi se po svaku cijenu sprovela politi\u010dki motivisana i unaprijed pripremljena smjena direktora, bilo bi mnogo korisnije da se posvete rje\u0161avanju goru\u0107ih problema u zdravstvenom sistemu&#8221;, rekao je Kadi\u0107.<\/p>\n\n\n\n<p>U saop\u0161tenju se dodaje da se neodgovornost prema gra\u0111ankama i gra\u0111anima, koji svakodnevno pla\u0107aju cijenu nefunkcionalnog sistema, vi\u0161e ne mo\u017ee prikrivati putovanjima i protokolarnim doga\u0111ajima.<\/p>\n\n\n\n<p>&#8220;Od ministara se o\u010dekuje odgovornost, prisustvo i djelovanje, a ne odsustvo&#8221;, poru\u010dio je direktor Fonda, dodaju\u0107i da oba ministra nijesu pokazala ni hrabrost ni znanje da iza\u0111u pred javnost.<\/p>\n\n\n\n<p>&#8220;Zdravstveni sistem Crne Gore zahtijeva ozbiljan, posve\u0107en i transparentan pristup. Sve drugo je nepo\u0161tovanje prema gra\u0111anima i prema dr\u017eavi koju predstavljaju&#8221;, zaklju\u010dio je dr Kadi\u0107.<\/p>\n\n\n\n<p>On je, uz ironiju, dodao da gra\u0111ani s nestrpljenjem o\u010dekuju zaklju\u010dke sa sastanka u Budimpe\u0161ti i nove spoznaje o kori\u0161\u0107enju prekograni\u010dnih vodotoka i me\u0111unarodnih jezera, jer, kako je naveo, tek nakon tog sastanka mo\u017ee da po\u010dne prosperitet crnogorskog zdravstvenog sistema.<\/p>\n\n\n\n<p>&#8220;Ova naizgled smije\u0161na situacija je, na\u017ealost, tragi\u010dna jer pokazuje da je zdravstveni sistem dat u ruke \u010dovjeku koji nema trunku odgovornosti prema gra\u0111anima kojima je du\u017ean da obezbijedi ono osnovno \u2013 efikasno lije\u010denje i tretman&#8221;, poru\u010dio je Kadi\u0107, dodaju\u0107i da je mandat Vojislava \u0160imuna &#8220;na dobrom putu da se upi\u0161e u red najgorih u istoriji crnogorskog zdravstva&#8221;.<\/p>","protected":false},"excerpt":{"rendered":"<p>Nevjerovatno je, ali izgleda i o\u010dekivano, da u trenutku kada se zdravstveni sistem suo\u010dava s ozbiljnim problemima \u2013 najodgovorniji izostaju, poru\u010dio je dr Vuk Kadi\u0107, direktor Fonda za zdravstveno osiguranje Crne Gore, nakon \u0161to su ministri zdravlja i finansija dr Vojislav \u0160imun i Novica Vukovi\u0107 otkazali dolazak na sjednicu skup\u0161tinskog Odbora za zdravstvo, rad i socijalno staranje.<\/p>","protected":false},"author":1,"featured_media":961592,"comment_status":"open","ping_status":"open","sticky":false,"template":"","format":"standard","meta":{"_acf_changed":false,"footnotes":""},"categories":[2],"tags":[443,3750],"naslovna":[],"class_list":["post-961591","post","type-post","status-publish","format-standard","has-post-thumbnail","hentry","category-drustvo","tag-vuk-kadic","tag-zdravstvo"],"acf":[],"yoast_head":"<!-- This site is optimized with the Yoast SEO plugin v27.0 - https:\/\/yoast.com\/product\/yoast-seo-wordpress\/ -->\n<title>Kadi\u0107 nakon \u0161to je otkazana sjednica: Ministri bje\u017ee od odgovornosti dok zdravstvo tone - dmcsrb.com<\/title>\n<meta name=\"robots\" content=\"index, follow, max-snippet:-1, max-image-preview:large, max-video-preview:-1\" \/>\n<link rel=\"canonical\" href=\"https:\/\/dmcsrb.com\/en\/drustvo\/kadic-nakon-sto-je-otkazana-sjednica-ministri-bjeze-od-odgovornosti-dok-zdravstvo-tone\/\" \/>\n<meta property=\"og:locale\" content=\"en_GB\" \/>\n<meta property=\"og:type\" content=\"article\" \/>\n<meta property=\"og:title\" content=\"Kadi\u0107 nakon \u0161to je otkazana sjednica: Ministri bje\u017ee od odgovornosti dok zdravstvo tone - dmcsrb.com\" \/>\n<meta property=\"og:description\" content=\"Nevjerovatno je, ali izgleda i o\u010dekivano, da u trenutku kada se zdravstveni sistem suo\u010dava s ozbiljnim problemima \u2013 najodgovorniji izostaju, poru\u010dio je dr Vuk Kadi\u0107, direktor Fonda za zdravstveno osiguranje Crne Gore, nakon \u0161to su ministri zdravlja i finansija dr Vojislav \u0160imun i Novica Vukovi\u0107 otkazali dolazak na sjednicu skup\u0161tinskog Odbora za zdravstvo, rad i socijalno staranje.\" \/>\n<meta property=\"og:url\" content=\"https:\/\/dmcsrb.com\/en\/drustvo\/kadic-nakon-sto-je-otkazana-sjednica-ministri-bjeze-od-odgovornosti-dok-zdravstvo-tone\/\" \/>\n<meta property=\"og:site_name\" content=\"dmcsrb.com\" \/>\n<meta property=\"article:published_time\" content=\"2025-11-03T07:20:00+00:00\" \/>\n<meta property=\"og:image\" content=\"https:\/\/dmcsrb.com\/wp-content\/uploads\/2026\/01\/Vuk-Kadic-1.webp\" \/>\n\t<meta property=\"og:image:width\" content=\"867\" \/>\n\t<meta property=\"og:image:height\" content=\"507\" \/>\n\t<meta property=\"og:image:type\" content=\"image\/jpeg\" \/>\n<meta name=\"author\" content=\"dmcsrbija.com@gmail.com\" \/>\n<meta name=\"twitter:card\" content=\"summary_large_image\" \/>\n<meta name=\"twitter:label1\" content=\"Written by\" \/>\n\t<meta name=\"twitter:data1\" content=\"dmcsrbija.com@gmail.com\" \/>\n\t<meta name=\"twitter:label2\" content=\"Estimated reading time\" \/>\n\t<meta name=\"twitter:data2\" content=\"3 minutes\" \/>\n<script type=\"application\/ld+json\" class=\"yoast-schema-graph\">{\"@context\":\"https:\/\/schema.org\",\"@graph\":[{\"@type\":\"Article\",\"@id\":\"https:\/\/dmcsrb.com\/drustvo\/kadic-nakon-sto-je-otkazana-sjednica-ministri-bjeze-od-odgovornosti-dok-zdravstvo-tone\/#article\",\"isPartOf\":{\"@id\":\"https:\/\/dmcsrb.com\/drustvo\/kadic-nakon-sto-je-otkazana-sjednica-ministri-bjeze-od-odgovornosti-dok-zdravstvo-tone\/\"},\"author\":{\"name\":\"dmcsrbija.com@gmail.com\",\"@id\":\"https:\/\/dmcsrb.com\/#\/schema\/person\/5c39170f12db1b8b457732d0b5c854e2\"},\"headline\":\"Kadi\u0107 nakon \u0161to je otkazana sjednica: Ministri bje\u017ee od odgovornosti dok zdravstvo tone\",\"datePublished\":\"2025-11-03T07:20:00+00:00\",\"mainEntityOfPage\":{\"@id\":\"https:\/\/dmcsrb.com\/drustvo\/kadic-nakon-sto-je-otkazana-sjednica-ministri-bjeze-od-odgovornosti-dok-zdravstvo-tone\/\"},\"wordCount\":609,\"commentCount\":0,\"image\":{\"@id\":\"https:\/\/dmcsrb.com\/drustvo\/kadic-nakon-sto-je-otkazana-sjednica-ministri-bjeze-od-odgovornosti-dok-zdravstvo-tone\/#primaryimage\"},\"thumbnailUrl\":\"https:\/\/dmcsrb.com\/wp-content\/uploads\/2026\/01\/Vuk-Kadic-1.webp\",\"keywords\":[\"Vuk Kadi\u0107\",\"zdravstvo\"],\"articleSection\":[\"Dru\u0161tvo\"],\"inLanguage\":\"en-GB\",\"potentialAction\":[{\"@type\":\"CommentAction\",\"name\":\"Comment\",\"target\":[\"https:\/\/dmcsrb.com\/drustvo\/kadic-nakon-sto-je-otkazana-sjednica-ministri-bjeze-od-odgovornosti-dok-zdravstvo-tone\/#respond\"]}]},{\"@type\":\"WebPage\",\"@id\":\"https:\/\/dmcsrb.com\/drustvo\/kadic-nakon-sto-je-otkazana-sjednica-ministri-bjeze-od-odgovornosti-dok-zdravstvo-tone\/\",\"url\":\"https:\/\/dmcsrb.com\/drustvo\/kadic-nakon-sto-je-otkazana-sjednica-ministri-bjeze-od-odgovornosti-dok-zdravstvo-tone\/\",\"name\":\"Kadi\u0107 nakon \u0161to je otkazana sjednica: Ministri bje\u017ee od odgovornosti dok zdravstvo tone - dmcsrb.com\",\"isPartOf\":{\"@id\":\"https:\/\/dmcsrb.com\/#website\"},\"primaryImageOfPage\":{\"@id\":\"https:\/\/dmcsrb.com\/drustvo\/kadic-nakon-sto-je-otkazana-sjednica-ministri-bjeze-od-odgovornosti-dok-zdravstvo-tone\/#primaryimage\"},\"image\":{\"@id\":\"https:\/\/dmcsrb.com\/drustvo\/kadic-nakon-sto-je-otkazana-sjednica-ministri-bjeze-od-odgovornosti-dok-zdravstvo-tone\/#primaryimage\"},\"thumbnailUrl\":\"https:\/\/dmcsrb.com\/wp-content\/uploads\/2026\/01\/Vuk-Kadic-1.webp\",\"datePublished\":\"2025-11-03T07:20:00+00:00\",\"author\":{\"@id\":\"https:\/\/dmcsrb.com\/#\/schema\/person\/5c39170f12db1b8b457732d0b5c854e2\"},\"breadcrumb\":{\"@id\":\"https:\/\/dmcsrb.com\/drustvo\/kadic-nakon-sto-je-otkazana-sjednica-ministri-bjeze-od-odgovornosti-dok-zdravstvo-tone\/#breadcrumb\"},\"inLanguage\":\"en-GB\",\"potentialAction\":[{\"@type\":\"ReadAction\",\"target\":[\"https:\/\/dmcsrb.com\/drustvo\/kadic-nakon-sto-je-otkazana-sjednica-ministri-bjeze-od-odgovornosti-dok-zdravstvo-tone\/\"]}]},{\"@type\":\"ImageObject\",\"inLanguage\":\"en-GB\",\"@id\":\"https:\/\/dmcsrb.com\/drustvo\/kadic-nakon-sto-je-otkazana-sjednica-ministri-bjeze-od-odgovornosti-dok-zdravstvo-tone\/#primaryimage\",\"url\":\"https:\/\/dmcsrb.com\/wp-content\/uploads\/2026\/01\/Vuk-Kadic-1.webp\",\"contentUrl\":\"https:\/\/dmcsrb.com\/wp-content\/uploads\/2026\/01\/Vuk-Kadic-1.webp\",\"width\":867,\"height\":507},{\"@type\":\"BreadcrumbList\",\"@id\":\"https:\/\/dmcsrb.com\/drustvo\/kadic-nakon-sto-je-otkazana-sjednica-ministri-bjeze-od-odgovornosti-dok-zdravstvo-tone\/#breadcrumb\",\"itemListElement\":[{\"@type\":\"ListItem\",\"position\":1,\"name\":\"Home\",\"item\":\"https:\/\/dmcsrb.com\/\"},{\"@type\":\"ListItem\",\"position\":2,\"name\":\"Kadi\u0107 nakon \u0161to je otkazana sjednica: Ministri bje\u017ee od odgovornosti dok zdravstvo tone\"}]},{\"@type\":\"WebSite\",\"@id\":\"https:\/\/dmcsrb.com\/#website\",\"url\":\"https:\/\/dmcsrb.com\/\",\"name\":\"dmcsrb.com\",\"description\":\"\",\"potentialAction\":[{\"@type\":\"SearchAction\",\"target\":{\"@type\":\"EntryPoint\",\"urlTemplate\":\"https:\/\/dmcsrb.com\/?s={search_term_string}\"},\"query-input\":{\"@type\":\"PropertyValueSpecification\",\"valueRequired\":true,\"valueName\":\"search_term_string\"}}],\"inLanguage\":\"en-GB\"},{\"@type\":\"Person\",\"@id\":\"https:\/\/dmcsrb.com\/#\/schema\/person\/5c39170f12db1b8b457732d0b5c854e2\",\"name\":\"dmcsrbija.com@gmail.com\",\"image\":{\"@type\":\"ImageObject\",\"inLanguage\":\"en-GB\",\"@id\":\"https:\/\/dmcsrb.com\/#\/schema\/person\/image\/\",\"url\":\"https:\/\/secure.gravatar.com\/avatar\/68592660ad6347fad0fb587f8d5d8f1a7b44961362f56e4f2cd524feb87e9069?s=96&d=mm&r=g\",\"contentUrl\":\"https:\/\/secure.gravatar.com\/avatar\/68592660ad6347fad0fb587f8d5d8f1a7b44961362f56e4f2cd524feb87e9069?s=96&d=mm&r=g\",\"caption\":\"dmcsrbija.com@gmail.com\"},\"sameAs\":[\"https:\/\/dmcsrb.com\"],\"url\":\"https:\/\/dmcsrb.com\/en\/author\/dmcsrbija-comgmail-com\/\"}]}<\/script>\n<!-- \/ Yoast SEO plugin. -->","yoast_head_json":{"title":"Kadi\u0107 nakon \u0161to je otkazana sjednica: Ministri bje\u017ee od odgovornosti dok zdravstvo tone - dmcsrb.com","robots":{"index":"index","follow":"follow","max-snippet":"max-snippet:-1","max-image-preview":"max-image-preview:large","max-video-preview":"max-video-preview:-1"},"canonical":"https:\/\/dmcsrb.com\/en\/drustvo\/kadic-nakon-sto-je-otkazana-sjednica-ministri-bjeze-od-odgovornosti-dok-zdravstvo-tone\/","og_locale":"en_GB","og_type":"article","og_title":"Kadi\u0107 nakon \u0161to je otkazana sjednica: Ministri bje\u017ee od odgovornosti dok zdravstvo tone - dmcsrb.com","og_description":"Nevjerovatno je, ali izgleda i o\u010dekivano, da u trenutku kada se zdravstveni sistem suo\u010dava s ozbiljnim problemima \u2013 najodgovorniji izostaju, poru\u010dio je dr Vuk Kadi\u0107, direktor Fonda za zdravstveno osiguranje Crne Gore, nakon \u0161to su ministri zdravlja i finansija dr Vojislav \u0160imun i Novica Vukovi\u0107 otkazali dolazak na sjednicu skup\u0161tinskog Odbora za zdravstvo, rad i socijalno staranje.","og_url":"https:\/\/dmcsrb.com\/en\/drustvo\/kadic-nakon-sto-je-otkazana-sjednica-ministri-bjeze-od-odgovornosti-dok-zdravstvo-tone\/","og_site_name":"dmcsrb.com","article_published_time":"2025-11-03T07:20:00+00:00","og_image":[{"width":867,"height":507,"url":"https:\/\/dmcsrb.com\/wp-content\/uploads\/2026\/01\/Vuk-Kadic-1.webp","type":"image\/jpeg"}],"author":"dmcsrbija.com@gmail.com","twitter_card":"summary_large_image","twitter_misc":{"Written by":"dmcsrbija.com@gmail.com","Estimated reading time":"3 minutes"},"schema":{"@context":"https:\/\/schema.org","@graph":[{"@type":"Article","@id":"https:\/\/dmcsrb.com\/drustvo\/kadic-nakon-sto-je-otkazana-sjednica-ministri-bjeze-od-odgovornosti-dok-zdravstvo-tone\/#article","isPartOf":{"@id":"https:\/\/dmcsrb.com\/drustvo\/kadic-nakon-sto-je-otkazana-sjednica-ministri-bjeze-od-odgovornosti-dok-zdravstvo-tone\/"},"author":{"name":"dmcsrbija.com@gmail.com","@id":"https:\/\/dmcsrb.com\/#\/schema\/person\/5c39170f12db1b8b457732d0b5c854e2"},"headline":"Kadi\u0107 nakon \u0161to je otkazana sjednica: Ministri bje\u017ee od odgovornosti dok zdravstvo tone","datePublished":"2025-11-03T07:20:00+00:00","mainEntityOfPage":{"@id":"https:\/\/dmcsrb.com\/drustvo\/kadic-nakon-sto-je-otkazana-sjednica-ministri-bjeze-od-odgovornosti-dok-zdravstvo-tone\/"},"wordCount":609,"commentCount":0,"image":{"@id":"https:\/\/dmcsrb.com\/drustvo\/kadic-nakon-sto-je-otkazana-sjednica-ministri-bjeze-od-odgovornosti-dok-zdravstvo-tone\/#primaryimage"},"thumbnailUrl":"https:\/\/dmcsrb.com\/wp-content\/uploads\/2026\/01\/Vuk-Kadic-1.webp","keywords":["Vuk Kadi\u0107","zdravstvo"],"articleSection":["Dru\u0161tvo"],"inLanguage":"en-GB","potentialAction":[{"@type":"CommentAction","name":"Comment","target":["https:\/\/dmcsrb.com\/drustvo\/kadic-nakon-sto-je-otkazana-sjednica-ministri-bjeze-od-odgovornosti-dok-zdravstvo-tone\/#respond"]}]},{"@type":"WebPage","@id":"https:\/\/dmcsrb.com\/drustvo\/kadic-nakon-sto-je-otkazana-sjednica-ministri-bjeze-od-odgovornosti-dok-zdravstvo-tone\/","url":"https:\/\/dmcsrb.com\/drustvo\/kadic-nakon-sto-je-otkazana-sjednica-ministri-bjeze-od-odgovornosti-dok-zdravstvo-tone\/","name":"Kadi\u0107 nakon \u0161to je otkazana sjednica: Ministri bje\u017ee od odgovornosti dok zdravstvo tone - dmcsrb.com","isPartOf":{"@id":"https:\/\/dmcsrb.com\/#website"},"primaryImageOfPage":{"@id":"https:\/\/dmcsrb.com\/drustvo\/kadic-nakon-sto-je-otkazana-sjednica-ministri-bjeze-od-odgovornosti-dok-zdravstvo-tone\/#primaryimage"},"image":{"@id":"https:\/\/dmcsrb.com\/drustvo\/kadic-nakon-sto-je-otkazana-sjednica-ministri-bjeze-od-odgovornosti-dok-zdravstvo-tone\/#primaryimage"},"thumbnailUrl":"https:\/\/dmcsrb.com\/wp-content\/uploads\/2026\/01\/Vuk-Kadic-1.webp","datePublished":"2025-11-03T07:20:00+00:00","author":{"@id":"https:\/\/dmcsrb.com\/#\/schema\/person\/5c39170f12db1b8b457732d0b5c854e2"},"breadcrumb":{"@id":"https:\/\/dmcsrb.com\/drustvo\/kadic-nakon-sto-je-otkazana-sjednica-ministri-bjeze-od-odgovornosti-dok-zdravstvo-tone\/#breadcrumb"},"inLanguage":"en-GB","potentialAction":[{"@type":"ReadAction","target":["https:\/\/dmcsrb.com\/drustvo\/kadic-nakon-sto-je-otkazana-sjednica-ministri-bjeze-od-odgovornosti-dok-zdravstvo-tone\/"]}]},{"@type":"ImageObject","inLanguage":"en-GB","@id":"https:\/\/dmcsrb.com\/drustvo\/kadic-nakon-sto-je-otkazana-sjednica-ministri-bjeze-od-odgovornosti-dok-zdravstvo-tone\/#primaryimage","url":"https:\/\/dmcsrb.com\/wp-content\/uploads\/2026\/01\/Vuk-Kadic-1.webp","contentUrl":"https:\/\/dmcsrb.com\/wp-content\/uploads\/2026\/01\/Vuk-Kadic-1.webp","width":867,"height":507},{"@type":"BreadcrumbList","@id":"https:\/\/dmcsrb.com\/drustvo\/kadic-nakon-sto-je-otkazana-sjednica-ministri-bjeze-od-odgovornosti-dok-zdravstvo-tone\/#breadcrumb","itemListElement":[{"@type":"ListItem","position":1,"name":"Home","item":"https:\/\/dmcsrb.com\/"},{"@type":"ListItem","position":2,"name":"Kadi\u0107 nakon \u0161to je otkazana sjednica: Ministri bje\u017ee od odgovornosti dok zdravstvo tone"}]},{"@type":"WebSite","@id":"https:\/\/dmcsrb.com\/#website","url":"https:\/\/dmcsrb.com\/","name":"dmcsrb.com","description":"","potentialAction":[{"@type":"SearchAction","target":{"@type":"EntryPoint","urlTemplate":"https:\/\/dmcsrb.com\/?s={search_term_string}"},"query-input":{"@type":"PropertyValueSpecification","valueRequired":true,"valueName":"search_term_string"}}],"inLanguage":"en-GB"},{"@type":"Person","@id":"https:\/\/dmcsrb.com\/#\/schema\/person\/5c39170f12db1b8b457732d0b5c854e2","name":"dmcsrbija.com@gmail.com","image":{"@type":"ImageObject","inLanguage":"en-GB","@id":"https:\/\/dmcsrb.com\/#\/schema\/person\/image\/","url":"https:\/\/secure.gravatar.com\/avatar\/68592660ad6347fad0fb587f8d5d8f1a7b44961362f56e4f2cd524feb87e9069?s=96&d=mm&r=g","contentUrl":"https:\/\/secure.gravatar.com\/avatar\/68592660ad6347fad0fb587f8d5d8f1a7b44961362f56e4f2cd524feb87e9069?s=96&d=mm&r=g","caption":"dmcsrbija.com@gmail.com"},"sameAs":["https:\/\/dmcsrb.com"],"url":"https:\/\/dmcsrb.com\/en\/author\/dmcsrbija-comgmail-com\/"}]}},"_links":{"self":[{"href":"https:\/\/dmcsrb.com\/en\/wp-json\/wp\/v2\/posts\/961591","targetHints":{"allow":["GET"]}}],"collection":[{"href":"https:\/\/dmcsrb.com\/en\/wp-json\/wp\/v2\/posts"}],"about":[{"href":"https:\/\/dmcsrb.com\/en\/wp-json\/wp\/v2\/types\/post"}],"author":[{"embeddable":true,"href":"https:\/\/dmcsrb.com\/en\/wp-json\/wp\/v2\/users\/1"}],"replies":[{"embeddable":true,"href":"https:\/\/dmcsrb.com\/en\/wp-json\/wp\/v2\/comments?post=961591"}],"version-history":[{"count":0,"href":"https:\/\/dmcsrb.com\/en\/wp-json\/wp\/v2\/posts\/961591\/revisions"}],"wp:featuredmedia":[{"embeddable":true,"href":"https:\/\/dmcsrb.com\/en\/wp-json\/wp\/v2\/media\/961592"}],"wp:attachment":[{"href":"https:\/\/dmcsrb.com\/en\/wp-json\/wp\/v2\/media?parent=961591"}],"wp:term":[{"taxonomy":"category","embeddable":true,"href":"https:\/\/dmcsrb.com\/en\/wp-json\/wp\/v2\/categories?post=961591"},{"taxonomy":"post_tag","embeddable":true,"href":"https:\/\/dmcsrb.com\/en\/wp-json\/wp\/v2\/tags?post=961591"},{"taxonomy":"naslovna","embeddable":true,"href":"https:\/\/dmcsrb.com\/en\/wp-json\/wp\/v2\/naslovna?post=961591"}],"curies":[{"name":"wp","href":"https:\/\/api.w.org\/{rel}","templated":true}]}}