{"id":961583,"date":"2025-11-03T10:44:00","date_gmt":"2025-11-03T09:44:00","guid":{"rendered":"https:\/\/dmcsrb.com\/uncategorized\/sekretar-cdpr-a-domagoj-zarkovic-posjetio-zdravstvenu-stanicu-u-savniku\/"},"modified":"2025-11-03T10:44:00","modified_gmt":"2025-11-03T09:44:00","slug":"sekretar-cdpr-a-domagoj-zarkovic-posjetio-zdravstvenu-stanicu-u-savniku","status":"publish","type":"post","link":"https:\/\/dmcsrb.com\/en\/drustvo\/sekretar-cdpr-a-domagoj-zarkovic-posjetio-zdravstvenu-stanicu-u-savniku\/","title":{"rendered":"Sekretar CDPR-a Domagoj \u017darkovi\u0107 posjetio  zdravstvenu stanicu u \u0160avniku"},"content":{"rendered":"<p>\u00a0<\/p>\n\n\n\n<p>Poklonjeni radovi tako sada krase prostorije zdravstvene stanice u \u0160avniku i \u010dine prostor svakako ljep\u0161im i ugodnijim za pacijente i osoblje.<br>&nbsp;<\/p>\n\n\n\n<p>CDPR na ovaj i sli\u010dne na\u010dine uvijek koristi prigodne prilike da u okviru svojih skromnih mogu\u0107nosti pomogne razne ustanove koje se bave zdravstvenim, vaspitnoobrazovnim\u00a0i socijalnim radom. Nadamo se da \u0107emo nastaviti i uspjeti da i u dvadeset petoj godini rada kao i do sada tokom proteklih godina rada Dru\u0161tva uspje\u0161no provoditi aktivnosti u borbi protiv raka i konzumiranja duvanskih proizvoda kao glavnog uzro\u010dnika mnogih vrsta raka, prvenstveno raka plu\u0107a.\u00a0<br>\u00a0 <\/p>\n\n\n\n<p>CDPR \u0107e se tako\u0111e truditi da na ovaj\u00a0i sli\u010dne na\u010dine koliko to budu dozvoljavala ograni\u010dena sredstva i mogu\u0107nosti pomogne svima kojima pomo\u0107 ne\u0161to zna\u010di, ne gledaju\u0107i njen obim i vrijednost, jer se u radu rukovodi na\u010delom da je svaka pru\u017eena pomo\u0107 dobrodo\u0161la.\u00a0<br><\/p>\n\n\n\n<figure class=\"wp-block-image size-full\"><img decoding=\"async\" src=\"https:\/\/gradski.me\/wp-content\/uploads\/2025\/11\/20251028_083343.png\" alt=\"\" class=\"wp-image-863315\"\/><figcaption class=\"wp-element-caption\">foto: CDPR<\/figcaption><\/figure>\n\n\n\n<figure class=\"wp-block-image size-full\"><img decoding=\"async\" src=\"https:\/\/gradski.me\/wp-content\/uploads\/2025\/11\/20251028_070702.png\" alt=\"\" class=\"wp-image-863316\"\/><figcaption class=\"wp-element-caption\">foto: CDPR<\/figcaption><\/figure>","protected":false},"excerpt":{"rendered":"<p>Povodom dvadeset \u010detiri godine rada CDPR-a, tom prilikom Sanji Bu\u0161aj, ljekarki zdravstvene stanice, predati su radovi studentica Fakulteta likovnih umjetnosti (FLU) sa Cetinja &#8211; Odsjek\u00a0za grafiku: Kristine Nilovi\u0107, Roberte Einoruhi, Milice \u0106uktera\u0161, Kristine Te\u0161ovi\u0107, Kristine Petrovi\u0107 i Milice \u0110urovi\u0107, kao i studenta Borka Popovi\u0107a.<\/p>","protected":false},"author":1,"featured_media":961584,"comment_status":"open","ping_status":"open","sticky":false,"template":"","format":"standard","meta":{"_acf_changed":false,"footnotes":""},"categories":[2],"tags":[2812,13396,5509],"naslovna":[],"class_list":["post-961583","post","type-post","status-publish","format-standard","has-post-thumbnail","hentry","category-drustvo","tag-cdpr","tag-domagoj-zarkovic","tag-savnik"],"acf":[],"yoast_head":"<!-- This site is optimized with the Yoast SEO plugin v27.4 - https:\/\/yoast.com\/product\/yoast-seo-wordpress\/ -->\n<title>Sekretar CDPR-a Domagoj \u017darkovi\u0107 posjetio zdravstvenu stanicu u \u0160avniku - dmcsrb.com<\/title>\n<meta name=\"robots\" content=\"index, follow, max-snippet:-1, max-image-preview:large, max-video-preview:-1\" \/>\n<link rel=\"canonical\" href=\"https:\/\/dmcsrb.com\/en\/drustvo\/sekretar-cdpr-a-domagoj-zarkovic-posjetio-zdravstvenu-stanicu-u-savniku\/\" \/>\n<meta property=\"og:locale\" content=\"en_GB\" \/>\n<meta property=\"og:type\" content=\"article\" \/>\n<meta property=\"og:title\" content=\"Sekretar CDPR-a Domagoj \u017darkovi\u0107 posjetio zdravstvenu stanicu u \u0160avniku - dmcsrb.com\" \/>\n<meta property=\"og:description\" content=\"Povodom dvadeset \u010detiri godine rada CDPR-a, tom prilikom Sanji Bu\u0161aj, ljekarki zdravstvene stanice, predati su radovi studentica Fakulteta likovnih umjetnosti (FLU) sa Cetinja - Odsjek\u00a0za grafiku: Kristine Nilovi\u0107, Roberte Einoruhi, Milice \u0106uktera\u0161, Kristine Te\u0161ovi\u0107, Kristine Petrovi\u0107 i Milice \u0110urovi\u0107, kao i studenta Borka Popovi\u0107a.\" \/>\n<meta property=\"og:url\" content=\"https:\/\/dmcsrb.com\/en\/drustvo\/sekretar-cdpr-a-domagoj-zarkovic-posjetio-zdravstvenu-stanicu-u-savniku\/\" \/>\n<meta property=\"og:site_name\" content=\"dmcsrb.com\" \/>\n<meta property=\"article:published_time\" content=\"2025-11-03T09:44:00+00:00\" \/>\n<meta property=\"og:image\" content=\"https:\/\/dmcsrb.com\/wp-content\/uploads\/2026\/01\/20251028_070536.webp\" \/>\n\t<meta property=\"og:image:width\" content=\"640\" \/>\n\t<meta property=\"og:image:height\" content=\"480\" \/>\n\t<meta property=\"og:image:type\" content=\"image\/png\" \/>\n<meta name=\"author\" content=\"dmcsrbija.com@gmail.com\" \/>\n<meta name=\"twitter:card\" content=\"summary_large_image\" \/>\n<meta name=\"twitter:label1\" content=\"Written by\" \/>\n\t<meta name=\"twitter:data1\" content=\"dmcsrbija.com@gmail.com\" \/>\n\t<meta name=\"twitter:label2\" content=\"Estimated reading time\" \/>\n\t<meta name=\"twitter:data2\" content=\"1 minute\" \/>\n<script type=\"application\/ld+json\" class=\"yoast-schema-graph\">{\"@context\":\"https:\\\/\\\/schema.org\",\"@graph\":[{\"@type\":\"Article\",\"@id\":\"https:\\\/\\\/dmcsrb.com\\\/drustvo\\\/sekretar-cdpr-a-domagoj-zarkovic-posjetio-zdravstvenu-stanicu-u-savniku\\\/#article\",\"isPartOf\":{\"@id\":\"https:\\\/\\\/dmcsrb.com\\\/drustvo\\\/sekretar-cdpr-a-domagoj-zarkovic-posjetio-zdravstvenu-stanicu-u-savniku\\\/\"},\"author\":{\"name\":\"dmcsrbija.com@gmail.com\",\"@id\":\"https:\\\/\\\/dmcsrb.com\\\/#\\\/schema\\\/person\\\/5c39170f12db1b8b457732d0b5c854e2\"},\"headline\":\"Sekretar CDPR-a Domagoj \u017darkovi\u0107 posjetio zdravstvenu stanicu u \u0160avniku\",\"datePublished\":\"2025-11-03T09:44:00+00:00\",\"mainEntityOfPage\":{\"@id\":\"https:\\\/\\\/dmcsrb.com\\\/drustvo\\\/sekretar-cdpr-a-domagoj-zarkovic-posjetio-zdravstvenu-stanicu-u-savniku\\\/\"},\"wordCount\":167,\"commentCount\":0,\"image\":{\"@id\":\"https:\\\/\\\/dmcsrb.com\\\/drustvo\\\/sekretar-cdpr-a-domagoj-zarkovic-posjetio-zdravstvenu-stanicu-u-savniku\\\/#primaryimage\"},\"thumbnailUrl\":\"https:\\\/\\\/dmcsrb.com\\\/wp-content\\\/uploads\\\/2026\\\/01\\\/20251028_070536.webp\",\"keywords\":[\"CDPR\",\"Domagoj \u017darkovi\u0107\",\"\u0160avnik\"],\"articleSection\":[\"Dru\u0161tvo\"],\"inLanguage\":\"en-GB\",\"potentialAction\":[{\"@type\":\"CommentAction\",\"name\":\"Comment\",\"target\":[\"https:\\\/\\\/dmcsrb.com\\\/drustvo\\\/sekretar-cdpr-a-domagoj-zarkovic-posjetio-zdravstvenu-stanicu-u-savniku\\\/#respond\"]}]},{\"@type\":\"WebPage\",\"@id\":\"https:\\\/\\\/dmcsrb.com\\\/drustvo\\\/sekretar-cdpr-a-domagoj-zarkovic-posjetio-zdravstvenu-stanicu-u-savniku\\\/\",\"url\":\"https:\\\/\\\/dmcsrb.com\\\/drustvo\\\/sekretar-cdpr-a-domagoj-zarkovic-posjetio-zdravstvenu-stanicu-u-savniku\\\/\",\"name\":\"Sekretar CDPR-a Domagoj \u017darkovi\u0107 posjetio zdravstvenu stanicu u \u0160avniku - dmcsrb.com\",\"isPartOf\":{\"@id\":\"https:\\\/\\\/dmcsrb.com\\\/#website\"},\"primaryImageOfPage\":{\"@id\":\"https:\\\/\\\/dmcsrb.com\\\/drustvo\\\/sekretar-cdpr-a-domagoj-zarkovic-posjetio-zdravstvenu-stanicu-u-savniku\\\/#primaryimage\"},\"image\":{\"@id\":\"https:\\\/\\\/dmcsrb.com\\\/drustvo\\\/sekretar-cdpr-a-domagoj-zarkovic-posjetio-zdravstvenu-stanicu-u-savniku\\\/#primaryimage\"},\"thumbnailUrl\":\"https:\\\/\\\/dmcsrb.com\\\/wp-content\\\/uploads\\\/2026\\\/01\\\/20251028_070536.webp\",\"datePublished\":\"2025-11-03T09:44:00+00:00\",\"author\":{\"@id\":\"https:\\\/\\\/dmcsrb.com\\\/#\\\/schema\\\/person\\\/5c39170f12db1b8b457732d0b5c854e2\"},\"breadcrumb\":{\"@id\":\"https:\\\/\\\/dmcsrb.com\\\/drustvo\\\/sekretar-cdpr-a-domagoj-zarkovic-posjetio-zdravstvenu-stanicu-u-savniku\\\/#breadcrumb\"},\"inLanguage\":\"en-GB\",\"potentialAction\":[{\"@type\":\"ReadAction\",\"target\":[\"https:\\\/\\\/dmcsrb.com\\\/drustvo\\\/sekretar-cdpr-a-domagoj-zarkovic-posjetio-zdravstvenu-stanicu-u-savniku\\\/\"]}]},{\"@type\":\"ImageObject\",\"inLanguage\":\"en-GB\",\"@id\":\"https:\\\/\\\/dmcsrb.com\\\/drustvo\\\/sekretar-cdpr-a-domagoj-zarkovic-posjetio-zdravstvenu-stanicu-u-savniku\\\/#primaryimage\",\"url\":\"https:\\\/\\\/dmcsrb.com\\\/wp-content\\\/uploads\\\/2026\\\/01\\\/20251028_070536.webp\",\"contentUrl\":\"https:\\\/\\\/dmcsrb.com\\\/wp-content\\\/uploads\\\/2026\\\/01\\\/20251028_070536.webp\",\"width\":640,\"height\":480},{\"@type\":\"BreadcrumbList\",\"@id\":\"https:\\\/\\\/dmcsrb.com\\\/drustvo\\\/sekretar-cdpr-a-domagoj-zarkovic-posjetio-zdravstvenu-stanicu-u-savniku\\\/#breadcrumb\",\"itemListElement\":[{\"@type\":\"ListItem\",\"position\":1,\"name\":\"Home\",\"item\":\"https:\\\/\\\/dmcsrb.com\\\/\"},{\"@type\":\"ListItem\",\"position\":2,\"name\":\"Sekretar CDPR-a Domagoj \u017darkovi\u0107 posjetio zdravstvenu stanicu u \u0160avniku\"}]},{\"@type\":\"WebSite\",\"@id\":\"https:\\\/\\\/dmcsrb.com\\\/#website\",\"url\":\"https:\\\/\\\/dmcsrb.com\\\/\",\"name\":\"dmcsrb.com\",\"description\":\"\",\"potentialAction\":[{\"@type\":\"SearchAction\",\"target\":{\"@type\":\"EntryPoint\",\"urlTemplate\":\"https:\\\/\\\/dmcsrb.com\\\/?s={search_term_string}\"},\"query-input\":{\"@type\":\"PropertyValueSpecification\",\"valueRequired\":true,\"valueName\":\"search_term_string\"}}],\"inLanguage\":\"en-GB\"},{\"@type\":\"Person\",\"@id\":\"https:\\\/\\\/dmcsrb.com\\\/#\\\/schema\\\/person\\\/5c39170f12db1b8b457732d0b5c854e2\",\"name\":\"dmcsrbija.com@gmail.com\",\"image\":{\"@type\":\"ImageObject\",\"inLanguage\":\"en-GB\",\"@id\":\"https:\\\/\\\/secure.gravatar.com\\\/avatar\\\/68592660ad6347fad0fb587f8d5d8f1a7b44961362f56e4f2cd524feb87e9069?s=96&d=mm&r=g\",\"url\":\"https:\\\/\\\/secure.gravatar.com\\\/avatar\\\/68592660ad6347fad0fb587f8d5d8f1a7b44961362f56e4f2cd524feb87e9069?s=96&d=mm&r=g\",\"contentUrl\":\"https:\\\/\\\/secure.gravatar.com\\\/avatar\\\/68592660ad6347fad0fb587f8d5d8f1a7b44961362f56e4f2cd524feb87e9069?s=96&d=mm&r=g\",\"caption\":\"dmcsrbija.com@gmail.com\"},\"sameAs\":[\"https:\\\/\\\/dmcsrb.com\"],\"url\":\"https:\\\/\\\/dmcsrb.com\\\/en\\\/author\\\/dmcsrbija-comgmail-com\\\/\"}]}<\/script>\n<!-- \/ Yoast SEO plugin. -->","yoast_head_json":{"title":"Sekretar CDPR-a Domagoj \u017darkovi\u0107 posjetio zdravstvenu stanicu u \u0160avniku - dmcsrb.com","robots":{"index":"index","follow":"follow","max-snippet":"max-snippet:-1","max-image-preview":"max-image-preview:large","max-video-preview":"max-video-preview:-1"},"canonical":"https:\/\/dmcsrb.com\/en\/drustvo\/sekretar-cdpr-a-domagoj-zarkovic-posjetio-zdravstvenu-stanicu-u-savniku\/","og_locale":"en_GB","og_type":"article","og_title":"Sekretar CDPR-a Domagoj \u017darkovi\u0107 posjetio zdravstvenu stanicu u \u0160avniku - dmcsrb.com","og_description":"Povodom dvadeset \u010detiri godine rada CDPR-a, tom prilikom Sanji Bu\u0161aj, ljekarki zdravstvene stanice, predati su radovi studentica Fakulteta likovnih umjetnosti (FLU) sa Cetinja - Odsjek\u00a0za grafiku: Kristine Nilovi\u0107, Roberte Einoruhi, Milice \u0106uktera\u0161, Kristine Te\u0161ovi\u0107, Kristine Petrovi\u0107 i Milice \u0110urovi\u0107, kao i studenta Borka Popovi\u0107a.","og_url":"https:\/\/dmcsrb.com\/en\/drustvo\/sekretar-cdpr-a-domagoj-zarkovic-posjetio-zdravstvenu-stanicu-u-savniku\/","og_site_name":"dmcsrb.com","article_published_time":"2025-11-03T09:44:00+00:00","og_image":[{"width":640,"height":480,"url":"https:\/\/dmcsrb.com\/wp-content\/uploads\/2026\/01\/20251028_070536.webp","type":"image\/png"}],"author":"dmcsrbija.com@gmail.com","twitter_card":"summary_large_image","twitter_misc":{"Written by":"dmcsrbija.com@gmail.com","Estimated reading time":"1 minute"},"schema":{"@context":"https:\/\/schema.org","@graph":[{"@type":"Article","@id":"https:\/\/dmcsrb.com\/drustvo\/sekretar-cdpr-a-domagoj-zarkovic-posjetio-zdravstvenu-stanicu-u-savniku\/#article","isPartOf":{"@id":"https:\/\/dmcsrb.com\/drustvo\/sekretar-cdpr-a-domagoj-zarkovic-posjetio-zdravstvenu-stanicu-u-savniku\/"},"author":{"name":"dmcsrbija.com@gmail.com","@id":"https:\/\/dmcsrb.com\/#\/schema\/person\/5c39170f12db1b8b457732d0b5c854e2"},"headline":"Sekretar CDPR-a Domagoj \u017darkovi\u0107 posjetio zdravstvenu stanicu u \u0160avniku","datePublished":"2025-11-03T09:44:00+00:00","mainEntityOfPage":{"@id":"https:\/\/dmcsrb.com\/drustvo\/sekretar-cdpr-a-domagoj-zarkovic-posjetio-zdravstvenu-stanicu-u-savniku\/"},"wordCount":167,"commentCount":0,"image":{"@id":"https:\/\/dmcsrb.com\/drustvo\/sekretar-cdpr-a-domagoj-zarkovic-posjetio-zdravstvenu-stanicu-u-savniku\/#primaryimage"},"thumbnailUrl":"https:\/\/dmcsrb.com\/wp-content\/uploads\/2026\/01\/20251028_070536.webp","keywords":["CDPR","Domagoj \u017darkovi\u0107","\u0160avnik"],"articleSection":["Dru\u0161tvo"],"inLanguage":"en-GB","potentialAction":[{"@type":"CommentAction","name":"Comment","target":["https:\/\/dmcsrb.com\/drustvo\/sekretar-cdpr-a-domagoj-zarkovic-posjetio-zdravstvenu-stanicu-u-savniku\/#respond"]}]},{"@type":"WebPage","@id":"https:\/\/dmcsrb.com\/drustvo\/sekretar-cdpr-a-domagoj-zarkovic-posjetio-zdravstvenu-stanicu-u-savniku\/","url":"https:\/\/dmcsrb.com\/drustvo\/sekretar-cdpr-a-domagoj-zarkovic-posjetio-zdravstvenu-stanicu-u-savniku\/","name":"Sekretar CDPR-a Domagoj \u017darkovi\u0107 posjetio zdravstvenu stanicu u \u0160avniku - dmcsrb.com","isPartOf":{"@id":"https:\/\/dmcsrb.com\/#website"},"primaryImageOfPage":{"@id":"https:\/\/dmcsrb.com\/drustvo\/sekretar-cdpr-a-domagoj-zarkovic-posjetio-zdravstvenu-stanicu-u-savniku\/#primaryimage"},"image":{"@id":"https:\/\/dmcsrb.com\/drustvo\/sekretar-cdpr-a-domagoj-zarkovic-posjetio-zdravstvenu-stanicu-u-savniku\/#primaryimage"},"thumbnailUrl":"https:\/\/dmcsrb.com\/wp-content\/uploads\/2026\/01\/20251028_070536.webp","datePublished":"2025-11-03T09:44:00+00:00","author":{"@id":"https:\/\/dmcsrb.com\/#\/schema\/person\/5c39170f12db1b8b457732d0b5c854e2"},"breadcrumb":{"@id":"https:\/\/dmcsrb.com\/drustvo\/sekretar-cdpr-a-domagoj-zarkovic-posjetio-zdravstvenu-stanicu-u-savniku\/#breadcrumb"},"inLanguage":"en-GB","potentialAction":[{"@type":"ReadAction","target":["https:\/\/dmcsrb.com\/drustvo\/sekretar-cdpr-a-domagoj-zarkovic-posjetio-zdravstvenu-stanicu-u-savniku\/"]}]},{"@type":"ImageObject","inLanguage":"en-GB","@id":"https:\/\/dmcsrb.com\/drustvo\/sekretar-cdpr-a-domagoj-zarkovic-posjetio-zdravstvenu-stanicu-u-savniku\/#primaryimage","url":"https:\/\/dmcsrb.com\/wp-content\/uploads\/2026\/01\/20251028_070536.webp","contentUrl":"https:\/\/dmcsrb.com\/wp-content\/uploads\/2026\/01\/20251028_070536.webp","width":640,"height":480},{"@type":"BreadcrumbList","@id":"https:\/\/dmcsrb.com\/drustvo\/sekretar-cdpr-a-domagoj-zarkovic-posjetio-zdravstvenu-stanicu-u-savniku\/#breadcrumb","itemListElement":[{"@type":"ListItem","position":1,"name":"Home","item":"https:\/\/dmcsrb.com\/"},{"@type":"ListItem","position":2,"name":"Sekretar CDPR-a Domagoj \u017darkovi\u0107 posjetio zdravstvenu stanicu u \u0160avniku"}]},{"@type":"WebSite","@id":"https:\/\/dmcsrb.com\/#website","url":"https:\/\/dmcsrb.com\/","name":"dmcsrb.com","description":"","potentialAction":[{"@type":"SearchAction","target":{"@type":"EntryPoint","urlTemplate":"https:\/\/dmcsrb.com\/?s={search_term_string}"},"query-input":{"@type":"PropertyValueSpecification","valueRequired":true,"valueName":"search_term_string"}}],"inLanguage":"en-GB"},{"@type":"Person","@id":"https:\/\/dmcsrb.com\/#\/schema\/person\/5c39170f12db1b8b457732d0b5c854e2","name":"dmcsrbija.com@gmail.com","image":{"@type":"ImageObject","inLanguage":"en-GB","@id":"https:\/\/secure.gravatar.com\/avatar\/68592660ad6347fad0fb587f8d5d8f1a7b44961362f56e4f2cd524feb87e9069?s=96&d=mm&r=g","url":"https:\/\/secure.gravatar.com\/avatar\/68592660ad6347fad0fb587f8d5d8f1a7b44961362f56e4f2cd524feb87e9069?s=96&d=mm&r=g","contentUrl":"https:\/\/secure.gravatar.com\/avatar\/68592660ad6347fad0fb587f8d5d8f1a7b44961362f56e4f2cd524feb87e9069?s=96&d=mm&r=g","caption":"dmcsrbija.com@gmail.com"},"sameAs":["https:\/\/dmcsrb.com"],"url":"https:\/\/dmcsrb.com\/en\/author\/dmcsrbija-comgmail-com\/"}]}},"_links":{"self":[{"href":"https:\/\/dmcsrb.com\/en\/wp-json\/wp\/v2\/posts\/961583","targetHints":{"allow":["GET"]}}],"collection":[{"href":"https:\/\/dmcsrb.com\/en\/wp-json\/wp\/v2\/posts"}],"about":[{"href":"https:\/\/dmcsrb.com\/en\/wp-json\/wp\/v2\/types\/post"}],"author":[{"embeddable":true,"href":"https:\/\/dmcsrb.com\/en\/wp-json\/wp\/v2\/users\/1"}],"replies":[{"embeddable":true,"href":"https:\/\/dmcsrb.com\/en\/wp-json\/wp\/v2\/comments?post=961583"}],"version-history":[{"count":0,"href":"https:\/\/dmcsrb.com\/en\/wp-json\/wp\/v2\/posts\/961583\/revisions"}],"wp:featuredmedia":[{"embeddable":true,"href":"https:\/\/dmcsrb.com\/en\/wp-json\/wp\/v2\/media\/961584"}],"wp:attachment":[{"href":"https:\/\/dmcsrb.com\/en\/wp-json\/wp\/v2\/media?parent=961583"}],"wp:term":[{"taxonomy":"category","embeddable":true,"href":"https:\/\/dmcsrb.com\/en\/wp-json\/wp\/v2\/categories?post=961583"},{"taxonomy":"post_tag","embeddable":true,"href":"https:\/\/dmcsrb.com\/en\/wp-json\/wp\/v2\/tags?post=961583"},{"taxonomy":"naslovna","embeddable":true,"href":"https:\/\/dmcsrb.com\/en\/wp-json\/wp\/v2\/naslovna?post=961583"}],"curies":[{"name":"wp","href":"https:\/\/api.w.org\/{rel}","templated":true}]}}