{"id":961542,"date":"2025-11-02T19:34:00","date_gmt":"2025-11-02T18:34:00","guid":{"rendered":"https:\/\/dmcsrb.com\/uncategorized\/pocela-rekonstrukcija-tvrdjave-na-ribnici\/"},"modified":"2025-11-02T19:34:00","modified_gmt":"2025-11-02T18:34:00","slug":"pocela-rekonstrukcija-tvrdjave-na-ribnici","status":"publish","type":"post","link":"https:\/\/dmcsrb.com\/en\/podgorica\/pocela-rekonstrukcija-tvrdjave-na-ribnici\/","title":{"rendered":"Po\u010dela rekonstrukcija tvr\u0111ave na Ribnici"},"content":{"rendered":"<p><\/p>\n\n\n\n<p>Na u\u0161\u0107u Ribnice u Mora\u010du, gdje su slojevi istorije uklesani u kamen, po\u010dinje rekonstrukcija stare tvr\u0111ave. No, osim kako \u0107e izgledati postavlja se pitanje njenog naziva i porijekla.<\/p>\n\n\n\n<p>&#8220;U Upravi za za\u0161titu kulturnih dobara tvr\u0111ava je kao kulturno dobro upisana 1960. pod nazivom tvr\u0111ava Ribnica. I mi koristimo zvani\u010dne nazive institucija Crne Gore i toga se pridr\u017eavamo. Znamo da postoje razli\u010dita tuma\u010denja mi\u0161ljenja, ali mi se u ovom trenutku kao odgovorni pojedinci organizacije dr\u017eimo zvani\u010dnih naziva institucija Crne Gore&#8221;, rekao je&nbsp;direktor Turisti\u010dke organizacije Podgorica&nbsp;Dragan Grnovi\u0107.<\/p>\n\n\n\n<p>Ali istori\u010dari tvrde druga\u010dije. Ribnica ima starije ime Depedogen i rije\u010d je o tvr\u0111avi koja je nastala jo\u0161 u osmanskom periodu.<\/p>\n\n\n\n<p>&#8220;Brojni izvori, ka\u017eem, su na strani onoga \u0161to je tvrdnja da je Depedogen turska tvr\u0111ava koju je gradio Mehmed Fatih izme\u0111u 1474. i 1478. Za razliku od ove druge teorije koja po\u010diva na bajkama i guslama, koja nema apsolutno nijedno upori\u0161te u nauci. Dakle, nema dileme o tome da se mo\u017ee govoriti o gradu Ribnici, jer ti koji su to izmislili, prije svega, ne zanemaruju \u010dinjenicu da je u to vrijeme bilo vi\u0161e rijeka na ovim prostorima koji su nosili naziv Ribnica. Dakle, iako se pominje Ribnica, to nije ta&#8221;, smatra istori\u010dar&nbsp;\u0160erbo Rastoder.<br><br>Fotografije iz perioda Osmanskog carstva pokazuju da se u tvr\u0111avi nalazila d\u017eamija sultan Mehemda Fatiha.<br><br>&#8220;Ta\u010dno znamo ko je bio imam, ko je bio mujezin, koliko su primali dnevnu pla\u0107u za te svoje vjerske obrede. \u017delimo samo da se, ako se restaurira ne\u0161to, da se to ne radi selektivno. Ako se restaurira tvr\u0111ava, da se ona restaurira u kompletu, dakle integralno, a integralni dio te tvr\u0111ave je zapravo d\u017eamija sultan Mehmeda Fatiha&#8221;, poru\u010dio je&nbsp;glavni imam za Podgoricu&nbsp;D\u017eemo Red\u017eematovi\u0107.<\/p>\n\n\n\n<p>&#8220;Va\u017ena je autenti\u010dnost, dakle nije stvar odluke ni\u010dije koje \u0107e objekte restaurirati, rekonstruisati, nego je su\u0161tina da se na taj na\u010din vrati arhitektura onako kako je bila, jer je jo\u0161 to najja\u010di materijalni dokaz kulture ako se ne\u0161to vidi u prostoru. To je neki princip, jedini i jedini ispravan&#8221;, smatra&nbsp;arhitekta Rifat Alihod\u017ei\u0107.<br><br>U Glavnom gradu ka\u017eu da obnova unutra\u0161njih objekata na tvr\u0111avi sada nije u planu.<\/p>\n\n\n\n<p>&#8220;Mi ne sporimo postojanje objekata unutar tvr\u0111ave. Mi radimo samo na fortifikaciji, zna\u010di samo na bedemima, kulama, kanalima i kapijama. Dakle, mi ne spominjemo i ne sporimo da je bilo \u0161to drugo postojalo. Neophodno je sprovesti vjerovatno arheolo\u0161ka istra\u017eivanja, provjeriti istorijsku dokumentaciju&#8221;, dodao je Grnovi\u0107.<br><br>Ribnica ili Depedogen kako god je zvali, ova tvr\u0111ava ostaje svjedok vremena koje spaja razli\u010dite religije, narode i pri\u010de.<a href=\"https:\/\/play.google.com\/store\/apps\/details?id=me.rtcg\" target=\"_blank\" rel=\"noreferrer noopener\"><\/a><a href=\"https:\/\/apps.apple.com\/us\/app\/rtcg\/id1400067551\" target=\"_blank\" rel=\"noreferrer noopener\"><\/a><\/p>\n\n\n\n<p><a target=\"_blank\" href=\"https:\/\/play.google.com\/store\/apps\/details?id=me.rtcg\" rel=\"noreferrer noopener\"><\/a><a target=\"_blank\" href=\"https:\/\/apps.apple.com\/us\/app\/rtcg\/id1400067551\" rel=\"noreferrer noopener\"><\/a><\/p>","protected":false},"excerpt":{"rendered":"<p>Po\u010dela je rekonstrukcija tvr\u0111ave na Ribnici u Podgorici. I dok su u toku arheolo\u0161ka iskopavanja, oko imena tvr\u0111ave i porijekla vodi se polemika kao i da li bi u obnovi trebalo da bude uklju\u010dena i d\u017eamija koja je nekad bila njen sastavni dio.<\/p>","protected":false},"author":1,"featured_media":961543,"comment_status":"open","ping_status":"open","sticky":false,"template":"","format":"standard","meta":{"_acf_changed":false,"footnotes":""},"categories":[56],"tags":[13372,3860],"naslovna":[],"class_list":["post-961542","post","type-post","status-publish","format-standard","has-post-thumbnail","hentry","category-podgorica","tag-rekonstrukcija-tvrdjave","tag-ribnica"],"acf":[],"yoast_head":"<!-- This site is optimized with the Yoast SEO plugin v27.0 - https:\/\/yoast.com\/product\/yoast-seo-wordpress\/ -->\n<title>Po\u010dela rekonstrukcija tvr\u0111ave na Ribnici - dmcsrb.com<\/title>\n<meta name=\"robots\" content=\"index, follow, max-snippet:-1, max-image-preview:large, max-video-preview:-1\" \/>\n<link rel=\"canonical\" href=\"https:\/\/dmcsrb.com\/en\/podgorica\/pocela-rekonstrukcija-tvrdjave-na-ribnici\/\" \/>\n<meta property=\"og:locale\" content=\"en_GB\" \/>\n<meta property=\"og:type\" content=\"article\" \/>\n<meta property=\"og:title\" content=\"Po\u010dela rekonstrukcija tvr\u0111ave na Ribnici - dmcsrb.com\" \/>\n<meta property=\"og:description\" content=\"Po\u010dela je rekonstrukcija tvr\u0111ave na Ribnici u Podgorici. I dok su u toku arheolo\u0161ka iskopavanja, oko imena tvr\u0111ave i porijekla vodi se polemika kao i da li bi u obnovi trebalo da bude uklju\u010dena i d\u017eamija koja je nekad bila njen sastavni dio.\" \/>\n<meta property=\"og:url\" content=\"https:\/\/dmcsrb.com\/en\/podgorica\/pocela-rekonstrukcija-tvrdjave-na-ribnici\/\" \/>\n<meta property=\"og:site_name\" content=\"dmcsrb.com\" \/>\n<meta property=\"article:published_time\" content=\"2025-11-02T18:34:00+00:00\" \/>\n<meta property=\"og:image\" content=\"https:\/\/dmcsrb.com\/wp-content\/uploads\/2026\/01\/Capture-7-5.webp\" \/>\n\t<meta property=\"og:image:width\" content=\"941\" \/>\n\t<meta property=\"og:image:height\" content=\"470\" \/>\n\t<meta property=\"og:image:type\" content=\"image\/jpeg\" \/>\n<meta name=\"author\" content=\"dmcsrbija.com@gmail.com\" \/>\n<meta name=\"twitter:card\" content=\"summary_large_image\" \/>\n<meta name=\"twitter:label1\" content=\"Written by\" \/>\n\t<meta name=\"twitter:data1\" content=\"dmcsrbija.com@gmail.com\" \/>\n\t<meta name=\"twitter:label2\" content=\"Estimated reading time\" \/>\n\t<meta name=\"twitter:data2\" content=\"2 minutes\" \/>\n<script type=\"application\/ld+json\" class=\"yoast-schema-graph\">{\"@context\":\"https:\/\/schema.org\",\"@graph\":[{\"@type\":\"Article\",\"@id\":\"https:\/\/dmcsrb.com\/podgorica\/pocela-rekonstrukcija-tvrdjave-na-ribnici\/#article\",\"isPartOf\":{\"@id\":\"https:\/\/dmcsrb.com\/podgorica\/pocela-rekonstrukcija-tvrdjave-na-ribnici\/\"},\"author\":{\"name\":\"dmcsrbija.com@gmail.com\",\"@id\":\"https:\/\/dmcsrb.com\/#\/schema\/person\/5c39170f12db1b8b457732d0b5c854e2\"},\"headline\":\"Po\u010dela rekonstrukcija tvr\u0111ave na Ribnici\",\"datePublished\":\"2025-11-02T18:34:00+00:00\",\"mainEntityOfPage\":{\"@id\":\"https:\/\/dmcsrb.com\/podgorica\/pocela-rekonstrukcija-tvrdjave-na-ribnici\/\"},\"wordCount\":478,\"commentCount\":0,\"image\":{\"@id\":\"https:\/\/dmcsrb.com\/podgorica\/pocela-rekonstrukcija-tvrdjave-na-ribnici\/#primaryimage\"},\"thumbnailUrl\":\"https:\/\/dmcsrb.com\/wp-content\/uploads\/2026\/01\/Capture-7-5.webp\",\"keywords\":[\"Rekonstrukcija tvr\u0111ave\",\"Ribnica\"],\"articleSection\":[\"Podgorica\"],\"inLanguage\":\"en-GB\",\"potentialAction\":[{\"@type\":\"CommentAction\",\"name\":\"Comment\",\"target\":[\"https:\/\/dmcsrb.com\/podgorica\/pocela-rekonstrukcija-tvrdjave-na-ribnici\/#respond\"]}]},{\"@type\":\"WebPage\",\"@id\":\"https:\/\/dmcsrb.com\/podgorica\/pocela-rekonstrukcija-tvrdjave-na-ribnici\/\",\"url\":\"https:\/\/dmcsrb.com\/podgorica\/pocela-rekonstrukcija-tvrdjave-na-ribnici\/\",\"name\":\"Po\u010dela rekonstrukcija tvr\u0111ave na Ribnici - dmcsrb.com\",\"isPartOf\":{\"@id\":\"https:\/\/dmcsrb.com\/#website\"},\"primaryImageOfPage\":{\"@id\":\"https:\/\/dmcsrb.com\/podgorica\/pocela-rekonstrukcija-tvrdjave-na-ribnici\/#primaryimage\"},\"image\":{\"@id\":\"https:\/\/dmcsrb.com\/podgorica\/pocela-rekonstrukcija-tvrdjave-na-ribnici\/#primaryimage\"},\"thumbnailUrl\":\"https:\/\/dmcsrb.com\/wp-content\/uploads\/2026\/01\/Capture-7-5.webp\",\"datePublished\":\"2025-11-02T18:34:00+00:00\",\"author\":{\"@id\":\"https:\/\/dmcsrb.com\/#\/schema\/person\/5c39170f12db1b8b457732d0b5c854e2\"},\"breadcrumb\":{\"@id\":\"https:\/\/dmcsrb.com\/podgorica\/pocela-rekonstrukcija-tvrdjave-na-ribnici\/#breadcrumb\"},\"inLanguage\":\"en-GB\",\"potentialAction\":[{\"@type\":\"ReadAction\",\"target\":[\"https:\/\/dmcsrb.com\/podgorica\/pocela-rekonstrukcija-tvrdjave-na-ribnici\/\"]}]},{\"@type\":\"ImageObject\",\"inLanguage\":\"en-GB\",\"@id\":\"https:\/\/dmcsrb.com\/podgorica\/pocela-rekonstrukcija-tvrdjave-na-ribnici\/#primaryimage\",\"url\":\"https:\/\/dmcsrb.com\/wp-content\/uploads\/2026\/01\/Capture-7-5.webp\",\"contentUrl\":\"https:\/\/dmcsrb.com\/wp-content\/uploads\/2026\/01\/Capture-7-5.webp\",\"width\":941,\"height\":470},{\"@type\":\"BreadcrumbList\",\"@id\":\"https:\/\/dmcsrb.com\/podgorica\/pocela-rekonstrukcija-tvrdjave-na-ribnici\/#breadcrumb\",\"itemListElement\":[{\"@type\":\"ListItem\",\"position\":1,\"name\":\"Home\",\"item\":\"https:\/\/dmcsrb.com\/\"},{\"@type\":\"ListItem\",\"position\":2,\"name\":\"Po\u010dela rekonstrukcija tvr\u0111ave na Ribnici\"}]},{\"@type\":\"WebSite\",\"@id\":\"https:\/\/dmcsrb.com\/#website\",\"url\":\"https:\/\/dmcsrb.com\/\",\"name\":\"dmcsrb.com\",\"description\":\"\",\"potentialAction\":[{\"@type\":\"SearchAction\",\"target\":{\"@type\":\"EntryPoint\",\"urlTemplate\":\"https:\/\/dmcsrb.com\/?s={search_term_string}\"},\"query-input\":{\"@type\":\"PropertyValueSpecification\",\"valueRequired\":true,\"valueName\":\"search_term_string\"}}],\"inLanguage\":\"en-GB\"},{\"@type\":\"Person\",\"@id\":\"https:\/\/dmcsrb.com\/#\/schema\/person\/5c39170f12db1b8b457732d0b5c854e2\",\"name\":\"dmcsrbija.com@gmail.com\",\"image\":{\"@type\":\"ImageObject\",\"inLanguage\":\"en-GB\",\"@id\":\"https:\/\/dmcsrb.com\/#\/schema\/person\/image\/\",\"url\":\"https:\/\/secure.gravatar.com\/avatar\/68592660ad6347fad0fb587f8d5d8f1a7b44961362f56e4f2cd524feb87e9069?s=96&d=mm&r=g\",\"contentUrl\":\"https:\/\/secure.gravatar.com\/avatar\/68592660ad6347fad0fb587f8d5d8f1a7b44961362f56e4f2cd524feb87e9069?s=96&d=mm&r=g\",\"caption\":\"dmcsrbija.com@gmail.com\"},\"sameAs\":[\"https:\/\/dmcsrb.com\"],\"url\":\"https:\/\/dmcsrb.com\/en\/author\/dmcsrbija-comgmail-com\/\"}]}<\/script>\n<!-- \/ Yoast SEO plugin. -->","yoast_head_json":{"title":"Po\u010dela rekonstrukcija tvr\u0111ave na Ribnici - dmcsrb.com","robots":{"index":"index","follow":"follow","max-snippet":"max-snippet:-1","max-image-preview":"max-image-preview:large","max-video-preview":"max-video-preview:-1"},"canonical":"https:\/\/dmcsrb.com\/en\/podgorica\/pocela-rekonstrukcija-tvrdjave-na-ribnici\/","og_locale":"en_GB","og_type":"article","og_title":"Po\u010dela rekonstrukcija tvr\u0111ave na Ribnici - dmcsrb.com","og_description":"Po\u010dela je rekonstrukcija tvr\u0111ave na Ribnici u Podgorici. I dok su u toku arheolo\u0161ka iskopavanja, oko imena tvr\u0111ave i porijekla vodi se polemika kao i da li bi u obnovi trebalo da bude uklju\u010dena i d\u017eamija koja je nekad bila njen sastavni dio.","og_url":"https:\/\/dmcsrb.com\/en\/podgorica\/pocela-rekonstrukcija-tvrdjave-na-ribnici\/","og_site_name":"dmcsrb.com","article_published_time":"2025-11-02T18:34:00+00:00","og_image":[{"width":941,"height":470,"url":"https:\/\/dmcsrb.com\/wp-content\/uploads\/2026\/01\/Capture-7-5.webp","type":"image\/jpeg"}],"author":"dmcsrbija.com@gmail.com","twitter_card":"summary_large_image","twitter_misc":{"Written by":"dmcsrbija.com@gmail.com","Estimated reading time":"2 minutes"},"schema":{"@context":"https:\/\/schema.org","@graph":[{"@type":"Article","@id":"https:\/\/dmcsrb.com\/podgorica\/pocela-rekonstrukcija-tvrdjave-na-ribnici\/#article","isPartOf":{"@id":"https:\/\/dmcsrb.com\/podgorica\/pocela-rekonstrukcija-tvrdjave-na-ribnici\/"},"author":{"name":"dmcsrbija.com@gmail.com","@id":"https:\/\/dmcsrb.com\/#\/schema\/person\/5c39170f12db1b8b457732d0b5c854e2"},"headline":"Po\u010dela rekonstrukcija tvr\u0111ave na Ribnici","datePublished":"2025-11-02T18:34:00+00:00","mainEntityOfPage":{"@id":"https:\/\/dmcsrb.com\/podgorica\/pocela-rekonstrukcija-tvrdjave-na-ribnici\/"},"wordCount":478,"commentCount":0,"image":{"@id":"https:\/\/dmcsrb.com\/podgorica\/pocela-rekonstrukcija-tvrdjave-na-ribnici\/#primaryimage"},"thumbnailUrl":"https:\/\/dmcsrb.com\/wp-content\/uploads\/2026\/01\/Capture-7-5.webp","keywords":["Rekonstrukcija tvr\u0111ave","Ribnica"],"articleSection":["Podgorica"],"inLanguage":"en-GB","potentialAction":[{"@type":"CommentAction","name":"Comment","target":["https:\/\/dmcsrb.com\/podgorica\/pocela-rekonstrukcija-tvrdjave-na-ribnici\/#respond"]}]},{"@type":"WebPage","@id":"https:\/\/dmcsrb.com\/podgorica\/pocela-rekonstrukcija-tvrdjave-na-ribnici\/","url":"https:\/\/dmcsrb.com\/podgorica\/pocela-rekonstrukcija-tvrdjave-na-ribnici\/","name":"Po\u010dela rekonstrukcija tvr\u0111ave na Ribnici - dmcsrb.com","isPartOf":{"@id":"https:\/\/dmcsrb.com\/#website"},"primaryImageOfPage":{"@id":"https:\/\/dmcsrb.com\/podgorica\/pocela-rekonstrukcija-tvrdjave-na-ribnici\/#primaryimage"},"image":{"@id":"https:\/\/dmcsrb.com\/podgorica\/pocela-rekonstrukcija-tvrdjave-na-ribnici\/#primaryimage"},"thumbnailUrl":"https:\/\/dmcsrb.com\/wp-content\/uploads\/2026\/01\/Capture-7-5.webp","datePublished":"2025-11-02T18:34:00+00:00","author":{"@id":"https:\/\/dmcsrb.com\/#\/schema\/person\/5c39170f12db1b8b457732d0b5c854e2"},"breadcrumb":{"@id":"https:\/\/dmcsrb.com\/podgorica\/pocela-rekonstrukcija-tvrdjave-na-ribnici\/#breadcrumb"},"inLanguage":"en-GB","potentialAction":[{"@type":"ReadAction","target":["https:\/\/dmcsrb.com\/podgorica\/pocela-rekonstrukcija-tvrdjave-na-ribnici\/"]}]},{"@type":"ImageObject","inLanguage":"en-GB","@id":"https:\/\/dmcsrb.com\/podgorica\/pocela-rekonstrukcija-tvrdjave-na-ribnici\/#primaryimage","url":"https:\/\/dmcsrb.com\/wp-content\/uploads\/2026\/01\/Capture-7-5.webp","contentUrl":"https:\/\/dmcsrb.com\/wp-content\/uploads\/2026\/01\/Capture-7-5.webp","width":941,"height":470},{"@type":"BreadcrumbList","@id":"https:\/\/dmcsrb.com\/podgorica\/pocela-rekonstrukcija-tvrdjave-na-ribnici\/#breadcrumb","itemListElement":[{"@type":"ListItem","position":1,"name":"Home","item":"https:\/\/dmcsrb.com\/"},{"@type":"ListItem","position":2,"name":"Po\u010dela rekonstrukcija tvr\u0111ave na Ribnici"}]},{"@type":"WebSite","@id":"https:\/\/dmcsrb.com\/#website","url":"https:\/\/dmcsrb.com\/","name":"dmcsrb.com","description":"","potentialAction":[{"@type":"SearchAction","target":{"@type":"EntryPoint","urlTemplate":"https:\/\/dmcsrb.com\/?s={search_term_string}"},"query-input":{"@type":"PropertyValueSpecification","valueRequired":true,"valueName":"search_term_string"}}],"inLanguage":"en-GB"},{"@type":"Person","@id":"https:\/\/dmcsrb.com\/#\/schema\/person\/5c39170f12db1b8b457732d0b5c854e2","name":"dmcsrbija.com@gmail.com","image":{"@type":"ImageObject","inLanguage":"en-GB","@id":"https:\/\/dmcsrb.com\/#\/schema\/person\/image\/","url":"https:\/\/secure.gravatar.com\/avatar\/68592660ad6347fad0fb587f8d5d8f1a7b44961362f56e4f2cd524feb87e9069?s=96&d=mm&r=g","contentUrl":"https:\/\/secure.gravatar.com\/avatar\/68592660ad6347fad0fb587f8d5d8f1a7b44961362f56e4f2cd524feb87e9069?s=96&d=mm&r=g","caption":"dmcsrbija.com@gmail.com"},"sameAs":["https:\/\/dmcsrb.com"],"url":"https:\/\/dmcsrb.com\/en\/author\/dmcsrbija-comgmail-com\/"}]}},"_links":{"self":[{"href":"https:\/\/dmcsrb.com\/en\/wp-json\/wp\/v2\/posts\/961542","targetHints":{"allow":["GET"]}}],"collection":[{"href":"https:\/\/dmcsrb.com\/en\/wp-json\/wp\/v2\/posts"}],"about":[{"href":"https:\/\/dmcsrb.com\/en\/wp-json\/wp\/v2\/types\/post"}],"author":[{"embeddable":true,"href":"https:\/\/dmcsrb.com\/en\/wp-json\/wp\/v2\/users\/1"}],"replies":[{"embeddable":true,"href":"https:\/\/dmcsrb.com\/en\/wp-json\/wp\/v2\/comments?post=961542"}],"version-history":[{"count":0,"href":"https:\/\/dmcsrb.com\/en\/wp-json\/wp\/v2\/posts\/961542\/revisions"}],"wp:featuredmedia":[{"embeddable":true,"href":"https:\/\/dmcsrb.com\/en\/wp-json\/wp\/v2\/media\/961543"}],"wp:attachment":[{"href":"https:\/\/dmcsrb.com\/en\/wp-json\/wp\/v2\/media?parent=961542"}],"wp:term":[{"taxonomy":"category","embeddable":true,"href":"https:\/\/dmcsrb.com\/en\/wp-json\/wp\/v2\/categories?post=961542"},{"taxonomy":"post_tag","embeddable":true,"href":"https:\/\/dmcsrb.com\/en\/wp-json\/wp\/v2\/tags?post=961542"},{"taxonomy":"naslovna","embeddable":true,"href":"https:\/\/dmcsrb.com\/en\/wp-json\/wp\/v2\/naslovna?post=961542"}],"curies":[{"name":"wp","href":"https:\/\/api.w.org\/{rel}","templated":true}]}}