{"id":961532,"date":"2025-11-02T19:06:00","date_gmt":"2025-11-02T18:06:00","guid":{"rendered":"https:\/\/dmcsrb.com\/uncategorized\/drugi-krug-izbora-u-sjevernoj-makedoniji-manja-izlaznost-nego-u-prvom-krugu\/"},"modified":"2025-11-02T19:06:00","modified_gmt":"2025-11-02T18:06:00","slug":"drugi-krug-izbora-u-sjevernoj-makedoniji-manja-izlaznost-nego-u-prvom-krugu","status":"publish","type":"post","link":"https:\/\/dmcsrb.com\/en\/region\/drugi-krug-izbora-u-sjevernoj-makedoniji-manja-izlaznost-nego-u-prvom-krugu\/","title":{"rendered":"Drugi krug izbora u Sjevernoj Makedoniji, manja izlaznost nego u prvom krugu"},"content":{"rendered":"<p><\/p>\n\n\n\n<p>Pravo glasa u drugom krugu ima 1.013.375 bira\u010da, koji glasaju na 1.771 bira\u010dkom mjestu u 32 op\u0161tine i gradu Skoplju.<\/p>\n\n\n\n<p>Dr\u017eavna izborna komisija saop\u0161tila je da je prema do sada obra\u0111enim podacima do 15.00 \u010dasova glasalo 275.034 gra\u0111ana, prenose makedonski mediji.<\/p>\n\n\n\n<p>Gradona\u010delnici se danas biraju u 32 op\u0161tine i gradu Skoplju, a pravo glasa na 1.771 bira\u010dkom mjestu ima 1.013.375 gra\u0111ana, prenosi Srna.<\/p>\n\n\n\n<p>U prvom krugu lokalnih izbora, odbornici su izabrani u 79 op\u0161tina i za grad Skoplje, a u 44 op\u0161tine gradona\u010delnici su dobili ve\u0107inu glasova i ve\u0107 su im uru\u010dene odluke o preuzimanju novih funkcija.<\/p>\n\n\n\n<p><\/p>","protected":false},"excerpt":{"rendered":"<p>Gra\u0111ani Sjeverne Makedonije danas (2.novembra) glasaju za gradona\u010delnike u drugom krugu lokalnih izbora, a do 15.00 \u010dasova iza\u0161lo je 27,19 odsto bira\u010da, \u0161to je manja izlaznost nego u prvom krugu.<\/p>","protected":false},"author":1,"featured_media":961533,"comment_status":"open","ping_status":"open","sticky":false,"template":"","format":"standard","meta":{"_acf_changed":false,"footnotes":""},"categories":[103],"tags":[13363,13364,13365,2425],"naslovna":[],"class_list":["post-961532","post","type-post","status-publish","format-standard","has-post-thumbnail","hentry","category-region","tag-drugi-krug-izbora","tag-manja-izlaznost","tag-prvi-krug","tag-sjeverna-makedonija"],"acf":[],"yoast_head":"<!-- This site is optimized with the Yoast SEO plugin v27.4 - https:\/\/yoast.com\/product\/yoast-seo-wordpress\/ -->\n<title>Drugi krug izbora u Sjevernoj Makedoniji, manja izlaznost nego u prvom krugu - dmcsrb.com<\/title>\n<meta name=\"robots\" content=\"index, follow, max-snippet:-1, max-image-preview:large, max-video-preview:-1\" \/>\n<link rel=\"canonical\" href=\"https:\/\/dmcsrb.com\/en\/region\/drugi-krug-izbora-u-sjevernoj-makedoniji-manja-izlaznost-nego-u-prvom-krugu\/\" \/>\n<meta property=\"og:locale\" content=\"en_GB\" \/>\n<meta property=\"og:type\" content=\"article\" \/>\n<meta property=\"og:title\" content=\"Drugi krug izbora u Sjevernoj Makedoniji, manja izlaznost nego u prvom krugu - dmcsrb.com\" \/>\n<meta property=\"og:description\" content=\"Gra\u0111ani Sjeverne Makedonije danas (2.novembra) glasaju za gradona\u010delnike u drugom krugu lokalnih izbora, a do 15.00 \u010dasova iza\u0161lo je 27,19 odsto bira\u010da, \u0161to je manja izlaznost nego u prvom krugu.\" \/>\n<meta property=\"og:url\" content=\"https:\/\/dmcsrb.com\/en\/region\/drugi-krug-izbora-u-sjevernoj-makedoniji-manja-izlaznost-nego-u-prvom-krugu\/\" \/>\n<meta property=\"og:site_name\" content=\"dmcsrb.com\" \/>\n<meta property=\"article:published_time\" content=\"2025-11-02T18:06:00+00:00\" \/>\n<meta property=\"og:image\" content=\"https:\/\/dmcsrb.com\/wp-content\/uploads\/2026\/01\/20251102185350_935760.webp\" \/>\n\t<meta property=\"og:image:width\" content=\"1200\" \/>\n\t<meta property=\"og:image:height\" content=\"800\" \/>\n\t<meta property=\"og:image:type\" content=\"image\/jpeg\" \/>\n<meta name=\"author\" content=\"dmcsrbija.com@gmail.com\" \/>\n<meta name=\"twitter:card\" content=\"summary_large_image\" \/>\n<meta name=\"twitter:label1\" content=\"Written by\" \/>\n\t<meta name=\"twitter:data1\" content=\"dmcsrbija.com@gmail.com\" \/>\n\t<meta name=\"twitter:label2\" content=\"Estimated reading time\" \/>\n\t<meta name=\"twitter:data2\" content=\"1 minute\" \/>\n<script type=\"application\/ld+json\" class=\"yoast-schema-graph\">{\"@context\":\"https:\\\/\\\/schema.org\",\"@graph\":[{\"@type\":\"Article\",\"@id\":\"https:\\\/\\\/dmcsrb.com\\\/region\\\/drugi-krug-izbora-u-sjevernoj-makedoniji-manja-izlaznost-nego-u-prvom-krugu\\\/#article\",\"isPartOf\":{\"@id\":\"https:\\\/\\\/dmcsrb.com\\\/region\\\/drugi-krug-izbora-u-sjevernoj-makedoniji-manja-izlaznost-nego-u-prvom-krugu\\\/\"},\"author\":{\"name\":\"dmcsrbija.com@gmail.com\",\"@id\":\"https:\\\/\\\/dmcsrb.com\\\/#\\\/schema\\\/person\\\/5c39170f12db1b8b457732d0b5c854e2\"},\"headline\":\"Drugi krug izbora u Sjevernoj Makedoniji, manja izlaznost nego u prvom krugu\",\"datePublished\":\"2025-11-02T18:06:00+00:00\",\"mainEntityOfPage\":{\"@id\":\"https:\\\/\\\/dmcsrb.com\\\/region\\\/drugi-krug-izbora-u-sjevernoj-makedoniji-manja-izlaznost-nego-u-prvom-krugu\\\/\"},\"wordCount\":115,\"commentCount\":0,\"image\":{\"@id\":\"https:\\\/\\\/dmcsrb.com\\\/region\\\/drugi-krug-izbora-u-sjevernoj-makedoniji-manja-izlaznost-nego-u-prvom-krugu\\\/#primaryimage\"},\"thumbnailUrl\":\"https:\\\/\\\/dmcsrb.com\\\/wp-content\\\/uploads\\\/2026\\\/01\\\/20251102185350_935760.webp\",\"keywords\":[\"Drugi krug izbora\",\"Manja izlaznost\",\"Prvi krug\",\"Sjeverna Makedonija\"],\"articleSection\":[\"Region\"],\"inLanguage\":\"en-GB\",\"potentialAction\":[{\"@type\":\"CommentAction\",\"name\":\"Comment\",\"target\":[\"https:\\\/\\\/dmcsrb.com\\\/region\\\/drugi-krug-izbora-u-sjevernoj-makedoniji-manja-izlaznost-nego-u-prvom-krugu\\\/#respond\"]}]},{\"@type\":\"WebPage\",\"@id\":\"https:\\\/\\\/dmcsrb.com\\\/region\\\/drugi-krug-izbora-u-sjevernoj-makedoniji-manja-izlaznost-nego-u-prvom-krugu\\\/\",\"url\":\"https:\\\/\\\/dmcsrb.com\\\/region\\\/drugi-krug-izbora-u-sjevernoj-makedoniji-manja-izlaznost-nego-u-prvom-krugu\\\/\",\"name\":\"Drugi krug izbora u Sjevernoj Makedoniji, manja izlaznost nego u prvom krugu - dmcsrb.com\",\"isPartOf\":{\"@id\":\"https:\\\/\\\/dmcsrb.com\\\/#website\"},\"primaryImageOfPage\":{\"@id\":\"https:\\\/\\\/dmcsrb.com\\\/region\\\/drugi-krug-izbora-u-sjevernoj-makedoniji-manja-izlaznost-nego-u-prvom-krugu\\\/#primaryimage\"},\"image\":{\"@id\":\"https:\\\/\\\/dmcsrb.com\\\/region\\\/drugi-krug-izbora-u-sjevernoj-makedoniji-manja-izlaznost-nego-u-prvom-krugu\\\/#primaryimage\"},\"thumbnailUrl\":\"https:\\\/\\\/dmcsrb.com\\\/wp-content\\\/uploads\\\/2026\\\/01\\\/20251102185350_935760.webp\",\"datePublished\":\"2025-11-02T18:06:00+00:00\",\"author\":{\"@id\":\"https:\\\/\\\/dmcsrb.com\\\/#\\\/schema\\\/person\\\/5c39170f12db1b8b457732d0b5c854e2\"},\"breadcrumb\":{\"@id\":\"https:\\\/\\\/dmcsrb.com\\\/region\\\/drugi-krug-izbora-u-sjevernoj-makedoniji-manja-izlaznost-nego-u-prvom-krugu\\\/#breadcrumb\"},\"inLanguage\":\"en-GB\",\"potentialAction\":[{\"@type\":\"ReadAction\",\"target\":[\"https:\\\/\\\/dmcsrb.com\\\/region\\\/drugi-krug-izbora-u-sjevernoj-makedoniji-manja-izlaznost-nego-u-prvom-krugu\\\/\"]}]},{\"@type\":\"ImageObject\",\"inLanguage\":\"en-GB\",\"@id\":\"https:\\\/\\\/dmcsrb.com\\\/region\\\/drugi-krug-izbora-u-sjevernoj-makedoniji-manja-izlaznost-nego-u-prvom-krugu\\\/#primaryimage\",\"url\":\"https:\\\/\\\/dmcsrb.com\\\/wp-content\\\/uploads\\\/2026\\\/01\\\/20251102185350_935760.webp\",\"contentUrl\":\"https:\\\/\\\/dmcsrb.com\\\/wp-content\\\/uploads\\\/2026\\\/01\\\/20251102185350_935760.webp\",\"width\":1200,\"height\":800},{\"@type\":\"BreadcrumbList\",\"@id\":\"https:\\\/\\\/dmcsrb.com\\\/region\\\/drugi-krug-izbora-u-sjevernoj-makedoniji-manja-izlaznost-nego-u-prvom-krugu\\\/#breadcrumb\",\"itemListElement\":[{\"@type\":\"ListItem\",\"position\":1,\"name\":\"Home\",\"item\":\"https:\\\/\\\/dmcsrb.com\\\/\"},{\"@type\":\"ListItem\",\"position\":2,\"name\":\"Drugi krug izbora u Sjevernoj Makedoniji, manja izlaznost nego u prvom krugu\"}]},{\"@type\":\"WebSite\",\"@id\":\"https:\\\/\\\/dmcsrb.com\\\/#website\",\"url\":\"https:\\\/\\\/dmcsrb.com\\\/\",\"name\":\"dmcsrb.com\",\"description\":\"\",\"potentialAction\":[{\"@type\":\"SearchAction\",\"target\":{\"@type\":\"EntryPoint\",\"urlTemplate\":\"https:\\\/\\\/dmcsrb.com\\\/?s={search_term_string}\"},\"query-input\":{\"@type\":\"PropertyValueSpecification\",\"valueRequired\":true,\"valueName\":\"search_term_string\"}}],\"inLanguage\":\"en-GB\"},{\"@type\":\"Person\",\"@id\":\"https:\\\/\\\/dmcsrb.com\\\/#\\\/schema\\\/person\\\/5c39170f12db1b8b457732d0b5c854e2\",\"name\":\"dmcsrbija.com@gmail.com\",\"image\":{\"@type\":\"ImageObject\",\"inLanguage\":\"en-GB\",\"@id\":\"https:\\\/\\\/secure.gravatar.com\\\/avatar\\\/68592660ad6347fad0fb587f8d5d8f1a7b44961362f56e4f2cd524feb87e9069?s=96&d=mm&r=g\",\"url\":\"https:\\\/\\\/secure.gravatar.com\\\/avatar\\\/68592660ad6347fad0fb587f8d5d8f1a7b44961362f56e4f2cd524feb87e9069?s=96&d=mm&r=g\",\"contentUrl\":\"https:\\\/\\\/secure.gravatar.com\\\/avatar\\\/68592660ad6347fad0fb587f8d5d8f1a7b44961362f56e4f2cd524feb87e9069?s=96&d=mm&r=g\",\"caption\":\"dmcsrbija.com@gmail.com\"},\"sameAs\":[\"https:\\\/\\\/dmcsrb.com\"],\"url\":\"https:\\\/\\\/dmcsrb.com\\\/en\\\/author\\\/dmcsrbija-comgmail-com\\\/\"}]}<\/script>\n<!-- \/ Yoast SEO plugin. -->","yoast_head_json":{"title":"Drugi krug izbora u Sjevernoj Makedoniji, manja izlaznost nego u prvom krugu - dmcsrb.com","robots":{"index":"index","follow":"follow","max-snippet":"max-snippet:-1","max-image-preview":"max-image-preview:large","max-video-preview":"max-video-preview:-1"},"canonical":"https:\/\/dmcsrb.com\/en\/region\/drugi-krug-izbora-u-sjevernoj-makedoniji-manja-izlaznost-nego-u-prvom-krugu\/","og_locale":"en_GB","og_type":"article","og_title":"Drugi krug izbora u Sjevernoj Makedoniji, manja izlaznost nego u prvom krugu - dmcsrb.com","og_description":"Gra\u0111ani Sjeverne Makedonije danas (2.novembra) glasaju za gradona\u010delnike u drugom krugu lokalnih izbora, a do 15.00 \u010dasova iza\u0161lo je 27,19 odsto bira\u010da, \u0161to je manja izlaznost nego u prvom krugu.","og_url":"https:\/\/dmcsrb.com\/en\/region\/drugi-krug-izbora-u-sjevernoj-makedoniji-manja-izlaznost-nego-u-prvom-krugu\/","og_site_name":"dmcsrb.com","article_published_time":"2025-11-02T18:06:00+00:00","og_image":[{"width":1200,"height":800,"url":"https:\/\/dmcsrb.com\/wp-content\/uploads\/2026\/01\/20251102185350_935760.webp","type":"image\/jpeg"}],"author":"dmcsrbija.com@gmail.com","twitter_card":"summary_large_image","twitter_misc":{"Written by":"dmcsrbija.com@gmail.com","Estimated reading time":"1 minute"},"schema":{"@context":"https:\/\/schema.org","@graph":[{"@type":"Article","@id":"https:\/\/dmcsrb.com\/region\/drugi-krug-izbora-u-sjevernoj-makedoniji-manja-izlaznost-nego-u-prvom-krugu\/#article","isPartOf":{"@id":"https:\/\/dmcsrb.com\/region\/drugi-krug-izbora-u-sjevernoj-makedoniji-manja-izlaznost-nego-u-prvom-krugu\/"},"author":{"name":"dmcsrbija.com@gmail.com","@id":"https:\/\/dmcsrb.com\/#\/schema\/person\/5c39170f12db1b8b457732d0b5c854e2"},"headline":"Drugi krug izbora u Sjevernoj Makedoniji, manja izlaznost nego u prvom krugu","datePublished":"2025-11-02T18:06:00+00:00","mainEntityOfPage":{"@id":"https:\/\/dmcsrb.com\/region\/drugi-krug-izbora-u-sjevernoj-makedoniji-manja-izlaznost-nego-u-prvom-krugu\/"},"wordCount":115,"commentCount":0,"image":{"@id":"https:\/\/dmcsrb.com\/region\/drugi-krug-izbora-u-sjevernoj-makedoniji-manja-izlaznost-nego-u-prvom-krugu\/#primaryimage"},"thumbnailUrl":"https:\/\/dmcsrb.com\/wp-content\/uploads\/2026\/01\/20251102185350_935760.webp","keywords":["Drugi krug izbora","Manja izlaznost","Prvi krug","Sjeverna Makedonija"],"articleSection":["Region"],"inLanguage":"en-GB","potentialAction":[{"@type":"CommentAction","name":"Comment","target":["https:\/\/dmcsrb.com\/region\/drugi-krug-izbora-u-sjevernoj-makedoniji-manja-izlaznost-nego-u-prvom-krugu\/#respond"]}]},{"@type":"WebPage","@id":"https:\/\/dmcsrb.com\/region\/drugi-krug-izbora-u-sjevernoj-makedoniji-manja-izlaznost-nego-u-prvom-krugu\/","url":"https:\/\/dmcsrb.com\/region\/drugi-krug-izbora-u-sjevernoj-makedoniji-manja-izlaznost-nego-u-prvom-krugu\/","name":"Drugi krug izbora u Sjevernoj Makedoniji, manja izlaznost nego u prvom krugu - dmcsrb.com","isPartOf":{"@id":"https:\/\/dmcsrb.com\/#website"},"primaryImageOfPage":{"@id":"https:\/\/dmcsrb.com\/region\/drugi-krug-izbora-u-sjevernoj-makedoniji-manja-izlaznost-nego-u-prvom-krugu\/#primaryimage"},"image":{"@id":"https:\/\/dmcsrb.com\/region\/drugi-krug-izbora-u-sjevernoj-makedoniji-manja-izlaznost-nego-u-prvom-krugu\/#primaryimage"},"thumbnailUrl":"https:\/\/dmcsrb.com\/wp-content\/uploads\/2026\/01\/20251102185350_935760.webp","datePublished":"2025-11-02T18:06:00+00:00","author":{"@id":"https:\/\/dmcsrb.com\/#\/schema\/person\/5c39170f12db1b8b457732d0b5c854e2"},"breadcrumb":{"@id":"https:\/\/dmcsrb.com\/region\/drugi-krug-izbora-u-sjevernoj-makedoniji-manja-izlaznost-nego-u-prvom-krugu\/#breadcrumb"},"inLanguage":"en-GB","potentialAction":[{"@type":"ReadAction","target":["https:\/\/dmcsrb.com\/region\/drugi-krug-izbora-u-sjevernoj-makedoniji-manja-izlaznost-nego-u-prvom-krugu\/"]}]},{"@type":"ImageObject","inLanguage":"en-GB","@id":"https:\/\/dmcsrb.com\/region\/drugi-krug-izbora-u-sjevernoj-makedoniji-manja-izlaznost-nego-u-prvom-krugu\/#primaryimage","url":"https:\/\/dmcsrb.com\/wp-content\/uploads\/2026\/01\/20251102185350_935760.webp","contentUrl":"https:\/\/dmcsrb.com\/wp-content\/uploads\/2026\/01\/20251102185350_935760.webp","width":1200,"height":800},{"@type":"BreadcrumbList","@id":"https:\/\/dmcsrb.com\/region\/drugi-krug-izbora-u-sjevernoj-makedoniji-manja-izlaznost-nego-u-prvom-krugu\/#breadcrumb","itemListElement":[{"@type":"ListItem","position":1,"name":"Home","item":"https:\/\/dmcsrb.com\/"},{"@type":"ListItem","position":2,"name":"Drugi krug izbora u Sjevernoj Makedoniji, manja izlaznost nego u prvom krugu"}]},{"@type":"WebSite","@id":"https:\/\/dmcsrb.com\/#website","url":"https:\/\/dmcsrb.com\/","name":"dmcsrb.com","description":"","potentialAction":[{"@type":"SearchAction","target":{"@type":"EntryPoint","urlTemplate":"https:\/\/dmcsrb.com\/?s={search_term_string}"},"query-input":{"@type":"PropertyValueSpecification","valueRequired":true,"valueName":"search_term_string"}}],"inLanguage":"en-GB"},{"@type":"Person","@id":"https:\/\/dmcsrb.com\/#\/schema\/person\/5c39170f12db1b8b457732d0b5c854e2","name":"dmcsrbija.com@gmail.com","image":{"@type":"ImageObject","inLanguage":"en-GB","@id":"https:\/\/secure.gravatar.com\/avatar\/68592660ad6347fad0fb587f8d5d8f1a7b44961362f56e4f2cd524feb87e9069?s=96&d=mm&r=g","url":"https:\/\/secure.gravatar.com\/avatar\/68592660ad6347fad0fb587f8d5d8f1a7b44961362f56e4f2cd524feb87e9069?s=96&d=mm&r=g","contentUrl":"https:\/\/secure.gravatar.com\/avatar\/68592660ad6347fad0fb587f8d5d8f1a7b44961362f56e4f2cd524feb87e9069?s=96&d=mm&r=g","caption":"dmcsrbija.com@gmail.com"},"sameAs":["https:\/\/dmcsrb.com"],"url":"https:\/\/dmcsrb.com\/en\/author\/dmcsrbija-comgmail-com\/"}]}},"_links":{"self":[{"href":"https:\/\/dmcsrb.com\/en\/wp-json\/wp\/v2\/posts\/961532","targetHints":{"allow":["GET"]}}],"collection":[{"href":"https:\/\/dmcsrb.com\/en\/wp-json\/wp\/v2\/posts"}],"about":[{"href":"https:\/\/dmcsrb.com\/en\/wp-json\/wp\/v2\/types\/post"}],"author":[{"embeddable":true,"href":"https:\/\/dmcsrb.com\/en\/wp-json\/wp\/v2\/users\/1"}],"replies":[{"embeddable":true,"href":"https:\/\/dmcsrb.com\/en\/wp-json\/wp\/v2\/comments?post=961532"}],"version-history":[{"count":0,"href":"https:\/\/dmcsrb.com\/en\/wp-json\/wp\/v2\/posts\/961532\/revisions"}],"wp:featuredmedia":[{"embeddable":true,"href":"https:\/\/dmcsrb.com\/en\/wp-json\/wp\/v2\/media\/961533"}],"wp:attachment":[{"href":"https:\/\/dmcsrb.com\/en\/wp-json\/wp\/v2\/media?parent=961532"}],"wp:term":[{"taxonomy":"category","embeddable":true,"href":"https:\/\/dmcsrb.com\/en\/wp-json\/wp\/v2\/categories?post=961532"},{"taxonomy":"post_tag","embeddable":true,"href":"https:\/\/dmcsrb.com\/en\/wp-json\/wp\/v2\/tags?post=961532"},{"taxonomy":"naslovna","embeddable":true,"href":"https:\/\/dmcsrb.com\/en\/wp-json\/wp\/v2\/naslovna?post=961532"}],"curies":[{"name":"wp","href":"https:\/\/api.w.org\/{rel}","templated":true}]}}