{"id":961491,"date":"2025-11-02T14:46:00","date_gmt":"2025-11-02T13:46:00","guid":{"rendered":"https:\/\/dmcsrb.com\/uncategorized\/knezevic-stvorila-se-hajka-da-sam-po-dogovoru-sa-vucicem-uvelicao-broj-turaka-u-crnoj-gori\/"},"modified":"2025-11-02T14:46:00","modified_gmt":"2025-11-02T13:46:00","slug":"knezevic-stvorila-se-hajka-da-sam-po-dogovoru-sa-vucicem-uvelicao-broj-turaka-u-crnoj-gori","status":"publish","type":"post","link":"https:\/\/dmcsrb.com\/en\/politika\/knezevic-stvorila-se-hajka-da-sam-po-dogovoru-sa-vucicem-uvelicao-broj-turaka-u-crnoj-gori\/","title":{"rendered":"Kne\u017eevi\u0107: Stvorila se hajka da sam po dogovoru sa Vu\u010di\u0107em uveli\u010dao broj Turaka u Crnoj Gori"},"content":{"rendered":"<p><\/p>\n\n\n\n<p>\u201cSu\u0161tina je u slede\u0107em \u2013 ja sam imao jedan intervju na va\u0161oj televiziji negdje oko osam \u010dasova uve\u010de u subotu gdje sam govorio o imigracionom problemu i velikom broju gra\u0111ana Turske koji legalno i nelegalno borave u Crnoj Gori. Sumnjaju\u0107i u neke kriminalne aktivnosti koje su se potvrdile kroz izjave i nekih turskih novinara. Ta emisija se zavr\u0161ila oko 21.30 a negdje oko 12 \u010dasova je do\u0161lo do incidenta gdje je grupa azerbejd\u017eanskih i turskih doseljenika izbola mladi\u0107a u jednom podgori\u010dkom kvartu koji se zove Zabjelo\u201c, kazao je Kne\u017eevi\u0107.<\/p>\n\n\n\n<p>On dodaje da je krenula hajka na njega da je on po dogovoru sa<strong>&nbsp;Aleksandrom Vu\u010di\u0107em<\/strong>&nbsp;sve ovo najavio i da sam uveli\u010dao broj Turaka u Crnoj Gori upravo na Prvoj televiziji.<\/p>\n\n\n\n<p>\u201eDa bi onda ovi mladi\u0107i krenuli u napad na ovog Podgori\u010danina. Sada je u toku istraga koja je i\u0161la u pravcu da su pohap\u0161eni turski i azerbejd\u017eanski dr\u017eavljani ali su uhap\u0161eni pogre\u0161ni ljudi, a onda je saop\u0161teno iz Uprave policije da su pohap\u0161eni pravi Azerbejd\u017eanci i da tra\u017ee jo\u0161 neke Turke ili opet Azerbejd\u017eance. Na kraju pretpostavljam da \u0107e se ispostaviti da sam se ja preobukvao u Azerbejd\u017eanca ili Tur\u010dina ili izboo ovog mladi\u0107a, a mo\u017eda da sam se istovremeno preobukao i u ovog mladi\u0107a jer ispada da sam ja napravio atmosferu lin\u010da kada sam postavio pitanje koliko ima Turaka u Crnoj Gori\u201c, kazao je on za Prvu.<\/p>\n\n\n\n<p>Kako je dodao, odatle je sve po\u010delo a onda se stvorila atmosfera da ga je, kako ka\u017ee, Vu\u010di\u0107 instruisao da govori o Turcima na televiziji Prva i da \u0107e se \u201csuprotstaviti kroz novi Kosovski boj Turcima i da \u017eele da destabilizujemo Crnu Goru jer je to u interesu Srbije\u201d.<\/p>\n\n\n\n<p>\u201cOvo bi trebalo vi\u0161e da bude za psihijatrijski tretman u Lazi Lazarevi\u0107u \u2013 ali to je politi\u010dka zbilja u Crnoj Gori. Onda su krenuli napadi da mene treba uhapsiti a bilo je i toga da me treba nabiti na kolac, bilo je raznih inventivnih ideja \u0161ta treba raditi sa mojom glavom i u\u0161ima. Glava mi je jo\u0161 uvijek na ramenima, jako sam dobro raspolo\u017een i \u017eelim da doprinesem smirivanju tenzija i da osudim sve ono \u0161to je i\u0161lo u pravcu napada i prozivanja turskih dr\u017eavljana. Ne mo\u017eemo generalizovati sve ljude. Nisu svi ljudi u Turskoj kriminalci i potencijalne ubice. Crnoj Gori je potrebna nova imigraciona politika. Ako se ovako nastavi, ima\u0107emo jo\u0161 vi\u0161e incidenata i te\u0161ko \u0107emo mo\u0107i da se borimo sa njima\u201c, kazao je Kne\u017eevi\u0107 za Prvu.<\/p>","protected":false},"excerpt":{"rendered":"<p>Predsjednik Demokratske narodne partije Milan Kne\u017eevi\u0107 gostovao je na srpskoj Prvoj televiziji i govorio o de\u0161avanjima iz Crne Gore, navode\u0107i da bi to i &#8220;Poaro da je \u017eiv te\u0161ko objasnio&#8221;. Isti\u010de i da je krenula hajka da je po dogovoru sa predsjednikom Srbije Aleksandrom Vu\u010di\u0107em uveli\u010dao broj Turaka u Crnoj Gori.<\/p>","protected":false},"author":1,"featured_media":910149,"comment_status":"open","ping_status":"open","sticky":false,"template":"","format":"standard","meta":{"_acf_changed":false,"footnotes":""},"categories":[12],"tags":[13309,95,13310,12684,273],"naslovna":[],"class_list":["post-961491","post","type-post","status-publish","format-standard","has-post-thumbnail","hentry","category-politika","tag-broj-turaka","tag-crna-gora","tag-dogovor-sa-vucicem","tag-hajka","tag-milan-knezevic"],"acf":[],"yoast_head":"<!-- This site is optimized with the Yoast SEO plugin v27.4 - https:\/\/yoast.com\/product\/yoast-seo-wordpress\/ -->\n<title>Kne\u017eevi\u0107: Stvorila se hajka da sam po dogovoru sa Vu\u010di\u0107em uveli\u010dao broj Turaka u Crnoj Gori - dmcsrb.com<\/title>\n<meta name=\"robots\" content=\"index, follow, max-snippet:-1, max-image-preview:large, max-video-preview:-1\" \/>\n<link rel=\"canonical\" href=\"https:\/\/dmcsrb.com\/en\/politika\/knezevic-stvorila-se-hajka-da-sam-po-dogovoru-sa-vucicem-uvelicao-broj-turaka-u-crnoj-gori\/\" \/>\n<meta property=\"og:locale\" content=\"en_GB\" \/>\n<meta property=\"og:type\" content=\"article\" \/>\n<meta property=\"og:title\" content=\"Kne\u017eevi\u0107: Stvorila se hajka da sam po dogovoru sa Vu\u010di\u0107em uveli\u010dao broj Turaka u Crnoj Gori - dmcsrb.com\" \/>\n<meta property=\"og:description\" content=\"Predsjednik Demokratske narodne partije Milan Kne\u017eevi\u0107 gostovao je na srpskoj Prvoj televiziji i govorio o de\u0161avanjima iz Crne Gore, navode\u0107i da bi to i &quot;Poaro da je \u017eiv te\u0161ko objasnio&quot;. Isti\u010de i da je krenula hajka da je po dogovoru sa predsjednikom Srbije Aleksandrom Vu\u010di\u0107em uveli\u010dao broj Turaka u Crnoj Gori.\" \/>\n<meta property=\"og:url\" content=\"https:\/\/dmcsrb.com\/en\/politika\/knezevic-stvorila-se-hajka-da-sam-po-dogovoru-sa-vucicem-uvelicao-broj-turaka-u-crnoj-gori\/\" \/>\n<meta property=\"og:site_name\" content=\"dmcsrb.com\" \/>\n<meta property=\"article:published_time\" content=\"2025-11-02T13:46:00+00:00\" \/>\n<meta property=\"og:image\" content=\"https:\/\/dmcsrb.com\/wp-content\/uploads\/2026\/01\/Milan-Knezevic.jpg\" \/>\n\t<meta property=\"og:image:width\" content=\"660\" \/>\n\t<meta property=\"og:image:height\" content=\"459\" \/>\n\t<meta property=\"og:image:type\" content=\"image\/jpeg\" \/>\n<meta name=\"author\" content=\"dmcsrbija.com@gmail.com\" \/>\n<meta name=\"twitter:card\" content=\"summary_large_image\" \/>\n<meta name=\"twitter:label1\" content=\"Written by\" \/>\n\t<meta name=\"twitter:data1\" content=\"dmcsrbija.com@gmail.com\" \/>\n\t<meta name=\"twitter:label2\" content=\"Estimated reading time\" \/>\n\t<meta name=\"twitter:data2\" content=\"2 minutes\" \/>\n<script type=\"application\/ld+json\" class=\"yoast-schema-graph\">{\"@context\":\"https:\\\/\\\/schema.org\",\"@graph\":[{\"@type\":\"Article\",\"@id\":\"https:\\\/\\\/dmcsrb.com\\\/politika\\\/knezevic-stvorila-se-hajka-da-sam-po-dogovoru-sa-vucicem-uvelicao-broj-turaka-u-crnoj-gori\\\/#article\",\"isPartOf\":{\"@id\":\"https:\\\/\\\/dmcsrb.com\\\/politika\\\/knezevic-stvorila-se-hajka-da-sam-po-dogovoru-sa-vucicem-uvelicao-broj-turaka-u-crnoj-gori\\\/\"},\"author\":{\"name\":\"dmcsrbija.com@gmail.com\",\"@id\":\"https:\\\/\\\/dmcsrb.com\\\/#\\\/schema\\\/person\\\/5c39170f12db1b8b457732d0b5c854e2\"},\"headline\":\"Kne\u017eevi\u0107: Stvorila se hajka da sam po dogovoru sa Vu\u010di\u0107em uveli\u010dao broj Turaka u Crnoj Gori\",\"datePublished\":\"2025-11-02T13:46:00+00:00\",\"mainEntityOfPage\":{\"@id\":\"https:\\\/\\\/dmcsrb.com\\\/politika\\\/knezevic-stvorila-se-hajka-da-sam-po-dogovoru-sa-vucicem-uvelicao-broj-turaka-u-crnoj-gori\\\/\"},\"wordCount\":474,\"commentCount\":0,\"image\":{\"@id\":\"https:\\\/\\\/dmcsrb.com\\\/politika\\\/knezevic-stvorila-se-hajka-da-sam-po-dogovoru-sa-vucicem-uvelicao-broj-turaka-u-crnoj-gori\\\/#primaryimage\"},\"thumbnailUrl\":\"https:\\\/\\\/dmcsrb.com\\\/wp-content\\\/uploads\\\/2026\\\/01\\\/Milan-Knezevic.jpg\",\"keywords\":[\"Broj Turaka\",\"Crna Gora\",\"Dogovor sa Vu\u010di\u0107em\",\"hajka\",\"milan kne\u017eevi\u0107\"],\"articleSection\":[\"Politika\"],\"inLanguage\":\"en-GB\",\"potentialAction\":[{\"@type\":\"CommentAction\",\"name\":\"Comment\",\"target\":[\"https:\\\/\\\/dmcsrb.com\\\/politika\\\/knezevic-stvorila-se-hajka-da-sam-po-dogovoru-sa-vucicem-uvelicao-broj-turaka-u-crnoj-gori\\\/#respond\"]}]},{\"@type\":\"WebPage\",\"@id\":\"https:\\\/\\\/dmcsrb.com\\\/politika\\\/knezevic-stvorila-se-hajka-da-sam-po-dogovoru-sa-vucicem-uvelicao-broj-turaka-u-crnoj-gori\\\/\",\"url\":\"https:\\\/\\\/dmcsrb.com\\\/politika\\\/knezevic-stvorila-se-hajka-da-sam-po-dogovoru-sa-vucicem-uvelicao-broj-turaka-u-crnoj-gori\\\/\",\"name\":\"Kne\u017eevi\u0107: Stvorila se hajka da sam po dogovoru sa Vu\u010di\u0107em uveli\u010dao broj Turaka u Crnoj Gori - dmcsrb.com\",\"isPartOf\":{\"@id\":\"https:\\\/\\\/dmcsrb.com\\\/#website\"},\"primaryImageOfPage\":{\"@id\":\"https:\\\/\\\/dmcsrb.com\\\/politika\\\/knezevic-stvorila-se-hajka-da-sam-po-dogovoru-sa-vucicem-uvelicao-broj-turaka-u-crnoj-gori\\\/#primaryimage\"},\"image\":{\"@id\":\"https:\\\/\\\/dmcsrb.com\\\/politika\\\/knezevic-stvorila-se-hajka-da-sam-po-dogovoru-sa-vucicem-uvelicao-broj-turaka-u-crnoj-gori\\\/#primaryimage\"},\"thumbnailUrl\":\"https:\\\/\\\/dmcsrb.com\\\/wp-content\\\/uploads\\\/2026\\\/01\\\/Milan-Knezevic.jpg\",\"datePublished\":\"2025-11-02T13:46:00+00:00\",\"author\":{\"@id\":\"https:\\\/\\\/dmcsrb.com\\\/#\\\/schema\\\/person\\\/5c39170f12db1b8b457732d0b5c854e2\"},\"breadcrumb\":{\"@id\":\"https:\\\/\\\/dmcsrb.com\\\/politika\\\/knezevic-stvorila-se-hajka-da-sam-po-dogovoru-sa-vucicem-uvelicao-broj-turaka-u-crnoj-gori\\\/#breadcrumb\"},\"inLanguage\":\"en-GB\",\"potentialAction\":[{\"@type\":\"ReadAction\",\"target\":[\"https:\\\/\\\/dmcsrb.com\\\/politika\\\/knezevic-stvorila-se-hajka-da-sam-po-dogovoru-sa-vucicem-uvelicao-broj-turaka-u-crnoj-gori\\\/\"]}]},{\"@type\":\"ImageObject\",\"inLanguage\":\"en-GB\",\"@id\":\"https:\\\/\\\/dmcsrb.com\\\/politika\\\/knezevic-stvorila-se-hajka-da-sam-po-dogovoru-sa-vucicem-uvelicao-broj-turaka-u-crnoj-gori\\\/#primaryimage\",\"url\":\"https:\\\/\\\/dmcsrb.com\\\/wp-content\\\/uploads\\\/2026\\\/01\\\/Milan-Knezevic.jpg\",\"contentUrl\":\"https:\\\/\\\/dmcsrb.com\\\/wp-content\\\/uploads\\\/2026\\\/01\\\/Milan-Knezevic.jpg\",\"width\":660,\"height\":459},{\"@type\":\"BreadcrumbList\",\"@id\":\"https:\\\/\\\/dmcsrb.com\\\/politika\\\/knezevic-stvorila-se-hajka-da-sam-po-dogovoru-sa-vucicem-uvelicao-broj-turaka-u-crnoj-gori\\\/#breadcrumb\",\"itemListElement\":[{\"@type\":\"ListItem\",\"position\":1,\"name\":\"Home\",\"item\":\"https:\\\/\\\/dmcsrb.com\\\/\"},{\"@type\":\"ListItem\",\"position\":2,\"name\":\"Kne\u017eevi\u0107: Stvorila se hajka da sam po dogovoru sa Vu\u010di\u0107em uveli\u010dao broj Turaka u Crnoj Gori\"}]},{\"@type\":\"WebSite\",\"@id\":\"https:\\\/\\\/dmcsrb.com\\\/#website\",\"url\":\"https:\\\/\\\/dmcsrb.com\\\/\",\"name\":\"dmcsrb.com\",\"description\":\"\",\"potentialAction\":[{\"@type\":\"SearchAction\",\"target\":{\"@type\":\"EntryPoint\",\"urlTemplate\":\"https:\\\/\\\/dmcsrb.com\\\/?s={search_term_string}\"},\"query-input\":{\"@type\":\"PropertyValueSpecification\",\"valueRequired\":true,\"valueName\":\"search_term_string\"}}],\"inLanguage\":\"en-GB\"},{\"@type\":\"Person\",\"@id\":\"https:\\\/\\\/dmcsrb.com\\\/#\\\/schema\\\/person\\\/5c39170f12db1b8b457732d0b5c854e2\",\"name\":\"dmcsrbija.com@gmail.com\",\"image\":{\"@type\":\"ImageObject\",\"inLanguage\":\"en-GB\",\"@id\":\"https:\\\/\\\/secure.gravatar.com\\\/avatar\\\/68592660ad6347fad0fb587f8d5d8f1a7b44961362f56e4f2cd524feb87e9069?s=96&d=mm&r=g\",\"url\":\"https:\\\/\\\/secure.gravatar.com\\\/avatar\\\/68592660ad6347fad0fb587f8d5d8f1a7b44961362f56e4f2cd524feb87e9069?s=96&d=mm&r=g\",\"contentUrl\":\"https:\\\/\\\/secure.gravatar.com\\\/avatar\\\/68592660ad6347fad0fb587f8d5d8f1a7b44961362f56e4f2cd524feb87e9069?s=96&d=mm&r=g\",\"caption\":\"dmcsrbija.com@gmail.com\"},\"sameAs\":[\"https:\\\/\\\/dmcsrb.com\"],\"url\":\"https:\\\/\\\/dmcsrb.com\\\/en\\\/author\\\/dmcsrbija-comgmail-com\\\/\"}]}<\/script>\n<!-- \/ Yoast SEO plugin. -->","yoast_head_json":{"title":"Kne\u017eevi\u0107: Stvorila se hajka da sam po dogovoru sa Vu\u010di\u0107em uveli\u010dao broj Turaka u Crnoj Gori - dmcsrb.com","robots":{"index":"index","follow":"follow","max-snippet":"max-snippet:-1","max-image-preview":"max-image-preview:large","max-video-preview":"max-video-preview:-1"},"canonical":"https:\/\/dmcsrb.com\/en\/politika\/knezevic-stvorila-se-hajka-da-sam-po-dogovoru-sa-vucicem-uvelicao-broj-turaka-u-crnoj-gori\/","og_locale":"en_GB","og_type":"article","og_title":"Kne\u017eevi\u0107: Stvorila se hajka da sam po dogovoru sa Vu\u010di\u0107em uveli\u010dao broj Turaka u Crnoj Gori - dmcsrb.com","og_description":"Predsjednik Demokratske narodne partije Milan Kne\u017eevi\u0107 gostovao je na srpskoj Prvoj televiziji i govorio o de\u0161avanjima iz Crne Gore, navode\u0107i da bi to i \"Poaro da je \u017eiv te\u0161ko objasnio\". Isti\u010de i da je krenula hajka da je po dogovoru sa predsjednikom Srbije Aleksandrom Vu\u010di\u0107em uveli\u010dao broj Turaka u Crnoj Gori.","og_url":"https:\/\/dmcsrb.com\/en\/politika\/knezevic-stvorila-se-hajka-da-sam-po-dogovoru-sa-vucicem-uvelicao-broj-turaka-u-crnoj-gori\/","og_site_name":"dmcsrb.com","article_published_time":"2025-11-02T13:46:00+00:00","og_image":[{"width":660,"height":459,"url":"https:\/\/dmcsrb.com\/wp-content\/uploads\/2026\/01\/Milan-Knezevic.jpg","type":"image\/jpeg"}],"author":"dmcsrbija.com@gmail.com","twitter_card":"summary_large_image","twitter_misc":{"Written by":"dmcsrbija.com@gmail.com","Estimated reading time":"2 minutes"},"schema":{"@context":"https:\/\/schema.org","@graph":[{"@type":"Article","@id":"https:\/\/dmcsrb.com\/politika\/knezevic-stvorila-se-hajka-da-sam-po-dogovoru-sa-vucicem-uvelicao-broj-turaka-u-crnoj-gori\/#article","isPartOf":{"@id":"https:\/\/dmcsrb.com\/politika\/knezevic-stvorila-se-hajka-da-sam-po-dogovoru-sa-vucicem-uvelicao-broj-turaka-u-crnoj-gori\/"},"author":{"name":"dmcsrbija.com@gmail.com","@id":"https:\/\/dmcsrb.com\/#\/schema\/person\/5c39170f12db1b8b457732d0b5c854e2"},"headline":"Kne\u017eevi\u0107: Stvorila se hajka da sam po dogovoru sa Vu\u010di\u0107em uveli\u010dao broj Turaka u Crnoj Gori","datePublished":"2025-11-02T13:46:00+00:00","mainEntityOfPage":{"@id":"https:\/\/dmcsrb.com\/politika\/knezevic-stvorila-se-hajka-da-sam-po-dogovoru-sa-vucicem-uvelicao-broj-turaka-u-crnoj-gori\/"},"wordCount":474,"commentCount":0,"image":{"@id":"https:\/\/dmcsrb.com\/politika\/knezevic-stvorila-se-hajka-da-sam-po-dogovoru-sa-vucicem-uvelicao-broj-turaka-u-crnoj-gori\/#primaryimage"},"thumbnailUrl":"https:\/\/dmcsrb.com\/wp-content\/uploads\/2026\/01\/Milan-Knezevic.jpg","keywords":["Broj Turaka","Crna Gora","Dogovor sa Vu\u010di\u0107em","hajka","milan kne\u017eevi\u0107"],"articleSection":["Politika"],"inLanguage":"en-GB","potentialAction":[{"@type":"CommentAction","name":"Comment","target":["https:\/\/dmcsrb.com\/politika\/knezevic-stvorila-se-hajka-da-sam-po-dogovoru-sa-vucicem-uvelicao-broj-turaka-u-crnoj-gori\/#respond"]}]},{"@type":"WebPage","@id":"https:\/\/dmcsrb.com\/politika\/knezevic-stvorila-se-hajka-da-sam-po-dogovoru-sa-vucicem-uvelicao-broj-turaka-u-crnoj-gori\/","url":"https:\/\/dmcsrb.com\/politika\/knezevic-stvorila-se-hajka-da-sam-po-dogovoru-sa-vucicem-uvelicao-broj-turaka-u-crnoj-gori\/","name":"Kne\u017eevi\u0107: Stvorila se hajka da sam po dogovoru sa Vu\u010di\u0107em uveli\u010dao broj Turaka u Crnoj Gori - dmcsrb.com","isPartOf":{"@id":"https:\/\/dmcsrb.com\/#website"},"primaryImageOfPage":{"@id":"https:\/\/dmcsrb.com\/politika\/knezevic-stvorila-se-hajka-da-sam-po-dogovoru-sa-vucicem-uvelicao-broj-turaka-u-crnoj-gori\/#primaryimage"},"image":{"@id":"https:\/\/dmcsrb.com\/politika\/knezevic-stvorila-se-hajka-da-sam-po-dogovoru-sa-vucicem-uvelicao-broj-turaka-u-crnoj-gori\/#primaryimage"},"thumbnailUrl":"https:\/\/dmcsrb.com\/wp-content\/uploads\/2026\/01\/Milan-Knezevic.jpg","datePublished":"2025-11-02T13:46:00+00:00","author":{"@id":"https:\/\/dmcsrb.com\/#\/schema\/person\/5c39170f12db1b8b457732d0b5c854e2"},"breadcrumb":{"@id":"https:\/\/dmcsrb.com\/politika\/knezevic-stvorila-se-hajka-da-sam-po-dogovoru-sa-vucicem-uvelicao-broj-turaka-u-crnoj-gori\/#breadcrumb"},"inLanguage":"en-GB","potentialAction":[{"@type":"ReadAction","target":["https:\/\/dmcsrb.com\/politika\/knezevic-stvorila-se-hajka-da-sam-po-dogovoru-sa-vucicem-uvelicao-broj-turaka-u-crnoj-gori\/"]}]},{"@type":"ImageObject","inLanguage":"en-GB","@id":"https:\/\/dmcsrb.com\/politika\/knezevic-stvorila-se-hajka-da-sam-po-dogovoru-sa-vucicem-uvelicao-broj-turaka-u-crnoj-gori\/#primaryimage","url":"https:\/\/dmcsrb.com\/wp-content\/uploads\/2026\/01\/Milan-Knezevic.jpg","contentUrl":"https:\/\/dmcsrb.com\/wp-content\/uploads\/2026\/01\/Milan-Knezevic.jpg","width":660,"height":459},{"@type":"BreadcrumbList","@id":"https:\/\/dmcsrb.com\/politika\/knezevic-stvorila-se-hajka-da-sam-po-dogovoru-sa-vucicem-uvelicao-broj-turaka-u-crnoj-gori\/#breadcrumb","itemListElement":[{"@type":"ListItem","position":1,"name":"Home","item":"https:\/\/dmcsrb.com\/"},{"@type":"ListItem","position":2,"name":"Kne\u017eevi\u0107: Stvorila se hajka da sam po dogovoru sa Vu\u010di\u0107em uveli\u010dao broj Turaka u Crnoj Gori"}]},{"@type":"WebSite","@id":"https:\/\/dmcsrb.com\/#website","url":"https:\/\/dmcsrb.com\/","name":"dmcsrb.com","description":"","potentialAction":[{"@type":"SearchAction","target":{"@type":"EntryPoint","urlTemplate":"https:\/\/dmcsrb.com\/?s={search_term_string}"},"query-input":{"@type":"PropertyValueSpecification","valueRequired":true,"valueName":"search_term_string"}}],"inLanguage":"en-GB"},{"@type":"Person","@id":"https:\/\/dmcsrb.com\/#\/schema\/person\/5c39170f12db1b8b457732d0b5c854e2","name":"dmcsrbija.com@gmail.com","image":{"@type":"ImageObject","inLanguage":"en-GB","@id":"https:\/\/secure.gravatar.com\/avatar\/68592660ad6347fad0fb587f8d5d8f1a7b44961362f56e4f2cd524feb87e9069?s=96&d=mm&r=g","url":"https:\/\/secure.gravatar.com\/avatar\/68592660ad6347fad0fb587f8d5d8f1a7b44961362f56e4f2cd524feb87e9069?s=96&d=mm&r=g","contentUrl":"https:\/\/secure.gravatar.com\/avatar\/68592660ad6347fad0fb587f8d5d8f1a7b44961362f56e4f2cd524feb87e9069?s=96&d=mm&r=g","caption":"dmcsrbija.com@gmail.com"},"sameAs":["https:\/\/dmcsrb.com"],"url":"https:\/\/dmcsrb.com\/en\/author\/dmcsrbija-comgmail-com\/"}]}},"_links":{"self":[{"href":"https:\/\/dmcsrb.com\/en\/wp-json\/wp\/v2\/posts\/961491","targetHints":{"allow":["GET"]}}],"collection":[{"href":"https:\/\/dmcsrb.com\/en\/wp-json\/wp\/v2\/posts"}],"about":[{"href":"https:\/\/dmcsrb.com\/en\/wp-json\/wp\/v2\/types\/post"}],"author":[{"embeddable":true,"href":"https:\/\/dmcsrb.com\/en\/wp-json\/wp\/v2\/users\/1"}],"replies":[{"embeddable":true,"href":"https:\/\/dmcsrb.com\/en\/wp-json\/wp\/v2\/comments?post=961491"}],"version-history":[{"count":0,"href":"https:\/\/dmcsrb.com\/en\/wp-json\/wp\/v2\/posts\/961491\/revisions"}],"wp:featuredmedia":[{"embeddable":true,"href":"https:\/\/dmcsrb.com\/en\/wp-json\/wp\/v2\/media\/910149"}],"wp:attachment":[{"href":"https:\/\/dmcsrb.com\/en\/wp-json\/wp\/v2\/media?parent=961491"}],"wp:term":[{"taxonomy":"category","embeddable":true,"href":"https:\/\/dmcsrb.com\/en\/wp-json\/wp\/v2\/categories?post=961491"},{"taxonomy":"post_tag","embeddable":true,"href":"https:\/\/dmcsrb.com\/en\/wp-json\/wp\/v2\/tags?post=961491"},{"taxonomy":"naslovna","embeddable":true,"href":"https:\/\/dmcsrb.com\/en\/wp-json\/wp\/v2\/naslovna?post=961491"}],"curies":[{"name":"wp","href":"https:\/\/api.w.org\/{rel}","templated":true}]}}