{"id":961480,"date":"2025-11-02T13:19:18","date_gmt":"2025-11-02T12:19:18","guid":{"rendered":"https:\/\/dmcsrb.com\/uncategorized\/demokrate-pitaju-markovica-da-li-je-perunicic-nezakonito-nadzirao-gradjane-po-vasem-nalogu\/"},"modified":"2025-11-02T13:19:18","modified_gmt":"2025-11-02T12:19:18","slug":"demokrate-pitaju-markovica-da-li-je-perunicic-nezakonito-nadzirao-gradjane-po-vasem-nalogu","status":"publish","type":"post","link":"https:\/\/dmcsrb.com\/en\/politika\/demokrate-pitaju-markovica-da-li-je-perunicic-nezakonito-nadzirao-gradjane-po-vasem-nalogu\/","title":{"rendered":"Demokrate pitaju Markovi\u0107a: Da li je Peruni\u010di\u0107, nezakonito nadzirao gra\u0111ane po va\u0161em nalogu?"},"content":{"rendered":"<p><\/p>\n\n\n\n<p>Iz te partije su reagovali na izjavu predsjednika Stranke evropskog progresa Du\u0161ka Markovi\u0107a koji je kazao da se Demokrate slu\u017ee manipulacijama i podvalama. Demokrate pitaju Markovi\u0107a budu\u0107i da tvrdi da je sve radio po zakonu, da li je Peruni\u010di\u0107, nezakonito nadzirao gra\u0111ane po njegovom nalogu?<\/p>\n\n\n\n<p>\u201cPa je tako, potpuno \u201ezakonito\u201c, ba\u0161 po proceduri koju danas brani imenovan i biv\u0161i direktor zloglasne SDB i ANB-a, \u010dovjek protiv kojeg se danas, prema zvani\u010dnoj optu\u017enici, vodi postupak zbog zloupotrebe slu\u017ebenog polo\u017eaja: zbog toga \u0161to je, kako se tereti, izdavao usmene naloge za nezakoniti nadzor komunikacija najmanje pedesetak gra\u0111ana, jedne politi\u010dke partije, vi\u0161e privrednih dru\u0161tava i \u010dak jedne vjerske zajednice. Sve to, prema optu\u017ebi, bez sudskog naloga, suprotno Zakonu o ANB-u, Ustavu i Evropskoj konvenciji o ljudskim pravima. A taj \u010dovjek, imenovan je upravo na Markovi\u0107ev predlog i uz Markovi\u0107ev glas\u201d, dodaju u reagovanju.<\/p>\n\n\n\n<p>Iz te partije pitaju Markovi\u0107a da li je i Peruni\u010di\u0107 nazirao gra\u0111ane po njegovom nalogu.&nbsp;<\/p>\n\n\n\n<p>\u201cZato gospodine Markovi\u0107u, kada ve\u0107 tvrdite da je sve bilo zakonito i da su institucije radile po va\u0161im standardima, onda imamo sasvim jednostavno pitanje: da li je Peruni\u010di\u0107, nezakonito nadzirao gra\u0111ane po va\u0161em nalogu? Ako je procedura bila besprekorna, onda je i odgovornost koju tvrdite da niste imali, upravo tamo gdje ste je i ostavili\u201d, navode i se u reagovanju Demokrata.&nbsp;<\/p>\n\n\n\n<p>Jer, dodaju, pod va\u0161im mandatom u bezbjednosni sektor je o\u010digkedno u\u0161lo vi\u0161e kriminalaca nego \u0161to ih je u vili na Grahovu okupljao Radoje Zvicer?<\/p>\n\n\n\n<p>\u201cI zato, umjesto prozivanja i predstave za javnost, bolje bi bilo da kona\u010dno odgovorite na klju\u010dno: ko je u Crnoj Gori nezakonito preslu\u0161kivao gra\u0111ane i u \u010dije ime\u201d, zaklju\u010duju.&nbsp;<\/p>\n\n\n\n<figure class=\"wp-block-embed is-type-wp-embed is-provider-gradski-portal wp-block-embed-gradski-portal\"><div class=\"wp-block-embed__wrapper\">\nhttps:\/\/gradski.me\/markovic-nema-argumenata-samo-manipulacija-i-podvale\/\n<\/div><\/figure>","protected":false},"excerpt":{"rendered":"<p>Du\u0161ko Markovi\u0107 tvrdi da su sva njegova imenovanja pro\u0161la \u201ezakonitu proceduru\u201c. Ako je tako, onda zna\u010di i da su, po njegovom priznanju, pro\u0161le i bezbjednosne provjere ili je pak Markovi\u0107u preporuka za funkciju u bezbjednoosnom sektoru umjesto po\u0161tenja bio brutalan kriminalni dosije, navodi se u reagovanju Demokratske Crne Gore.<\/p>","protected":false},"author":1,"featured_media":915196,"comment_status":"open","ping_status":"open","sticky":false,"template":"","format":"standard","meta":{"_acf_changed":false,"footnotes":""},"categories":[12],"tags":[1355,8860],"naslovna":[],"class_list":["post-961480","post","type-post","status-publish","format-standard","has-post-thumbnail","hentry","category-politika","tag-demokrate","tag-dusko-markovic"],"acf":[],"yoast_head":"<!-- This site is optimized with the Yoast SEO plugin v27.4 - https:\/\/yoast.com\/product\/yoast-seo-wordpress\/ -->\n<title>Demokrate pitaju Markovi\u0107a: Da li je Peruni\u010di\u0107, nezakonito nadzirao gra\u0111ane po va\u0161em nalogu? - dmcsrb.com<\/title>\n<meta name=\"robots\" content=\"index, follow, max-snippet:-1, max-image-preview:large, max-video-preview:-1\" \/>\n<link rel=\"canonical\" href=\"https:\/\/dmcsrb.com\/en\/politika\/demokrate-pitaju-markovica-da-li-je-perunicic-nezakonito-nadzirao-gradjane-po-vasem-nalogu\/\" \/>\n<meta property=\"og:locale\" content=\"en_GB\" \/>\n<meta property=\"og:type\" content=\"article\" \/>\n<meta property=\"og:title\" content=\"Demokrate pitaju Markovi\u0107a: Da li je Peruni\u010di\u0107, nezakonito nadzirao gra\u0111ane po va\u0161em nalogu? - dmcsrb.com\" \/>\n<meta property=\"og:description\" content=\"Du\u0161ko Markovi\u0107 tvrdi da su sva njegova imenovanja pro\u0161la \u201ezakonitu proceduru\u201c. Ako je tako, onda zna\u010di i da su, po njegovom priznanju, pro\u0161le i bezbjednosne provjere ili je pak Markovi\u0107u preporuka za funkciju u bezbjednoosnom sektoru umjesto po\u0161tenja bio brutalan kriminalni dosije, navodi se u reagovanju Demokratske Crne Gore.\" \/>\n<meta property=\"og:url\" content=\"https:\/\/dmcsrb.com\/en\/politika\/demokrate-pitaju-markovica-da-li-je-perunicic-nezakonito-nadzirao-gradjane-po-vasem-nalogu\/\" \/>\n<meta property=\"og:site_name\" content=\"dmcsrb.com\" \/>\n<meta property=\"article:published_time\" content=\"2025-11-02T12:19:18+00:00\" \/>\n<meta property=\"og:image\" content=\"https:\/\/dmcsrb.com\/wp-content\/uploads\/2026\/01\/demokrate-logo-5.jpg\" \/>\n\t<meta property=\"og:image:width\" content=\"1260\" \/>\n\t<meta property=\"og:image:height\" content=\"1023\" \/>\n\t<meta property=\"og:image:type\" content=\"image\/jpeg\" \/>\n<meta name=\"author\" content=\"dmcsrbija.com@gmail.com\" \/>\n<meta name=\"twitter:card\" content=\"summary_large_image\" \/>\n<meta name=\"twitter:label1\" content=\"Written by\" \/>\n\t<meta name=\"twitter:data1\" content=\"dmcsrbija.com@gmail.com\" \/>\n\t<meta name=\"twitter:label2\" content=\"Estimated reading time\" \/>\n\t<meta name=\"twitter:data2\" content=\"2 minutes\" \/>\n<script type=\"application\/ld+json\" class=\"yoast-schema-graph\">{\"@context\":\"https:\\\/\\\/schema.org\",\"@graph\":[{\"@type\":\"Article\",\"@id\":\"https:\\\/\\\/dmcsrb.com\\\/politika\\\/demokrate-pitaju-markovica-da-li-je-perunicic-nezakonito-nadzirao-gradjane-po-vasem-nalogu\\\/#article\",\"isPartOf\":{\"@id\":\"https:\\\/\\\/dmcsrb.com\\\/politika\\\/demokrate-pitaju-markovica-da-li-je-perunicic-nezakonito-nadzirao-gradjane-po-vasem-nalogu\\\/\"},\"author\":{\"name\":\"dmcsrbija.com@gmail.com\",\"@id\":\"https:\\\/\\\/dmcsrb.com\\\/#\\\/schema\\\/person\\\/5c39170f12db1b8b457732d0b5c854e2\"},\"headline\":\"Demokrate pitaju Markovi\u0107a: Da li je Peruni\u010di\u0107, nezakonito nadzirao gra\u0111ane po va\u0161em nalogu?\",\"datePublished\":\"2025-11-02T12:19:18+00:00\",\"mainEntityOfPage\":{\"@id\":\"https:\\\/\\\/dmcsrb.com\\\/politika\\\/demokrate-pitaju-markovica-da-li-je-perunicic-nezakonito-nadzirao-gradjane-po-vasem-nalogu\\\/\"},\"wordCount\":329,\"commentCount\":0,\"image\":{\"@id\":\"https:\\\/\\\/dmcsrb.com\\\/politika\\\/demokrate-pitaju-markovica-da-li-je-perunicic-nezakonito-nadzirao-gradjane-po-vasem-nalogu\\\/#primaryimage\"},\"thumbnailUrl\":\"https:\\\/\\\/dmcsrb.com\\\/wp-content\\\/uploads\\\/2026\\\/01\\\/demokrate-logo-5.jpg\",\"keywords\":[\"Demokrate\",\"Du\u0161ko Markovi\u0107\"],\"articleSection\":[\"Politika\"],\"inLanguage\":\"en-GB\",\"potentialAction\":[{\"@type\":\"CommentAction\",\"name\":\"Comment\",\"target\":[\"https:\\\/\\\/dmcsrb.com\\\/politika\\\/demokrate-pitaju-markovica-da-li-je-perunicic-nezakonito-nadzirao-gradjane-po-vasem-nalogu\\\/#respond\"]}]},{\"@type\":\"WebPage\",\"@id\":\"https:\\\/\\\/dmcsrb.com\\\/politika\\\/demokrate-pitaju-markovica-da-li-je-perunicic-nezakonito-nadzirao-gradjane-po-vasem-nalogu\\\/\",\"url\":\"https:\\\/\\\/dmcsrb.com\\\/politika\\\/demokrate-pitaju-markovica-da-li-je-perunicic-nezakonito-nadzirao-gradjane-po-vasem-nalogu\\\/\",\"name\":\"Demokrate pitaju Markovi\u0107a: Da li je Peruni\u010di\u0107, nezakonito nadzirao gra\u0111ane po va\u0161em nalogu? - dmcsrb.com\",\"isPartOf\":{\"@id\":\"https:\\\/\\\/dmcsrb.com\\\/#website\"},\"primaryImageOfPage\":{\"@id\":\"https:\\\/\\\/dmcsrb.com\\\/politika\\\/demokrate-pitaju-markovica-da-li-je-perunicic-nezakonito-nadzirao-gradjane-po-vasem-nalogu\\\/#primaryimage\"},\"image\":{\"@id\":\"https:\\\/\\\/dmcsrb.com\\\/politika\\\/demokrate-pitaju-markovica-da-li-je-perunicic-nezakonito-nadzirao-gradjane-po-vasem-nalogu\\\/#primaryimage\"},\"thumbnailUrl\":\"https:\\\/\\\/dmcsrb.com\\\/wp-content\\\/uploads\\\/2026\\\/01\\\/demokrate-logo-5.jpg\",\"datePublished\":\"2025-11-02T12:19:18+00:00\",\"author\":{\"@id\":\"https:\\\/\\\/dmcsrb.com\\\/#\\\/schema\\\/person\\\/5c39170f12db1b8b457732d0b5c854e2\"},\"breadcrumb\":{\"@id\":\"https:\\\/\\\/dmcsrb.com\\\/politika\\\/demokrate-pitaju-markovica-da-li-je-perunicic-nezakonito-nadzirao-gradjane-po-vasem-nalogu\\\/#breadcrumb\"},\"inLanguage\":\"en-GB\",\"potentialAction\":[{\"@type\":\"ReadAction\",\"target\":[\"https:\\\/\\\/dmcsrb.com\\\/politika\\\/demokrate-pitaju-markovica-da-li-je-perunicic-nezakonito-nadzirao-gradjane-po-vasem-nalogu\\\/\"]}]},{\"@type\":\"ImageObject\",\"inLanguage\":\"en-GB\",\"@id\":\"https:\\\/\\\/dmcsrb.com\\\/politika\\\/demokrate-pitaju-markovica-da-li-je-perunicic-nezakonito-nadzirao-gradjane-po-vasem-nalogu\\\/#primaryimage\",\"url\":\"https:\\\/\\\/dmcsrb.com\\\/wp-content\\\/uploads\\\/2026\\\/01\\\/demokrate-logo-5.jpg\",\"contentUrl\":\"https:\\\/\\\/dmcsrb.com\\\/wp-content\\\/uploads\\\/2026\\\/01\\\/demokrate-logo-5.jpg\",\"width\":1260,\"height\":1023},{\"@type\":\"BreadcrumbList\",\"@id\":\"https:\\\/\\\/dmcsrb.com\\\/politika\\\/demokrate-pitaju-markovica-da-li-je-perunicic-nezakonito-nadzirao-gradjane-po-vasem-nalogu\\\/#breadcrumb\",\"itemListElement\":[{\"@type\":\"ListItem\",\"position\":1,\"name\":\"Home\",\"item\":\"https:\\\/\\\/dmcsrb.com\\\/\"},{\"@type\":\"ListItem\",\"position\":2,\"name\":\"Demokrate pitaju Markovi\u0107a: Da li je Peruni\u010di\u0107, nezakonito nadzirao gra\u0111ane po va\u0161em nalogu?\"}]},{\"@type\":\"WebSite\",\"@id\":\"https:\\\/\\\/dmcsrb.com\\\/#website\",\"url\":\"https:\\\/\\\/dmcsrb.com\\\/\",\"name\":\"dmcsrb.com\",\"description\":\"\",\"potentialAction\":[{\"@type\":\"SearchAction\",\"target\":{\"@type\":\"EntryPoint\",\"urlTemplate\":\"https:\\\/\\\/dmcsrb.com\\\/?s={search_term_string}\"},\"query-input\":{\"@type\":\"PropertyValueSpecification\",\"valueRequired\":true,\"valueName\":\"search_term_string\"}}],\"inLanguage\":\"en-GB\"},{\"@type\":\"Person\",\"@id\":\"https:\\\/\\\/dmcsrb.com\\\/#\\\/schema\\\/person\\\/5c39170f12db1b8b457732d0b5c854e2\",\"name\":\"dmcsrbija.com@gmail.com\",\"image\":{\"@type\":\"ImageObject\",\"inLanguage\":\"en-GB\",\"@id\":\"https:\\\/\\\/secure.gravatar.com\\\/avatar\\\/68592660ad6347fad0fb587f8d5d8f1a7b44961362f56e4f2cd524feb87e9069?s=96&d=mm&r=g\",\"url\":\"https:\\\/\\\/secure.gravatar.com\\\/avatar\\\/68592660ad6347fad0fb587f8d5d8f1a7b44961362f56e4f2cd524feb87e9069?s=96&d=mm&r=g\",\"contentUrl\":\"https:\\\/\\\/secure.gravatar.com\\\/avatar\\\/68592660ad6347fad0fb587f8d5d8f1a7b44961362f56e4f2cd524feb87e9069?s=96&d=mm&r=g\",\"caption\":\"dmcsrbija.com@gmail.com\"},\"sameAs\":[\"https:\\\/\\\/dmcsrb.com\"],\"url\":\"https:\\\/\\\/dmcsrb.com\\\/en\\\/author\\\/dmcsrbija-comgmail-com\\\/\"}]}<\/script>\n<!-- \/ Yoast SEO plugin. -->","yoast_head_json":{"title":"Demokrate pitaju Markovi\u0107a: Da li je Peruni\u010di\u0107, nezakonito nadzirao gra\u0111ane po va\u0161em nalogu? - dmcsrb.com","robots":{"index":"index","follow":"follow","max-snippet":"max-snippet:-1","max-image-preview":"max-image-preview:large","max-video-preview":"max-video-preview:-1"},"canonical":"https:\/\/dmcsrb.com\/en\/politika\/demokrate-pitaju-markovica-da-li-je-perunicic-nezakonito-nadzirao-gradjane-po-vasem-nalogu\/","og_locale":"en_GB","og_type":"article","og_title":"Demokrate pitaju Markovi\u0107a: Da li je Peruni\u010di\u0107, nezakonito nadzirao gra\u0111ane po va\u0161em nalogu? - dmcsrb.com","og_description":"Du\u0161ko Markovi\u0107 tvrdi da su sva njegova imenovanja pro\u0161la \u201ezakonitu proceduru\u201c. Ako je tako, onda zna\u010di i da su, po njegovom priznanju, pro\u0161le i bezbjednosne provjere ili je pak Markovi\u0107u preporuka za funkciju u bezbjednoosnom sektoru umjesto po\u0161tenja bio brutalan kriminalni dosije, navodi se u reagovanju Demokratske Crne Gore.","og_url":"https:\/\/dmcsrb.com\/en\/politika\/demokrate-pitaju-markovica-da-li-je-perunicic-nezakonito-nadzirao-gradjane-po-vasem-nalogu\/","og_site_name":"dmcsrb.com","article_published_time":"2025-11-02T12:19:18+00:00","og_image":[{"width":1260,"height":1023,"url":"https:\/\/dmcsrb.com\/wp-content\/uploads\/2026\/01\/demokrate-logo-5.jpg","type":"image\/jpeg"}],"author":"dmcsrbija.com@gmail.com","twitter_card":"summary_large_image","twitter_misc":{"Written by":"dmcsrbija.com@gmail.com","Estimated reading time":"2 minutes"},"schema":{"@context":"https:\/\/schema.org","@graph":[{"@type":"Article","@id":"https:\/\/dmcsrb.com\/politika\/demokrate-pitaju-markovica-da-li-je-perunicic-nezakonito-nadzirao-gradjane-po-vasem-nalogu\/#article","isPartOf":{"@id":"https:\/\/dmcsrb.com\/politika\/demokrate-pitaju-markovica-da-li-je-perunicic-nezakonito-nadzirao-gradjane-po-vasem-nalogu\/"},"author":{"name":"dmcsrbija.com@gmail.com","@id":"https:\/\/dmcsrb.com\/#\/schema\/person\/5c39170f12db1b8b457732d0b5c854e2"},"headline":"Demokrate pitaju Markovi\u0107a: Da li je Peruni\u010di\u0107, nezakonito nadzirao gra\u0111ane po va\u0161em nalogu?","datePublished":"2025-11-02T12:19:18+00:00","mainEntityOfPage":{"@id":"https:\/\/dmcsrb.com\/politika\/demokrate-pitaju-markovica-da-li-je-perunicic-nezakonito-nadzirao-gradjane-po-vasem-nalogu\/"},"wordCount":329,"commentCount":0,"image":{"@id":"https:\/\/dmcsrb.com\/politika\/demokrate-pitaju-markovica-da-li-je-perunicic-nezakonito-nadzirao-gradjane-po-vasem-nalogu\/#primaryimage"},"thumbnailUrl":"https:\/\/dmcsrb.com\/wp-content\/uploads\/2026\/01\/demokrate-logo-5.jpg","keywords":["Demokrate","Du\u0161ko Markovi\u0107"],"articleSection":["Politika"],"inLanguage":"en-GB","potentialAction":[{"@type":"CommentAction","name":"Comment","target":["https:\/\/dmcsrb.com\/politika\/demokrate-pitaju-markovica-da-li-je-perunicic-nezakonito-nadzirao-gradjane-po-vasem-nalogu\/#respond"]}]},{"@type":"WebPage","@id":"https:\/\/dmcsrb.com\/politika\/demokrate-pitaju-markovica-da-li-je-perunicic-nezakonito-nadzirao-gradjane-po-vasem-nalogu\/","url":"https:\/\/dmcsrb.com\/politika\/demokrate-pitaju-markovica-da-li-je-perunicic-nezakonito-nadzirao-gradjane-po-vasem-nalogu\/","name":"Demokrate pitaju Markovi\u0107a: Da li je Peruni\u010di\u0107, nezakonito nadzirao gra\u0111ane po va\u0161em nalogu? - dmcsrb.com","isPartOf":{"@id":"https:\/\/dmcsrb.com\/#website"},"primaryImageOfPage":{"@id":"https:\/\/dmcsrb.com\/politika\/demokrate-pitaju-markovica-da-li-je-perunicic-nezakonito-nadzirao-gradjane-po-vasem-nalogu\/#primaryimage"},"image":{"@id":"https:\/\/dmcsrb.com\/politika\/demokrate-pitaju-markovica-da-li-je-perunicic-nezakonito-nadzirao-gradjane-po-vasem-nalogu\/#primaryimage"},"thumbnailUrl":"https:\/\/dmcsrb.com\/wp-content\/uploads\/2026\/01\/demokrate-logo-5.jpg","datePublished":"2025-11-02T12:19:18+00:00","author":{"@id":"https:\/\/dmcsrb.com\/#\/schema\/person\/5c39170f12db1b8b457732d0b5c854e2"},"breadcrumb":{"@id":"https:\/\/dmcsrb.com\/politika\/demokrate-pitaju-markovica-da-li-je-perunicic-nezakonito-nadzirao-gradjane-po-vasem-nalogu\/#breadcrumb"},"inLanguage":"en-GB","potentialAction":[{"@type":"ReadAction","target":["https:\/\/dmcsrb.com\/politika\/demokrate-pitaju-markovica-da-li-je-perunicic-nezakonito-nadzirao-gradjane-po-vasem-nalogu\/"]}]},{"@type":"ImageObject","inLanguage":"en-GB","@id":"https:\/\/dmcsrb.com\/politika\/demokrate-pitaju-markovica-da-li-je-perunicic-nezakonito-nadzirao-gradjane-po-vasem-nalogu\/#primaryimage","url":"https:\/\/dmcsrb.com\/wp-content\/uploads\/2026\/01\/demokrate-logo-5.jpg","contentUrl":"https:\/\/dmcsrb.com\/wp-content\/uploads\/2026\/01\/demokrate-logo-5.jpg","width":1260,"height":1023},{"@type":"BreadcrumbList","@id":"https:\/\/dmcsrb.com\/politika\/demokrate-pitaju-markovica-da-li-je-perunicic-nezakonito-nadzirao-gradjane-po-vasem-nalogu\/#breadcrumb","itemListElement":[{"@type":"ListItem","position":1,"name":"Home","item":"https:\/\/dmcsrb.com\/"},{"@type":"ListItem","position":2,"name":"Demokrate pitaju Markovi\u0107a: Da li je Peruni\u010di\u0107, nezakonito nadzirao gra\u0111ane po va\u0161em nalogu?"}]},{"@type":"WebSite","@id":"https:\/\/dmcsrb.com\/#website","url":"https:\/\/dmcsrb.com\/","name":"dmcsrb.com","description":"","potentialAction":[{"@type":"SearchAction","target":{"@type":"EntryPoint","urlTemplate":"https:\/\/dmcsrb.com\/?s={search_term_string}"},"query-input":{"@type":"PropertyValueSpecification","valueRequired":true,"valueName":"search_term_string"}}],"inLanguage":"en-GB"},{"@type":"Person","@id":"https:\/\/dmcsrb.com\/#\/schema\/person\/5c39170f12db1b8b457732d0b5c854e2","name":"dmcsrbija.com@gmail.com","image":{"@type":"ImageObject","inLanguage":"en-GB","@id":"https:\/\/secure.gravatar.com\/avatar\/68592660ad6347fad0fb587f8d5d8f1a7b44961362f56e4f2cd524feb87e9069?s=96&d=mm&r=g","url":"https:\/\/secure.gravatar.com\/avatar\/68592660ad6347fad0fb587f8d5d8f1a7b44961362f56e4f2cd524feb87e9069?s=96&d=mm&r=g","contentUrl":"https:\/\/secure.gravatar.com\/avatar\/68592660ad6347fad0fb587f8d5d8f1a7b44961362f56e4f2cd524feb87e9069?s=96&d=mm&r=g","caption":"dmcsrbija.com@gmail.com"},"sameAs":["https:\/\/dmcsrb.com"],"url":"https:\/\/dmcsrb.com\/en\/author\/dmcsrbija-comgmail-com\/"}]}},"_links":{"self":[{"href":"https:\/\/dmcsrb.com\/en\/wp-json\/wp\/v2\/posts\/961480","targetHints":{"allow":["GET"]}}],"collection":[{"href":"https:\/\/dmcsrb.com\/en\/wp-json\/wp\/v2\/posts"}],"about":[{"href":"https:\/\/dmcsrb.com\/en\/wp-json\/wp\/v2\/types\/post"}],"author":[{"embeddable":true,"href":"https:\/\/dmcsrb.com\/en\/wp-json\/wp\/v2\/users\/1"}],"replies":[{"embeddable":true,"href":"https:\/\/dmcsrb.com\/en\/wp-json\/wp\/v2\/comments?post=961480"}],"version-history":[{"count":0,"href":"https:\/\/dmcsrb.com\/en\/wp-json\/wp\/v2\/posts\/961480\/revisions"}],"wp:featuredmedia":[{"embeddable":true,"href":"https:\/\/dmcsrb.com\/en\/wp-json\/wp\/v2\/media\/915196"}],"wp:attachment":[{"href":"https:\/\/dmcsrb.com\/en\/wp-json\/wp\/v2\/media?parent=961480"}],"wp:term":[{"taxonomy":"category","embeddable":true,"href":"https:\/\/dmcsrb.com\/en\/wp-json\/wp\/v2\/categories?post=961480"},{"taxonomy":"post_tag","embeddable":true,"href":"https:\/\/dmcsrb.com\/en\/wp-json\/wp\/v2\/tags?post=961480"},{"taxonomy":"naslovna","embeddable":true,"href":"https:\/\/dmcsrb.com\/en\/wp-json\/wp\/v2\/naslovna?post=961480"}],"curies":[{"name":"wp","href":"https:\/\/api.w.org\/{rel}","templated":true}]}}