{"id":961462,"date":"2025-11-02T11:31:28","date_gmt":"2025-11-02T10:31:28","guid":{"rendered":"https:\/\/dmcsrb.com\/uncategorized\/turska-najveci-investitor-u-crnoj-gori\/"},"modified":"2025-11-02T11:31:28","modified_gmt":"2025-11-02T10:31:28","slug":"turska-najveci-investitor-u-crnoj-gori","status":"publish","type":"post","link":"https:\/\/dmcsrb.com\/en\/ekonomija\/turska-najveci-investitor-u-crnoj-gori\/","title":{"rendered":"Turska najve\u0107i investitor u Crnoj Gori"},"content":{"rendered":"<p>Odluci je prethodila masovna tu\u010da u kojoj su, kako se sumnja, jedan turski i jedan azerbejd\u017eanski dr\u017eavljanin nanijeli lak\u0161e povrede 25-godi\u0161njem Podgori\u010daninu.<\/p>\n\n\n\n<p>Tu\u010da je pokrenula talas napada na turske dr\u017eavljane i njihovu imovinu, uklju\u010duju\u0107i i seriju protesta sa kojih je poru\u010deno &#8220;Turci napolje&#8221;.<\/p>\n\n\n\n<p>Institucija Za\u0161titnika ljudskih prava i sloboda zatra\u017eila je zaustavljanje &#8220;rasisti\u010dke histerije&#8221; u zemlji.<\/p>\n\n\n\n<p>Ova situacija stavila je u fokus odnose Crne Gore i Turske.<\/p>\n\n\n\n<p><strong>Prvi po investicijama<\/strong><\/p>\n\n\n\n<p>Turska je prva po prilivu direktnih stranih investicija u Crnu Goru &#8211; sa vi\u0161e od 92 miliona eura, podaci su za prvih osam mjeseci ove godine.<\/p>\n\n\n\n<p>Prestigla je Srbiju i Rusiju, koje su se godinama &#8220;mijenjale&#8221; na vrhu ove liste.<\/p>\n\n\n\n<p>Podaci Centralne banke Crne Gore pokazuju da su se turske investicije upetostru\u010dile od 2020. godine.Kada je u pitanju spoljnotrgovinska razmjena, Crna Gora mnogo vi\u0161e uvozi nego \u0161to izvozi u Tursku.<\/p>\n\n\n\n<p>Pro\u0161le godine je uvoz bio gotovo 15 puta ve\u0107i od izvoza.<\/p>\n\n\n\n<p><strong>Drugi po broju putnika<\/strong><\/p>\n\n\n\n<p>Od vi\u0161e desetina aviodestinacija, Istanbul posljednjih godina najpopularnija poslije Beograda.<\/p>\n\n\n\n<p>Udio putnika iz Turske je sa pet odsto 2019. prema\u0161io 22 odsto pro\u0161le godine.<\/p>\n\n\n\n<p>Prema Istanbulu i drugim turskim gradovima saobra\u0107ale su pro\u0161le godine \u010detiri kompanije.<\/p>\n\n\n\n<p>Iz Aerodroma su za RSE kazali da se o\u010dekuje nastavak letova turskog nacionalnog avioprevoznika &#8220;Turkish Airlinesa&#8221; iz Istanbula ali da je red letenja &#8211; obzirom na uvo\u0111enje viza dr\u017eavljanima Turske &#8211; podlo\u017ean promjenama.<\/p>\n\n\n\n<p>Ova kompanija ima vi\u0161e letova dnevno a Istanbul je jedna od glavnih tranzitnih ta\u010daka za daleke destinacije, poput Sjedinjenih Ameri\u010dkih Dr\u017eava i Azije.\u010cetvrti po broju turista i no\u0107enja<br>Veliki broj letova se odrazio i na strukturu gostiju u Crnoj Gori.<\/p>\n\n\n\n<p>Turska se pro\u0161le godine na\u0161la na \u010detvrtom mjestu \u2013 poslije Srbije, Bosne i Hercegovine i Rusije \u2013 po broju turista i no\u0107enja koji su ostvarili njihovi dr\u017eavljani.<\/p>\n\n\n\n<p>Pet godina prije toga bili su 13. mjestu po broju turista a 17. po broju no\u0107enja.<\/p>\n\n\n\n<p><strong>Tre\u0107i me\u0111u strancima u Crnoj Gori<\/strong><\/p>\n\n\n\n<p>U me\u0111uvremenu se veliki broj njih i doselio u Crnu Goru.<\/p>\n\n\n\n<p>Naime, u Crnoj Gori, prema podacima Ministarstva unutra\u0161njih poslova, ima oko 100.000 stranaca sa privremenim ili stalnim boravkom.<\/p>\n\n\n\n<p>Od toga najvi\u0161e dr\u017eavljana Srbije i Rusije, a potom Turske \u2013 oko 13.400.<\/p>\n\n\n\n<p>Prije pet godina njihov broj je znatno manji &#8211; 4.600.<\/p>\n\n\n\n<p><strong>Prvi po broju kompanija<\/strong><\/p>\n\n\n\n<p>Doseljavanje je uticalo i na privrednu djelatnost.<\/p>\n\n\n\n<p>U Crnoj Gori je na kraju pro\u0161le godine bilo registrovano 30.000 kompanija u vlasni\u0161tvu stranih dr\u017eavljana.<\/p>\n\n\n\n<p>Od toga su turski vlasnici gotovo tre\u0107ine tih kompanija \u2013 32,8 odsto.<\/p>\n\n\n\n<p>Njihovo poja\u010dano prisustvo u Crnoj Gori &#8220;nije od ju\u010de&#8221;. Turski dr\u017eavljani su jo\u0161 2018. godine &#8220;pretekli&#8221; srpske i ruske po broju kompanija u Crnoj Gori.<\/p>\n\n\n\n<p><strong>\u0160esti po broju procesuiranja za krivi\u010dna djela<\/strong><\/p>\n\n\n\n<p>Podaci policije za posljednjih pet godina pokazuju da su me\u0111u strancima koji su procesuiranih za razna krivi\u010dna djela, turski dr\u017eavljani tek na \u0161estom mjestu.<\/p>\n\n\n\n<p>Ispred njih su dr\u017eavljani Srbije, Kosova, Albanije i Bosne i Hercegovine i Rusije.<\/p>\n\n\n\n<p><strong>Turska banka od 2015.<\/strong><\/p>\n\n\n\n<p>U Crnoj Gori posluje 11 banaka, koje su uglavnom u stranom vlasni\u0161tvu.<\/p>\n\n\n\n<p>Jedna od njih je turska dr\u017eavna Ziraat banka, koja je po\u010dela sa radom prije deceniju.<\/p>\n\n\n\n<p>Pro\u0161le godine je ostvarila profit od oko 1,1 milion eura.<\/p>\n\n\n\n<p>Ova banka i &#8220;Turskih airlines&#8221; su me\u0111u osniva\u010dima Turske privredne komore u Crnoj Gori, koja je po\u010dela sa radom prije dvije godine.<\/p>\n\n\n\n<p><strong>Donirano 20 miliona, 100.000 vakcina&#8230;<\/strong><\/p>\n\n\n\n<p>Turska agencija za me\u0111unarodnu saradnju i koordinaciju (TIKA) je od 2007. do danas realizovala oko 500 projekata \u010dija vrijednost prema\u0161uje 20 miliona eura, saop\u0161teno je u martu iz Ministarstva vanjskih poslova Crne Gore.<\/p>\n\n\n\n<p>Turska je 2021. godine Crnoj Gori donirala 100.000 vakcina za COVID-19.Vlada Turske je tako\u0111e Ministarstvu odbrane donirala teretna vozila.<\/p>\n\n\n\n<p>Turska je, poput Crne Gore, \u010dlanica NATO.<\/p>\n\n\n\n<p>Iz Ministarstva dijaspore nisu odgovorili na upit RSE koliko crnogorskih dr\u017eavljana \u017eivi, studira i radi u Turskoj.<\/p>\n\n\n\n<p>Ambasador Tuske Bari\u0161 Kalkavan je nedavno kazao da oko 250.000 turskih gra\u0111ana ima crnogorsko porijeklo te da su &#8220;most prijateljstva izme\u0111u na\u0161ih naroda&#8221;.<\/p>\n\n\n\n<p>Crna Gora i Turska ove godine obilje\u017eavaju 146 godina diplomatskih odnosa.<\/p>","protected":false},"excerpt":{"rendered":"<p>&#8220;Suludo je slati poruke bilo kom stranom dr\u017eavljaninu da nije dobrodo\u0161ao u na\u0161u zemlju. To je ekonomsko samoubistvo&#8221;, poru\u010dio je u \u010detvrtak premijer Milojko Spaji\u0107 u parlamentu usljed antiturske histerije koja trese Crnu Goru. Njegova Vlada je prethodno po hitnom postupku uvela vize za turske dr\u017eavljane.<\/p>","protected":false},"author":1,"featured_media":910307,"comment_status":"open","ping_status":"open","sticky":false,"template":"","format":"standard","meta":{"_acf_changed":false,"footnotes":""},"categories":[27],"tags":[95,4327,1066],"naslovna":[],"class_list":["post-961462","post","type-post","status-publish","format-standard","has-post-thumbnail","hentry","category-ekonomija","tag-crna-gora","tag-investicije","tag-turska"],"acf":[],"yoast_head":"<!-- This site is optimized with the Yoast SEO plugin v27.4 - https:\/\/yoast.com\/product\/yoast-seo-wordpress\/ -->\n<title>Turska najve\u0107i investitor u Crnoj Gori - dmcsrb.com<\/title>\n<meta name=\"robots\" content=\"index, follow, max-snippet:-1, max-image-preview:large, max-video-preview:-1\" \/>\n<link rel=\"canonical\" href=\"https:\/\/dmcsrb.com\/en\/ekonomija\/turska-najveci-investitor-u-crnoj-gori\/\" \/>\n<meta property=\"og:locale\" content=\"en_GB\" \/>\n<meta property=\"og:type\" content=\"article\" \/>\n<meta property=\"og:title\" content=\"Turska najve\u0107i investitor u Crnoj Gori - dmcsrb.com\" \/>\n<meta property=\"og:description\" content=\"&quot;Suludo je slati poruke bilo kom stranom dr\u017eavljaninu da nije dobrodo\u0161ao u na\u0161u zemlju. To je ekonomsko samoubistvo&quot;, poru\u010dio je u \u010detvrtak premijer Milojko Spaji\u0107 u parlamentu usljed antiturske histerije koja trese Crnu Goru. Njegova Vlada je prethodno po hitnom postupku uvela vize za turske dr\u017eavljane.\" \/>\n<meta property=\"og:url\" content=\"https:\/\/dmcsrb.com\/en\/ekonomija\/turska-najveci-investitor-u-crnoj-gori\/\" \/>\n<meta property=\"og:site_name\" content=\"dmcsrb.com\" \/>\n<meta property=\"article:published_time\" content=\"2025-11-02T10:31:28+00:00\" \/>\n<meta property=\"og:image\" content=\"https:\/\/dmcsrb.com\/wp-content\/uploads\/2026\/01\/Turska-more.webp\" \/>\n\t<meta property=\"og:image:width\" content=\"696\" \/>\n\t<meta property=\"og:image:height\" content=\"462\" \/>\n\t<meta property=\"og:image:type\" content=\"image\/webp\" \/>\n<meta name=\"author\" content=\"dmcsrbija.com@gmail.com\" \/>\n<meta name=\"twitter:card\" content=\"summary_large_image\" \/>\n<meta name=\"twitter:label1\" content=\"Written by\" \/>\n\t<meta name=\"twitter:data1\" content=\"dmcsrbija.com@gmail.com\" \/>\n\t<meta name=\"twitter:label2\" content=\"Estimated reading time\" \/>\n\t<meta name=\"twitter:data2\" content=\"3 minutes\" \/>\n<script type=\"application\/ld+json\" class=\"yoast-schema-graph\">{\"@context\":\"https:\\\/\\\/schema.org\",\"@graph\":[{\"@type\":\"Article\",\"@id\":\"https:\\\/\\\/dmcsrb.com\\\/ekonomija\\\/turska-najveci-investitor-u-crnoj-gori\\\/#article\",\"isPartOf\":{\"@id\":\"https:\\\/\\\/dmcsrb.com\\\/ekonomija\\\/turska-najveci-investitor-u-crnoj-gori\\\/\"},\"author\":{\"name\":\"dmcsrbija.com@gmail.com\",\"@id\":\"https:\\\/\\\/dmcsrb.com\\\/#\\\/schema\\\/person\\\/5c39170f12db1b8b457732d0b5c854e2\"},\"headline\":\"Turska najve\u0107i investitor u Crnoj Gori\",\"datePublished\":\"2025-11-02T10:31:28+00:00\",\"mainEntityOfPage\":{\"@id\":\"https:\\\/\\\/dmcsrb.com\\\/ekonomija\\\/turska-najveci-investitor-u-crnoj-gori\\\/\"},\"wordCount\":703,\"commentCount\":0,\"image\":{\"@id\":\"https:\\\/\\\/dmcsrb.com\\\/ekonomija\\\/turska-najveci-investitor-u-crnoj-gori\\\/#primaryimage\"},\"thumbnailUrl\":\"https:\\\/\\\/dmcsrb.com\\\/wp-content\\\/uploads\\\/2026\\\/01\\\/Turska-more.webp\",\"keywords\":[\"Crna Gora\",\"Investicije\",\"Turska\"],\"articleSection\":[\"Ekonomija\"],\"inLanguage\":\"en-GB\",\"potentialAction\":[{\"@type\":\"CommentAction\",\"name\":\"Comment\",\"target\":[\"https:\\\/\\\/dmcsrb.com\\\/ekonomija\\\/turska-najveci-investitor-u-crnoj-gori\\\/#respond\"]}]},{\"@type\":\"WebPage\",\"@id\":\"https:\\\/\\\/dmcsrb.com\\\/ekonomija\\\/turska-najveci-investitor-u-crnoj-gori\\\/\",\"url\":\"https:\\\/\\\/dmcsrb.com\\\/ekonomija\\\/turska-najveci-investitor-u-crnoj-gori\\\/\",\"name\":\"Turska najve\u0107i investitor u Crnoj Gori - dmcsrb.com\",\"isPartOf\":{\"@id\":\"https:\\\/\\\/dmcsrb.com\\\/#website\"},\"primaryImageOfPage\":{\"@id\":\"https:\\\/\\\/dmcsrb.com\\\/ekonomija\\\/turska-najveci-investitor-u-crnoj-gori\\\/#primaryimage\"},\"image\":{\"@id\":\"https:\\\/\\\/dmcsrb.com\\\/ekonomija\\\/turska-najveci-investitor-u-crnoj-gori\\\/#primaryimage\"},\"thumbnailUrl\":\"https:\\\/\\\/dmcsrb.com\\\/wp-content\\\/uploads\\\/2026\\\/01\\\/Turska-more.webp\",\"datePublished\":\"2025-11-02T10:31:28+00:00\",\"author\":{\"@id\":\"https:\\\/\\\/dmcsrb.com\\\/#\\\/schema\\\/person\\\/5c39170f12db1b8b457732d0b5c854e2\"},\"breadcrumb\":{\"@id\":\"https:\\\/\\\/dmcsrb.com\\\/ekonomija\\\/turska-najveci-investitor-u-crnoj-gori\\\/#breadcrumb\"},\"inLanguage\":\"en-GB\",\"potentialAction\":[{\"@type\":\"ReadAction\",\"target\":[\"https:\\\/\\\/dmcsrb.com\\\/ekonomija\\\/turska-najveci-investitor-u-crnoj-gori\\\/\"]}]},{\"@type\":\"ImageObject\",\"inLanguage\":\"en-GB\",\"@id\":\"https:\\\/\\\/dmcsrb.com\\\/ekonomija\\\/turska-najveci-investitor-u-crnoj-gori\\\/#primaryimage\",\"url\":\"https:\\\/\\\/dmcsrb.com\\\/wp-content\\\/uploads\\\/2026\\\/01\\\/Turska-more.webp\",\"contentUrl\":\"https:\\\/\\\/dmcsrb.com\\\/wp-content\\\/uploads\\\/2026\\\/01\\\/Turska-more.webp\",\"width\":696,\"height\":462},{\"@type\":\"BreadcrumbList\",\"@id\":\"https:\\\/\\\/dmcsrb.com\\\/ekonomija\\\/turska-najveci-investitor-u-crnoj-gori\\\/#breadcrumb\",\"itemListElement\":[{\"@type\":\"ListItem\",\"position\":1,\"name\":\"Home\",\"item\":\"https:\\\/\\\/dmcsrb.com\\\/\"},{\"@type\":\"ListItem\",\"position\":2,\"name\":\"Turska najve\u0107i investitor u Crnoj Gori\"}]},{\"@type\":\"WebSite\",\"@id\":\"https:\\\/\\\/dmcsrb.com\\\/#website\",\"url\":\"https:\\\/\\\/dmcsrb.com\\\/\",\"name\":\"dmcsrb.com\",\"description\":\"\",\"potentialAction\":[{\"@type\":\"SearchAction\",\"target\":{\"@type\":\"EntryPoint\",\"urlTemplate\":\"https:\\\/\\\/dmcsrb.com\\\/?s={search_term_string}\"},\"query-input\":{\"@type\":\"PropertyValueSpecification\",\"valueRequired\":true,\"valueName\":\"search_term_string\"}}],\"inLanguage\":\"en-GB\"},{\"@type\":\"Person\",\"@id\":\"https:\\\/\\\/dmcsrb.com\\\/#\\\/schema\\\/person\\\/5c39170f12db1b8b457732d0b5c854e2\",\"name\":\"dmcsrbija.com@gmail.com\",\"image\":{\"@type\":\"ImageObject\",\"inLanguage\":\"en-GB\",\"@id\":\"https:\\\/\\\/secure.gravatar.com\\\/avatar\\\/68592660ad6347fad0fb587f8d5d8f1a7b44961362f56e4f2cd524feb87e9069?s=96&d=mm&r=g\",\"url\":\"https:\\\/\\\/secure.gravatar.com\\\/avatar\\\/68592660ad6347fad0fb587f8d5d8f1a7b44961362f56e4f2cd524feb87e9069?s=96&d=mm&r=g\",\"contentUrl\":\"https:\\\/\\\/secure.gravatar.com\\\/avatar\\\/68592660ad6347fad0fb587f8d5d8f1a7b44961362f56e4f2cd524feb87e9069?s=96&d=mm&r=g\",\"caption\":\"dmcsrbija.com@gmail.com\"},\"sameAs\":[\"https:\\\/\\\/dmcsrb.com\"],\"url\":\"https:\\\/\\\/dmcsrb.com\\\/en\\\/author\\\/dmcsrbija-comgmail-com\\\/\"}]}<\/script>\n<!-- \/ Yoast SEO plugin. -->","yoast_head_json":{"title":"Turska najve\u0107i investitor u Crnoj Gori - dmcsrb.com","robots":{"index":"index","follow":"follow","max-snippet":"max-snippet:-1","max-image-preview":"max-image-preview:large","max-video-preview":"max-video-preview:-1"},"canonical":"https:\/\/dmcsrb.com\/en\/ekonomija\/turska-najveci-investitor-u-crnoj-gori\/","og_locale":"en_GB","og_type":"article","og_title":"Turska najve\u0107i investitor u Crnoj Gori - dmcsrb.com","og_description":"\"Suludo je slati poruke bilo kom stranom dr\u017eavljaninu da nije dobrodo\u0161ao u na\u0161u zemlju. To je ekonomsko samoubistvo\", poru\u010dio je u \u010detvrtak premijer Milojko Spaji\u0107 u parlamentu usljed antiturske histerije koja trese Crnu Goru. Njegova Vlada je prethodno po hitnom postupku uvela vize za turske dr\u017eavljane.","og_url":"https:\/\/dmcsrb.com\/en\/ekonomija\/turska-najveci-investitor-u-crnoj-gori\/","og_site_name":"dmcsrb.com","article_published_time":"2025-11-02T10:31:28+00:00","og_image":[{"width":696,"height":462,"url":"https:\/\/dmcsrb.com\/wp-content\/uploads\/2026\/01\/Turska-more.webp","type":"image\/webp"}],"author":"dmcsrbija.com@gmail.com","twitter_card":"summary_large_image","twitter_misc":{"Written by":"dmcsrbija.com@gmail.com","Estimated reading time":"3 minutes"},"schema":{"@context":"https:\/\/schema.org","@graph":[{"@type":"Article","@id":"https:\/\/dmcsrb.com\/ekonomija\/turska-najveci-investitor-u-crnoj-gori\/#article","isPartOf":{"@id":"https:\/\/dmcsrb.com\/ekonomija\/turska-najveci-investitor-u-crnoj-gori\/"},"author":{"name":"dmcsrbija.com@gmail.com","@id":"https:\/\/dmcsrb.com\/#\/schema\/person\/5c39170f12db1b8b457732d0b5c854e2"},"headline":"Turska najve\u0107i investitor u Crnoj Gori","datePublished":"2025-11-02T10:31:28+00:00","mainEntityOfPage":{"@id":"https:\/\/dmcsrb.com\/ekonomija\/turska-najveci-investitor-u-crnoj-gori\/"},"wordCount":703,"commentCount":0,"image":{"@id":"https:\/\/dmcsrb.com\/ekonomija\/turska-najveci-investitor-u-crnoj-gori\/#primaryimage"},"thumbnailUrl":"https:\/\/dmcsrb.com\/wp-content\/uploads\/2026\/01\/Turska-more.webp","keywords":["Crna Gora","Investicije","Turska"],"articleSection":["Ekonomija"],"inLanguage":"en-GB","potentialAction":[{"@type":"CommentAction","name":"Comment","target":["https:\/\/dmcsrb.com\/ekonomija\/turska-najveci-investitor-u-crnoj-gori\/#respond"]}]},{"@type":"WebPage","@id":"https:\/\/dmcsrb.com\/ekonomija\/turska-najveci-investitor-u-crnoj-gori\/","url":"https:\/\/dmcsrb.com\/ekonomija\/turska-najveci-investitor-u-crnoj-gori\/","name":"Turska najve\u0107i investitor u Crnoj Gori - dmcsrb.com","isPartOf":{"@id":"https:\/\/dmcsrb.com\/#website"},"primaryImageOfPage":{"@id":"https:\/\/dmcsrb.com\/ekonomija\/turska-najveci-investitor-u-crnoj-gori\/#primaryimage"},"image":{"@id":"https:\/\/dmcsrb.com\/ekonomija\/turska-najveci-investitor-u-crnoj-gori\/#primaryimage"},"thumbnailUrl":"https:\/\/dmcsrb.com\/wp-content\/uploads\/2026\/01\/Turska-more.webp","datePublished":"2025-11-02T10:31:28+00:00","author":{"@id":"https:\/\/dmcsrb.com\/#\/schema\/person\/5c39170f12db1b8b457732d0b5c854e2"},"breadcrumb":{"@id":"https:\/\/dmcsrb.com\/ekonomija\/turska-najveci-investitor-u-crnoj-gori\/#breadcrumb"},"inLanguage":"en-GB","potentialAction":[{"@type":"ReadAction","target":["https:\/\/dmcsrb.com\/ekonomija\/turska-najveci-investitor-u-crnoj-gori\/"]}]},{"@type":"ImageObject","inLanguage":"en-GB","@id":"https:\/\/dmcsrb.com\/ekonomija\/turska-najveci-investitor-u-crnoj-gori\/#primaryimage","url":"https:\/\/dmcsrb.com\/wp-content\/uploads\/2026\/01\/Turska-more.webp","contentUrl":"https:\/\/dmcsrb.com\/wp-content\/uploads\/2026\/01\/Turska-more.webp","width":696,"height":462},{"@type":"BreadcrumbList","@id":"https:\/\/dmcsrb.com\/ekonomija\/turska-najveci-investitor-u-crnoj-gori\/#breadcrumb","itemListElement":[{"@type":"ListItem","position":1,"name":"Home","item":"https:\/\/dmcsrb.com\/"},{"@type":"ListItem","position":2,"name":"Turska najve\u0107i investitor u Crnoj Gori"}]},{"@type":"WebSite","@id":"https:\/\/dmcsrb.com\/#website","url":"https:\/\/dmcsrb.com\/","name":"dmcsrb.com","description":"","potentialAction":[{"@type":"SearchAction","target":{"@type":"EntryPoint","urlTemplate":"https:\/\/dmcsrb.com\/?s={search_term_string}"},"query-input":{"@type":"PropertyValueSpecification","valueRequired":true,"valueName":"search_term_string"}}],"inLanguage":"en-GB"},{"@type":"Person","@id":"https:\/\/dmcsrb.com\/#\/schema\/person\/5c39170f12db1b8b457732d0b5c854e2","name":"dmcsrbija.com@gmail.com","image":{"@type":"ImageObject","inLanguage":"en-GB","@id":"https:\/\/secure.gravatar.com\/avatar\/68592660ad6347fad0fb587f8d5d8f1a7b44961362f56e4f2cd524feb87e9069?s=96&d=mm&r=g","url":"https:\/\/secure.gravatar.com\/avatar\/68592660ad6347fad0fb587f8d5d8f1a7b44961362f56e4f2cd524feb87e9069?s=96&d=mm&r=g","contentUrl":"https:\/\/secure.gravatar.com\/avatar\/68592660ad6347fad0fb587f8d5d8f1a7b44961362f56e4f2cd524feb87e9069?s=96&d=mm&r=g","caption":"dmcsrbija.com@gmail.com"},"sameAs":["https:\/\/dmcsrb.com"],"url":"https:\/\/dmcsrb.com\/en\/author\/dmcsrbija-comgmail-com\/"}]}},"_links":{"self":[{"href":"https:\/\/dmcsrb.com\/en\/wp-json\/wp\/v2\/posts\/961462","targetHints":{"allow":["GET"]}}],"collection":[{"href":"https:\/\/dmcsrb.com\/en\/wp-json\/wp\/v2\/posts"}],"about":[{"href":"https:\/\/dmcsrb.com\/en\/wp-json\/wp\/v2\/types\/post"}],"author":[{"embeddable":true,"href":"https:\/\/dmcsrb.com\/en\/wp-json\/wp\/v2\/users\/1"}],"replies":[{"embeddable":true,"href":"https:\/\/dmcsrb.com\/en\/wp-json\/wp\/v2\/comments?post=961462"}],"version-history":[{"count":0,"href":"https:\/\/dmcsrb.com\/en\/wp-json\/wp\/v2\/posts\/961462\/revisions"}],"wp:featuredmedia":[{"embeddable":true,"href":"https:\/\/dmcsrb.com\/en\/wp-json\/wp\/v2\/media\/910307"}],"wp:attachment":[{"href":"https:\/\/dmcsrb.com\/en\/wp-json\/wp\/v2\/media?parent=961462"}],"wp:term":[{"taxonomy":"category","embeddable":true,"href":"https:\/\/dmcsrb.com\/en\/wp-json\/wp\/v2\/categories?post=961462"},{"taxonomy":"post_tag","embeddable":true,"href":"https:\/\/dmcsrb.com\/en\/wp-json\/wp\/v2\/tags?post=961462"},{"taxonomy":"naslovna","embeddable":true,"href":"https:\/\/dmcsrb.com\/en\/wp-json\/wp\/v2\/naslovna?post=961462"}],"curies":[{"name":"wp","href":"https:\/\/api.w.org\/{rel}","templated":true}]}}