{"id":961428,"date":"2025-11-02T09:42:00","date_gmt":"2025-11-02T08:42:00","guid":{"rendered":"https:\/\/dmcsrb.com\/uncategorized\/nastavlja-se-obustava-rada-u-pravosudju\/"},"modified":"2025-11-02T09:42:00","modified_gmt":"2025-11-02T08:42:00","slug":"nastavlja-se-obustava-rada-u-pravosudju","status":"publish","type":"post","link":"https:\/\/dmcsrb.com\/en\/drustvo\/nastavlja-se-obustava-rada-u-pravosudju\/","title":{"rendered":"Nastavlja se obustava rada u pravosu\u0111u"},"content":{"rendered":"<p>\u201cPredlo\u017eeni na\u010din, kao i visina uve\u0107anja zarada je neprihvatljiva za zaposlene u sudovima i dr\u017eavnim tu\u017eila\u0161tvima, zbog \u010dega \u0107e se jedno\u010dasovna obustava rada nastaviti od ponedeljka u trajanju od 11-12 sati u skoro svim sudovima i dr\u017eavnim tu\u017eila\u0161tvima, sve dok ne do\u0111e do potpisivanja sporazuma koji \u0107e sadr\u017eati prihvatljive uslove za ovu kategoriju zaposlenih\u201d, navodi se u saop\u0161tenju.<\/p>\n\n\n\n<p>Predstavnici Strukovnog odbora su na sastanku prezentovali jedini stabilan i zakonit na\u010din uve\u0107anja zarada, koji bi se primjenjivao sve do dono\u0161enja Zakona o pravosudnoj administraciji, a od kojeg zaposleni ne\u0107e odustati, budu\u0107i da iznijeti predlog istovremeno predstavlja i minimum za\u0161tite njihovog dostojanstva i li\u010dnog integriteta.<a href=\"https:\/\/www.adria.tv\/preporuceno\/krivicni-zakonik-pojacava-se-i-novim-krivicnim-djelom-neovlasceno-bogacenje\/\"><\/a><\/p>\n\n\n\n<p>\u201cNastavak pregovora se o\u010dekuje ubrzo, nakon dobijanja saglasnosti ministarstva finansija i upodobljavanja zakonskih rje\u0161anja. \u010clanovi Strukovnog odbora pravosu\u0111a, kao i veliki broj nezadovoljnih \u010dlanova Sindikata sudstva, koji su svoje nezadovoljstvo iznijeli kako li\u010dno tako i sakupljenim potpisima kojim su iskazali nesaglasje sa potpisom spornog sporazuma od strane predsjednika Sindikata sudstva, nastavi\u0107e sa obustavom rada sve do ispunjenja istaknutih zahtjeva. O\u010dekuje se promptna i pozitivna reakcija od strane poslodavaca\u201d, poru\u010duju u saop\u0161tenju.<\/p>\n\n\n\n<p>Sa sadr\u017einom sporazuma koji je predlo\u017eio i samovoljno potpisao predsjednik Sindikata sudstva, bez prethodnog upoznavanja \u010dlanstva i organa tog Sindikata sa istim, a kojim je obustavio najavljeni generalni \u0161trajk je nesprovodiv i neprihvatljiv za zaposlene u sudovima i dr\u017eavnim tu\u017eila\u0161tvima.<\/p>\n\n\n\n<p>\u201cPored navedenog, ukazujemo i na \u010dinjenicu da je utvr\u0111eno i potvr\u0111eno od strane relevantnih institucija da je reprezentativnost tog Sindikata nezakonita, pa prema tome nije ni ovla\u0161\u0107en za vo\u0111enje pregovara u cilju zaklju\u010denja bilo kakvog Granskog kolektivnog ugovora\u201d, navodi se u saop\u0161tenju.<\/p>","protected":false},"excerpt":{"rendered":"<p>Predstavnici Strukovnog odbora pravosu\u0111a iz Sindikata uprave i pravosu\u0111a Crne Gore ju\u010de su nastavili pregovore sa predstavnicima Ministarstva pravde povodom obustave rada koja i dalje nije prekinuta, kao i zbog sporne sadr\u017eine Sporazuma o prekidu \u0161trajka koji je predlo\u017eio i potpisao predsjednik Sindikata sudstva.<\/p>","protected":false},"author":1,"featured_media":912484,"comment_status":"open","ping_status":"open","sticky":false,"template":"","format":"standard","meta":{"_acf_changed":false,"footnotes":""},"categories":[2],"tags":[6930,297],"naslovna":[],"class_list":["post-961428","post","type-post","status-publish","format-standard","has-post-thumbnail","hentry","category-drustvo","tag-obustava-rada","tag-pravosudje"],"acf":[],"yoast_head":"<!-- This site is optimized with the Yoast SEO plugin v27.0 - https:\/\/yoast.com\/product\/yoast-seo-wordpress\/ -->\n<title>Nastavlja se obustava rada u pravosu\u0111u - dmcsrb.com<\/title>\n<meta name=\"robots\" content=\"index, follow, max-snippet:-1, max-image-preview:large, max-video-preview:-1\" \/>\n<link rel=\"canonical\" href=\"https:\/\/dmcsrb.com\/en\/drustvo\/nastavlja-se-obustava-rada-u-pravosudju\/\" \/>\n<meta property=\"og:locale\" content=\"en_GB\" \/>\n<meta property=\"og:type\" content=\"article\" \/>\n<meta property=\"og:title\" content=\"Nastavlja se obustava rada u pravosu\u0111u - dmcsrb.com\" \/>\n<meta property=\"og:description\" content=\"Predstavnici Strukovnog odbora pravosu\u0111a iz Sindikata uprave i pravosu\u0111a Crne Gore ju\u010de su nastavili pregovore sa predstavnicima Ministarstva pravde povodom obustave rada koja i dalje nije prekinuta, kao i zbog sporne sadr\u017eine Sporazuma o prekidu \u0161trajka koji je predlo\u017eio i potpisao predsjednik Sindikata sudstva.\" \/>\n<meta property=\"og:url\" content=\"https:\/\/dmcsrb.com\/en\/drustvo\/nastavlja-se-obustava-rada-u-pravosudju\/\" \/>\n<meta property=\"og:site_name\" content=\"dmcsrb.com\" \/>\n<meta property=\"article:published_time\" content=\"2025-11-02T08:42:00+00:00\" \/>\n<meta property=\"og:image\" content=\"https:\/\/dmcsrb.com\/wp-content\/uploads\/2026\/01\/sud-odluka-presuda-sudija.jpg\" \/>\n\t<meta property=\"og:image:width\" content=\"900\" \/>\n\t<meta property=\"og:image:height\" content=\"600\" \/>\n\t<meta property=\"og:image:type\" content=\"image\/jpeg\" \/>\n<meta name=\"author\" content=\"dmcsrbija.com@gmail.com\" \/>\n<meta name=\"twitter:card\" content=\"summary_large_image\" \/>\n<meta name=\"twitter:label1\" content=\"Written by\" \/>\n\t<meta name=\"twitter:data1\" content=\"dmcsrbija.com@gmail.com\" \/>\n\t<meta name=\"twitter:label2\" content=\"Estimated reading time\" \/>\n\t<meta name=\"twitter:data2\" content=\"1 minute\" \/>\n<script type=\"application\/ld+json\" class=\"yoast-schema-graph\">{\"@context\":\"https:\/\/schema.org\",\"@graph\":[{\"@type\":\"Article\",\"@id\":\"https:\/\/dmcsrb.com\/drustvo\/nastavlja-se-obustava-rada-u-pravosudju\/#article\",\"isPartOf\":{\"@id\":\"https:\/\/dmcsrb.com\/drustvo\/nastavlja-se-obustava-rada-u-pravosudju\/\"},\"author\":{\"name\":\"dmcsrbija.com@gmail.com\",\"@id\":\"https:\/\/dmcsrb.com\/#\/schema\/person\/5c39170f12db1b8b457732d0b5c854e2\"},\"headline\":\"Nastavlja se obustava rada u pravosu\u0111u\",\"datePublished\":\"2025-11-02T08:42:00+00:00\",\"mainEntityOfPage\":{\"@id\":\"https:\/\/dmcsrb.com\/drustvo\/nastavlja-se-obustava-rada-u-pravosudju\/\"},\"wordCount\":302,\"commentCount\":0,\"image\":{\"@id\":\"https:\/\/dmcsrb.com\/drustvo\/nastavlja-se-obustava-rada-u-pravosudju\/#primaryimage\"},\"thumbnailUrl\":\"https:\/\/dmcsrb.com\/wp-content\/uploads\/2026\/01\/sud-odluka-presuda-sudija.jpg\",\"keywords\":[\"obustava rada\",\"pravosu\u0111e\"],\"articleSection\":[\"Dru\u0161tvo\"],\"inLanguage\":\"en-GB\",\"potentialAction\":[{\"@type\":\"CommentAction\",\"name\":\"Comment\",\"target\":[\"https:\/\/dmcsrb.com\/drustvo\/nastavlja-se-obustava-rada-u-pravosudju\/#respond\"]}]},{\"@type\":\"WebPage\",\"@id\":\"https:\/\/dmcsrb.com\/drustvo\/nastavlja-se-obustava-rada-u-pravosudju\/\",\"url\":\"https:\/\/dmcsrb.com\/drustvo\/nastavlja-se-obustava-rada-u-pravosudju\/\",\"name\":\"Nastavlja se obustava rada u pravosu\u0111u - dmcsrb.com\",\"isPartOf\":{\"@id\":\"https:\/\/dmcsrb.com\/#website\"},\"primaryImageOfPage\":{\"@id\":\"https:\/\/dmcsrb.com\/drustvo\/nastavlja-se-obustava-rada-u-pravosudju\/#primaryimage\"},\"image\":{\"@id\":\"https:\/\/dmcsrb.com\/drustvo\/nastavlja-se-obustava-rada-u-pravosudju\/#primaryimage\"},\"thumbnailUrl\":\"https:\/\/dmcsrb.com\/wp-content\/uploads\/2026\/01\/sud-odluka-presuda-sudija.jpg\",\"datePublished\":\"2025-11-02T08:42:00+00:00\",\"author\":{\"@id\":\"https:\/\/dmcsrb.com\/#\/schema\/person\/5c39170f12db1b8b457732d0b5c854e2\"},\"breadcrumb\":{\"@id\":\"https:\/\/dmcsrb.com\/drustvo\/nastavlja-se-obustava-rada-u-pravosudju\/#breadcrumb\"},\"inLanguage\":\"en-GB\",\"potentialAction\":[{\"@type\":\"ReadAction\",\"target\":[\"https:\/\/dmcsrb.com\/drustvo\/nastavlja-se-obustava-rada-u-pravosudju\/\"]}]},{\"@type\":\"ImageObject\",\"inLanguage\":\"en-GB\",\"@id\":\"https:\/\/dmcsrb.com\/drustvo\/nastavlja-se-obustava-rada-u-pravosudju\/#primaryimage\",\"url\":\"https:\/\/dmcsrb.com\/wp-content\/uploads\/2026\/01\/sud-odluka-presuda-sudija.jpg\",\"contentUrl\":\"https:\/\/dmcsrb.com\/wp-content\/uploads\/2026\/01\/sud-odluka-presuda-sudija.jpg\",\"width\":900,\"height\":600},{\"@type\":\"BreadcrumbList\",\"@id\":\"https:\/\/dmcsrb.com\/drustvo\/nastavlja-se-obustava-rada-u-pravosudju\/#breadcrumb\",\"itemListElement\":[{\"@type\":\"ListItem\",\"position\":1,\"name\":\"Home\",\"item\":\"https:\/\/dmcsrb.com\/\"},{\"@type\":\"ListItem\",\"position\":2,\"name\":\"Nastavlja se obustava rada u pravosu\u0111u\"}]},{\"@type\":\"WebSite\",\"@id\":\"https:\/\/dmcsrb.com\/#website\",\"url\":\"https:\/\/dmcsrb.com\/\",\"name\":\"dmcsrb.com\",\"description\":\"\",\"potentialAction\":[{\"@type\":\"SearchAction\",\"target\":{\"@type\":\"EntryPoint\",\"urlTemplate\":\"https:\/\/dmcsrb.com\/?s={search_term_string}\"},\"query-input\":{\"@type\":\"PropertyValueSpecification\",\"valueRequired\":true,\"valueName\":\"search_term_string\"}}],\"inLanguage\":\"en-GB\"},{\"@type\":\"Person\",\"@id\":\"https:\/\/dmcsrb.com\/#\/schema\/person\/5c39170f12db1b8b457732d0b5c854e2\",\"name\":\"dmcsrbija.com@gmail.com\",\"image\":{\"@type\":\"ImageObject\",\"inLanguage\":\"en-GB\",\"@id\":\"https:\/\/dmcsrb.com\/#\/schema\/person\/image\/\",\"url\":\"https:\/\/secure.gravatar.com\/avatar\/68592660ad6347fad0fb587f8d5d8f1a7b44961362f56e4f2cd524feb87e9069?s=96&d=mm&r=g\",\"contentUrl\":\"https:\/\/secure.gravatar.com\/avatar\/68592660ad6347fad0fb587f8d5d8f1a7b44961362f56e4f2cd524feb87e9069?s=96&d=mm&r=g\",\"caption\":\"dmcsrbija.com@gmail.com\"},\"sameAs\":[\"https:\/\/dmcsrb.com\"],\"url\":\"https:\/\/dmcsrb.com\/en\/author\/dmcsrbija-comgmail-com\/\"}]}<\/script>\n<!-- \/ Yoast SEO plugin. -->","yoast_head_json":{"title":"Nastavlja se obustava rada u pravosu\u0111u - dmcsrb.com","robots":{"index":"index","follow":"follow","max-snippet":"max-snippet:-1","max-image-preview":"max-image-preview:large","max-video-preview":"max-video-preview:-1"},"canonical":"https:\/\/dmcsrb.com\/en\/drustvo\/nastavlja-se-obustava-rada-u-pravosudju\/","og_locale":"en_GB","og_type":"article","og_title":"Nastavlja se obustava rada u pravosu\u0111u - dmcsrb.com","og_description":"Predstavnici Strukovnog odbora pravosu\u0111a iz Sindikata uprave i pravosu\u0111a Crne Gore ju\u010de su nastavili pregovore sa predstavnicima Ministarstva pravde povodom obustave rada koja i dalje nije prekinuta, kao i zbog sporne sadr\u017eine Sporazuma o prekidu \u0161trajka koji je predlo\u017eio i potpisao predsjednik Sindikata sudstva.","og_url":"https:\/\/dmcsrb.com\/en\/drustvo\/nastavlja-se-obustava-rada-u-pravosudju\/","og_site_name":"dmcsrb.com","article_published_time":"2025-11-02T08:42:00+00:00","og_image":[{"width":900,"height":600,"url":"https:\/\/dmcsrb.com\/wp-content\/uploads\/2026\/01\/sud-odluka-presuda-sudija.jpg","type":"image\/jpeg"}],"author":"dmcsrbija.com@gmail.com","twitter_card":"summary_large_image","twitter_misc":{"Written by":"dmcsrbija.com@gmail.com","Estimated reading time":"1 minute"},"schema":{"@context":"https:\/\/schema.org","@graph":[{"@type":"Article","@id":"https:\/\/dmcsrb.com\/drustvo\/nastavlja-se-obustava-rada-u-pravosudju\/#article","isPartOf":{"@id":"https:\/\/dmcsrb.com\/drustvo\/nastavlja-se-obustava-rada-u-pravosudju\/"},"author":{"name":"dmcsrbija.com@gmail.com","@id":"https:\/\/dmcsrb.com\/#\/schema\/person\/5c39170f12db1b8b457732d0b5c854e2"},"headline":"Nastavlja se obustava rada u pravosu\u0111u","datePublished":"2025-11-02T08:42:00+00:00","mainEntityOfPage":{"@id":"https:\/\/dmcsrb.com\/drustvo\/nastavlja-se-obustava-rada-u-pravosudju\/"},"wordCount":302,"commentCount":0,"image":{"@id":"https:\/\/dmcsrb.com\/drustvo\/nastavlja-se-obustava-rada-u-pravosudju\/#primaryimage"},"thumbnailUrl":"https:\/\/dmcsrb.com\/wp-content\/uploads\/2026\/01\/sud-odluka-presuda-sudija.jpg","keywords":["obustava rada","pravosu\u0111e"],"articleSection":["Dru\u0161tvo"],"inLanguage":"en-GB","potentialAction":[{"@type":"CommentAction","name":"Comment","target":["https:\/\/dmcsrb.com\/drustvo\/nastavlja-se-obustava-rada-u-pravosudju\/#respond"]}]},{"@type":"WebPage","@id":"https:\/\/dmcsrb.com\/drustvo\/nastavlja-se-obustava-rada-u-pravosudju\/","url":"https:\/\/dmcsrb.com\/drustvo\/nastavlja-se-obustava-rada-u-pravosudju\/","name":"Nastavlja se obustava rada u pravosu\u0111u - dmcsrb.com","isPartOf":{"@id":"https:\/\/dmcsrb.com\/#website"},"primaryImageOfPage":{"@id":"https:\/\/dmcsrb.com\/drustvo\/nastavlja-se-obustava-rada-u-pravosudju\/#primaryimage"},"image":{"@id":"https:\/\/dmcsrb.com\/drustvo\/nastavlja-se-obustava-rada-u-pravosudju\/#primaryimage"},"thumbnailUrl":"https:\/\/dmcsrb.com\/wp-content\/uploads\/2026\/01\/sud-odluka-presuda-sudija.jpg","datePublished":"2025-11-02T08:42:00+00:00","author":{"@id":"https:\/\/dmcsrb.com\/#\/schema\/person\/5c39170f12db1b8b457732d0b5c854e2"},"breadcrumb":{"@id":"https:\/\/dmcsrb.com\/drustvo\/nastavlja-se-obustava-rada-u-pravosudju\/#breadcrumb"},"inLanguage":"en-GB","potentialAction":[{"@type":"ReadAction","target":["https:\/\/dmcsrb.com\/drustvo\/nastavlja-se-obustava-rada-u-pravosudju\/"]}]},{"@type":"ImageObject","inLanguage":"en-GB","@id":"https:\/\/dmcsrb.com\/drustvo\/nastavlja-se-obustava-rada-u-pravosudju\/#primaryimage","url":"https:\/\/dmcsrb.com\/wp-content\/uploads\/2026\/01\/sud-odluka-presuda-sudija.jpg","contentUrl":"https:\/\/dmcsrb.com\/wp-content\/uploads\/2026\/01\/sud-odluka-presuda-sudija.jpg","width":900,"height":600},{"@type":"BreadcrumbList","@id":"https:\/\/dmcsrb.com\/drustvo\/nastavlja-se-obustava-rada-u-pravosudju\/#breadcrumb","itemListElement":[{"@type":"ListItem","position":1,"name":"Home","item":"https:\/\/dmcsrb.com\/"},{"@type":"ListItem","position":2,"name":"Nastavlja se obustava rada u pravosu\u0111u"}]},{"@type":"WebSite","@id":"https:\/\/dmcsrb.com\/#website","url":"https:\/\/dmcsrb.com\/","name":"dmcsrb.com","description":"","potentialAction":[{"@type":"SearchAction","target":{"@type":"EntryPoint","urlTemplate":"https:\/\/dmcsrb.com\/?s={search_term_string}"},"query-input":{"@type":"PropertyValueSpecification","valueRequired":true,"valueName":"search_term_string"}}],"inLanguage":"en-GB"},{"@type":"Person","@id":"https:\/\/dmcsrb.com\/#\/schema\/person\/5c39170f12db1b8b457732d0b5c854e2","name":"dmcsrbija.com@gmail.com","image":{"@type":"ImageObject","inLanguage":"en-GB","@id":"https:\/\/dmcsrb.com\/#\/schema\/person\/image\/","url":"https:\/\/secure.gravatar.com\/avatar\/68592660ad6347fad0fb587f8d5d8f1a7b44961362f56e4f2cd524feb87e9069?s=96&d=mm&r=g","contentUrl":"https:\/\/secure.gravatar.com\/avatar\/68592660ad6347fad0fb587f8d5d8f1a7b44961362f56e4f2cd524feb87e9069?s=96&d=mm&r=g","caption":"dmcsrbija.com@gmail.com"},"sameAs":["https:\/\/dmcsrb.com"],"url":"https:\/\/dmcsrb.com\/en\/author\/dmcsrbija-comgmail-com\/"}]}},"_links":{"self":[{"href":"https:\/\/dmcsrb.com\/en\/wp-json\/wp\/v2\/posts\/961428","targetHints":{"allow":["GET"]}}],"collection":[{"href":"https:\/\/dmcsrb.com\/en\/wp-json\/wp\/v2\/posts"}],"about":[{"href":"https:\/\/dmcsrb.com\/en\/wp-json\/wp\/v2\/types\/post"}],"author":[{"embeddable":true,"href":"https:\/\/dmcsrb.com\/en\/wp-json\/wp\/v2\/users\/1"}],"replies":[{"embeddable":true,"href":"https:\/\/dmcsrb.com\/en\/wp-json\/wp\/v2\/comments?post=961428"}],"version-history":[{"count":0,"href":"https:\/\/dmcsrb.com\/en\/wp-json\/wp\/v2\/posts\/961428\/revisions"}],"wp:featuredmedia":[{"embeddable":true,"href":"https:\/\/dmcsrb.com\/en\/wp-json\/wp\/v2\/media\/912484"}],"wp:attachment":[{"href":"https:\/\/dmcsrb.com\/en\/wp-json\/wp\/v2\/media?parent=961428"}],"wp:term":[{"taxonomy":"category","embeddable":true,"href":"https:\/\/dmcsrb.com\/en\/wp-json\/wp\/v2\/categories?post=961428"},{"taxonomy":"post_tag","embeddable":true,"href":"https:\/\/dmcsrb.com\/en\/wp-json\/wp\/v2\/tags?post=961428"},{"taxonomy":"naslovna","embeddable":true,"href":"https:\/\/dmcsrb.com\/en\/wp-json\/wp\/v2\/naslovna?post=961428"}],"curies":[{"name":"wp","href":"https:\/\/api.w.org\/{rel}","templated":true}]}}