{"id":961420,"date":"2025-11-02T08:39:00","date_gmt":"2025-11-02T07:39:00","guid":{"rendered":"https:\/\/dmcsrb.com\/uncategorized\/drugi-krug-izbora-za-gradonacelnike-33-opstine-u-sjevernoj-makedoniji\/"},"modified":"2025-11-02T08:39:00","modified_gmt":"2025-11-02T07:39:00","slug":"drugi-krug-izbora-za-gradonacelnike-33-opstine-u-sjevernoj-makedoniji","status":"publish","type":"post","link":"https:\/\/dmcsrb.com\/en\/region\/drugi-krug-izbora-za-gradonacelnike-33-opstine-u-sjevernoj-makedoniji\/","title":{"rendered":"Drugi krug izbora za gradona\u010delnike 33 op\u0161tine u Sjevernoj Makedoniji"},"content":{"rendered":"<p>Izborne borbe u drugom krugu odredi\u0107e gradona\u010delnike u vi\u0161e urbanih i ruralnih sredina. One \u0107e zaokru\u017eiti indikator za aktuelni politi\u010dki balans u zemlji.<\/p>\n\n\n\n<p>Bira\u010dka mjesta su otvorena u 7 sati ujutro i zatvori\u0107e se u 19 sati, nakon \u010dega se o\u010dekuje da \u0107e DIK po\u010deti brojati i objavljivati glasove. Pravo glasa ima 1.013.375 gra\u0111ana.<\/p>\n\n\n\n<p>Drugi krug se odr\u017eava tamo gdje nijedan od kandidata u prvom nije osvojio 50 plus jedan glas od ukupnog broja glasova. Na glasa\u010dkim listi\u0107ima su dva najvi\u0161e plasirana kandidata iz prvog kruga.<\/p>\n\n\n\n<p>Op\u0161tine i gradovi u kojima se gradona\u010delnik bira u drugom krugu su: Skoplje, Aerodrom, Bogovinje, Brvenica, Valandovo, Vinica, Debar, Debar\u010da, Demir Kapija, Dojran, Dolneni, \u017drnovci, Karpo\u0161, Ki\u010devo, Kon\u010de, Ko\u010dani, Kru\u0161evo, Kumanovo, Kru\u0161evo, Kumanovo, Brodsko Makedonsko, Lozovo, Kumanovo Probi\u0161tip, Rankovce, Rosoman, Struga, Studeni\u010dani, Tetovo, Centar, \u010ce\u0161inovo-Oble\u0161evo, \u010cu\u010der Sandevo i \u0160uto Orizari.<\/p>\n\n\n\n<p>U Gradu Skoplju snage \u0107e odmjeriti kandidati vladaju\u0107e VMRO-DPMNE i Ljevica.<\/p>\n\n\n\n<p>Ukupno 474.000 gra\u0111ana Skoplja s pravom glasa u 2. novembra ima\u0107e pravo da zaokru\u017eivanjem broja na glasa\u010dkom listi\u0107u donesu odluku ko \u0107e naslijediti aktuelnu gradona\u010delnicu Danelu Arsovsku, nezavisnu kandidatkinju koju je ranije podr\u017eao VMRO-DPMNE.<\/p>\n\n\n\n<p>Za gradona\u010delnika glavnog grada kandiduje se i gradona\u010delnik Kisele Vode iz VMRO-DPMNE Orce Gjorgievski, dok mu je protivkandidat biv\u0161i zastupnik Ljevice u Parlamentu Amar Me\u010dinovi\u0107.<\/p>\n\n\n\n<p>Razlika izme\u0111u dvojice kandidata u prvom krugu bila je 61.000 glasova. Gjorgievski je osvojio 91.000 glasova, dok je njegov protivkandidat osvojio 30.000 glasova.<br>U 16 op\u0161tina glasa\u010di \u0107e birati izme\u0111u kandidata vladaju\u0107e VMRO-DPMNE-a i opozicionog Socijaldemokratskog saveza Makedonije (SDSM).<\/p>\n\n\n\n<p>To su najbrojniji politi\u010dki okr\u0161aji u drugom krugu i donije\u0107e odgovor o kapacitetima opozicionog SDSM-a koji je u prvom krugu osvojio samo 3 gradona\u010delni\u010dka mjesta, naspram 33 mjesta vladaju\u0107e VMRO-DPMNE. Radi se o 16 op\u0161tina u centralnom i isto\u010dnom dijelu zemlje.<\/p>\n\n\n\n<p>Skopske op\u0161tine Centar i Karpo\u0161, ali i Ki\u010devo, Tetovo i Struga, kao i Ko\u010dani, dio su op\u0161tina koje politi\u010dki analiti\u010dari ozna\u010davaju kao interesantne za pra\u0107enje i gdje bi glasa\u010di kandidata koji nisu u\u0161li u drugi krug mogli biti presudni za pobjedu, odnosno preokret.<\/p>\n\n\n\n<p>Tragedija u Ko\u010danima, gdje je u po\u017earu u no\u0107nom klubu &#8220;Puls&#8221; u martu poginulo 63 osobe, a vi\u0161e od 200 je povrije\u0111eno, usmjerila je pa\u017enju javnosti ka ovom gradu tokom lokalnih izbora.<\/p>\n\n\n\n<p>Ko\u010danci \u0107e u drugom krugu birati izme\u0111u v.d. gradona\u010delnika i nezavisnog kandidata Venka Krstevskog i Vlatka Grozdanova iz VMRO-DPMNE-a. Grozdanov je u prvom krugu 19. oktobra osvojio oko 2.200 glasova vi\u0161e od Krstevskog.<\/p>\n\n\n\n<p>Prema podacima DIK-a, nezavisni kandidati ulaze u drugi krug u najmanje sedam op\u0161tina, \u0161to pokazuje rast podr\u0161ke lokalnim, nadpartijskim inicijativama.<\/p>\n\n\n\n<p>Ove godine prvi krug lokalnih izbora zavr\u0161en je s izabrana 44 gradona\u010delnika. U \u010detiri op\u0161tine nije bilo cenzusa, pa \u0107e se u njima izbori odr\u017eati ispo\u010detka. Lokalni izbori 2021. godine u prvom krugu zavr\u0161eni su s izabranim gradona\u010delnicima u 29 op\u0161tina.<\/p>\n\n\n\n<p><a target=\"_blank\" href=\"https:\/\/play.google.com\/store\/apps\/details?id=me.rtcg\" rel=\"noreferrer noopener\"><\/a><a target=\"_blank\" href=\"https:\/\/apps.apple.com\/us\/app\/rtcg\/id1400067551\" rel=\"noreferrer noopener\"><\/a><\/p>","protected":false},"excerpt":{"rendered":"<p>Makedonski gra\u0111ani glasaju 2. novembra u drugom krugu izbora za gradona\u010delnike u 33 op\u0161tine, nakon \u0161to u prvom krugu nijedan od kandidata tamo nije obezbijedio ve\u0107inu, uklju\u010duju\u0107i i glavni grad, Skoplje.<\/p>","protected":false},"author":1,"featured_media":915522,"comment_status":"open","ping_status":"open","sticky":false,"template":"","format":"standard","meta":{"_acf_changed":false,"footnotes":""},"categories":[103],"tags":[814,2425],"naslovna":[],"class_list":["post-961420","post","type-post","status-publish","format-standard","has-post-thumbnail","hentry","category-region","tag-izbori","tag-sjeverna-makedonija"],"acf":[],"yoast_head":"<!-- This site is optimized with the Yoast SEO plugin v27.4 - https:\/\/yoast.com\/product\/yoast-seo-wordpress\/ -->\n<title>Drugi krug izbora za gradona\u010delnike 33 op\u0161tine u Sjevernoj Makedoniji - dmcsrb.com<\/title>\n<meta name=\"robots\" content=\"index, follow, max-snippet:-1, max-image-preview:large, max-video-preview:-1\" \/>\n<link rel=\"canonical\" href=\"https:\/\/dmcsrb.com\/en\/region\/drugi-krug-izbora-za-gradonacelnike-33-opstine-u-sjevernoj-makedoniji\/\" \/>\n<meta property=\"og:locale\" content=\"en_GB\" \/>\n<meta property=\"og:type\" content=\"article\" \/>\n<meta property=\"og:title\" content=\"Drugi krug izbora za gradona\u010delnike 33 op\u0161tine u Sjevernoj Makedoniji - dmcsrb.com\" \/>\n<meta property=\"og:description\" content=\"Makedonski gra\u0111ani glasaju 2. novembra u drugom krugu izbora za gradona\u010delnike u 33 op\u0161tine, nakon \u0161to u prvom krugu nijedan od kandidata tamo nije obezbijedio ve\u0107inu, uklju\u010duju\u0107i i glavni grad, Skoplje.\" \/>\n<meta property=\"og:url\" content=\"https:\/\/dmcsrb.com\/en\/region\/drugi-krug-izbora-za-gradonacelnike-33-opstine-u-sjevernoj-makedoniji\/\" \/>\n<meta property=\"og:site_name\" content=\"dmcsrb.com\" \/>\n<meta property=\"article:published_time\" content=\"2025-11-02T07:39:00+00:00\" \/>\n<meta property=\"og:image\" content=\"https:\/\/dmcsrb.com\/wp-content\/uploads\/2026\/01\/Sjeverna-Makedonija.jpg\" \/>\n\t<meta property=\"og:image:width\" content=\"800\" \/>\n\t<meta property=\"og:image:height\" content=\"537\" \/>\n\t<meta property=\"og:image:type\" content=\"image\/jpeg\" \/>\n<meta name=\"author\" content=\"dmcsrbija.com@gmail.com\" \/>\n<meta name=\"twitter:card\" content=\"summary_large_image\" \/>\n<meta name=\"twitter:label1\" content=\"Written by\" \/>\n\t<meta name=\"twitter:data1\" content=\"dmcsrbija.com@gmail.com\" \/>\n\t<meta name=\"twitter:label2\" content=\"Estimated reading time\" \/>\n\t<meta name=\"twitter:data2\" content=\"3 minutes\" \/>\n<script type=\"application\/ld+json\" class=\"yoast-schema-graph\">{\"@context\":\"https:\\\/\\\/schema.org\",\"@graph\":[{\"@type\":\"Article\",\"@id\":\"https:\\\/\\\/dmcsrb.com\\\/en\\\/region\\\/drugi-krug-izbora-za-gradonacelnike-33-opstine-u-sjevernoj-makedoniji\\\/#article\",\"isPartOf\":{\"@id\":\"https:\\\/\\\/dmcsrb.com\\\/en\\\/region\\\/drugi-krug-izbora-za-gradonacelnike-33-opstine-u-sjevernoj-makedoniji\\\/\"},\"author\":{\"name\":\"dmcsrbija.com@gmail.com\",\"@id\":\"https:\\\/\\\/dmcsrb.com\\\/#\\\/schema\\\/person\\\/5c39170f12db1b8b457732d0b5c854e2\"},\"headline\":\"Drugi krug izbora za gradona\u010delnike 33 op\u0161tine u Sjevernoj Makedoniji\",\"datePublished\":\"2025-11-02T07:39:00+00:00\",\"mainEntityOfPage\":{\"@id\":\"https:\\\/\\\/dmcsrb.com\\\/en\\\/region\\\/drugi-krug-izbora-za-gradonacelnike-33-opstine-u-sjevernoj-makedoniji\\\/\"},\"wordCount\":529,\"commentCount\":0,\"image\":{\"@id\":\"https:\\\/\\\/dmcsrb.com\\\/en\\\/region\\\/drugi-krug-izbora-za-gradonacelnike-33-opstine-u-sjevernoj-makedoniji\\\/#primaryimage\"},\"thumbnailUrl\":\"https:\\\/\\\/dmcsrb.com\\\/wp-content\\\/uploads\\\/2026\\\/01\\\/Sjeverna-Makedonija.jpg\",\"keywords\":[\"Izbori\",\"Sjeverna Makedonija\"],\"articleSection\":[\"Region\"],\"inLanguage\":\"en-GB\",\"potentialAction\":[{\"@type\":\"CommentAction\",\"name\":\"Comment\",\"target\":[\"https:\\\/\\\/dmcsrb.com\\\/en\\\/region\\\/drugi-krug-izbora-za-gradonacelnike-33-opstine-u-sjevernoj-makedoniji\\\/#respond\"]}]},{\"@type\":\"WebPage\",\"@id\":\"https:\\\/\\\/dmcsrb.com\\\/en\\\/region\\\/drugi-krug-izbora-za-gradonacelnike-33-opstine-u-sjevernoj-makedoniji\\\/\",\"url\":\"https:\\\/\\\/dmcsrb.com\\\/en\\\/region\\\/drugi-krug-izbora-za-gradonacelnike-33-opstine-u-sjevernoj-makedoniji\\\/\",\"name\":\"Drugi krug izbora za gradona\u010delnike 33 op\u0161tine u Sjevernoj Makedoniji - dmcsrb.com\",\"isPartOf\":{\"@id\":\"https:\\\/\\\/dmcsrb.com\\\/#website\"},\"primaryImageOfPage\":{\"@id\":\"https:\\\/\\\/dmcsrb.com\\\/en\\\/region\\\/drugi-krug-izbora-za-gradonacelnike-33-opstine-u-sjevernoj-makedoniji\\\/#primaryimage\"},\"image\":{\"@id\":\"https:\\\/\\\/dmcsrb.com\\\/en\\\/region\\\/drugi-krug-izbora-za-gradonacelnike-33-opstine-u-sjevernoj-makedoniji\\\/#primaryimage\"},\"thumbnailUrl\":\"https:\\\/\\\/dmcsrb.com\\\/wp-content\\\/uploads\\\/2026\\\/01\\\/Sjeverna-Makedonija.jpg\",\"datePublished\":\"2025-11-02T07:39:00+00:00\",\"author\":{\"@id\":\"https:\\\/\\\/dmcsrb.com\\\/#\\\/schema\\\/person\\\/5c39170f12db1b8b457732d0b5c854e2\"},\"breadcrumb\":{\"@id\":\"https:\\\/\\\/dmcsrb.com\\\/en\\\/region\\\/drugi-krug-izbora-za-gradonacelnike-33-opstine-u-sjevernoj-makedoniji\\\/#breadcrumb\"},\"inLanguage\":\"en-GB\",\"potentialAction\":[{\"@type\":\"ReadAction\",\"target\":[\"https:\\\/\\\/dmcsrb.com\\\/en\\\/region\\\/drugi-krug-izbora-za-gradonacelnike-33-opstine-u-sjevernoj-makedoniji\\\/\"]}]},{\"@type\":\"ImageObject\",\"inLanguage\":\"en-GB\",\"@id\":\"https:\\\/\\\/dmcsrb.com\\\/en\\\/region\\\/drugi-krug-izbora-za-gradonacelnike-33-opstine-u-sjevernoj-makedoniji\\\/#primaryimage\",\"url\":\"https:\\\/\\\/dmcsrb.com\\\/wp-content\\\/uploads\\\/2026\\\/01\\\/Sjeverna-Makedonija.jpg\",\"contentUrl\":\"https:\\\/\\\/dmcsrb.com\\\/wp-content\\\/uploads\\\/2026\\\/01\\\/Sjeverna-Makedonija.jpg\",\"width\":800,\"height\":537},{\"@type\":\"BreadcrumbList\",\"@id\":\"https:\\\/\\\/dmcsrb.com\\\/en\\\/region\\\/drugi-krug-izbora-za-gradonacelnike-33-opstine-u-sjevernoj-makedoniji\\\/#breadcrumb\",\"itemListElement\":[{\"@type\":\"ListItem\",\"position\":1,\"name\":\"Home\",\"item\":\"https:\\\/\\\/dmcsrb.com\\\/\"},{\"@type\":\"ListItem\",\"position\":2,\"name\":\"Drugi krug izbora za gradona\u010delnike 33 op\u0161tine u Sjevernoj Makedoniji\"}]},{\"@type\":\"WebSite\",\"@id\":\"https:\\\/\\\/dmcsrb.com\\\/#website\",\"url\":\"https:\\\/\\\/dmcsrb.com\\\/\",\"name\":\"dmcsrb.com\",\"description\":\"\",\"potentialAction\":[{\"@type\":\"SearchAction\",\"target\":{\"@type\":\"EntryPoint\",\"urlTemplate\":\"https:\\\/\\\/dmcsrb.com\\\/?s={search_term_string}\"},\"query-input\":{\"@type\":\"PropertyValueSpecification\",\"valueRequired\":true,\"valueName\":\"search_term_string\"}}],\"inLanguage\":\"en-GB\"},{\"@type\":\"Person\",\"@id\":\"https:\\\/\\\/dmcsrb.com\\\/#\\\/schema\\\/person\\\/5c39170f12db1b8b457732d0b5c854e2\",\"name\":\"dmcsrbija.com@gmail.com\",\"image\":{\"@type\":\"ImageObject\",\"inLanguage\":\"en-GB\",\"@id\":\"https:\\\/\\\/secure.gravatar.com\\\/avatar\\\/68592660ad6347fad0fb587f8d5d8f1a7b44961362f56e4f2cd524feb87e9069?s=96&d=mm&r=g\",\"url\":\"https:\\\/\\\/secure.gravatar.com\\\/avatar\\\/68592660ad6347fad0fb587f8d5d8f1a7b44961362f56e4f2cd524feb87e9069?s=96&d=mm&r=g\",\"contentUrl\":\"https:\\\/\\\/secure.gravatar.com\\\/avatar\\\/68592660ad6347fad0fb587f8d5d8f1a7b44961362f56e4f2cd524feb87e9069?s=96&d=mm&r=g\",\"caption\":\"dmcsrbija.com@gmail.com\"},\"sameAs\":[\"https:\\\/\\\/dmcsrb.com\"],\"url\":\"https:\\\/\\\/dmcsrb.com\\\/en\\\/author\\\/dmcsrbija-comgmail-com\\\/\"}]}<\/script>\n<!-- \/ Yoast SEO plugin. -->","yoast_head_json":{"title":"Drugi krug izbora za gradona\u010delnike 33 op\u0161tine u Sjevernoj Makedoniji - dmcsrb.com","robots":{"index":"index","follow":"follow","max-snippet":"max-snippet:-1","max-image-preview":"max-image-preview:large","max-video-preview":"max-video-preview:-1"},"canonical":"https:\/\/dmcsrb.com\/en\/region\/drugi-krug-izbora-za-gradonacelnike-33-opstine-u-sjevernoj-makedoniji\/","og_locale":"en_GB","og_type":"article","og_title":"Drugi krug izbora za gradona\u010delnike 33 op\u0161tine u Sjevernoj Makedoniji - dmcsrb.com","og_description":"Makedonski gra\u0111ani glasaju 2. novembra u drugom krugu izbora za gradona\u010delnike u 33 op\u0161tine, nakon \u0161to u prvom krugu nijedan od kandidata tamo nije obezbijedio ve\u0107inu, uklju\u010duju\u0107i i glavni grad, Skoplje.","og_url":"https:\/\/dmcsrb.com\/en\/region\/drugi-krug-izbora-za-gradonacelnike-33-opstine-u-sjevernoj-makedoniji\/","og_site_name":"dmcsrb.com","article_published_time":"2025-11-02T07:39:00+00:00","og_image":[{"width":800,"height":537,"url":"https:\/\/dmcsrb.com\/wp-content\/uploads\/2026\/01\/Sjeverna-Makedonija.jpg","type":"image\/jpeg"}],"author":"dmcsrbija.com@gmail.com","twitter_card":"summary_large_image","twitter_misc":{"Written by":"dmcsrbija.com@gmail.com","Estimated reading time":"3 minutes"},"schema":{"@context":"https:\/\/schema.org","@graph":[{"@type":"Article","@id":"https:\/\/dmcsrb.com\/en\/region\/drugi-krug-izbora-za-gradonacelnike-33-opstine-u-sjevernoj-makedoniji\/#article","isPartOf":{"@id":"https:\/\/dmcsrb.com\/en\/region\/drugi-krug-izbora-za-gradonacelnike-33-opstine-u-sjevernoj-makedoniji\/"},"author":{"name":"dmcsrbija.com@gmail.com","@id":"https:\/\/dmcsrb.com\/#\/schema\/person\/5c39170f12db1b8b457732d0b5c854e2"},"headline":"Drugi krug izbora za gradona\u010delnike 33 op\u0161tine u Sjevernoj Makedoniji","datePublished":"2025-11-02T07:39:00+00:00","mainEntityOfPage":{"@id":"https:\/\/dmcsrb.com\/en\/region\/drugi-krug-izbora-za-gradonacelnike-33-opstine-u-sjevernoj-makedoniji\/"},"wordCount":529,"commentCount":0,"image":{"@id":"https:\/\/dmcsrb.com\/en\/region\/drugi-krug-izbora-za-gradonacelnike-33-opstine-u-sjevernoj-makedoniji\/#primaryimage"},"thumbnailUrl":"https:\/\/dmcsrb.com\/wp-content\/uploads\/2026\/01\/Sjeverna-Makedonija.jpg","keywords":["Izbori","Sjeverna Makedonija"],"articleSection":["Region"],"inLanguage":"en-GB","potentialAction":[{"@type":"CommentAction","name":"Comment","target":["https:\/\/dmcsrb.com\/en\/region\/drugi-krug-izbora-za-gradonacelnike-33-opstine-u-sjevernoj-makedoniji\/#respond"]}]},{"@type":"WebPage","@id":"https:\/\/dmcsrb.com\/en\/region\/drugi-krug-izbora-za-gradonacelnike-33-opstine-u-sjevernoj-makedoniji\/","url":"https:\/\/dmcsrb.com\/en\/region\/drugi-krug-izbora-za-gradonacelnike-33-opstine-u-sjevernoj-makedoniji\/","name":"Drugi krug izbora za gradona\u010delnike 33 op\u0161tine u Sjevernoj Makedoniji - dmcsrb.com","isPartOf":{"@id":"https:\/\/dmcsrb.com\/#website"},"primaryImageOfPage":{"@id":"https:\/\/dmcsrb.com\/en\/region\/drugi-krug-izbora-za-gradonacelnike-33-opstine-u-sjevernoj-makedoniji\/#primaryimage"},"image":{"@id":"https:\/\/dmcsrb.com\/en\/region\/drugi-krug-izbora-za-gradonacelnike-33-opstine-u-sjevernoj-makedoniji\/#primaryimage"},"thumbnailUrl":"https:\/\/dmcsrb.com\/wp-content\/uploads\/2026\/01\/Sjeverna-Makedonija.jpg","datePublished":"2025-11-02T07:39:00+00:00","author":{"@id":"https:\/\/dmcsrb.com\/#\/schema\/person\/5c39170f12db1b8b457732d0b5c854e2"},"breadcrumb":{"@id":"https:\/\/dmcsrb.com\/en\/region\/drugi-krug-izbora-za-gradonacelnike-33-opstine-u-sjevernoj-makedoniji\/#breadcrumb"},"inLanguage":"en-GB","potentialAction":[{"@type":"ReadAction","target":["https:\/\/dmcsrb.com\/en\/region\/drugi-krug-izbora-za-gradonacelnike-33-opstine-u-sjevernoj-makedoniji\/"]}]},{"@type":"ImageObject","inLanguage":"en-GB","@id":"https:\/\/dmcsrb.com\/en\/region\/drugi-krug-izbora-za-gradonacelnike-33-opstine-u-sjevernoj-makedoniji\/#primaryimage","url":"https:\/\/dmcsrb.com\/wp-content\/uploads\/2026\/01\/Sjeverna-Makedonija.jpg","contentUrl":"https:\/\/dmcsrb.com\/wp-content\/uploads\/2026\/01\/Sjeverna-Makedonija.jpg","width":800,"height":537},{"@type":"BreadcrumbList","@id":"https:\/\/dmcsrb.com\/en\/region\/drugi-krug-izbora-za-gradonacelnike-33-opstine-u-sjevernoj-makedoniji\/#breadcrumb","itemListElement":[{"@type":"ListItem","position":1,"name":"Home","item":"https:\/\/dmcsrb.com\/"},{"@type":"ListItem","position":2,"name":"Drugi krug izbora za gradona\u010delnike 33 op\u0161tine u Sjevernoj Makedoniji"}]},{"@type":"WebSite","@id":"https:\/\/dmcsrb.com\/#website","url":"https:\/\/dmcsrb.com\/","name":"dmcsrb.com","description":"","potentialAction":[{"@type":"SearchAction","target":{"@type":"EntryPoint","urlTemplate":"https:\/\/dmcsrb.com\/?s={search_term_string}"},"query-input":{"@type":"PropertyValueSpecification","valueRequired":true,"valueName":"search_term_string"}}],"inLanguage":"en-GB"},{"@type":"Person","@id":"https:\/\/dmcsrb.com\/#\/schema\/person\/5c39170f12db1b8b457732d0b5c854e2","name":"dmcsrbija.com@gmail.com","image":{"@type":"ImageObject","inLanguage":"en-GB","@id":"https:\/\/secure.gravatar.com\/avatar\/68592660ad6347fad0fb587f8d5d8f1a7b44961362f56e4f2cd524feb87e9069?s=96&d=mm&r=g","url":"https:\/\/secure.gravatar.com\/avatar\/68592660ad6347fad0fb587f8d5d8f1a7b44961362f56e4f2cd524feb87e9069?s=96&d=mm&r=g","contentUrl":"https:\/\/secure.gravatar.com\/avatar\/68592660ad6347fad0fb587f8d5d8f1a7b44961362f56e4f2cd524feb87e9069?s=96&d=mm&r=g","caption":"dmcsrbija.com@gmail.com"},"sameAs":["https:\/\/dmcsrb.com"],"url":"https:\/\/dmcsrb.com\/en\/author\/dmcsrbija-comgmail-com\/"}]}},"_links":{"self":[{"href":"https:\/\/dmcsrb.com\/en\/wp-json\/wp\/v2\/posts\/961420","targetHints":{"allow":["GET"]}}],"collection":[{"href":"https:\/\/dmcsrb.com\/en\/wp-json\/wp\/v2\/posts"}],"about":[{"href":"https:\/\/dmcsrb.com\/en\/wp-json\/wp\/v2\/types\/post"}],"author":[{"embeddable":true,"href":"https:\/\/dmcsrb.com\/en\/wp-json\/wp\/v2\/users\/1"}],"replies":[{"embeddable":true,"href":"https:\/\/dmcsrb.com\/en\/wp-json\/wp\/v2\/comments?post=961420"}],"version-history":[{"count":0,"href":"https:\/\/dmcsrb.com\/en\/wp-json\/wp\/v2\/posts\/961420\/revisions"}],"wp:featuredmedia":[{"embeddable":true,"href":"https:\/\/dmcsrb.com\/en\/wp-json\/wp\/v2\/media\/915522"}],"wp:attachment":[{"href":"https:\/\/dmcsrb.com\/en\/wp-json\/wp\/v2\/media?parent=961420"}],"wp:term":[{"taxonomy":"category","embeddable":true,"href":"https:\/\/dmcsrb.com\/en\/wp-json\/wp\/v2\/categories?post=961420"},{"taxonomy":"post_tag","embeddable":true,"href":"https:\/\/dmcsrb.com\/en\/wp-json\/wp\/v2\/tags?post=961420"},{"taxonomy":"naslovna","embeddable":true,"href":"https:\/\/dmcsrb.com\/en\/wp-json\/wp\/v2\/naslovna?post=961420"}],"curies":[{"name":"wp","href":"https:\/\/api.w.org\/{rel}","templated":true}]}}