{"id":961345,"date":"2025-11-01T15:35:00","date_gmt":"2025-11-01T14:35:00","guid":{"rendered":"https:\/\/dmcsrb.com\/uncategorized\/demokrate-dusko-markovic-je-2019-godine-potpisao-rjesenje-o-imenovanju-spicanovica-za-pomocnika-direktora-uprave-policije\/"},"modified":"2025-11-01T15:35:00","modified_gmt":"2025-11-01T14:35:00","slug":"demokrate-dusko-markovic-je-2019-godine-potpisao-rjesenje-o-imenovanju-spicanovica-za-pomocnika-direktora-uprave-policije","status":"publish","type":"post","link":"https:\/\/dmcsrb.com\/en\/politika\/demokrate-dusko-markovic-je-2019-godine-potpisao-rjesenje-o-imenovanju-spicanovica-za-pomocnika-direktora-uprave-policije\/","title":{"rendered":"Demokrate: Du\u0161ko Markovi\u0107 je 2019. godine potpisao rje\u0161enje o imenovanju Spi\u010danovi\u0107a za pomo\u0107nika direktora Uprave policije"},"content":{"rendered":"<p>&#8220;Markovi\u0107 je nervozan je jer se hapse njegovi drugovi odnosno ljudi koji su bili dio bezbjednosne strukture koju je on stvarao, \u0161titio i promovisao. Nervozan jer se kidaju \u0161avovi sistema koji je godinama pravio po mjeri svojih interesa. A svakim njegovim novim napadom \u0161alje se jasna poruka pohap\u0161enim licima: \u201c\u0106utite kao \u0161to sam ja \u0107utao. Ne pri\u010dajte. Ne otkrivajte kako ste zapo\u0161ljavani, ko vas je postavljao, \u010diji ste bili projekat&#8221;, navode oni.<\/p>\n\n\n\n<p>Kako dodaju, &#8220;\u010ditav smisao ovih nervoznih saop\u0161tenja je da se zaustavi ono \u0161to se prvi put de\u0161ava u Crnoj Gori, odlu\u010dne akcije policije i tu\u017eila\u0161tva protiv mafije, skidanje za\u0161titnih ki\u0161obrana i \u010di\u0161\u0107enje bezbjednosnog sektora od kriminala koji nije nastao sam od sebe, ve\u0107 vi\u0161egodi\u0161njim radom upravo Du\u0161ka Markovi\u0107a&#8221;.<a href=\"https:\/\/www.portalanalitika.me\/clanak\/sep-ovo-nije-samo-krah-bezbjednosnog-sektora-ovo-je-sramota-vlasti\" target=\"_blank\" rel=\"noreferrer noopener\"><\/a><\/p>\n\n\n\n<p>&#8220;Dok on danas pri\u010da o \u201ckrizi bezbjednosnog sektora\u201d, isti taj Markovi\u0107 je 2019. li\u010dno potpisao rje\u0161enje o imenovanju Draga Spi\u010danovi\u0107a za pomo\u0107nika direktora Uprave policije i to je dokument koji danas poku\u0161ava da zaboravi. Taj papir postoji. Njegov potpis postoji. I to je samo jedan u nizu njegovih kadrova koji su u me\u0111uvremenu pohap\u0161eni zbog optu\u017ebi da su izvr\u0161ili najte\u017ea krivi\u010dna djela&#8221;, istakli su u saop\u0161tenju.<\/p>\n\n\n\n<p>Markovi\u0107 je, kako dodaju, svojevremeno javno izjavljivao da je tada\u0161nji direktor ANB-a Peruni\u010di\u0107 \u201cdobro radio, samo neka nastavi\u201d. Tako\u0111e, kako ka\u017eu &#8211; plju\u0161tali su hvalospjevi o njegovom radu.<\/p>\n\n\n\n<p>&#8220;A potom, Peruni\u010di\u0107 je uhap\u0161en pod optu\u017ebama da je vi\u0161e desetina osoba me\u0111u kojima su sve\u0161tenici, gra\u0111ani, ali i politi\u010dari nezakonito prislu\u0161kivano i pra\u0107eno od kraja 2019. do posljednih dana avgusta 2020. godine. Pa ko je, zapravo, godinama vodio sistem koji je sada pod istragama i optu\u017ebama za najte\u017ea krivi\u010dna djela? Ko je davao ovim ljudima politi\u010dku za\u0161titu? Ko je postavljao i hvalio kadrove koji su zavr\u0161ili pred tu\u017eiocem? Demokrate ili Du\u0161ko Markovi\u0107? I sada, kada policija kona\u010dno po\u010dinje da presijeca pipke hobotnice, iznenada iz SEP-a odnosno Du\u0161ka Markovi\u0107a sti\u017eu dramati\u010dne optu\u017ebe o navodnom \u201ckrahu bezbjednosnog sektora\u201d, istakle su Demokrate.<\/p>\n\n\n\n<p>Kako su, naglasili, ne de\u0161ava se krah ve\u0107 \u010di\u0161\u0107enje.<\/p>\n\n\n\n<p>&#8220;\u010ci\u0161\u0107enje aparata koji ste vi godinama slagali, polirali i \u0161titili. I naravno da ste nervozni, jer nikada ne znate koji sljede\u0107i potez policije vodi do sljede\u0107eg \u010dovjeka iz va\u0161e strukture ili mo\u017eda korak bli\u017ee vama samima. Zato i kre\u0107u saop\u0161tenja pani\u010dna i prazna, sa ciljem da skrenu pa\u017enju sa najva\u017enije \u010dinjenice da se Crna Gora osloba\u0111a sistema koji ste vi postavili. I da sada vi\u0161e nema povratka&#8221;, zaklju\u010duju.<\/p>\n\n\n\n<figure class=\"wp-block-image size-large\"><img decoding=\"async\" src=\"https:\/\/gradski.me\/wp-content\/uploads\/2025\/11\/IMG_4804-832x1024.jpeg\" alt=\"\" class=\"wp-image-862579\"\/><figcaption class=\"wp-element-caption\">foto: Demokratska CG<\/figcaption><\/figure>\n\n\n\n<figure class=\"wp-block-embed is-type-wp-embed is-provider-gradski-portal wp-block-embed-gradski-portal\"><div class=\"wp-block-embed__wrapper\">\n<blockquote class=\"wp-embedded-content\" data-secret=\"duCyNudBge\"><a href=\"https:\/\/gradski.me\/sep-ovo-nije-samo-krah-bezbjednosnog-sektora-ovo-je-sramota-vlasti\/\">SEP: Ovo nije samo krah bezbjednosnog sektora ovo je sramota vlasti<\/a><\/blockquote><iframe loading=\"lazy\" class=\"wp-embedded-content\" sandbox=\"allow-scripts\" security=\"restricted\" style=\"position: absolute; visibility: hidden;\" title=\"&#132;SEP: Ovo nije samo krah bezbjednosnog sektora ovo je sramota vlasti&#147; &#8212; Gradski portal\" src=\"https:\/\/gradski.me\/sep-ovo-nije-samo-krah-bezbjednosnog-sektora-ovo-je-sramota-vlasti\/embed\/#?secret=bvHUcojeIs#?secret=duCyNudBge\" data-secret=\"duCyNudBge\" width=\"500\" height=\"282\" frameborder=\"0\" marginwidth=\"0\" marginheight=\"0\" scrolling=\"no\"><\/iframe>\n<\/div><\/figure>","protected":false},"excerpt":{"rendered":"<p>\u010cim policija i tu\u017eila\u0161tvo naprave iskorak protiv mafije, odmah se javlja Du\u0161ko Markovi\u0107 da zamuti vodu, skrene pa\u017enju i za\u0161titi ono \u0161to se godinama gradilo iza kulisa. Ali ne ide mu ba\u0161 najbolje, jer je Markovi\u0107 ovih dana previ\u0161e nervozan, i to ne mo\u017ee da sakrije, navodi se u reagovanju Demokrata.<\/p>","protected":false},"author":1,"featured_media":915196,"comment_status":"open","ping_status":"open","sticky":false,"template":"","format":"standard","meta":{"_acf_changed":false,"footnotes":""},"categories":[12],"tags":[1355,8860,232],"naslovna":[],"class_list":["post-961345","post","type-post","status-publish","format-standard","has-post-thumbnail","hentry","category-politika","tag-demokrate","tag-dusko-markovic","tag-sep"],"acf":[],"yoast_head":"<!-- This site is optimized with the Yoast SEO plugin v27.4 - https:\/\/yoast.com\/product\/yoast-seo-wordpress\/ -->\n<title>Demokrate: Du\u0161ko Markovi\u0107 je 2019. godine potpisao rje\u0161enje o imenovanju Spi\u010danovi\u0107a za pomo\u0107nika direktora Uprave policije - dmcsrb.com<\/title>\n<meta name=\"robots\" content=\"index, follow, max-snippet:-1, max-image-preview:large, max-video-preview:-1\" \/>\n<link rel=\"canonical\" href=\"https:\/\/dmcsrb.com\/en\/politika\/demokrate-dusko-markovic-je-2019-godine-potpisao-rjesenje-o-imenovanju-spicanovica-za-pomocnika-direktora-uprave-policije\/\" \/>\n<meta property=\"og:locale\" content=\"en_GB\" \/>\n<meta property=\"og:type\" content=\"article\" \/>\n<meta property=\"og:title\" content=\"Demokrate: Du\u0161ko Markovi\u0107 je 2019. godine potpisao rje\u0161enje o imenovanju Spi\u010danovi\u0107a za pomo\u0107nika direktora Uprave policije - dmcsrb.com\" \/>\n<meta property=\"og:description\" content=\"\u010cim policija i tu\u017eila\u0161tvo naprave iskorak protiv mafije, odmah se javlja Du\u0161ko Markovi\u0107 da zamuti vodu, skrene pa\u017enju i za\u0161titi ono \u0161to se godinama gradilo iza kulisa. Ali ne ide mu ba\u0161 najbolje, jer je Markovi\u0107 ovih dana previ\u0161e nervozan, i to ne mo\u017ee da sakrije, navodi se u reagovanju Demokrata.\" \/>\n<meta property=\"og:url\" content=\"https:\/\/dmcsrb.com\/en\/politika\/demokrate-dusko-markovic-je-2019-godine-potpisao-rjesenje-o-imenovanju-spicanovica-za-pomocnika-direktora-uprave-policije\/\" \/>\n<meta property=\"og:site_name\" content=\"dmcsrb.com\" \/>\n<meta property=\"article:published_time\" content=\"2025-11-01T14:35:00+00:00\" \/>\n<meta property=\"og:image\" content=\"https:\/\/dmcsrb.com\/wp-content\/uploads\/2026\/01\/demokrate-logo-5.jpg\" \/>\n\t<meta property=\"og:image:width\" content=\"1260\" \/>\n\t<meta property=\"og:image:height\" content=\"1023\" \/>\n\t<meta property=\"og:image:type\" content=\"image\/jpeg\" \/>\n<meta name=\"author\" content=\"dmcsrbija.com@gmail.com\" \/>\n<meta name=\"twitter:card\" content=\"summary_large_image\" \/>\n<meta name=\"twitter:label1\" content=\"Written by\" \/>\n\t<meta name=\"twitter:data1\" content=\"dmcsrbija.com@gmail.com\" \/>\n\t<meta name=\"twitter:label2\" content=\"Estimated reading time\" \/>\n\t<meta name=\"twitter:data2\" content=\"2 minutes\" \/>\n<script type=\"application\/ld+json\" class=\"yoast-schema-graph\">{\"@context\":\"https:\\\/\\\/schema.org\",\"@graph\":[{\"@type\":\"Article\",\"@id\":\"https:\\\/\\\/dmcsrb.com\\\/en\\\/politika\\\/demokrate-dusko-markovic-je-2019-godine-potpisao-rjesenje-o-imenovanju-spicanovica-za-pomocnika-direktora-uprave-policije\\\/#article\",\"isPartOf\":{\"@id\":\"https:\\\/\\\/dmcsrb.com\\\/en\\\/politika\\\/demokrate-dusko-markovic-je-2019-godine-potpisao-rjesenje-o-imenovanju-spicanovica-za-pomocnika-direktora-uprave-policije\\\/\"},\"author\":{\"name\":\"dmcsrbija.com@gmail.com\",\"@id\":\"https:\\\/\\\/dmcsrb.com\\\/#\\\/schema\\\/person\\\/5c39170f12db1b8b457732d0b5c854e2\"},\"headline\":\"Demokrate: Du\u0161ko Markovi\u0107 je 2019. godine potpisao rje\u0161enje o imenovanju Spi\u010danovi\u0107a za pomo\u0107nika direktora Uprave policije\",\"datePublished\":\"2025-11-01T14:35:00+00:00\",\"mainEntityOfPage\":{\"@id\":\"https:\\\/\\\/dmcsrb.com\\\/en\\\/politika\\\/demokrate-dusko-markovic-je-2019-godine-potpisao-rjesenje-o-imenovanju-spicanovica-za-pomocnika-direktora-uprave-policije\\\/\"},\"wordCount\":490,\"commentCount\":0,\"image\":{\"@id\":\"https:\\\/\\\/dmcsrb.com\\\/en\\\/politika\\\/demokrate-dusko-markovic-je-2019-godine-potpisao-rjesenje-o-imenovanju-spicanovica-za-pomocnika-direktora-uprave-policije\\\/#primaryimage\"},\"thumbnailUrl\":\"https:\\\/\\\/dmcsrb.com\\\/wp-content\\\/uploads\\\/2026\\\/01\\\/demokrate-logo-5.jpg\",\"keywords\":[\"Demokrate\",\"Du\u0161ko Markovi\u0107\",\"SEP\"],\"articleSection\":[\"Politika\"],\"inLanguage\":\"en-GB\",\"potentialAction\":[{\"@type\":\"CommentAction\",\"name\":\"Comment\",\"target\":[\"https:\\\/\\\/dmcsrb.com\\\/en\\\/politika\\\/demokrate-dusko-markovic-je-2019-godine-potpisao-rjesenje-o-imenovanju-spicanovica-za-pomocnika-direktora-uprave-policije\\\/#respond\"]}]},{\"@type\":\"WebPage\",\"@id\":\"https:\\\/\\\/dmcsrb.com\\\/en\\\/politika\\\/demokrate-dusko-markovic-je-2019-godine-potpisao-rjesenje-o-imenovanju-spicanovica-za-pomocnika-direktora-uprave-policije\\\/\",\"url\":\"https:\\\/\\\/dmcsrb.com\\\/en\\\/politika\\\/demokrate-dusko-markovic-je-2019-godine-potpisao-rjesenje-o-imenovanju-spicanovica-za-pomocnika-direktora-uprave-policije\\\/\",\"name\":\"Demokrate: Du\u0161ko Markovi\u0107 je 2019. godine potpisao rje\u0161enje o imenovanju Spi\u010danovi\u0107a za pomo\u0107nika direktora Uprave policije - dmcsrb.com\",\"isPartOf\":{\"@id\":\"https:\\\/\\\/dmcsrb.com\\\/#website\"},\"primaryImageOfPage\":{\"@id\":\"https:\\\/\\\/dmcsrb.com\\\/en\\\/politika\\\/demokrate-dusko-markovic-je-2019-godine-potpisao-rjesenje-o-imenovanju-spicanovica-za-pomocnika-direktora-uprave-policije\\\/#primaryimage\"},\"image\":{\"@id\":\"https:\\\/\\\/dmcsrb.com\\\/en\\\/politika\\\/demokrate-dusko-markovic-je-2019-godine-potpisao-rjesenje-o-imenovanju-spicanovica-za-pomocnika-direktora-uprave-policije\\\/#primaryimage\"},\"thumbnailUrl\":\"https:\\\/\\\/dmcsrb.com\\\/wp-content\\\/uploads\\\/2026\\\/01\\\/demokrate-logo-5.jpg\",\"datePublished\":\"2025-11-01T14:35:00+00:00\",\"author\":{\"@id\":\"https:\\\/\\\/dmcsrb.com\\\/#\\\/schema\\\/person\\\/5c39170f12db1b8b457732d0b5c854e2\"},\"breadcrumb\":{\"@id\":\"https:\\\/\\\/dmcsrb.com\\\/en\\\/politika\\\/demokrate-dusko-markovic-je-2019-godine-potpisao-rjesenje-o-imenovanju-spicanovica-za-pomocnika-direktora-uprave-policije\\\/#breadcrumb\"},\"inLanguage\":\"en-GB\",\"potentialAction\":[{\"@type\":\"ReadAction\",\"target\":[\"https:\\\/\\\/dmcsrb.com\\\/en\\\/politika\\\/demokrate-dusko-markovic-je-2019-godine-potpisao-rjesenje-o-imenovanju-spicanovica-za-pomocnika-direktora-uprave-policije\\\/\"]}]},{\"@type\":\"ImageObject\",\"inLanguage\":\"en-GB\",\"@id\":\"https:\\\/\\\/dmcsrb.com\\\/en\\\/politika\\\/demokrate-dusko-markovic-je-2019-godine-potpisao-rjesenje-o-imenovanju-spicanovica-za-pomocnika-direktora-uprave-policije\\\/#primaryimage\",\"url\":\"https:\\\/\\\/dmcsrb.com\\\/wp-content\\\/uploads\\\/2026\\\/01\\\/demokrate-logo-5.jpg\",\"contentUrl\":\"https:\\\/\\\/dmcsrb.com\\\/wp-content\\\/uploads\\\/2026\\\/01\\\/demokrate-logo-5.jpg\",\"width\":1260,\"height\":1023},{\"@type\":\"BreadcrumbList\",\"@id\":\"https:\\\/\\\/dmcsrb.com\\\/en\\\/politika\\\/demokrate-dusko-markovic-je-2019-godine-potpisao-rjesenje-o-imenovanju-spicanovica-za-pomocnika-direktora-uprave-policije\\\/#breadcrumb\",\"itemListElement\":[{\"@type\":\"ListItem\",\"position\":1,\"name\":\"Home\",\"item\":\"https:\\\/\\\/dmcsrb.com\\\/\"},{\"@type\":\"ListItem\",\"position\":2,\"name\":\"Demokrate: Du\u0161ko Markovi\u0107 je 2019. godine potpisao rje\u0161enje o imenovanju Spi\u010danovi\u0107a za pomo\u0107nika direktora Uprave policije\"}]},{\"@type\":\"WebSite\",\"@id\":\"https:\\\/\\\/dmcsrb.com\\\/#website\",\"url\":\"https:\\\/\\\/dmcsrb.com\\\/\",\"name\":\"dmcsrb.com\",\"description\":\"\",\"potentialAction\":[{\"@type\":\"SearchAction\",\"target\":{\"@type\":\"EntryPoint\",\"urlTemplate\":\"https:\\\/\\\/dmcsrb.com\\\/?s={search_term_string}\"},\"query-input\":{\"@type\":\"PropertyValueSpecification\",\"valueRequired\":true,\"valueName\":\"search_term_string\"}}],\"inLanguage\":\"en-GB\"},{\"@type\":\"Person\",\"@id\":\"https:\\\/\\\/dmcsrb.com\\\/#\\\/schema\\\/person\\\/5c39170f12db1b8b457732d0b5c854e2\",\"name\":\"dmcsrbija.com@gmail.com\",\"image\":{\"@type\":\"ImageObject\",\"inLanguage\":\"en-GB\",\"@id\":\"https:\\\/\\\/secure.gravatar.com\\\/avatar\\\/68592660ad6347fad0fb587f8d5d8f1a7b44961362f56e4f2cd524feb87e9069?s=96&d=mm&r=g\",\"url\":\"https:\\\/\\\/secure.gravatar.com\\\/avatar\\\/68592660ad6347fad0fb587f8d5d8f1a7b44961362f56e4f2cd524feb87e9069?s=96&d=mm&r=g\",\"contentUrl\":\"https:\\\/\\\/secure.gravatar.com\\\/avatar\\\/68592660ad6347fad0fb587f8d5d8f1a7b44961362f56e4f2cd524feb87e9069?s=96&d=mm&r=g\",\"caption\":\"dmcsrbija.com@gmail.com\"},\"sameAs\":[\"https:\\\/\\\/dmcsrb.com\"],\"url\":\"https:\\\/\\\/dmcsrb.com\\\/en\\\/author\\\/dmcsrbija-comgmail-com\\\/\"}]}<\/script>\n<!-- \/ Yoast SEO plugin. -->","yoast_head_json":{"title":"Demokrate: Du\u0161ko Markovi\u0107 je 2019. godine potpisao rje\u0161enje o imenovanju Spi\u010danovi\u0107a za pomo\u0107nika direktora Uprave policije - dmcsrb.com","robots":{"index":"index","follow":"follow","max-snippet":"max-snippet:-1","max-image-preview":"max-image-preview:large","max-video-preview":"max-video-preview:-1"},"canonical":"https:\/\/dmcsrb.com\/en\/politika\/demokrate-dusko-markovic-je-2019-godine-potpisao-rjesenje-o-imenovanju-spicanovica-za-pomocnika-direktora-uprave-policije\/","og_locale":"en_GB","og_type":"article","og_title":"Demokrate: Du\u0161ko Markovi\u0107 je 2019. godine potpisao rje\u0161enje o imenovanju Spi\u010danovi\u0107a za pomo\u0107nika direktora Uprave policije - dmcsrb.com","og_description":"\u010cim policija i tu\u017eila\u0161tvo naprave iskorak protiv mafije, odmah se javlja Du\u0161ko Markovi\u0107 da zamuti vodu, skrene pa\u017enju i za\u0161titi ono \u0161to se godinama gradilo iza kulisa. Ali ne ide mu ba\u0161 najbolje, jer je Markovi\u0107 ovih dana previ\u0161e nervozan, i to ne mo\u017ee da sakrije, navodi se u reagovanju Demokrata.","og_url":"https:\/\/dmcsrb.com\/en\/politika\/demokrate-dusko-markovic-je-2019-godine-potpisao-rjesenje-o-imenovanju-spicanovica-za-pomocnika-direktora-uprave-policije\/","og_site_name":"dmcsrb.com","article_published_time":"2025-11-01T14:35:00+00:00","og_image":[{"width":1260,"height":1023,"url":"https:\/\/dmcsrb.com\/wp-content\/uploads\/2026\/01\/demokrate-logo-5.jpg","type":"image\/jpeg"}],"author":"dmcsrbija.com@gmail.com","twitter_card":"summary_large_image","twitter_misc":{"Written by":"dmcsrbija.com@gmail.com","Estimated reading time":"2 minutes"},"schema":{"@context":"https:\/\/schema.org","@graph":[{"@type":"Article","@id":"https:\/\/dmcsrb.com\/en\/politika\/demokrate-dusko-markovic-je-2019-godine-potpisao-rjesenje-o-imenovanju-spicanovica-za-pomocnika-direktora-uprave-policije\/#article","isPartOf":{"@id":"https:\/\/dmcsrb.com\/en\/politika\/demokrate-dusko-markovic-je-2019-godine-potpisao-rjesenje-o-imenovanju-spicanovica-za-pomocnika-direktora-uprave-policije\/"},"author":{"name":"dmcsrbija.com@gmail.com","@id":"https:\/\/dmcsrb.com\/#\/schema\/person\/5c39170f12db1b8b457732d0b5c854e2"},"headline":"Demokrate: Du\u0161ko Markovi\u0107 je 2019. godine potpisao rje\u0161enje o imenovanju Spi\u010danovi\u0107a za pomo\u0107nika direktora Uprave policije","datePublished":"2025-11-01T14:35:00+00:00","mainEntityOfPage":{"@id":"https:\/\/dmcsrb.com\/en\/politika\/demokrate-dusko-markovic-je-2019-godine-potpisao-rjesenje-o-imenovanju-spicanovica-za-pomocnika-direktora-uprave-policije\/"},"wordCount":490,"commentCount":0,"image":{"@id":"https:\/\/dmcsrb.com\/en\/politika\/demokrate-dusko-markovic-je-2019-godine-potpisao-rjesenje-o-imenovanju-spicanovica-za-pomocnika-direktora-uprave-policije\/#primaryimage"},"thumbnailUrl":"https:\/\/dmcsrb.com\/wp-content\/uploads\/2026\/01\/demokrate-logo-5.jpg","keywords":["Demokrate","Du\u0161ko Markovi\u0107","SEP"],"articleSection":["Politika"],"inLanguage":"en-GB","potentialAction":[{"@type":"CommentAction","name":"Comment","target":["https:\/\/dmcsrb.com\/en\/politika\/demokrate-dusko-markovic-je-2019-godine-potpisao-rjesenje-o-imenovanju-spicanovica-za-pomocnika-direktora-uprave-policije\/#respond"]}]},{"@type":"WebPage","@id":"https:\/\/dmcsrb.com\/en\/politika\/demokrate-dusko-markovic-je-2019-godine-potpisao-rjesenje-o-imenovanju-spicanovica-za-pomocnika-direktora-uprave-policije\/","url":"https:\/\/dmcsrb.com\/en\/politika\/demokrate-dusko-markovic-je-2019-godine-potpisao-rjesenje-o-imenovanju-spicanovica-za-pomocnika-direktora-uprave-policije\/","name":"Demokrate: Du\u0161ko Markovi\u0107 je 2019. godine potpisao rje\u0161enje o imenovanju Spi\u010danovi\u0107a za pomo\u0107nika direktora Uprave policije - dmcsrb.com","isPartOf":{"@id":"https:\/\/dmcsrb.com\/#website"},"primaryImageOfPage":{"@id":"https:\/\/dmcsrb.com\/en\/politika\/demokrate-dusko-markovic-je-2019-godine-potpisao-rjesenje-o-imenovanju-spicanovica-za-pomocnika-direktora-uprave-policije\/#primaryimage"},"image":{"@id":"https:\/\/dmcsrb.com\/en\/politika\/demokrate-dusko-markovic-je-2019-godine-potpisao-rjesenje-o-imenovanju-spicanovica-za-pomocnika-direktora-uprave-policije\/#primaryimage"},"thumbnailUrl":"https:\/\/dmcsrb.com\/wp-content\/uploads\/2026\/01\/demokrate-logo-5.jpg","datePublished":"2025-11-01T14:35:00+00:00","author":{"@id":"https:\/\/dmcsrb.com\/#\/schema\/person\/5c39170f12db1b8b457732d0b5c854e2"},"breadcrumb":{"@id":"https:\/\/dmcsrb.com\/en\/politika\/demokrate-dusko-markovic-je-2019-godine-potpisao-rjesenje-o-imenovanju-spicanovica-za-pomocnika-direktora-uprave-policije\/#breadcrumb"},"inLanguage":"en-GB","potentialAction":[{"@type":"ReadAction","target":["https:\/\/dmcsrb.com\/en\/politika\/demokrate-dusko-markovic-je-2019-godine-potpisao-rjesenje-o-imenovanju-spicanovica-za-pomocnika-direktora-uprave-policije\/"]}]},{"@type":"ImageObject","inLanguage":"en-GB","@id":"https:\/\/dmcsrb.com\/en\/politika\/demokrate-dusko-markovic-je-2019-godine-potpisao-rjesenje-o-imenovanju-spicanovica-za-pomocnika-direktora-uprave-policije\/#primaryimage","url":"https:\/\/dmcsrb.com\/wp-content\/uploads\/2026\/01\/demokrate-logo-5.jpg","contentUrl":"https:\/\/dmcsrb.com\/wp-content\/uploads\/2026\/01\/demokrate-logo-5.jpg","width":1260,"height":1023},{"@type":"BreadcrumbList","@id":"https:\/\/dmcsrb.com\/en\/politika\/demokrate-dusko-markovic-je-2019-godine-potpisao-rjesenje-o-imenovanju-spicanovica-za-pomocnika-direktora-uprave-policije\/#breadcrumb","itemListElement":[{"@type":"ListItem","position":1,"name":"Home","item":"https:\/\/dmcsrb.com\/"},{"@type":"ListItem","position":2,"name":"Demokrate: Du\u0161ko Markovi\u0107 je 2019. godine potpisao rje\u0161enje o imenovanju Spi\u010danovi\u0107a za pomo\u0107nika direktora Uprave policije"}]},{"@type":"WebSite","@id":"https:\/\/dmcsrb.com\/#website","url":"https:\/\/dmcsrb.com\/","name":"dmcsrb.com","description":"","potentialAction":[{"@type":"SearchAction","target":{"@type":"EntryPoint","urlTemplate":"https:\/\/dmcsrb.com\/?s={search_term_string}"},"query-input":{"@type":"PropertyValueSpecification","valueRequired":true,"valueName":"search_term_string"}}],"inLanguage":"en-GB"},{"@type":"Person","@id":"https:\/\/dmcsrb.com\/#\/schema\/person\/5c39170f12db1b8b457732d0b5c854e2","name":"dmcsrbija.com@gmail.com","image":{"@type":"ImageObject","inLanguage":"en-GB","@id":"https:\/\/secure.gravatar.com\/avatar\/68592660ad6347fad0fb587f8d5d8f1a7b44961362f56e4f2cd524feb87e9069?s=96&d=mm&r=g","url":"https:\/\/secure.gravatar.com\/avatar\/68592660ad6347fad0fb587f8d5d8f1a7b44961362f56e4f2cd524feb87e9069?s=96&d=mm&r=g","contentUrl":"https:\/\/secure.gravatar.com\/avatar\/68592660ad6347fad0fb587f8d5d8f1a7b44961362f56e4f2cd524feb87e9069?s=96&d=mm&r=g","caption":"dmcsrbija.com@gmail.com"},"sameAs":["https:\/\/dmcsrb.com"],"url":"https:\/\/dmcsrb.com\/en\/author\/dmcsrbija-comgmail-com\/"}]}},"_links":{"self":[{"href":"https:\/\/dmcsrb.com\/en\/wp-json\/wp\/v2\/posts\/961345","targetHints":{"allow":["GET"]}}],"collection":[{"href":"https:\/\/dmcsrb.com\/en\/wp-json\/wp\/v2\/posts"}],"about":[{"href":"https:\/\/dmcsrb.com\/en\/wp-json\/wp\/v2\/types\/post"}],"author":[{"embeddable":true,"href":"https:\/\/dmcsrb.com\/en\/wp-json\/wp\/v2\/users\/1"}],"replies":[{"embeddable":true,"href":"https:\/\/dmcsrb.com\/en\/wp-json\/wp\/v2\/comments?post=961345"}],"version-history":[{"count":0,"href":"https:\/\/dmcsrb.com\/en\/wp-json\/wp\/v2\/posts\/961345\/revisions"}],"wp:featuredmedia":[{"embeddable":true,"href":"https:\/\/dmcsrb.com\/en\/wp-json\/wp\/v2\/media\/915196"}],"wp:attachment":[{"href":"https:\/\/dmcsrb.com\/en\/wp-json\/wp\/v2\/media?parent=961345"}],"wp:term":[{"taxonomy":"category","embeddable":true,"href":"https:\/\/dmcsrb.com\/en\/wp-json\/wp\/v2\/categories?post=961345"},{"taxonomy":"post_tag","embeddable":true,"href":"https:\/\/dmcsrb.com\/en\/wp-json\/wp\/v2\/tags?post=961345"},{"taxonomy":"naslovna","embeddable":true,"href":"https:\/\/dmcsrb.com\/en\/wp-json\/wp\/v2\/naslovna?post=961345"}],"curies":[{"name":"wp","href":"https:\/\/api.w.org\/{rel}","templated":true}]}}