{"id":961322,"date":"2025-11-01T14:24:00","date_gmt":"2025-11-01T13:24:00","guid":{"rendered":"https:\/\/dmcsrb.com\/uncategorized\/cpc-premijeru-spajicu-upucena-inicijativa-za-zakljucenje-ugovora-izmedju-vlade-crne-gore-i-crnogorske-pravoslavne-crkve\/"},"modified":"2025-11-01T14:24:00","modified_gmt":"2025-11-01T13:24:00","slug":"cpc-premijeru-spajicu-upucena-inicijativa-za-zakljucenje-ugovora-izmedju-vlade-crne-gore-i-crnogorske-pravoslavne-crkve","status":"publish","type":"post","link":"https:\/\/dmcsrb.com\/en\/drustvo\/cpc-premijeru-spajicu-upucena-inicijativa-za-zakljucenje-ugovora-izmedju-vlade-crne-gore-i-crnogorske-pravoslavne-crkve\/","title":{"rendered":"CPC: Premijeru Spaji\u0107u upu\u0107ena inicijativa za zaklju\u010denje ugovora izme\u0111u Vlade Crne Gore i Crnogorske pravoslavne crkve"},"content":{"rendered":"<p><\/p>\n\n\n\n<p>Me\u0111u prvim donijetim odlukama nalazi se Odluka o pokretanju inicijative za zaklju\u010denje Ugovora o regulisanju pitanja od zajedni\u010dkog interesa izme\u0111u Crnogorske pravoslavne crkve i Vlade Crne Gore. Tim povodom predsjedniku Vlade Crne Gore gospodinu Milojku Spaji\u0107u upu\u0107eno je zvani\u010dno pismo sa Prijedlogom teksta Ugovora, koji predvi\u0111a da se Ugovor zaklju\u010di u istovjetnom sadr\u017eaju kao i sa drugim vjerskim zajednicama, posebno u dijelu koji se odnosi na preambulu i potvrdu istorijskog kontinuiteta Crnogorske pravoslavne crkve, zatim na pravo kori\u0161\u0107enja pravoslavnih hramova izgra\u0111enih prije 1918. godine, kao i na pitanje restitucije crkvene imovine i druga pitanja od zna\u010daja za ravnopravan polo\u017eaj Crnogorske pravoslavne crkve i punu afirmaciju njenih vjerskih prava i sloboda u Crnoj Gori. Sveti Sinod o\u010dekuje da Vlada, u duhu ustavne obaveze o punoj ravnopravnosti vjerskih zajednica, pristupi ovom pitanju odgovorno i u interesu zajedni\u010dkog dobra dru\u0161tva, kazali su iz CPC.<\/p>\n\n\n\n<p>&#8221;Lu\u010dindan je liturgijski proslavljen u kapeli Svetog Petra Cetinjskog u Vladicanskom domu na Cetinju, gdje je slu\u017eena Arhijerejska liturgija kojom je na\u010dalstvovao Njegovo Bla\u017eenstvo Arhiepiskop Cetinjski i Mitropolit Crnogorski, uz saslu\u017eivanje Njegovog Preosve\u0161tenstva Episkopa Argentinsko\u2013Nik\u0161i\u0107kog i Ostro\u0161kog Gorazda, sa sve\u0161tenstvom i vjernim narodom. U toku liturgije u \u010din prezvitera rukopolo\u017een je \u0111akon Igor Belkin iz Ukrajine. U svojoj besjedi Mitropolit je pozvao vjerne i sve gra\u0111ane Crne Gore da se u vremenu velikih isku\u0161enja i podjela ugledamo na na\u0161e svetitelje, koji su na teret istorije, na nevolje i izazove odgovarali podvigom, strpljenjem i duhovnom snagom da \u0161ire Bo\u017eiju ljubav, mir i dobru volju me\u0111u ljudima. \u201eSveti Petar Cetinjski i Sveti apostol Luka postavljaju nam put \u2013 da se ne vra\u0107amo na stare rane, nego da obnavljalo bratsko povjerenje, da lije\u010dimo ono \u0161to je ranjeno i da budemo ljudi koji grade, a ne ru\u0161e\u201c, zaklju\u010duju iz CPC.<\/p>\n\n\n\n<p><\/p>","protected":false},"excerpt":{"rendered":"<p>Na Cetinju je, na praznik Svetog apostola i jevan\u0111eliste Luke i Svetog Petra Cetinjskog \u010cudotvorca, otpo\u010delo redovno godi\u0161nje Lu\u010dindansko zasijedanje Svetog Arhijerejskog Sinoda Crnogorske pravoslavne crkve. Na zasijedanju se razmatraju pitanja iz nadle\u017enosti Svetog Sinoda, a o zaklju\u010dcima \u0107e javnost biti obavije\u0161tena po okon\u010danju vi\u0161ednevnog rada, saop\u0161teno je iz CPC.<\/p>","protected":false},"author":1,"featured_media":961323,"comment_status":"open","ping_status":"open","sticky":false,"template":"","format":"standard","meta":{"_acf_changed":false,"footnotes":""},"categories":[2],"tags":[5373,13249,13250,13251,1319],"naslovna":[],"class_list":["post-961322","post","type-post","status-publish","format-standard","has-post-thumbnail","hentry","category-drustvo","tag-cpc","tag-crnogorska-pravoslavna-crkva","tag-inicijativa-za-zakljucenje-ugovora","tag-premijer-spajic","tag-vlada-crne-gore"],"acf":[],"yoast_head":"<!-- This site is optimized with the Yoast SEO plugin v27.0 - https:\/\/yoast.com\/product\/yoast-seo-wordpress\/ -->\n<title>CPC: Premijeru Spaji\u0107u upu\u0107ena inicijativa za zaklju\u010denje ugovora izme\u0111u Vlade Crne Gore i Crnogorske pravoslavne crkve - dmcsrb.com<\/title>\n<meta name=\"robots\" content=\"index, follow, max-snippet:-1, max-image-preview:large, max-video-preview:-1\" \/>\n<link rel=\"canonical\" href=\"https:\/\/dmcsrb.com\/en\/drustvo\/cpc-premijeru-spajicu-upucena-inicijativa-za-zakljucenje-ugovora-izmedju-vlade-crne-gore-i-crnogorske-pravoslavne-crkve\/\" \/>\n<meta property=\"og:locale\" content=\"en_GB\" \/>\n<meta property=\"og:type\" content=\"article\" \/>\n<meta property=\"og:title\" content=\"CPC: Premijeru Spaji\u0107u upu\u0107ena inicijativa za zaklju\u010denje ugovora izme\u0111u Vlade Crne Gore i Crnogorske pravoslavne crkve - dmcsrb.com\" \/>\n<meta property=\"og:description\" content=\"Na Cetinju je, na praznik Svetog apostola i jevan\u0111eliste Luke i Svetog Petra Cetinjskog \u010cudotvorca, otpo\u010delo redovno godi\u0161nje Lu\u010dindansko zasijedanje Svetog Arhijerejskog Sinoda Crnogorske pravoslavne crkve. Na zasijedanju se razmatraju pitanja iz nadle\u017enosti Svetog Sinoda, a o zaklju\u010dcima \u0107e javnost biti obavije\u0161tena po okon\u010danju vi\u0161ednevnog rada, saop\u0161teno je iz CPC.\" \/>\n<meta property=\"og:url\" content=\"https:\/\/dmcsrb.com\/en\/drustvo\/cpc-premijeru-spajicu-upucena-inicijativa-za-zakljucenje-ugovora-izmedju-vlade-crne-gore-i-crnogorske-pravoslavne-crkve\/\" \/>\n<meta property=\"og:site_name\" content=\"dmcsrb.com\" \/>\n<meta property=\"article:published_time\" content=\"2025-11-01T13:24:00+00:00\" \/>\n<meta property=\"og:image\" content=\"https:\/\/dmcsrb.com\/wp-content\/uploads\/2026\/01\/viber_image_2025-10-31_23-33-46-545-e1761950242306.webp\" \/>\n\t<meta property=\"og:image:width\" content=\"1635\" \/>\n\t<meta property=\"og:image:height\" content=\"1074\" \/>\n\t<meta property=\"og:image:type\" content=\"image\/jpeg\" \/>\n<meta name=\"author\" content=\"dmcsrbija.com@gmail.com\" \/>\n<meta name=\"twitter:card\" content=\"summary_large_image\" \/>\n<meta name=\"twitter:label1\" content=\"Written by\" \/>\n\t<meta name=\"twitter:data1\" content=\"dmcsrbija.com@gmail.com\" \/>\n\t<meta name=\"twitter:label2\" content=\"Estimated reading time\" \/>\n\t<meta name=\"twitter:data2\" content=\"2 minutes\" \/>\n<script type=\"application\/ld+json\" class=\"yoast-schema-graph\">{\"@context\":\"https:\/\/schema.org\",\"@graph\":[{\"@type\":\"Article\",\"@id\":\"https:\/\/dmcsrb.com\/drustvo\/cpc-premijeru-spajicu-upucena-inicijativa-za-zakljucenje-ugovora-izmedju-vlade-crne-gore-i-crnogorske-pravoslavne-crkve\/#article\",\"isPartOf\":{\"@id\":\"https:\/\/dmcsrb.com\/drustvo\/cpc-premijeru-spajicu-upucena-inicijativa-za-zakljucenje-ugovora-izmedju-vlade-crne-gore-i-crnogorske-pravoslavne-crkve\/\"},\"author\":{\"name\":\"dmcsrbija.com@gmail.com\",\"@id\":\"https:\/\/dmcsrb.com\/#\/schema\/person\/5c39170f12db1b8b457732d0b5c854e2\"},\"headline\":\"CPC: Premijeru Spaji\u0107u upu\u0107ena inicijativa za zaklju\u010denje ugovora izme\u0111u Vlade Crne Gore i Crnogorske pravoslavne crkve\",\"datePublished\":\"2025-11-01T13:24:00+00:00\",\"mainEntityOfPage\":{\"@id\":\"https:\/\/dmcsrb.com\/drustvo\/cpc-premijeru-spajicu-upucena-inicijativa-za-zakljucenje-ugovora-izmedju-vlade-crne-gore-i-crnogorske-pravoslavne-crkve\/\"},\"wordCount\":343,\"commentCount\":0,\"image\":{\"@id\":\"https:\/\/dmcsrb.com\/drustvo\/cpc-premijeru-spajicu-upucena-inicijativa-za-zakljucenje-ugovora-izmedju-vlade-crne-gore-i-crnogorske-pravoslavne-crkve\/#primaryimage\"},\"thumbnailUrl\":\"https:\/\/dmcsrb.com\/wp-content\/uploads\/2026\/01\/viber_image_2025-10-31_23-33-46-545-e1761950242306.webp\",\"keywords\":[\"Cpc\",\"Crnogorska pravoslavna crkva\",\"Inicijativa za zaklju\u010denje ugovora\",\"premijer spaji\u0107\",\"Vlada Crne Gore\"],\"articleSection\":[\"Dru\u0161tvo\"],\"inLanguage\":\"en-GB\",\"potentialAction\":[{\"@type\":\"CommentAction\",\"name\":\"Comment\",\"target\":[\"https:\/\/dmcsrb.com\/drustvo\/cpc-premijeru-spajicu-upucena-inicijativa-za-zakljucenje-ugovora-izmedju-vlade-crne-gore-i-crnogorske-pravoslavne-crkve\/#respond\"]}]},{\"@type\":\"WebPage\",\"@id\":\"https:\/\/dmcsrb.com\/drustvo\/cpc-premijeru-spajicu-upucena-inicijativa-za-zakljucenje-ugovora-izmedju-vlade-crne-gore-i-crnogorske-pravoslavne-crkve\/\",\"url\":\"https:\/\/dmcsrb.com\/drustvo\/cpc-premijeru-spajicu-upucena-inicijativa-za-zakljucenje-ugovora-izmedju-vlade-crne-gore-i-crnogorske-pravoslavne-crkve\/\",\"name\":\"CPC: Premijeru Spaji\u0107u upu\u0107ena inicijativa za zaklju\u010denje ugovora izme\u0111u Vlade Crne Gore i Crnogorske pravoslavne crkve - dmcsrb.com\",\"isPartOf\":{\"@id\":\"https:\/\/dmcsrb.com\/#website\"},\"primaryImageOfPage\":{\"@id\":\"https:\/\/dmcsrb.com\/drustvo\/cpc-premijeru-spajicu-upucena-inicijativa-za-zakljucenje-ugovora-izmedju-vlade-crne-gore-i-crnogorske-pravoslavne-crkve\/#primaryimage\"},\"image\":{\"@id\":\"https:\/\/dmcsrb.com\/drustvo\/cpc-premijeru-spajicu-upucena-inicijativa-za-zakljucenje-ugovora-izmedju-vlade-crne-gore-i-crnogorske-pravoslavne-crkve\/#primaryimage\"},\"thumbnailUrl\":\"https:\/\/dmcsrb.com\/wp-content\/uploads\/2026\/01\/viber_image_2025-10-31_23-33-46-545-e1761950242306.webp\",\"datePublished\":\"2025-11-01T13:24:00+00:00\",\"author\":{\"@id\":\"https:\/\/dmcsrb.com\/#\/schema\/person\/5c39170f12db1b8b457732d0b5c854e2\"},\"breadcrumb\":{\"@id\":\"https:\/\/dmcsrb.com\/drustvo\/cpc-premijeru-spajicu-upucena-inicijativa-za-zakljucenje-ugovora-izmedju-vlade-crne-gore-i-crnogorske-pravoslavne-crkve\/#breadcrumb\"},\"inLanguage\":\"en-GB\",\"potentialAction\":[{\"@type\":\"ReadAction\",\"target\":[\"https:\/\/dmcsrb.com\/drustvo\/cpc-premijeru-spajicu-upucena-inicijativa-za-zakljucenje-ugovora-izmedju-vlade-crne-gore-i-crnogorske-pravoslavne-crkve\/\"]}]},{\"@type\":\"ImageObject\",\"inLanguage\":\"en-GB\",\"@id\":\"https:\/\/dmcsrb.com\/drustvo\/cpc-premijeru-spajicu-upucena-inicijativa-za-zakljucenje-ugovora-izmedju-vlade-crne-gore-i-crnogorske-pravoslavne-crkve\/#primaryimage\",\"url\":\"https:\/\/dmcsrb.com\/wp-content\/uploads\/2026\/01\/viber_image_2025-10-31_23-33-46-545-e1761950242306.webp\",\"contentUrl\":\"https:\/\/dmcsrb.com\/wp-content\/uploads\/2026\/01\/viber_image_2025-10-31_23-33-46-545-e1761950242306.webp\",\"width\":1635,\"height\":1074},{\"@type\":\"BreadcrumbList\",\"@id\":\"https:\/\/dmcsrb.com\/drustvo\/cpc-premijeru-spajicu-upucena-inicijativa-za-zakljucenje-ugovora-izmedju-vlade-crne-gore-i-crnogorske-pravoslavne-crkve\/#breadcrumb\",\"itemListElement\":[{\"@type\":\"ListItem\",\"position\":1,\"name\":\"Home\",\"item\":\"https:\/\/dmcsrb.com\/\"},{\"@type\":\"ListItem\",\"position\":2,\"name\":\"CPC: Premijeru Spaji\u0107u upu\u0107ena inicijativa za zaklju\u010denje ugovora izme\u0111u Vlade Crne Gore i Crnogorske pravoslavne crkve\"}]},{\"@type\":\"WebSite\",\"@id\":\"https:\/\/dmcsrb.com\/#website\",\"url\":\"https:\/\/dmcsrb.com\/\",\"name\":\"dmcsrb.com\",\"description\":\"\",\"potentialAction\":[{\"@type\":\"SearchAction\",\"target\":{\"@type\":\"EntryPoint\",\"urlTemplate\":\"https:\/\/dmcsrb.com\/?s={search_term_string}\"},\"query-input\":{\"@type\":\"PropertyValueSpecification\",\"valueRequired\":true,\"valueName\":\"search_term_string\"}}],\"inLanguage\":\"en-GB\"},{\"@type\":\"Person\",\"@id\":\"https:\/\/dmcsrb.com\/#\/schema\/person\/5c39170f12db1b8b457732d0b5c854e2\",\"name\":\"dmcsrbija.com@gmail.com\",\"image\":{\"@type\":\"ImageObject\",\"inLanguage\":\"en-GB\",\"@id\":\"https:\/\/dmcsrb.com\/#\/schema\/person\/image\/\",\"url\":\"https:\/\/secure.gravatar.com\/avatar\/68592660ad6347fad0fb587f8d5d8f1a7b44961362f56e4f2cd524feb87e9069?s=96&d=mm&r=g\",\"contentUrl\":\"https:\/\/secure.gravatar.com\/avatar\/68592660ad6347fad0fb587f8d5d8f1a7b44961362f56e4f2cd524feb87e9069?s=96&d=mm&r=g\",\"caption\":\"dmcsrbija.com@gmail.com\"},\"sameAs\":[\"https:\/\/dmcsrb.com\"],\"url\":\"https:\/\/dmcsrb.com\/en\/author\/dmcsrbija-comgmail-com\/\"}]}<\/script>\n<!-- \/ Yoast SEO plugin. -->","yoast_head_json":{"title":"CPC: Premijeru Spaji\u0107u upu\u0107ena inicijativa za zaklju\u010denje ugovora izme\u0111u Vlade Crne Gore i Crnogorske pravoslavne crkve - dmcsrb.com","robots":{"index":"index","follow":"follow","max-snippet":"max-snippet:-1","max-image-preview":"max-image-preview:large","max-video-preview":"max-video-preview:-1"},"canonical":"https:\/\/dmcsrb.com\/en\/drustvo\/cpc-premijeru-spajicu-upucena-inicijativa-za-zakljucenje-ugovora-izmedju-vlade-crne-gore-i-crnogorske-pravoslavne-crkve\/","og_locale":"en_GB","og_type":"article","og_title":"CPC: Premijeru Spaji\u0107u upu\u0107ena inicijativa za zaklju\u010denje ugovora izme\u0111u Vlade Crne Gore i Crnogorske pravoslavne crkve - dmcsrb.com","og_description":"Na Cetinju je, na praznik Svetog apostola i jevan\u0111eliste Luke i Svetog Petra Cetinjskog \u010cudotvorca, otpo\u010delo redovno godi\u0161nje Lu\u010dindansko zasijedanje Svetog Arhijerejskog Sinoda Crnogorske pravoslavne crkve. Na zasijedanju se razmatraju pitanja iz nadle\u017enosti Svetog Sinoda, a o zaklju\u010dcima \u0107e javnost biti obavije\u0161tena po okon\u010danju vi\u0161ednevnog rada, saop\u0161teno je iz CPC.","og_url":"https:\/\/dmcsrb.com\/en\/drustvo\/cpc-premijeru-spajicu-upucena-inicijativa-za-zakljucenje-ugovora-izmedju-vlade-crne-gore-i-crnogorske-pravoslavne-crkve\/","og_site_name":"dmcsrb.com","article_published_time":"2025-11-01T13:24:00+00:00","og_image":[{"width":1635,"height":1074,"url":"https:\/\/dmcsrb.com\/wp-content\/uploads\/2026\/01\/viber_image_2025-10-31_23-33-46-545-e1761950242306.webp","type":"image\/jpeg"}],"author":"dmcsrbija.com@gmail.com","twitter_card":"summary_large_image","twitter_misc":{"Written by":"dmcsrbija.com@gmail.com","Estimated reading time":"2 minutes"},"schema":{"@context":"https:\/\/schema.org","@graph":[{"@type":"Article","@id":"https:\/\/dmcsrb.com\/drustvo\/cpc-premijeru-spajicu-upucena-inicijativa-za-zakljucenje-ugovora-izmedju-vlade-crne-gore-i-crnogorske-pravoslavne-crkve\/#article","isPartOf":{"@id":"https:\/\/dmcsrb.com\/drustvo\/cpc-premijeru-spajicu-upucena-inicijativa-za-zakljucenje-ugovora-izmedju-vlade-crne-gore-i-crnogorske-pravoslavne-crkve\/"},"author":{"name":"dmcsrbija.com@gmail.com","@id":"https:\/\/dmcsrb.com\/#\/schema\/person\/5c39170f12db1b8b457732d0b5c854e2"},"headline":"CPC: Premijeru Spaji\u0107u upu\u0107ena inicijativa za zaklju\u010denje ugovora izme\u0111u Vlade Crne Gore i Crnogorske pravoslavne crkve","datePublished":"2025-11-01T13:24:00+00:00","mainEntityOfPage":{"@id":"https:\/\/dmcsrb.com\/drustvo\/cpc-premijeru-spajicu-upucena-inicijativa-za-zakljucenje-ugovora-izmedju-vlade-crne-gore-i-crnogorske-pravoslavne-crkve\/"},"wordCount":343,"commentCount":0,"image":{"@id":"https:\/\/dmcsrb.com\/drustvo\/cpc-premijeru-spajicu-upucena-inicijativa-za-zakljucenje-ugovora-izmedju-vlade-crne-gore-i-crnogorske-pravoslavne-crkve\/#primaryimage"},"thumbnailUrl":"https:\/\/dmcsrb.com\/wp-content\/uploads\/2026\/01\/viber_image_2025-10-31_23-33-46-545-e1761950242306.webp","keywords":["Cpc","Crnogorska pravoslavna crkva","Inicijativa za zaklju\u010denje ugovora","premijer spaji\u0107","Vlada Crne Gore"],"articleSection":["Dru\u0161tvo"],"inLanguage":"en-GB","potentialAction":[{"@type":"CommentAction","name":"Comment","target":["https:\/\/dmcsrb.com\/drustvo\/cpc-premijeru-spajicu-upucena-inicijativa-za-zakljucenje-ugovora-izmedju-vlade-crne-gore-i-crnogorske-pravoslavne-crkve\/#respond"]}]},{"@type":"WebPage","@id":"https:\/\/dmcsrb.com\/drustvo\/cpc-premijeru-spajicu-upucena-inicijativa-za-zakljucenje-ugovora-izmedju-vlade-crne-gore-i-crnogorske-pravoslavne-crkve\/","url":"https:\/\/dmcsrb.com\/drustvo\/cpc-premijeru-spajicu-upucena-inicijativa-za-zakljucenje-ugovora-izmedju-vlade-crne-gore-i-crnogorske-pravoslavne-crkve\/","name":"CPC: Premijeru Spaji\u0107u upu\u0107ena inicijativa za zaklju\u010denje ugovora izme\u0111u Vlade Crne Gore i Crnogorske pravoslavne crkve - dmcsrb.com","isPartOf":{"@id":"https:\/\/dmcsrb.com\/#website"},"primaryImageOfPage":{"@id":"https:\/\/dmcsrb.com\/drustvo\/cpc-premijeru-spajicu-upucena-inicijativa-za-zakljucenje-ugovora-izmedju-vlade-crne-gore-i-crnogorske-pravoslavne-crkve\/#primaryimage"},"image":{"@id":"https:\/\/dmcsrb.com\/drustvo\/cpc-premijeru-spajicu-upucena-inicijativa-za-zakljucenje-ugovora-izmedju-vlade-crne-gore-i-crnogorske-pravoslavne-crkve\/#primaryimage"},"thumbnailUrl":"https:\/\/dmcsrb.com\/wp-content\/uploads\/2026\/01\/viber_image_2025-10-31_23-33-46-545-e1761950242306.webp","datePublished":"2025-11-01T13:24:00+00:00","author":{"@id":"https:\/\/dmcsrb.com\/#\/schema\/person\/5c39170f12db1b8b457732d0b5c854e2"},"breadcrumb":{"@id":"https:\/\/dmcsrb.com\/drustvo\/cpc-premijeru-spajicu-upucena-inicijativa-za-zakljucenje-ugovora-izmedju-vlade-crne-gore-i-crnogorske-pravoslavne-crkve\/#breadcrumb"},"inLanguage":"en-GB","potentialAction":[{"@type":"ReadAction","target":["https:\/\/dmcsrb.com\/drustvo\/cpc-premijeru-spajicu-upucena-inicijativa-za-zakljucenje-ugovora-izmedju-vlade-crne-gore-i-crnogorske-pravoslavne-crkve\/"]}]},{"@type":"ImageObject","inLanguage":"en-GB","@id":"https:\/\/dmcsrb.com\/drustvo\/cpc-premijeru-spajicu-upucena-inicijativa-za-zakljucenje-ugovora-izmedju-vlade-crne-gore-i-crnogorske-pravoslavne-crkve\/#primaryimage","url":"https:\/\/dmcsrb.com\/wp-content\/uploads\/2026\/01\/viber_image_2025-10-31_23-33-46-545-e1761950242306.webp","contentUrl":"https:\/\/dmcsrb.com\/wp-content\/uploads\/2026\/01\/viber_image_2025-10-31_23-33-46-545-e1761950242306.webp","width":1635,"height":1074},{"@type":"BreadcrumbList","@id":"https:\/\/dmcsrb.com\/drustvo\/cpc-premijeru-spajicu-upucena-inicijativa-za-zakljucenje-ugovora-izmedju-vlade-crne-gore-i-crnogorske-pravoslavne-crkve\/#breadcrumb","itemListElement":[{"@type":"ListItem","position":1,"name":"Home","item":"https:\/\/dmcsrb.com\/"},{"@type":"ListItem","position":2,"name":"CPC: Premijeru Spaji\u0107u upu\u0107ena inicijativa za zaklju\u010denje ugovora izme\u0111u Vlade Crne Gore i Crnogorske pravoslavne crkve"}]},{"@type":"WebSite","@id":"https:\/\/dmcsrb.com\/#website","url":"https:\/\/dmcsrb.com\/","name":"dmcsrb.com","description":"","potentialAction":[{"@type":"SearchAction","target":{"@type":"EntryPoint","urlTemplate":"https:\/\/dmcsrb.com\/?s={search_term_string}"},"query-input":{"@type":"PropertyValueSpecification","valueRequired":true,"valueName":"search_term_string"}}],"inLanguage":"en-GB"},{"@type":"Person","@id":"https:\/\/dmcsrb.com\/#\/schema\/person\/5c39170f12db1b8b457732d0b5c854e2","name":"dmcsrbija.com@gmail.com","image":{"@type":"ImageObject","inLanguage":"en-GB","@id":"https:\/\/dmcsrb.com\/#\/schema\/person\/image\/","url":"https:\/\/secure.gravatar.com\/avatar\/68592660ad6347fad0fb587f8d5d8f1a7b44961362f56e4f2cd524feb87e9069?s=96&d=mm&r=g","contentUrl":"https:\/\/secure.gravatar.com\/avatar\/68592660ad6347fad0fb587f8d5d8f1a7b44961362f56e4f2cd524feb87e9069?s=96&d=mm&r=g","caption":"dmcsrbija.com@gmail.com"},"sameAs":["https:\/\/dmcsrb.com"],"url":"https:\/\/dmcsrb.com\/en\/author\/dmcsrbija-comgmail-com\/"}]}},"_links":{"self":[{"href":"https:\/\/dmcsrb.com\/en\/wp-json\/wp\/v2\/posts\/961322","targetHints":{"allow":["GET"]}}],"collection":[{"href":"https:\/\/dmcsrb.com\/en\/wp-json\/wp\/v2\/posts"}],"about":[{"href":"https:\/\/dmcsrb.com\/en\/wp-json\/wp\/v2\/types\/post"}],"author":[{"embeddable":true,"href":"https:\/\/dmcsrb.com\/en\/wp-json\/wp\/v2\/users\/1"}],"replies":[{"embeddable":true,"href":"https:\/\/dmcsrb.com\/en\/wp-json\/wp\/v2\/comments?post=961322"}],"version-history":[{"count":0,"href":"https:\/\/dmcsrb.com\/en\/wp-json\/wp\/v2\/posts\/961322\/revisions"}],"wp:featuredmedia":[{"embeddable":true,"href":"https:\/\/dmcsrb.com\/en\/wp-json\/wp\/v2\/media\/961323"}],"wp:attachment":[{"href":"https:\/\/dmcsrb.com\/en\/wp-json\/wp\/v2\/media?parent=961322"}],"wp:term":[{"taxonomy":"category","embeddable":true,"href":"https:\/\/dmcsrb.com\/en\/wp-json\/wp\/v2\/categories?post=961322"},{"taxonomy":"post_tag","embeddable":true,"href":"https:\/\/dmcsrb.com\/en\/wp-json\/wp\/v2\/tags?post=961322"},{"taxonomy":"naslovna","embeddable":true,"href":"https:\/\/dmcsrb.com\/en\/wp-json\/wp\/v2\/naslovna?post=961322"}],"curies":[{"name":"wp","href":"https:\/\/api.w.org\/{rel}","templated":true}]}}