{"id":961283,"date":"2025-11-01T11:08:00","date_gmt":"2025-11-01T10:08:00","guid":{"rendered":"https:\/\/dmcsrb.com\/uncategorized\/sep-ovo-nije-samo-krah-bezbjednosnog-sektora-ovo-je-sramota-vlasti\/"},"modified":"2025-11-01T11:08:00","modified_gmt":"2025-11-01T10:08:00","slug":"sep-ovo-nije-samo-krah-bezbjednosnog-sektora-ovo-je-sramota-vlasti","status":"publish","type":"post","link":"https:\/\/dmcsrb.com\/en\/politika\/sep-ovo-nije-samo-krah-bezbjednosnog-sektora-ovo-je-sramota-vlasti\/","title":{"rendered":"SEP: Ovo nije samo krah bezbjednosnog sektora ovo je sramota vlasti"},"content":{"rendered":"<p><\/p>\n\n\n\n<p>&#8221;Bez dokaza, ali sa jasnom politi\u010dkom re\u017eijom, turski dr\u017eavljani su progla\u0161eni napada\u010dima u incidentu u kojem je jedan Podgori\u010danin zadobio povrede&#8221;, kazali su iz SEP-a.<\/p>\n\n\n\n<p>Na toj manipulaciji izgra\u0111ena je \u010ditava ksenofobna kampanja: nevini ljudi su uhap\u0161eni, jedan narod je postao meta, dok su mediji danima raspirivali mr\u017enju i netrpeljivost prema turskim dr\u017eavljanima i njihovoj imovini, smatraju iz SEP-a.<\/p>\n\n\n\n<p>&#8221;Dr\u017eava je potom, u o\u010dajni\u010dkom poku\u0161aju da prikrije sopstvenu nesposobnost, uvela vizni re\u017eim prema dr\u017eavi od 90 miliona stanovnika \u010diji gra\u0111ani sa incidentom, kako je saop\u0161tila Uprava policije, nijesu imali nikakve veze&#8221;, ocijenili su iz SEP-a.<\/p>\n\n\n\n<p>Takav potez bio je iskra koja je, da li planirano, zapalila talas nasilja \u0161irom Crne Gore: paljeni su lokali, automobili, plovila i imovina turskih dr\u017eavljana a ljudi su progonjeni i stigmatizovani samo zbog imena i porijekla, kazali su iz SEP-a.<\/p>\n\n\n\n<p>&#8221;U trenucima kada su se dru\u0161tvene mre\u017ee punile snimcima govora mr\u017enje, kada su se fa\u0161isti\u010dke parole orile ulicama, premijer je \u0107utao i ubje\u0111ivao nas da bezbjednosni sektor zavr\u0161ava svoj posao efikasno i bez gre\u0161ke&#8221;, smatraju iz SEP-a.<\/p>\n\n\n\n<p>Premijerovo i \u0107utanje nadle\u017enih resora neki su shvatili kao poruku. Poruku da je nasilje nad strancima dozvoljeno. Da je ksenofobija preko no\u0107i postala dr\u017eavna politika, ocijenili su iz SEP-a.<\/p>\n\n\n\n<p>&#8221;I dok su nevini hap\u0161eni i postrojavani uza zid pred kamerama, policija je, kako sada priznaje, znala da trag ne vodi ka Turskim dr\u017eavljanima&#8221;, kazali su iz SEP-a.<\/p>\n\n\n\n<p>To je su\u0161tina gebelsovske propagande: prvo stvori neprijatelja, raspali mr\u017enju, a kad se istina pojavi, prebaci pa\u017enju na ne\u0161to drugo i kreni dalje, kao da se ni\u0161ta nije desilo, ocijenili su iz SEP-a.<\/p>\n\n\n\n<p>U SEP-u smatraju kako to nije samo kolaps i gre\u0161ka bezbjednosnog sektora i onih koji njime upravljaju bezgrani\u010dno, nego da je sistemska sramota. To je dokaz, smatraju u SEP-u, da u Crnoj Gori danas institucije slu\u017ee kao politi\u010dko oru\u017eje i sredstvo manipulacije a ne kao \u010duvari zakona i sigurnosti. Ukazivalu su, kako su rekli, na to prethodno vi\u0161e puta.<\/p>\n\n\n\n<p>&#8221;U svakoj ozbiljnoj dr\u017eavi, ovakav lanac manipulacija, zata\u0161kavanja i \u0161irenja mr\u017enje bio bi dovoljan da padne vlada&#8221;, zaklju\u010duju iz Stranke evropskog progresa.<\/p>\n\n\n\n<p><\/p>","protected":false},"excerpt":{"rendered":"<p>U zemlji u kojoj istina vi\u0161e nije vijest, a la\u017e postaje alat politike, gra\u0111ani su ponovo svjedoci opasne manipulacije bezbjednosnih struktura i re\u017eimskih medija, saop\u0161tili su iz Stranke evropskog progresa.<\/p>","protected":false},"author":1,"featured_media":913766,"comment_status":"open","ping_status":"open","sticky":false,"template":"","format":"standard","meta":{"_acf_changed":false,"footnotes":""},"categories":[12],"tags":[244,13212,13213,4951,1167],"naslovna":[],"class_list":["post-961283","post","type-post","status-publish","format-standard","has-post-thumbnail","hentry","category-politika","tag-bezbjednosni-sektor","tag-krah","tag-sramota","tag-stranka-evropskog-progresa","tag-vlast"],"acf":[],"yoast_head":"<!-- This site is optimized with the Yoast SEO plugin v27.4 - https:\/\/yoast.com\/product\/yoast-seo-wordpress\/ -->\n<title>SEP: Ovo nije samo krah bezbjednosnog sektora ovo je sramota vlasti - dmcsrb.com<\/title>\n<meta name=\"robots\" content=\"index, follow, max-snippet:-1, max-image-preview:large, max-video-preview:-1\" \/>\n<link rel=\"canonical\" href=\"https:\/\/dmcsrb.com\/en\/politika\/sep-ovo-nije-samo-krah-bezbjednosnog-sektora-ovo-je-sramota-vlasti\/\" \/>\n<meta property=\"og:locale\" content=\"en_GB\" \/>\n<meta property=\"og:type\" content=\"article\" \/>\n<meta property=\"og:title\" content=\"SEP: Ovo nije samo krah bezbjednosnog sektora ovo je sramota vlasti - dmcsrb.com\" \/>\n<meta property=\"og:description\" content=\"U zemlji u kojoj istina vi\u0161e nije vijest, a la\u017e postaje alat politike, gra\u0111ani su ponovo svjedoci opasne manipulacije bezbjednosnih struktura i re\u017eimskih medija, saop\u0161tili su iz Stranke evropskog progresa.\" \/>\n<meta property=\"og:url\" content=\"https:\/\/dmcsrb.com\/en\/politika\/sep-ovo-nije-samo-krah-bezbjednosnog-sektora-ovo-je-sramota-vlasti\/\" \/>\n<meta property=\"og:site_name\" content=\"dmcsrb.com\" \/>\n<meta property=\"article:published_time\" content=\"2025-11-01T10:08:00+00:00\" \/>\n<meta property=\"og:image\" content=\"https:\/\/dmcsrb.com\/wp-content\/uploads\/2026\/01\/sep2-1250x700-1.jpg\" \/>\n\t<meta property=\"og:image:width\" content=\"1250\" \/>\n\t<meta property=\"og:image:height\" content=\"700\" \/>\n\t<meta property=\"og:image:type\" content=\"image\/jpeg\" \/>\n<meta name=\"author\" content=\"dmcsrbija.com@gmail.com\" \/>\n<meta name=\"twitter:card\" content=\"summary_large_image\" \/>\n<meta name=\"twitter:label1\" content=\"Written by\" \/>\n\t<meta name=\"twitter:data1\" content=\"dmcsrbija.com@gmail.com\" \/>\n\t<meta name=\"twitter:label2\" content=\"Estimated reading time\" \/>\n\t<meta name=\"twitter:data2\" content=\"2 minutes\" \/>\n<script type=\"application\/ld+json\" class=\"yoast-schema-graph\">{\"@context\":\"https:\\\/\\\/schema.org\",\"@graph\":[{\"@type\":\"Article\",\"@id\":\"https:\\\/\\\/dmcsrb.com\\\/en\\\/politika\\\/sep-ovo-nije-samo-krah-bezbjednosnog-sektora-ovo-je-sramota-vlasti\\\/#article\",\"isPartOf\":{\"@id\":\"https:\\\/\\\/dmcsrb.com\\\/en\\\/politika\\\/sep-ovo-nije-samo-krah-bezbjednosnog-sektora-ovo-je-sramota-vlasti\\\/\"},\"author\":{\"name\":\"dmcsrbija.com@gmail.com\",\"@id\":\"https:\\\/\\\/dmcsrb.com\\\/#\\\/schema\\\/person\\\/5c39170f12db1b8b457732d0b5c854e2\"},\"headline\":\"SEP: Ovo nije samo krah bezbjednosnog sektora ovo je sramota vlasti\",\"datePublished\":\"2025-11-01T10:08:00+00:00\",\"mainEntityOfPage\":{\"@id\":\"https:\\\/\\\/dmcsrb.com\\\/en\\\/politika\\\/sep-ovo-nije-samo-krah-bezbjednosnog-sektora-ovo-je-sramota-vlasti\\\/\"},\"wordCount\":400,\"commentCount\":0,\"image\":{\"@id\":\"https:\\\/\\\/dmcsrb.com\\\/en\\\/politika\\\/sep-ovo-nije-samo-krah-bezbjednosnog-sektora-ovo-je-sramota-vlasti\\\/#primaryimage\"},\"thumbnailUrl\":\"https:\\\/\\\/dmcsrb.com\\\/wp-content\\\/uploads\\\/2026\\\/01\\\/sep2-1250x700-1.jpg\",\"keywords\":[\"Bezbjednosni sektor\",\"Krah\",\"Sramota\",\"Stranka evropskog progresa\",\"vlast\"],\"articleSection\":[\"Politika\"],\"inLanguage\":\"en-GB\",\"potentialAction\":[{\"@type\":\"CommentAction\",\"name\":\"Comment\",\"target\":[\"https:\\\/\\\/dmcsrb.com\\\/en\\\/politika\\\/sep-ovo-nije-samo-krah-bezbjednosnog-sektora-ovo-je-sramota-vlasti\\\/#respond\"]}]},{\"@type\":\"WebPage\",\"@id\":\"https:\\\/\\\/dmcsrb.com\\\/en\\\/politika\\\/sep-ovo-nije-samo-krah-bezbjednosnog-sektora-ovo-je-sramota-vlasti\\\/\",\"url\":\"https:\\\/\\\/dmcsrb.com\\\/en\\\/politika\\\/sep-ovo-nije-samo-krah-bezbjednosnog-sektora-ovo-je-sramota-vlasti\\\/\",\"name\":\"SEP: Ovo nije samo krah bezbjednosnog sektora ovo je sramota vlasti - dmcsrb.com\",\"isPartOf\":{\"@id\":\"https:\\\/\\\/dmcsrb.com\\\/#website\"},\"primaryImageOfPage\":{\"@id\":\"https:\\\/\\\/dmcsrb.com\\\/en\\\/politika\\\/sep-ovo-nije-samo-krah-bezbjednosnog-sektora-ovo-je-sramota-vlasti\\\/#primaryimage\"},\"image\":{\"@id\":\"https:\\\/\\\/dmcsrb.com\\\/en\\\/politika\\\/sep-ovo-nije-samo-krah-bezbjednosnog-sektora-ovo-je-sramota-vlasti\\\/#primaryimage\"},\"thumbnailUrl\":\"https:\\\/\\\/dmcsrb.com\\\/wp-content\\\/uploads\\\/2026\\\/01\\\/sep2-1250x700-1.jpg\",\"datePublished\":\"2025-11-01T10:08:00+00:00\",\"author\":{\"@id\":\"https:\\\/\\\/dmcsrb.com\\\/#\\\/schema\\\/person\\\/5c39170f12db1b8b457732d0b5c854e2\"},\"breadcrumb\":{\"@id\":\"https:\\\/\\\/dmcsrb.com\\\/en\\\/politika\\\/sep-ovo-nije-samo-krah-bezbjednosnog-sektora-ovo-je-sramota-vlasti\\\/#breadcrumb\"},\"inLanguage\":\"en-GB\",\"potentialAction\":[{\"@type\":\"ReadAction\",\"target\":[\"https:\\\/\\\/dmcsrb.com\\\/en\\\/politika\\\/sep-ovo-nije-samo-krah-bezbjednosnog-sektora-ovo-je-sramota-vlasti\\\/\"]}]},{\"@type\":\"ImageObject\",\"inLanguage\":\"en-GB\",\"@id\":\"https:\\\/\\\/dmcsrb.com\\\/en\\\/politika\\\/sep-ovo-nije-samo-krah-bezbjednosnog-sektora-ovo-je-sramota-vlasti\\\/#primaryimage\",\"url\":\"https:\\\/\\\/dmcsrb.com\\\/wp-content\\\/uploads\\\/2026\\\/01\\\/sep2-1250x700-1.jpg\",\"contentUrl\":\"https:\\\/\\\/dmcsrb.com\\\/wp-content\\\/uploads\\\/2026\\\/01\\\/sep2-1250x700-1.jpg\",\"width\":1250,\"height\":700},{\"@type\":\"BreadcrumbList\",\"@id\":\"https:\\\/\\\/dmcsrb.com\\\/en\\\/politika\\\/sep-ovo-nije-samo-krah-bezbjednosnog-sektora-ovo-je-sramota-vlasti\\\/#breadcrumb\",\"itemListElement\":[{\"@type\":\"ListItem\",\"position\":1,\"name\":\"Home\",\"item\":\"https:\\\/\\\/dmcsrb.com\\\/\"},{\"@type\":\"ListItem\",\"position\":2,\"name\":\"SEP: Ovo nije samo krah bezbjednosnog sektora ovo je sramota vlasti\"}]},{\"@type\":\"WebSite\",\"@id\":\"https:\\\/\\\/dmcsrb.com\\\/#website\",\"url\":\"https:\\\/\\\/dmcsrb.com\\\/\",\"name\":\"dmcsrb.com\",\"description\":\"\",\"potentialAction\":[{\"@type\":\"SearchAction\",\"target\":{\"@type\":\"EntryPoint\",\"urlTemplate\":\"https:\\\/\\\/dmcsrb.com\\\/?s={search_term_string}\"},\"query-input\":{\"@type\":\"PropertyValueSpecification\",\"valueRequired\":true,\"valueName\":\"search_term_string\"}}],\"inLanguage\":\"en-GB\"},{\"@type\":\"Person\",\"@id\":\"https:\\\/\\\/dmcsrb.com\\\/#\\\/schema\\\/person\\\/5c39170f12db1b8b457732d0b5c854e2\",\"name\":\"dmcsrbija.com@gmail.com\",\"image\":{\"@type\":\"ImageObject\",\"inLanguage\":\"en-GB\",\"@id\":\"https:\\\/\\\/secure.gravatar.com\\\/avatar\\\/68592660ad6347fad0fb587f8d5d8f1a7b44961362f56e4f2cd524feb87e9069?s=96&d=mm&r=g\",\"url\":\"https:\\\/\\\/secure.gravatar.com\\\/avatar\\\/68592660ad6347fad0fb587f8d5d8f1a7b44961362f56e4f2cd524feb87e9069?s=96&d=mm&r=g\",\"contentUrl\":\"https:\\\/\\\/secure.gravatar.com\\\/avatar\\\/68592660ad6347fad0fb587f8d5d8f1a7b44961362f56e4f2cd524feb87e9069?s=96&d=mm&r=g\",\"caption\":\"dmcsrbija.com@gmail.com\"},\"sameAs\":[\"https:\\\/\\\/dmcsrb.com\"],\"url\":\"https:\\\/\\\/dmcsrb.com\\\/en\\\/author\\\/dmcsrbija-comgmail-com\\\/\"}]}<\/script>\n<!-- \/ Yoast SEO plugin. -->","yoast_head_json":{"title":"SEP: Ovo nije samo krah bezbjednosnog sektora ovo je sramota vlasti - dmcsrb.com","robots":{"index":"index","follow":"follow","max-snippet":"max-snippet:-1","max-image-preview":"max-image-preview:large","max-video-preview":"max-video-preview:-1"},"canonical":"https:\/\/dmcsrb.com\/en\/politika\/sep-ovo-nije-samo-krah-bezbjednosnog-sektora-ovo-je-sramota-vlasti\/","og_locale":"en_GB","og_type":"article","og_title":"SEP: Ovo nije samo krah bezbjednosnog sektora ovo je sramota vlasti - dmcsrb.com","og_description":"U zemlji u kojoj istina vi\u0161e nije vijest, a la\u017e postaje alat politike, gra\u0111ani su ponovo svjedoci opasne manipulacije bezbjednosnih struktura i re\u017eimskih medija, saop\u0161tili su iz Stranke evropskog progresa.","og_url":"https:\/\/dmcsrb.com\/en\/politika\/sep-ovo-nije-samo-krah-bezbjednosnog-sektora-ovo-je-sramota-vlasti\/","og_site_name":"dmcsrb.com","article_published_time":"2025-11-01T10:08:00+00:00","og_image":[{"width":1250,"height":700,"url":"https:\/\/dmcsrb.com\/wp-content\/uploads\/2026\/01\/sep2-1250x700-1.jpg","type":"image\/jpeg"}],"author":"dmcsrbija.com@gmail.com","twitter_card":"summary_large_image","twitter_misc":{"Written by":"dmcsrbija.com@gmail.com","Estimated reading time":"2 minutes"},"schema":{"@context":"https:\/\/schema.org","@graph":[{"@type":"Article","@id":"https:\/\/dmcsrb.com\/en\/politika\/sep-ovo-nije-samo-krah-bezbjednosnog-sektora-ovo-je-sramota-vlasti\/#article","isPartOf":{"@id":"https:\/\/dmcsrb.com\/en\/politika\/sep-ovo-nije-samo-krah-bezbjednosnog-sektora-ovo-je-sramota-vlasti\/"},"author":{"name":"dmcsrbija.com@gmail.com","@id":"https:\/\/dmcsrb.com\/#\/schema\/person\/5c39170f12db1b8b457732d0b5c854e2"},"headline":"SEP: Ovo nije samo krah bezbjednosnog sektora ovo je sramota vlasti","datePublished":"2025-11-01T10:08:00+00:00","mainEntityOfPage":{"@id":"https:\/\/dmcsrb.com\/en\/politika\/sep-ovo-nije-samo-krah-bezbjednosnog-sektora-ovo-je-sramota-vlasti\/"},"wordCount":400,"commentCount":0,"image":{"@id":"https:\/\/dmcsrb.com\/en\/politika\/sep-ovo-nije-samo-krah-bezbjednosnog-sektora-ovo-je-sramota-vlasti\/#primaryimage"},"thumbnailUrl":"https:\/\/dmcsrb.com\/wp-content\/uploads\/2026\/01\/sep2-1250x700-1.jpg","keywords":["Bezbjednosni sektor","Krah","Sramota","Stranka evropskog progresa","vlast"],"articleSection":["Politika"],"inLanguage":"en-GB","potentialAction":[{"@type":"CommentAction","name":"Comment","target":["https:\/\/dmcsrb.com\/en\/politika\/sep-ovo-nije-samo-krah-bezbjednosnog-sektora-ovo-je-sramota-vlasti\/#respond"]}]},{"@type":"WebPage","@id":"https:\/\/dmcsrb.com\/en\/politika\/sep-ovo-nije-samo-krah-bezbjednosnog-sektora-ovo-je-sramota-vlasti\/","url":"https:\/\/dmcsrb.com\/en\/politika\/sep-ovo-nije-samo-krah-bezbjednosnog-sektora-ovo-je-sramota-vlasti\/","name":"SEP: Ovo nije samo krah bezbjednosnog sektora ovo je sramota vlasti - dmcsrb.com","isPartOf":{"@id":"https:\/\/dmcsrb.com\/#website"},"primaryImageOfPage":{"@id":"https:\/\/dmcsrb.com\/en\/politika\/sep-ovo-nije-samo-krah-bezbjednosnog-sektora-ovo-je-sramota-vlasti\/#primaryimage"},"image":{"@id":"https:\/\/dmcsrb.com\/en\/politika\/sep-ovo-nije-samo-krah-bezbjednosnog-sektora-ovo-je-sramota-vlasti\/#primaryimage"},"thumbnailUrl":"https:\/\/dmcsrb.com\/wp-content\/uploads\/2026\/01\/sep2-1250x700-1.jpg","datePublished":"2025-11-01T10:08:00+00:00","author":{"@id":"https:\/\/dmcsrb.com\/#\/schema\/person\/5c39170f12db1b8b457732d0b5c854e2"},"breadcrumb":{"@id":"https:\/\/dmcsrb.com\/en\/politika\/sep-ovo-nije-samo-krah-bezbjednosnog-sektora-ovo-je-sramota-vlasti\/#breadcrumb"},"inLanguage":"en-GB","potentialAction":[{"@type":"ReadAction","target":["https:\/\/dmcsrb.com\/en\/politika\/sep-ovo-nije-samo-krah-bezbjednosnog-sektora-ovo-je-sramota-vlasti\/"]}]},{"@type":"ImageObject","inLanguage":"en-GB","@id":"https:\/\/dmcsrb.com\/en\/politika\/sep-ovo-nije-samo-krah-bezbjednosnog-sektora-ovo-je-sramota-vlasti\/#primaryimage","url":"https:\/\/dmcsrb.com\/wp-content\/uploads\/2026\/01\/sep2-1250x700-1.jpg","contentUrl":"https:\/\/dmcsrb.com\/wp-content\/uploads\/2026\/01\/sep2-1250x700-1.jpg","width":1250,"height":700},{"@type":"BreadcrumbList","@id":"https:\/\/dmcsrb.com\/en\/politika\/sep-ovo-nije-samo-krah-bezbjednosnog-sektora-ovo-je-sramota-vlasti\/#breadcrumb","itemListElement":[{"@type":"ListItem","position":1,"name":"Home","item":"https:\/\/dmcsrb.com\/"},{"@type":"ListItem","position":2,"name":"SEP: Ovo nije samo krah bezbjednosnog sektora ovo je sramota vlasti"}]},{"@type":"WebSite","@id":"https:\/\/dmcsrb.com\/#website","url":"https:\/\/dmcsrb.com\/","name":"dmcsrb.com","description":"","potentialAction":[{"@type":"SearchAction","target":{"@type":"EntryPoint","urlTemplate":"https:\/\/dmcsrb.com\/?s={search_term_string}"},"query-input":{"@type":"PropertyValueSpecification","valueRequired":true,"valueName":"search_term_string"}}],"inLanguage":"en-GB"},{"@type":"Person","@id":"https:\/\/dmcsrb.com\/#\/schema\/person\/5c39170f12db1b8b457732d0b5c854e2","name":"dmcsrbija.com@gmail.com","image":{"@type":"ImageObject","inLanguage":"en-GB","@id":"https:\/\/secure.gravatar.com\/avatar\/68592660ad6347fad0fb587f8d5d8f1a7b44961362f56e4f2cd524feb87e9069?s=96&d=mm&r=g","url":"https:\/\/secure.gravatar.com\/avatar\/68592660ad6347fad0fb587f8d5d8f1a7b44961362f56e4f2cd524feb87e9069?s=96&d=mm&r=g","contentUrl":"https:\/\/secure.gravatar.com\/avatar\/68592660ad6347fad0fb587f8d5d8f1a7b44961362f56e4f2cd524feb87e9069?s=96&d=mm&r=g","caption":"dmcsrbija.com@gmail.com"},"sameAs":["https:\/\/dmcsrb.com"],"url":"https:\/\/dmcsrb.com\/en\/author\/dmcsrbija-comgmail-com\/"}]}},"_links":{"self":[{"href":"https:\/\/dmcsrb.com\/en\/wp-json\/wp\/v2\/posts\/961283","targetHints":{"allow":["GET"]}}],"collection":[{"href":"https:\/\/dmcsrb.com\/en\/wp-json\/wp\/v2\/posts"}],"about":[{"href":"https:\/\/dmcsrb.com\/en\/wp-json\/wp\/v2\/types\/post"}],"author":[{"embeddable":true,"href":"https:\/\/dmcsrb.com\/en\/wp-json\/wp\/v2\/users\/1"}],"replies":[{"embeddable":true,"href":"https:\/\/dmcsrb.com\/en\/wp-json\/wp\/v2\/comments?post=961283"}],"version-history":[{"count":0,"href":"https:\/\/dmcsrb.com\/en\/wp-json\/wp\/v2\/posts\/961283\/revisions"}],"wp:featuredmedia":[{"embeddable":true,"href":"https:\/\/dmcsrb.com\/en\/wp-json\/wp\/v2\/media\/913766"}],"wp:attachment":[{"href":"https:\/\/dmcsrb.com\/en\/wp-json\/wp\/v2\/media?parent=961283"}],"wp:term":[{"taxonomy":"category","embeddable":true,"href":"https:\/\/dmcsrb.com\/en\/wp-json\/wp\/v2\/categories?post=961283"},{"taxonomy":"post_tag","embeddable":true,"href":"https:\/\/dmcsrb.com\/en\/wp-json\/wp\/v2\/tags?post=961283"},{"taxonomy":"naslovna","embeddable":true,"href":"https:\/\/dmcsrb.com\/en\/wp-json\/wp\/v2\/naslovna?post=961283"}],"curies":[{"name":"wp","href":"https:\/\/api.w.org\/{rel}","templated":true}]}}