{"id":961230,"date":"2025-10-31T19:07:00","date_gmt":"2025-10-31T18:07:00","guid":{"rendered":"https:\/\/dmcsrb.com\/uncategorized\/dvije-godine-spajiceve-vlade-ekonomski-rast-i-infrastrukturni-izazovi\/"},"modified":"2025-10-31T19:07:00","modified_gmt":"2025-10-31T18:07:00","slug":"dvije-godine-spajiceve-vlade-ekonomski-rast-i-infrastrukturni-izazovi","status":"publish","type":"post","link":"https:\/\/dmcsrb.com\/en\/politika\/dvije-godine-spajiceve-vlade-ekonomski-rast-i-infrastrukturni-izazovi\/","title":{"rendered":"Dvije godine Spaji\u0107eve vlade: Ekonomski rast i infrastrukturni izazovi"},"content":{"rendered":"<p><br><\/p>\n\n\n\n<p><br>&#8220;Bruto dru\u0161tveni proizvod nikada nije bio ve\u0107i, a bud\u017eet dr\u017eave Crne Gore nikada nije bio ve\u0107i. Zaista, od 2020. godine pa do danas svaki gra\u0111anin Crne Gore se osje\u0107a potpuno slobodno i to je jedan civilizacijski, ekonomski i svaki drugi iskorak&#8221;, rekao je Jokovi\u0107.<\/p>\n\n\n\n<p>Ono \u0161to nije za pohvalu je rast cijena, naro\u010dito prehrambenih proizvoda, isti\u010de Jokovi\u0107.<\/p>\n\n\n\n<p>&#8220;Na tome bi trebalo jo\u0161 da poradimo&#8221;, ocijenio je Jokovi\u0107.<\/p>\n\n\n\n<p>Skup\u0161tina Crne Gore 31. oktobra 2023. godine izabrala je Vladu premijera Milojka Spaji\u0107a. Izborom Vlade zavr\u0161en je tehni\u010dki mandat 43. Vlade Dritana Abazovi\u0107a, kojoj je avgusta 2022. izglasano nepovjerenje.<\/p>\n\n\n\n<p>Prema rije\u010dima parlamentarne ve\u0107ine, napredak Crne Gore obilje\u017eio je dosada\u0161nji mandat 44. Vlade.<\/p>\n\n\n\n<p>Iz opozicije sti\u017eu, me\u0111utim, brojne kritike.<\/p>\n\n\n\n<p>Poslanik Socijaldemokrata (SD) Branislav Nenezi\u0107 kazao je da su rezultati ove vlade slabi, naro\u010dito kada je rije\u010d o infrastrukturnim projektima.<\/p>\n\n\n\n<p>&#8220;Jer na dana\u0161nji dan ne postoji ni jedan infrastrukturni projekat, ne postoji ni jedna stvar kojom bi se ova vlada mogla podi\u010diti. Kao rezultate mo\u017eemo ista\u0107i sve one stvari koje su negativne &#8211; poput katastrofalnog stanja u zdravstvenom sistemu&#8221;, rekao je poslanik SD.<\/p>\n\n\n\n<p>Nenezi\u0107 smatra i da su produbljene etno-nacionalne podijele u dru\u0161tvu.<\/p>\n\n\n\n<p>&#8220;Mo\u017eda klju\u010dno, nevjerovatno velika podjela, i vjerska i nacionalna u Crnoj Gori, koja je pokrenuta dobrim dijelom, kako bi rekao premijer Spaji\u0107, seoskim temama. Prevashodno, po pitanju podizanja spomenika \u010detni\u010dkom vojvodi Pavlu \u0110uri\u0161i\u0107u&#8221;, ka\u017ee Nenezi\u0107.<\/p>\n\n\n\n<p>Da je Crna Gora za protekle dvije godine postala bolje mjesto za \u017eivot, uvjeren je Vasilije \u010carapi\u0107, predsjednik poslani\u010dkog kluba Evrope sad.<\/p>\n\n\n\n<p>Podcrtao je smanjenje nezaposlenosti i ispunjavanje evropske agende.<\/p>\n\n\n\n<p>&#8220;Otvorena su \u010detiri podgori\u010dka poglavlja, dobijen je IBAR, sprovodi se Reformska agenda vrijedna 385 miliona eura, postali smo \u010dlanica SEPA i dobili smo grant od 150 miliona eura od strane Evropske unije za drugu dionicu autoputa&#8221;, naveo je \u010carapi\u0107.<\/p>\n\n\n\n<p>Dok iz vladaju\u0107e koalicije poru\u010duju da je ve\u0107ina stabilna, u opoziciji tvrde da su interesi ono \u0161to spaja konstituente vlasti.<\/p>\n\n\n\n<p>Spaji\u0107eva Vlada je tre\u0107a od smjene trodecenijske vlasti DPS-a na parlamentarnim izborima 2020. godine.<\/p>\n\n\n\n<p>Prethodne dvije izgubile su povjerenje Skup\u0161tine tokom 2022. godine &#8211; Vlada Dritana Abazovi\u0107a u avgustu a Zdravka Krivokapi\u0107a u februaru.<\/p>","protected":false},"excerpt":{"rendered":"<p>Dvije godine vlade premijera Milojka Spaji\u0107a donijele su unapre\u0111enje \u017eivotnog standarda i ja\u010danje demokratije i ljudskih sloboda, ocijenio je lider Socijalisti\u010dke narodne partije (SNP) i ministar poljoprivrede Vladimir Jokovi\u0107. Posebno je istakao rast plata i penzija, te ubrzanje evrointegracija.<\/p>","protected":false},"author":1,"featured_media":961231,"comment_status":"open","ping_status":"open","sticky":false,"template":"","format":"standard","meta":{"_acf_changed":false,"footnotes":""},"categories":[12],"tags":[7090,4297,13177,13],"naslovna":[],"class_list":["post-961230","post","type-post","status-publish","format-standard","has-post-thumbnail","hentry","category-politika","tag-dvije-godine","tag-ekonomski-rast","tag-infrastrukturni-izuazovi","tag-vlada"],"acf":[],"yoast_head":"<!-- This site is optimized with the Yoast SEO plugin v27.4 - https:\/\/yoast.com\/product\/yoast-seo-wordpress\/ -->\n<title>Dvije godine Spaji\u0107eve vlade: Ekonomski rast i infrastrukturni izazovi - dmcsrb.com<\/title>\n<meta name=\"robots\" content=\"index, follow, max-snippet:-1, max-image-preview:large, max-video-preview:-1\" \/>\n<link rel=\"canonical\" href=\"https:\/\/dmcsrb.com\/en\/politika\/dvije-godine-spajiceve-vlade-ekonomski-rast-i-infrastrukturni-izazovi\/\" \/>\n<meta property=\"og:locale\" content=\"en_GB\" \/>\n<meta property=\"og:type\" content=\"article\" \/>\n<meta property=\"og:title\" content=\"Dvije godine Spaji\u0107eve vlade: Ekonomski rast i infrastrukturni izazovi - dmcsrb.com\" \/>\n<meta property=\"og:description\" content=\"Dvije godine vlade premijera Milojka Spaji\u0107a donijele su unapre\u0111enje \u017eivotnog standarda i ja\u010danje demokratije i ljudskih sloboda, ocijenio je lider Socijalisti\u010dke narodne partije (SNP) i ministar poljoprivrede Vladimir Jokovi\u0107. Posebno je istakao rast plata i penzija, te ubrzanje evrointegracija.\" \/>\n<meta property=\"og:url\" content=\"https:\/\/dmcsrb.com\/en\/politika\/dvije-godine-spajiceve-vlade-ekonomski-rast-i-infrastrukturni-izazovi\/\" \/>\n<meta property=\"og:site_name\" content=\"dmcsrb.com\" \/>\n<meta property=\"article:published_time\" content=\"2025-10-31T18:07:00+00:00\" \/>\n<meta property=\"og:image\" content=\"https:\/\/dmcsrb.com\/wp-content\/uploads\/2026\/01\/spajic-3.webp\" \/>\n\t<meta property=\"og:image:width\" content=\"800\" \/>\n\t<meta property=\"og:image:height\" content=\"533\" \/>\n\t<meta property=\"og:image:type\" content=\"image\/jpeg\" \/>\n<meta name=\"author\" content=\"dmcsrbija.com@gmail.com\" \/>\n<meta name=\"twitter:card\" content=\"summary_large_image\" \/>\n<meta name=\"twitter:label1\" content=\"Written by\" \/>\n\t<meta name=\"twitter:data1\" content=\"dmcsrbija.com@gmail.com\" \/>\n\t<meta name=\"twitter:label2\" content=\"Estimated reading time\" \/>\n\t<meta name=\"twitter:data2\" content=\"2 minutes\" \/>\n<script type=\"application\/ld+json\" class=\"yoast-schema-graph\">{\"@context\":\"https:\\\/\\\/schema.org\",\"@graph\":[{\"@type\":\"Article\",\"@id\":\"https:\\\/\\\/dmcsrb.com\\\/politika\\\/dvije-godine-spajiceve-vlade-ekonomski-rast-i-infrastrukturni-izazovi\\\/#article\",\"isPartOf\":{\"@id\":\"https:\\\/\\\/dmcsrb.com\\\/politika\\\/dvije-godine-spajiceve-vlade-ekonomski-rast-i-infrastrukturni-izazovi\\\/\"},\"author\":{\"name\":\"dmcsrbija.com@gmail.com\",\"@id\":\"https:\\\/\\\/dmcsrb.com\\\/#\\\/schema\\\/person\\\/5c39170f12db1b8b457732d0b5c854e2\"},\"headline\":\"Dvije godine Spaji\u0107eve vlade: Ekonomski rast i infrastrukturni izazovi\",\"datePublished\":\"2025-10-31T18:07:00+00:00\",\"mainEntityOfPage\":{\"@id\":\"https:\\\/\\\/dmcsrb.com\\\/politika\\\/dvije-godine-spajiceve-vlade-ekonomski-rast-i-infrastrukturni-izazovi\\\/\"},\"wordCount\":388,\"commentCount\":0,\"image\":{\"@id\":\"https:\\\/\\\/dmcsrb.com\\\/politika\\\/dvije-godine-spajiceve-vlade-ekonomski-rast-i-infrastrukturni-izazovi\\\/#primaryimage\"},\"thumbnailUrl\":\"https:\\\/\\\/dmcsrb.com\\\/wp-content\\\/uploads\\\/2026\\\/01\\\/spajic-3.webp\",\"keywords\":[\"Dvije godine\",\"Ekonomski rast\",\"infrastrukturni izuazovi\",\"vlada\"],\"articleSection\":[\"Politika\"],\"inLanguage\":\"en-GB\",\"potentialAction\":[{\"@type\":\"CommentAction\",\"name\":\"Comment\",\"target\":[\"https:\\\/\\\/dmcsrb.com\\\/politika\\\/dvije-godine-spajiceve-vlade-ekonomski-rast-i-infrastrukturni-izazovi\\\/#respond\"]}]},{\"@type\":\"WebPage\",\"@id\":\"https:\\\/\\\/dmcsrb.com\\\/politika\\\/dvije-godine-spajiceve-vlade-ekonomski-rast-i-infrastrukturni-izazovi\\\/\",\"url\":\"https:\\\/\\\/dmcsrb.com\\\/politika\\\/dvije-godine-spajiceve-vlade-ekonomski-rast-i-infrastrukturni-izazovi\\\/\",\"name\":\"Dvije godine Spaji\u0107eve vlade: Ekonomski rast i infrastrukturni izazovi - dmcsrb.com\",\"isPartOf\":{\"@id\":\"https:\\\/\\\/dmcsrb.com\\\/#website\"},\"primaryImageOfPage\":{\"@id\":\"https:\\\/\\\/dmcsrb.com\\\/politika\\\/dvije-godine-spajiceve-vlade-ekonomski-rast-i-infrastrukturni-izazovi\\\/#primaryimage\"},\"image\":{\"@id\":\"https:\\\/\\\/dmcsrb.com\\\/politika\\\/dvije-godine-spajiceve-vlade-ekonomski-rast-i-infrastrukturni-izazovi\\\/#primaryimage\"},\"thumbnailUrl\":\"https:\\\/\\\/dmcsrb.com\\\/wp-content\\\/uploads\\\/2026\\\/01\\\/spajic-3.webp\",\"datePublished\":\"2025-10-31T18:07:00+00:00\",\"author\":{\"@id\":\"https:\\\/\\\/dmcsrb.com\\\/#\\\/schema\\\/person\\\/5c39170f12db1b8b457732d0b5c854e2\"},\"breadcrumb\":{\"@id\":\"https:\\\/\\\/dmcsrb.com\\\/politika\\\/dvije-godine-spajiceve-vlade-ekonomski-rast-i-infrastrukturni-izazovi\\\/#breadcrumb\"},\"inLanguage\":\"en-GB\",\"potentialAction\":[{\"@type\":\"ReadAction\",\"target\":[\"https:\\\/\\\/dmcsrb.com\\\/politika\\\/dvije-godine-spajiceve-vlade-ekonomski-rast-i-infrastrukturni-izazovi\\\/\"]}]},{\"@type\":\"ImageObject\",\"inLanguage\":\"en-GB\",\"@id\":\"https:\\\/\\\/dmcsrb.com\\\/politika\\\/dvije-godine-spajiceve-vlade-ekonomski-rast-i-infrastrukturni-izazovi\\\/#primaryimage\",\"url\":\"https:\\\/\\\/dmcsrb.com\\\/wp-content\\\/uploads\\\/2026\\\/01\\\/spajic-3.webp\",\"contentUrl\":\"https:\\\/\\\/dmcsrb.com\\\/wp-content\\\/uploads\\\/2026\\\/01\\\/spajic-3.webp\",\"width\":800,\"height\":533},{\"@type\":\"BreadcrumbList\",\"@id\":\"https:\\\/\\\/dmcsrb.com\\\/politika\\\/dvije-godine-spajiceve-vlade-ekonomski-rast-i-infrastrukturni-izazovi\\\/#breadcrumb\",\"itemListElement\":[{\"@type\":\"ListItem\",\"position\":1,\"name\":\"Home\",\"item\":\"https:\\\/\\\/dmcsrb.com\\\/\"},{\"@type\":\"ListItem\",\"position\":2,\"name\":\"Dvije godine Spaji\u0107eve vlade: Ekonomski rast i infrastrukturni izazovi\"}]},{\"@type\":\"WebSite\",\"@id\":\"https:\\\/\\\/dmcsrb.com\\\/#website\",\"url\":\"https:\\\/\\\/dmcsrb.com\\\/\",\"name\":\"dmcsrb.com\",\"description\":\"\",\"potentialAction\":[{\"@type\":\"SearchAction\",\"target\":{\"@type\":\"EntryPoint\",\"urlTemplate\":\"https:\\\/\\\/dmcsrb.com\\\/?s={search_term_string}\"},\"query-input\":{\"@type\":\"PropertyValueSpecification\",\"valueRequired\":true,\"valueName\":\"search_term_string\"}}],\"inLanguage\":\"en-GB\"},{\"@type\":\"Person\",\"@id\":\"https:\\\/\\\/dmcsrb.com\\\/#\\\/schema\\\/person\\\/5c39170f12db1b8b457732d0b5c854e2\",\"name\":\"dmcsrbija.com@gmail.com\",\"image\":{\"@type\":\"ImageObject\",\"inLanguage\":\"en-GB\",\"@id\":\"https:\\\/\\\/secure.gravatar.com\\\/avatar\\\/68592660ad6347fad0fb587f8d5d8f1a7b44961362f56e4f2cd524feb87e9069?s=96&d=mm&r=g\",\"url\":\"https:\\\/\\\/secure.gravatar.com\\\/avatar\\\/68592660ad6347fad0fb587f8d5d8f1a7b44961362f56e4f2cd524feb87e9069?s=96&d=mm&r=g\",\"contentUrl\":\"https:\\\/\\\/secure.gravatar.com\\\/avatar\\\/68592660ad6347fad0fb587f8d5d8f1a7b44961362f56e4f2cd524feb87e9069?s=96&d=mm&r=g\",\"caption\":\"dmcsrbija.com@gmail.com\"},\"sameAs\":[\"https:\\\/\\\/dmcsrb.com\"],\"url\":\"https:\\\/\\\/dmcsrb.com\\\/en\\\/author\\\/dmcsrbija-comgmail-com\\\/\"}]}<\/script>\n<!-- \/ Yoast SEO plugin. -->","yoast_head_json":{"title":"Dvije godine Spaji\u0107eve vlade: Ekonomski rast i infrastrukturni izazovi - dmcsrb.com","robots":{"index":"index","follow":"follow","max-snippet":"max-snippet:-1","max-image-preview":"max-image-preview:large","max-video-preview":"max-video-preview:-1"},"canonical":"https:\/\/dmcsrb.com\/en\/politika\/dvije-godine-spajiceve-vlade-ekonomski-rast-i-infrastrukturni-izazovi\/","og_locale":"en_GB","og_type":"article","og_title":"Dvije godine Spaji\u0107eve vlade: Ekonomski rast i infrastrukturni izazovi - dmcsrb.com","og_description":"Dvije godine vlade premijera Milojka Spaji\u0107a donijele su unapre\u0111enje \u017eivotnog standarda i ja\u010danje demokratije i ljudskih sloboda, ocijenio je lider Socijalisti\u010dke narodne partije (SNP) i ministar poljoprivrede Vladimir Jokovi\u0107. Posebno je istakao rast plata i penzija, te ubrzanje evrointegracija.","og_url":"https:\/\/dmcsrb.com\/en\/politika\/dvije-godine-spajiceve-vlade-ekonomski-rast-i-infrastrukturni-izazovi\/","og_site_name":"dmcsrb.com","article_published_time":"2025-10-31T18:07:00+00:00","og_image":[{"width":800,"height":533,"url":"https:\/\/dmcsrb.com\/wp-content\/uploads\/2026\/01\/spajic-3.webp","type":"image\/jpeg"}],"author":"dmcsrbija.com@gmail.com","twitter_card":"summary_large_image","twitter_misc":{"Written by":"dmcsrbija.com@gmail.com","Estimated reading time":"2 minutes"},"schema":{"@context":"https:\/\/schema.org","@graph":[{"@type":"Article","@id":"https:\/\/dmcsrb.com\/politika\/dvije-godine-spajiceve-vlade-ekonomski-rast-i-infrastrukturni-izazovi\/#article","isPartOf":{"@id":"https:\/\/dmcsrb.com\/politika\/dvije-godine-spajiceve-vlade-ekonomski-rast-i-infrastrukturni-izazovi\/"},"author":{"name":"dmcsrbija.com@gmail.com","@id":"https:\/\/dmcsrb.com\/#\/schema\/person\/5c39170f12db1b8b457732d0b5c854e2"},"headline":"Dvije godine Spaji\u0107eve vlade: Ekonomski rast i infrastrukturni izazovi","datePublished":"2025-10-31T18:07:00+00:00","mainEntityOfPage":{"@id":"https:\/\/dmcsrb.com\/politika\/dvije-godine-spajiceve-vlade-ekonomski-rast-i-infrastrukturni-izazovi\/"},"wordCount":388,"commentCount":0,"image":{"@id":"https:\/\/dmcsrb.com\/politika\/dvije-godine-spajiceve-vlade-ekonomski-rast-i-infrastrukturni-izazovi\/#primaryimage"},"thumbnailUrl":"https:\/\/dmcsrb.com\/wp-content\/uploads\/2026\/01\/spajic-3.webp","keywords":["Dvije godine","Ekonomski rast","infrastrukturni izuazovi","vlada"],"articleSection":["Politika"],"inLanguage":"en-GB","potentialAction":[{"@type":"CommentAction","name":"Comment","target":["https:\/\/dmcsrb.com\/politika\/dvije-godine-spajiceve-vlade-ekonomski-rast-i-infrastrukturni-izazovi\/#respond"]}]},{"@type":"WebPage","@id":"https:\/\/dmcsrb.com\/politika\/dvije-godine-spajiceve-vlade-ekonomski-rast-i-infrastrukturni-izazovi\/","url":"https:\/\/dmcsrb.com\/politika\/dvije-godine-spajiceve-vlade-ekonomski-rast-i-infrastrukturni-izazovi\/","name":"Dvije godine Spaji\u0107eve vlade: Ekonomski rast i infrastrukturni izazovi - dmcsrb.com","isPartOf":{"@id":"https:\/\/dmcsrb.com\/#website"},"primaryImageOfPage":{"@id":"https:\/\/dmcsrb.com\/politika\/dvije-godine-spajiceve-vlade-ekonomski-rast-i-infrastrukturni-izazovi\/#primaryimage"},"image":{"@id":"https:\/\/dmcsrb.com\/politika\/dvije-godine-spajiceve-vlade-ekonomski-rast-i-infrastrukturni-izazovi\/#primaryimage"},"thumbnailUrl":"https:\/\/dmcsrb.com\/wp-content\/uploads\/2026\/01\/spajic-3.webp","datePublished":"2025-10-31T18:07:00+00:00","author":{"@id":"https:\/\/dmcsrb.com\/#\/schema\/person\/5c39170f12db1b8b457732d0b5c854e2"},"breadcrumb":{"@id":"https:\/\/dmcsrb.com\/politika\/dvije-godine-spajiceve-vlade-ekonomski-rast-i-infrastrukturni-izazovi\/#breadcrumb"},"inLanguage":"en-GB","potentialAction":[{"@type":"ReadAction","target":["https:\/\/dmcsrb.com\/politika\/dvije-godine-spajiceve-vlade-ekonomski-rast-i-infrastrukturni-izazovi\/"]}]},{"@type":"ImageObject","inLanguage":"en-GB","@id":"https:\/\/dmcsrb.com\/politika\/dvije-godine-spajiceve-vlade-ekonomski-rast-i-infrastrukturni-izazovi\/#primaryimage","url":"https:\/\/dmcsrb.com\/wp-content\/uploads\/2026\/01\/spajic-3.webp","contentUrl":"https:\/\/dmcsrb.com\/wp-content\/uploads\/2026\/01\/spajic-3.webp","width":800,"height":533},{"@type":"BreadcrumbList","@id":"https:\/\/dmcsrb.com\/politika\/dvije-godine-spajiceve-vlade-ekonomski-rast-i-infrastrukturni-izazovi\/#breadcrumb","itemListElement":[{"@type":"ListItem","position":1,"name":"Home","item":"https:\/\/dmcsrb.com\/"},{"@type":"ListItem","position":2,"name":"Dvije godine Spaji\u0107eve vlade: Ekonomski rast i infrastrukturni izazovi"}]},{"@type":"WebSite","@id":"https:\/\/dmcsrb.com\/#website","url":"https:\/\/dmcsrb.com\/","name":"dmcsrb.com","description":"","potentialAction":[{"@type":"SearchAction","target":{"@type":"EntryPoint","urlTemplate":"https:\/\/dmcsrb.com\/?s={search_term_string}"},"query-input":{"@type":"PropertyValueSpecification","valueRequired":true,"valueName":"search_term_string"}}],"inLanguage":"en-GB"},{"@type":"Person","@id":"https:\/\/dmcsrb.com\/#\/schema\/person\/5c39170f12db1b8b457732d0b5c854e2","name":"dmcsrbija.com@gmail.com","image":{"@type":"ImageObject","inLanguage":"en-GB","@id":"https:\/\/secure.gravatar.com\/avatar\/68592660ad6347fad0fb587f8d5d8f1a7b44961362f56e4f2cd524feb87e9069?s=96&d=mm&r=g","url":"https:\/\/secure.gravatar.com\/avatar\/68592660ad6347fad0fb587f8d5d8f1a7b44961362f56e4f2cd524feb87e9069?s=96&d=mm&r=g","contentUrl":"https:\/\/secure.gravatar.com\/avatar\/68592660ad6347fad0fb587f8d5d8f1a7b44961362f56e4f2cd524feb87e9069?s=96&d=mm&r=g","caption":"dmcsrbija.com@gmail.com"},"sameAs":["https:\/\/dmcsrb.com"],"url":"https:\/\/dmcsrb.com\/en\/author\/dmcsrbija-comgmail-com\/"}]}},"_links":{"self":[{"href":"https:\/\/dmcsrb.com\/en\/wp-json\/wp\/v2\/posts\/961230","targetHints":{"allow":["GET"]}}],"collection":[{"href":"https:\/\/dmcsrb.com\/en\/wp-json\/wp\/v2\/posts"}],"about":[{"href":"https:\/\/dmcsrb.com\/en\/wp-json\/wp\/v2\/types\/post"}],"author":[{"embeddable":true,"href":"https:\/\/dmcsrb.com\/en\/wp-json\/wp\/v2\/users\/1"}],"replies":[{"embeddable":true,"href":"https:\/\/dmcsrb.com\/en\/wp-json\/wp\/v2\/comments?post=961230"}],"version-history":[{"count":0,"href":"https:\/\/dmcsrb.com\/en\/wp-json\/wp\/v2\/posts\/961230\/revisions"}],"wp:featuredmedia":[{"embeddable":true,"href":"https:\/\/dmcsrb.com\/en\/wp-json\/wp\/v2\/media\/961231"}],"wp:attachment":[{"href":"https:\/\/dmcsrb.com\/en\/wp-json\/wp\/v2\/media?parent=961230"}],"wp:term":[{"taxonomy":"category","embeddable":true,"href":"https:\/\/dmcsrb.com\/en\/wp-json\/wp\/v2\/categories?post=961230"},{"taxonomy":"post_tag","embeddable":true,"href":"https:\/\/dmcsrb.com\/en\/wp-json\/wp\/v2\/tags?post=961230"},{"taxonomy":"naslovna","embeddable":true,"href":"https:\/\/dmcsrb.com\/en\/wp-json\/wp\/v2\/naslovna?post=961230"}],"curies":[{"name":"wp","href":"https:\/\/api.w.org\/{rel}","templated":true}]}}